{"id":10977,"date":"2021-04-20T23:14:07","date_gmt":"2021-04-21T05:14:07","guid":{"rendered":"http:\/\/volcanes.net\/?p=10977"},"modified":"2021-04-23T23:15:23","modified_gmt":"2021-04-24T05:15:23","slug":"concluye-el-congreso-periodo-ordinario-de-sesiones","status":"publish","type":"post","link":"https:\/\/volcanes.net\/?p=10977","title":{"rendered":"Concluye el Congreso Periodo Ordinario de Sesiones"},"content":{"rendered":"<div style=\"margin-top: 0px; margin-bottom: 0px;\" class=\"sharethis-inline-share-buttons\" ><\/div><p>En su \u00faltima sesi\u00f3n del Octavo Periodo Ordinario de sesiones, el Congreso mexiquense recibi\u00f3 iniciativas para otorgar incentivos fiscales a particulares, empresas u organizaciones sociales que brinden apoyos gratuitos a migrantes, para reconocer la capacidad jur\u00eddica de las personas discapacitadas para tomar sus propias decisiones y para impulsar medidas que contrarresten los efectos del cambio clim\u00e1tico en la entidad.<br \/>\nLa primera iniciativa, remitida a la Comisi\u00f3n de Apoyo y Atenci\u00f3n al Migrante, plantea reformas a la Ley de Apoyo al Migrante que promuevan la participaci\u00f3n de la comunidad para que, con base en el apoyo y solidaridad, coadyuve a la prestaci\u00f3n de servicios asistenciales para los migrantes, uno de los grupos vulnerables m\u00e1s golpeados por la pandemia del covid-19.<br \/>\nEn el segundo caso, se busca que las personas con discapacidad ejerzan de manera aut\u00f3noma su capacidad jur\u00eddica y celebren actos jur\u00eddicos v\u00e1lidos, sin que el Estado deba sustituir su voluntad por la de un tercero. Cabe resaltar que las personas con discapacidad tambi\u00e9n pueden rechazar el apoyo pues, su designaci\u00f3n, es potestativa, no imperativa. Esta propuesta, enviada a las comisiones para la Atenci\u00f3n a Grupos Vulnerables y Procuraci\u00f3n y Administraci\u00f3n de Justicia propone reformas al C\u00f3digo Civil estatal.<br \/>\nRespecto a la iniciativa de reforma al C\u00f3digo para la Biodiversidad de la entidad, busca que se implementen tecnolog\u00edas que promuevan la cultura de la reutilizaci\u00f3n de recursos naturales, la recuperaci\u00f3n de bosques y agua y el reciclaje efectivo de basura, como medidas para contrarrestar los efectos del cambio clim\u00e1tico. Esta propuesta turn\u00f3 a la Comisi\u00f3n de Protecci\u00f3n Ambiental y Cambio Clim\u00e1tico.<br \/>\nLas y los diputados locales mexiquenses tambi\u00e9n recibieron la propuesta de reforma a la Ley Org\u00e1nica del Poder Legislativo a fin de establecer que la Comisi\u00f3n de Vigilancia del \u00d3rgano Superior de Fiscalizaci\u00f3n celebre las reuniones de trabajo que sean necesarias para revisar los Informes de Resultados presentados por el \u00d3rgano Superior de Fiscalizaci\u00f3n. Para ello, podr\u00e1 contar con la presencia de la persona titular del OSFEM y del personal que as\u00ed se considere. Tambi\u00e9n propone unificar las fechas establecidas para realizar dicho an\u00e1lisis. Esta iniciativa ser\u00e1 dictaminada por la Comisi\u00f3n de Gobernaci\u00f3n y Puntos Constitucionales.<br \/>\nAdem\u00e1s, se recibi\u00f3 la propuesta para modificar la Ley de Fomento Econ\u00f3mico a fin de establecer que corresponde a la autoridad dise\u00f1ar estrategias espec\u00edficas para impulsar y\/o fomentar el desarrollo y prosperidad de emprendimientos que generen beneficios ambientales directos, entre la poblaci\u00f3n joven, especialmente, de aquella que se encuentra en condiciones de marginaci\u00f3n, pobreza y pobreza extrema, la cual ser\u00e1 dictaminada por la Comisi\u00f3n de Desarrollo Econ\u00f3mico, Industrial, Comercial y Minero.<br \/>\nEl Congreso tambi\u00e9n dictaminar\u00e1 la iniciativa que plantea que los gatos, perros y otros animales sin due\u00f1o, pero adoptados por grupos de vecinos, tengan derechos, mediante la inclusi\u00f3n del cap\u00edtulo IX Bis denominado ?De las Mascotas Comunitarias? al Libro Sexto del C\u00f3digo para la Biodiversidad del Estado de M\u00e9xico, la cual se turn\u00f3 a las comisiones de Procuraci\u00f3n y Administraci\u00f3n de Justicia y para la Atenci\u00f3n de Grupos Vulnerables.<br \/>\nDesignan a Isabel Clemente Mu\u00f1oz vocal ejecutiva del Inesle<br \/>\nPor unanimidad, el Congreso estatal design\u00f3 por un periodo de cuatro a\u00f1os a Mar\u00eda Isabel Selene Clemente Mu\u00f1oz como vocal ejecutiva del Instituto de Estudios Legislativos (Inesle) del Poder Legislativo, a propuesta de Junta de Coordinaci\u00f3n Pol\u00edtica (Jucopo),<br \/>\nSelene Clemente es licenciada en derecho por la Universidad Nacional Aut\u00f3noma de M\u00e9xico y se ha desempe\u00f1ado como jefa de la Divisi\u00f3n de Evaluaci\u00f3n, Acciones de Mejora e Inconformidades en el Instituto Mexicano del Seguro Social, como coordinadora y asesora en los ayuntamientos de Ecatepec y Naucalpan, as\u00ed como directora jur\u00eddica fiscal en el Despacho Jur\u00eddico Consultores y Asociados.<\/p>\n","protected":false},"excerpt":{"rendered":"<p>En su \u00faltima sesi\u00f3n del Octavo Periodo Ordinario de sesiones, el Congreso mexiquense recibi\u00f3 iniciativas<\/p>\n","protected":false},"author":1,"featured_media":10978,"comment_status":"open","ping_status":"open","sticky":false,"template":"","format":"standard","meta":{"footnotes":""},"categories":[1],"tags":[],"class_list":["post-10977","post","type-post","status-publish","format-standard","has-post-thumbnail","hentry","category-municipales"],"yoast_head":"<!-- This site is optimized with the Yoast SEO plugin v25.3 - https:\/\/yoast.com\/wordpress\/plugins\/seo\/ -->\n<title>Concluye el Congreso Periodo Ordinario de Sesiones - Volcanes<\/title>\n<meta name=\"robots\" content=\"index, follow, max-snippet:-1, max-image-preview:large, max-video-preview:-1\" \/>\n<link rel=\"canonical\" href=\"https:\/\/volcanes.net\/?p=10977\" \/>\n<meta property=\"og:locale\" content=\"es_MX\" \/>\n<meta property=\"og:type\" content=\"article\" \/>\n<meta property=\"og:title\" content=\"Concluye el Congreso Periodo Ordinario de Sesiones - Volcanes\" \/>\n<meta property=\"og:description\" content=\"En su \u00faltima sesi\u00f3n del Octavo Periodo Ordinario de sesiones, el Congreso mexiquense recibi\u00f3 iniciativas\" \/>\n<meta property=\"og:url\" content=\"https:\/\/volcanes.net\/?p=10977\" \/>\n<meta property=\"og:site_name\" content=\"Volcanes\" \/>\n<meta property=\"article:publisher\" content=\"https:\/\/www.facebook.com\/volcanes.net\/\" \/>\n<meta property=\"article:published_time\" content=\"2021-04-21T05:14:07+00:00\" \/>\n<meta property=\"article:modified_time\" content=\"2021-04-24T05:15:23+00:00\" \/>\n<meta property=\"og:image\" content=\"https:\/\/volcanes.net\/wp-content\/uploads\/2021\/04\/20conclute-progreso-.jpeg\" \/>\n\t<meta property=\"og:image:width\" content=\"1024\" \/>\n\t<meta property=\"og:image:height\" content=\"683\" \/>\n\t<meta property=\"og:image:type\" content=\"image\/jpeg\" \/>\n<meta name=\"author\" content=\"admin\" \/>\n<meta name=\"twitter:card\" content=\"summary_large_image\" \/>\n<meta name=\"twitter:label1\" content=\"Escrito por\" \/>\n\t<meta name=\"twitter:data1\" content=\"admin\" \/>\n\t<meta name=\"twitter:label2\" content=\"Tiempo de lectura\" \/>\n\t<meta name=\"twitter:data2\" content=\"3 minutos\" \/>\n<script type=\"application\/ld+json\" class=\"yoast-schema-graph\">{\"@context\":\"https:\/\/schema.org\",\"@graph\":[{\"@type\":\"Article\",\"@id\":\"https:\/\/volcanes.net\/?p=10977#article\",\"isPartOf\":{\"@id\":\"https:\/\/volcanes.net\/?p=10977\"},\"author\":{\"name\":\"admin\",\"@id\":\"https:\/\/volcanes.net\/#\/schema\/person\/4bf0f383940966a4abd53f5048c0e6b9\"},\"headline\":\"Concluye el Congreso Periodo Ordinario de Sesiones\",\"datePublished\":\"2021-04-21T05:14:07+00:00\",\"dateModified\":\"2021-04-24T05:15:23+00:00\",\"mainEntityOfPage\":{\"@id\":\"https:\/\/volcanes.net\/?p=10977\"},\"wordCount\":675,\"commentCount\":0,\"publisher\":{\"@id\":\"https:\/\/volcanes.net\/#organization\"},\"image\":{\"@id\":\"https:\/\/volcanes.net\/?p=10977#primaryimage\"},\"thumbnailUrl\":\"https:\/\/volcanes.net\/wp-content\/uploads\/2021\/04\/20conclute-progreso-.jpeg\",\"articleSection\":[\"Municipales\"],\"inLanguage\":\"es\",\"potentialAction\":[{\"@type\":\"CommentAction\",\"name\":\"Comment\",\"target\":[\"https:\/\/volcanes.net\/?p=10977#respond\"]}]},{\"@type\":\"WebPage\",\"@id\":\"https:\/\/volcanes.net\/?p=10977\",\"url\":\"https:\/\/volcanes.net\/?p=10977\",\"name\":\"Concluye el Congreso Periodo Ordinario de Sesiones - Volcanes\",\"isPartOf\":{\"@id\":\"https:\/\/volcanes.net\/#website\"},\"primaryImageOfPage\":{\"@id\":\"https:\/\/volcanes.net\/?p=10977#primaryimage\"},\"image\":{\"@id\":\"https:\/\/volcanes.net\/?p=10977#primaryimage\"},\"thumbnailUrl\":\"https:\/\/volcanes.net\/wp-content\/uploads\/2021\/04\/20conclute-progreso-.jpeg\",\"datePublished\":\"2021-04-21T05:14:07+00:00\",\"dateModified\":\"2021-04-24T05:15:23+00:00\",\"breadcrumb\":{\"@id\":\"https:\/\/volcanes.net\/?p=10977#breadcrumb\"},\"inLanguage\":\"es\",\"potentialAction\":[{\"@type\":\"ReadAction\",\"target\":[\"https:\/\/volcanes.net\/?p=10977\"]}]},{\"@type\":\"ImageObject\",\"inLanguage\":\"es\",\"@id\":\"https:\/\/volcanes.net\/?p=10977#primaryimage\",\"url\":\"https:\/\/volcanes.net\/wp-content\/uploads\/2021\/04\/20conclute-progreso-.jpeg\",\"contentUrl\":\"https:\/\/volcanes.net\/wp-content\/uploads\/2021\/04\/20conclute-progreso-.jpeg\",\"width\":1024,\"height\":683},{\"@type\":\"BreadcrumbList\",\"@id\":\"https:\/\/volcanes.net\/?p=10977#breadcrumb\",\"itemListElement\":[{\"@type\":\"ListItem\",\"position\":1,\"name\":\"Portada\",\"item\":\"https:\/\/volcanes.net\/\"},{\"@type\":\"ListItem\",\"position\":2,\"name\":\"Concluye el Congreso Periodo Ordinario de Sesiones\"}]},{\"@type\":\"WebSite\",\"@id\":\"https:\/\/volcanes.net\/#website\",\"url\":\"https:\/\/volcanes.net\/\",\"name\":\"Volcanes.Net\",\"description\":\"Periodismo Profesional\",\"publisher\":{\"@id\":\"https:\/\/volcanes.net\/#organization\"},\"potentialAction\":[{\"@type\":\"SearchAction\",\"target\":{\"@type\":\"EntryPoint\",\"urlTemplate\":\"https:\/\/volcanes.net\/?s={search_term_string}\"},\"query-input\":{\"@type\":\"PropertyValueSpecification\",\"valueRequired\":true,\"valueName\":\"search_term_string\"}}],\"inLanguage\":\"es\"},{\"@type\":\"Organization\",\"@id\":\"https:\/\/volcanes.net\/#organization\",\"name\":\"Grupo Volcanes\",\"url\":\"https:\/\/volcanes.net\/\",\"logo\":{\"@type\":\"ImageObject\",\"inLanguage\":\"es\",\"@id\":\"https:\/\/volcanes.net\/#\/schema\/logo\/image\/\",\"url\":\"http:\/\/volcanes.net\/wp-content\/uploads\/2017\/12\/Avatar2.jpg\",\"contentUrl\":\"http:\/\/volcanes.net\/wp-content\/uploads\/2017\/12\/Avatar2.jpg\",\"width\":378,\"height\":378,\"caption\":\"Grupo Volcanes\"},\"image\":{\"@id\":\"https:\/\/volcanes.net\/#\/schema\/logo\/image\/\"},\"sameAs\":[\"https:\/\/www.facebook.com\/volcanes.net\/\"]},{\"@type\":\"Person\",\"@id\":\"https:\/\/volcanes.net\/#\/schema\/person\/4bf0f383940966a4abd53f5048c0e6b9\",\"name\":\"admin\",\"image\":{\"@type\":\"ImageObject\",\"inLanguage\":\"es\",\"@id\":\"https:\/\/volcanes.net\/#\/schema\/person\/image\/\",\"url\":\"https:\/\/secure.gravatar.com\/avatar\/ca004e6cba8462b8cb7abc86e382930c?s=96&d=mm&r=g\",\"contentUrl\":\"https:\/\/secure.gravatar.com\/avatar\/ca004e6cba8462b8cb7abc86e382930c?s=96&d=mm&r=g\",\"caption\":\"admin\"}}]}<\/script>\n<!-- \/ Yoast SEO plugin. -->","yoast_head_json":{"title":"Concluye el Congreso Periodo Ordinario de Sesiones - Volcanes","robots":{"index":"index","follow":"follow","max-snippet":"max-snippet:-1","max-image-preview":"max-image-preview:large","max-video-preview":"max-video-preview:-1"},"canonical":"https:\/\/volcanes.net\/?p=10977","og_locale":"es_MX","og_type":"article","og_title":"Concluye el Congreso Periodo Ordinario de Sesiones - Volcanes","og_description":"En su \u00faltima sesi\u00f3n del Octavo Periodo Ordinario de sesiones, el Congreso mexiquense recibi\u00f3 iniciativas","og_url":"https:\/\/volcanes.net\/?p=10977","og_site_name":"Volcanes","article_publisher":"https:\/\/www.facebook.com\/volcanes.net\/","article_published_time":"2021-04-21T05:14:07+00:00","article_modified_time":"2021-04-24T05:15:23+00:00","og_image":[{"width":1024,"height":683,"url":"https:\/\/volcanes.net\/wp-content\/uploads\/2021\/04\/20conclute-progreso-.jpeg","type":"image\/jpeg"}],"author":"admin","twitter_card":"summary_large_image","twitter_misc":{"Escrito por":"admin","Tiempo de lectura":"3 minutos"},"schema":{"@context":"https:\/\/schema.org","@graph":[{"@type":"Article","@id":"https:\/\/volcanes.net\/?p=10977#article","isPartOf":{"@id":"https:\/\/volcanes.net\/?p=10977"},"author":{"name":"admin","@id":"https:\/\/volcanes.net\/#\/schema\/person\/4bf0f383940966a4abd53f5048c0e6b9"},"headline":"Concluye el Congreso Periodo Ordinario de Sesiones","datePublished":"2021-04-21T05:14:07+00:00","dateModified":"2021-04-24T05:15:23+00:00","mainEntityOfPage":{"@id":"https:\/\/volcanes.net\/?p=10977"},"wordCount":675,"commentCount":0,"publisher":{"@id":"https:\/\/volcanes.net\/#organization"},"image":{"@id":"https:\/\/volcanes.net\/?p=10977#primaryimage"},"thumbnailUrl":"https:\/\/volcanes.net\/wp-content\/uploads\/2021\/04\/20conclute-progreso-.jpeg","articleSection":["Municipales"],"inLanguage":"es","potentialAction":[{"@type":"CommentAction","name":"Comment","target":["https:\/\/volcanes.net\/?p=10977#respond"]}]},{"@type":"WebPage","@id":"https:\/\/volcanes.net\/?p=10977","url":"https:\/\/volcanes.net\/?p=10977","name":"Concluye el Congreso Periodo Ordinario de Sesiones - Volcanes","isPartOf":{"@id":"https:\/\/volcanes.net\/#website"},"primaryImageOfPage":{"@id":"https:\/\/volcanes.net\/?p=10977#primaryimage"},"image":{"@id":"https:\/\/volcanes.net\/?p=10977#primaryimage"},"thumbnailUrl":"https:\/\/volcanes.net\/wp-content\/uploads\/2021\/04\/20conclute-progreso-.jpeg","datePublished":"2021-04-21T05:14:07+00:00","dateModified":"2021-04-24T05:15:23+00:00","breadcrumb":{"@id":"https:\/\/volcanes.net\/?p=10977#breadcrumb"},"inLanguage":"es","potentialAction":[{"@type":"ReadAction","target":["https:\/\/volcanes.net\/?p=10977"]}]},{"@type":"ImageObject","inLanguage":"es","@id":"https:\/\/volcanes.net\/?p=10977#primaryimage","url":"https:\/\/volcanes.net\/wp-content\/uploads\/2021\/04\/20conclute-progreso-.jpeg","contentUrl":"https:\/\/volcanes.net\/wp-content\/uploads\/2021\/04\/20conclute-progreso-.jpeg","width":1024,"height":683},{"@type":"BreadcrumbList","@id":"https:\/\/volcanes.net\/?p=10977#breadcrumb","itemListElement":[{"@type":"ListItem","position":1,"name":"Portada","item":"https:\/\/volcanes.net\/"},{"@type":"ListItem","position":2,"name":"Concluye el Congreso Periodo Ordinario de Sesiones"}]},{"@type":"WebSite","@id":"https:\/\/volcanes.net\/#website","url":"https:\/\/volcanes.net\/","name":"Volcanes.Net","description":"Periodismo Profesional","publisher":{"@id":"https:\/\/volcanes.net\/#organization"},"potentialAction":[{"@type":"SearchAction","target":{"@type":"EntryPoint","urlTemplate":"https:\/\/volcanes.net\/?s={search_term_string}"},"query-input":{"@type":"PropertyValueSpecification","valueRequired":true,"valueName":"search_term_string"}}],"inLanguage":"es"},{"@type":"Organization","@id":"https:\/\/volcanes.net\/#organization","name":"Grupo Volcanes","url":"https:\/\/volcanes.net\/","logo":{"@type":"ImageObject","inLanguage":"es","@id":"https:\/\/volcanes.net\/#\/schema\/logo\/image\/","url":"http:\/\/volcanes.net\/wp-content\/uploads\/2017\/12\/Avatar2.jpg","contentUrl":"http:\/\/volcanes.net\/wp-content\/uploads\/2017\/12\/Avatar2.jpg","width":378,"height":378,"caption":"Grupo Volcanes"},"image":{"@id":"https:\/\/volcanes.net\/#\/schema\/logo\/image\/"},"sameAs":["https:\/\/www.facebook.com\/volcanes.net\/"]},{"@type":"Person","@id":"https:\/\/volcanes.net\/#\/schema\/person\/4bf0f383940966a4abd53f5048c0e6b9","name":"admin","image":{"@type":"ImageObject","inLanguage":"es","@id":"https:\/\/volcanes.net\/#\/schema\/person\/image\/","url":"https:\/\/secure.gravatar.com\/avatar\/ca004e6cba8462b8cb7abc86e382930c?s=96&d=mm&r=g","contentUrl":"https:\/\/secure.gravatar.com\/avatar\/ca004e6cba8462b8cb7abc86e382930c?s=96&d=mm&r=g","caption":"admin"}}]}},"_links":{"self":[{"href":"https:\/\/volcanes.net\/index.php?rest_route=\/wp\/v2\/posts\/10977"}],"collection":[{"href":"https:\/\/volcanes.net\/index.php?rest_route=\/wp\/v2\/posts"}],"about":[{"href":"https:\/\/volcanes.net\/index.php?rest_route=\/wp\/v2\/types\/post"}],"author":[{"embeddable":true,"href":"https:\/\/volcanes.net\/index.php?rest_route=\/wp\/v2\/users\/1"}],"replies":[{"embeddable":true,"href":"https:\/\/volcanes.net\/index.php?rest_route=%2Fwp%2Fv2%2Fcomments&post=10977"}],"version-history":[{"count":1,"href":"https:\/\/volcanes.net\/index.php?rest_route=\/wp\/v2\/posts\/10977\/revisions"}],"predecessor-version":[{"id":10979,"href":"https:\/\/volcanes.net\/index.php?rest_route=\/wp\/v2\/posts\/10977\/revisions\/10979"}],"wp:featuredmedia":[{"embeddable":true,"href":"https:\/\/volcanes.net\/index.php?rest_route=\/wp\/v2\/media\/10978"}],"wp:attachment":[{"href":"https:\/\/volcanes.net\/index.php?rest_route=%2Fwp%2Fv2%2Fmedia&parent=10977"}],"wp:term":[{"taxonomy":"category","embeddable":true,"href":"https:\/\/volcanes.net\/index.php?rest_route=%2Fwp%2Fv2%2Fcategories&post=10977"},{"taxonomy":"post_tag","embeddable":true,"href":"https:\/\/volcanes.net\/index.php?rest_route=%2Fwp%2Fv2%2Ftags&post=10977"}],"curies":[{"name":"wp","href":"https:\/\/api.w.org\/{rel}","templated":true}]}}