{"id":10981,"date":"2021-04-21T23:17:28","date_gmt":"2021-04-22T05:17:28","guid":{"rendered":"http:\/\/volcanes.net\/?p=10981"},"modified":"2021-04-23T23:19:37","modified_gmt":"2021-04-24T05:19:37","slug":"inicia-congreso-revision-del-informe-de-fiscalizacion-estatal-2019","status":"publish","type":"post","link":"https:\/\/volcanes.net\/?p=10981","title":{"rendered":"Inicia Congreso revisi\u00f3n del informe de fiscalizaci\u00f3n estatal 2019"},"content":{"rendered":"<div style=\"margin-top: 0px; margin-bottom: 0px;\" class=\"sharethis-inline-share-buttons\" ><\/div><p>La Comisi\u00f3n de Vigilancia del \u00d3rgano Superior de Fiscalizaci\u00f3n del Congreso local inici\u00f3 el an\u00e1lisis del Informe de resultados de la fiscalizaci\u00f3n de las cuentas p\u00fablicas del ejercicio fiscal 2019 respecto al apartado estatal, del cual las y los diputados solicitaron detalles sobre las auditor\u00edas al Programa Salario Rosa y al Instituto de Seguridad Social del Estado de M\u00e9xico y Municipios (Issemym).<br \/>\nIntegrantes de la comisi\u00f3n preguntaron qu\u00e9 hace el \u00d3rgano Superior de Fiscalizaci\u00f3n del Estado de M\u00e9xico (OSFEM) para practicar una auditor\u00eda urgente al padr\u00f3n de beneficiarios de las 15 vertientes del Salario Rosa para evitar la duplicidad y fugas econ\u00f3micas y por qu\u00e9 no se suspende la asignaci\u00f3n de recursos econ\u00f3micos y sus entregas de manera electoral, pues de los 16 programas sociales auditados por el OSFEM, entre ellos el Salario Rosa, se determin\u00f3 un posible da\u00f1o a la hacienda p\u00fablica del gobierno estatal por mil 564 millones de pesos (mdp).<br \/>\nRecordaron que el Salario Rosa se audit\u00f3 en 15 vertientes y se observ\u00f3 que no existe certeza de que los apoyos econ\u00f3micos y servicios se hayan destinado a su poblaci\u00f3n objetivo; duplicidad de beneficiarios con el Programa J\u00f3venes en Movimiento; padr\u00f3n de beneficiarias no confiable; entrega condicionada de apoyos; incumplimiento de beneficiarias con reglas de operaci\u00f3n y gastos de operaci\u00f3n sin documentaci\u00f3n justificativa.<br \/>\nDurante la reuni\u00f3n declarada permanente, tambi\u00e9n preguntaron a cu\u00e1nto asciende la deuda de los organismos auxiliares, organismos aut\u00f3nomos y del gobierno estatal al Issemym, cu\u00e1l es el estado financiero del Instituto y solicitaron una tabla de los adeudos por entidad fiscalizable, as\u00ed como informaci\u00f3n sobre los hallazgos y observaciones m\u00e1s recurrentes de los entes fiscalizables.<br \/>\nEn respuesta, la titular del OSFEM, Miroslava Carrillo Mart\u00ednez, se\u00f1al\u00f3 que el Salario Rosa se analiz\u00f3 con las auditor\u00edas financiera y de desempe\u00f1o, en los que se hicieron observaciones por mil 500 mdp y que corresponde a 24% del presupuesto asignado al programa, pero que entre las atribuciones del OSFEM no est\u00e1n la suspensi\u00f3n de los apoyos, sino la de fiscalizaci\u00f3n de los recursos.<br \/>\nDel Issemym, comparti\u00f3 que hay un monto observado por mil 600 mdp en materia de cuotas y aportaciones al Instituto, que en cuentas por pagar a corto plazo a proveedores y contratistas no se presume da\u00f1o al patrimonio y que se trabaja en un informe especial de las entidades fiscalizables que le adeudan.<br \/>\nAgreg\u00f3 que hay un desd\u00e9n de los entes por cumplir con sus tabuladores y remuneraciones de su personal y por la actualizaci\u00f3n de su patrimonio, adem\u00e1s que hay aumentos en n\u00f3mina de hasta 40%, cuando por ley solo se puede el 3%, as\u00ed como personas servidoras p\u00fablicas que cobran en dos instituciones; y puntualiz\u00f3 que en hay 547 entes fiscalizables y que por primera vez todos al menos tuvieron una revisi\u00f3n, pues en el \u00e1mbito estatal, el OSFEM realiz\u00f3 111 auditor\u00edas (financieras, de obra y desempe\u00f1o) y revisiones de cuenta p\u00fablica.<\/p>\n","protected":false},"excerpt":{"rendered":"<p>La Comisi\u00f3n de Vigilancia del \u00d3rgano Superior de Fiscalizaci\u00f3n del Congreso local inici\u00f3 el an\u00e1lisis<\/p>\n","protected":false},"author":1,"featured_media":10982,"comment_status":"open","ping_status":"open","sticky":false,"template":"","format":"standard","meta":{"footnotes":""},"categories":[3],"tags":[],"class_list":["post-10981","post","type-post","status-publish","format-standard","has-post-thumbnail","hentry","category-estatales"],"yoast_head":"<!-- This site is optimized with the Yoast SEO plugin v25.3 - https:\/\/yoast.com\/wordpress\/plugins\/seo\/ -->\n<title>Inicia Congreso revisi\u00f3n del informe de fiscalizaci\u00f3n estatal 2019 - Volcanes<\/title>\n<meta name=\"robots\" content=\"index, follow, max-snippet:-1, max-image-preview:large, max-video-preview:-1\" \/>\n<link rel=\"canonical\" href=\"https:\/\/volcanes.net\/?p=10981\" \/>\n<meta property=\"og:locale\" content=\"es_MX\" \/>\n<meta property=\"og:type\" content=\"article\" \/>\n<meta property=\"og:title\" content=\"Inicia Congreso revisi\u00f3n del informe de fiscalizaci\u00f3n estatal 2019 - Volcanes\" \/>\n<meta property=\"og:description\" content=\"La Comisi\u00f3n de Vigilancia del \u00d3rgano Superior de Fiscalizaci\u00f3n del Congreso local inici\u00f3 el an\u00e1lisis\" \/>\n<meta property=\"og:url\" content=\"https:\/\/volcanes.net\/?p=10981\" \/>\n<meta property=\"og:site_name\" content=\"Volcanes\" \/>\n<meta property=\"article:publisher\" content=\"https:\/\/www.facebook.com\/volcanes.net\/\" \/>\n<meta property=\"article:published_time\" content=\"2021-04-22T05:17:28+00:00\" \/>\n<meta property=\"article:modified_time\" content=\"2021-04-24T05:19:37+00:00\" \/>\n<meta property=\"og:image\" content=\"https:\/\/volcanes.net\/wp-content\/uploads\/2021\/04\/21abril-.jpeg\" \/>\n\t<meta property=\"og:image:width\" content=\"1024\" \/>\n\t<meta property=\"og:image:height\" content=\"684\" \/>\n\t<meta property=\"og:image:type\" content=\"image\/jpeg\" \/>\n<meta name=\"author\" content=\"admin\" \/>\n<meta name=\"twitter:card\" content=\"summary_large_image\" \/>\n<meta name=\"twitter:label1\" content=\"Escrito por\" \/>\n\t<meta name=\"twitter:data1\" content=\"admin\" \/>\n\t<meta name=\"twitter:label2\" content=\"Tiempo de lectura\" \/>\n\t<meta name=\"twitter:data2\" content=\"3 minutos\" \/>\n<script type=\"application\/ld+json\" class=\"yoast-schema-graph\">{\"@context\":\"https:\/\/schema.org\",\"@graph\":[{\"@type\":\"Article\",\"@id\":\"https:\/\/volcanes.net\/?p=10981#article\",\"isPartOf\":{\"@id\":\"https:\/\/volcanes.net\/?p=10981\"},\"author\":{\"name\":\"admin\",\"@id\":\"https:\/\/volcanes.net\/#\/schema\/person\/4bf0f383940966a4abd53f5048c0e6b9\"},\"headline\":\"Inicia Congreso revisi\u00f3n del informe de fiscalizaci\u00f3n estatal 2019\",\"datePublished\":\"2021-04-22T05:17:28+00:00\",\"dateModified\":\"2021-04-24T05:19:37+00:00\",\"mainEntityOfPage\":{\"@id\":\"https:\/\/volcanes.net\/?p=10981\"},\"wordCount\":525,\"commentCount\":0,\"publisher\":{\"@id\":\"https:\/\/volcanes.net\/#organization\"},\"image\":{\"@id\":\"https:\/\/volcanes.net\/?p=10981#primaryimage\"},\"thumbnailUrl\":\"https:\/\/volcanes.net\/wp-content\/uploads\/2021\/04\/21abril-.jpeg\",\"articleSection\":[\"Estatales\"],\"inLanguage\":\"es\",\"potentialAction\":[{\"@type\":\"CommentAction\",\"name\":\"Comment\",\"target\":[\"https:\/\/volcanes.net\/?p=10981#respond\"]}]},{\"@type\":\"WebPage\",\"@id\":\"https:\/\/volcanes.net\/?p=10981\",\"url\":\"https:\/\/volcanes.net\/?p=10981\",\"name\":\"Inicia Congreso revisi\u00f3n del informe de fiscalizaci\u00f3n estatal 2019 - Volcanes\",\"isPartOf\":{\"@id\":\"https:\/\/volcanes.net\/#website\"},\"primaryImageOfPage\":{\"@id\":\"https:\/\/volcanes.net\/?p=10981#primaryimage\"},\"image\":{\"@id\":\"https:\/\/volcanes.net\/?p=10981#primaryimage\"},\"thumbnailUrl\":\"https:\/\/volcanes.net\/wp-content\/uploads\/2021\/04\/21abril-.jpeg\",\"datePublished\":\"2021-04-22T05:17:28+00:00\",\"dateModified\":\"2021-04-24T05:19:37+00:00\",\"breadcrumb\":{\"@id\":\"https:\/\/volcanes.net\/?p=10981#breadcrumb\"},\"inLanguage\":\"es\",\"potentialAction\":[{\"@type\":\"ReadAction\",\"target\":[\"https:\/\/volcanes.net\/?p=10981\"]}]},{\"@type\":\"ImageObject\",\"inLanguage\":\"es\",\"@id\":\"https:\/\/volcanes.net\/?p=10981#primaryimage\",\"url\":\"https:\/\/volcanes.net\/wp-content\/uploads\/2021\/04\/21abril-.jpeg\",\"contentUrl\":\"https:\/\/volcanes.net\/wp-content\/uploads\/2021\/04\/21abril-.jpeg\",\"width\":1024,\"height\":684},{\"@type\":\"BreadcrumbList\",\"@id\":\"https:\/\/volcanes.net\/?p=10981#breadcrumb\",\"itemListElement\":[{\"@type\":\"ListItem\",\"position\":1,\"name\":\"Portada\",\"item\":\"https:\/\/volcanes.net\/\"},{\"@type\":\"ListItem\",\"position\":2,\"name\":\"Inicia Congreso revisi\u00f3n del informe de fiscalizaci\u00f3n estatal 2019\"}]},{\"@type\":\"WebSite\",\"@id\":\"https:\/\/volcanes.net\/#website\",\"url\":\"https:\/\/volcanes.net\/\",\"name\":\"Volcanes.Net\",\"description\":\"Periodismo Profesional\",\"publisher\":{\"@id\":\"https:\/\/volcanes.net\/#organization\"},\"potentialAction\":[{\"@type\":\"SearchAction\",\"target\":{\"@type\":\"EntryPoint\",\"urlTemplate\":\"https:\/\/volcanes.net\/?s={search_term_string}\"},\"query-input\":{\"@type\":\"PropertyValueSpecification\",\"valueRequired\":true,\"valueName\":\"search_term_string\"}}],\"inLanguage\":\"es\"},{\"@type\":\"Organization\",\"@id\":\"https:\/\/volcanes.net\/#organization\",\"name\":\"Grupo Volcanes\",\"url\":\"https:\/\/volcanes.net\/\",\"logo\":{\"@type\":\"ImageObject\",\"inLanguage\":\"es\",\"@id\":\"https:\/\/volcanes.net\/#\/schema\/logo\/image\/\",\"url\":\"http:\/\/volcanes.net\/wp-content\/uploads\/2017\/12\/Avatar2.jpg\",\"contentUrl\":\"http:\/\/volcanes.net\/wp-content\/uploads\/2017\/12\/Avatar2.jpg\",\"width\":378,\"height\":378,\"caption\":\"Grupo Volcanes\"},\"image\":{\"@id\":\"https:\/\/volcanes.net\/#\/schema\/logo\/image\/\"},\"sameAs\":[\"https:\/\/www.facebook.com\/volcanes.net\/\"]},{\"@type\":\"Person\",\"@id\":\"https:\/\/volcanes.net\/#\/schema\/person\/4bf0f383940966a4abd53f5048c0e6b9\",\"name\":\"admin\",\"image\":{\"@type\":\"ImageObject\",\"inLanguage\":\"es\",\"@id\":\"https:\/\/volcanes.net\/#\/schema\/person\/image\/\",\"url\":\"https:\/\/secure.gravatar.com\/avatar\/ca004e6cba8462b8cb7abc86e382930c?s=96&d=mm&r=g\",\"contentUrl\":\"https:\/\/secure.gravatar.com\/avatar\/ca004e6cba8462b8cb7abc86e382930c?s=96&d=mm&r=g\",\"caption\":\"admin\"}}]}<\/script>\n<!-- \/ Yoast SEO plugin. -->","yoast_head_json":{"title":"Inicia Congreso revisi\u00f3n del informe de fiscalizaci\u00f3n estatal 2019 - Volcanes","robots":{"index":"index","follow":"follow","max-snippet":"max-snippet:-1","max-image-preview":"max-image-preview:large","max-video-preview":"max-video-preview:-1"},"canonical":"https:\/\/volcanes.net\/?p=10981","og_locale":"es_MX","og_type":"article","og_title":"Inicia Congreso revisi\u00f3n del informe de fiscalizaci\u00f3n estatal 2019 - Volcanes","og_description":"La Comisi\u00f3n de Vigilancia del \u00d3rgano Superior de Fiscalizaci\u00f3n del Congreso local inici\u00f3 el an\u00e1lisis","og_url":"https:\/\/volcanes.net\/?p=10981","og_site_name":"Volcanes","article_publisher":"https:\/\/www.facebook.com\/volcanes.net\/","article_published_time":"2021-04-22T05:17:28+00:00","article_modified_time":"2021-04-24T05:19:37+00:00","og_image":[{"width":1024,"height":684,"url":"https:\/\/volcanes.net\/wp-content\/uploads\/2021\/04\/21abril-.jpeg","type":"image\/jpeg"}],"author":"admin","twitter_card":"summary_large_image","twitter_misc":{"Escrito por":"admin","Tiempo de lectura":"3 minutos"},"schema":{"@context":"https:\/\/schema.org","@graph":[{"@type":"Article","@id":"https:\/\/volcanes.net\/?p=10981#article","isPartOf":{"@id":"https:\/\/volcanes.net\/?p=10981"},"author":{"name":"admin","@id":"https:\/\/volcanes.net\/#\/schema\/person\/4bf0f383940966a4abd53f5048c0e6b9"},"headline":"Inicia Congreso revisi\u00f3n del informe de fiscalizaci\u00f3n estatal 2019","datePublished":"2021-04-22T05:17:28+00:00","dateModified":"2021-04-24T05:19:37+00:00","mainEntityOfPage":{"@id":"https:\/\/volcanes.net\/?p=10981"},"wordCount":525,"commentCount":0,"publisher":{"@id":"https:\/\/volcanes.net\/#organization"},"image":{"@id":"https:\/\/volcanes.net\/?p=10981#primaryimage"},"thumbnailUrl":"https:\/\/volcanes.net\/wp-content\/uploads\/2021\/04\/21abril-.jpeg","articleSection":["Estatales"],"inLanguage":"es","potentialAction":[{"@type":"CommentAction","name":"Comment","target":["https:\/\/volcanes.net\/?p=10981#respond"]}]},{"@type":"WebPage","@id":"https:\/\/volcanes.net\/?p=10981","url":"https:\/\/volcanes.net\/?p=10981","name":"Inicia Congreso revisi\u00f3n del informe de fiscalizaci\u00f3n estatal 2019 - Volcanes","isPartOf":{"@id":"https:\/\/volcanes.net\/#website"},"primaryImageOfPage":{"@id":"https:\/\/volcanes.net\/?p=10981#primaryimage"},"image":{"@id":"https:\/\/volcanes.net\/?p=10981#primaryimage"},"thumbnailUrl":"https:\/\/volcanes.net\/wp-content\/uploads\/2021\/04\/21abril-.jpeg","datePublished":"2021-04-22T05:17:28+00:00","dateModified":"2021-04-24T05:19:37+00:00","breadcrumb":{"@id":"https:\/\/volcanes.net\/?p=10981#breadcrumb"},"inLanguage":"es","potentialAction":[{"@type":"ReadAction","target":["https:\/\/volcanes.net\/?p=10981"]}]},{"@type":"ImageObject","inLanguage":"es","@id":"https:\/\/volcanes.net\/?p=10981#primaryimage","url":"https:\/\/volcanes.net\/wp-content\/uploads\/2021\/04\/21abril-.jpeg","contentUrl":"https:\/\/volcanes.net\/wp-content\/uploads\/2021\/04\/21abril-.jpeg","width":1024,"height":684},{"@type":"BreadcrumbList","@id":"https:\/\/volcanes.net\/?p=10981#breadcrumb","itemListElement":[{"@type":"ListItem","position":1,"name":"Portada","item":"https:\/\/volcanes.net\/"},{"@type":"ListItem","position":2,"name":"Inicia Congreso revisi\u00f3n del informe de fiscalizaci\u00f3n estatal 2019"}]},{"@type":"WebSite","@id":"https:\/\/volcanes.net\/#website","url":"https:\/\/volcanes.net\/","name":"Volcanes.Net","description":"Periodismo Profesional","publisher":{"@id":"https:\/\/volcanes.net\/#organization"},"potentialAction":[{"@type":"SearchAction","target":{"@type":"EntryPoint","urlTemplate":"https:\/\/volcanes.net\/?s={search_term_string}"},"query-input":{"@type":"PropertyValueSpecification","valueRequired":true,"valueName":"search_term_string"}}],"inLanguage":"es"},{"@type":"Organization","@id":"https:\/\/volcanes.net\/#organization","name":"Grupo Volcanes","url":"https:\/\/volcanes.net\/","logo":{"@type":"ImageObject","inLanguage":"es","@id":"https:\/\/volcanes.net\/#\/schema\/logo\/image\/","url":"http:\/\/volcanes.net\/wp-content\/uploads\/2017\/12\/Avatar2.jpg","contentUrl":"http:\/\/volcanes.net\/wp-content\/uploads\/2017\/12\/Avatar2.jpg","width":378,"height":378,"caption":"Grupo Volcanes"},"image":{"@id":"https:\/\/volcanes.net\/#\/schema\/logo\/image\/"},"sameAs":["https:\/\/www.facebook.com\/volcanes.net\/"]},{"@type":"Person","@id":"https:\/\/volcanes.net\/#\/schema\/person\/4bf0f383940966a4abd53f5048c0e6b9","name":"admin","image":{"@type":"ImageObject","inLanguage":"es","@id":"https:\/\/volcanes.net\/#\/schema\/person\/image\/","url":"https:\/\/secure.gravatar.com\/avatar\/ca004e6cba8462b8cb7abc86e382930c?s=96&d=mm&r=g","contentUrl":"https:\/\/secure.gravatar.com\/avatar\/ca004e6cba8462b8cb7abc86e382930c?s=96&d=mm&r=g","caption":"admin"}}]}},"_links":{"self":[{"href":"https:\/\/volcanes.net\/index.php?rest_route=\/wp\/v2\/posts\/10981"}],"collection":[{"href":"https:\/\/volcanes.net\/index.php?rest_route=\/wp\/v2\/posts"}],"about":[{"href":"https:\/\/volcanes.net\/index.php?rest_route=\/wp\/v2\/types\/post"}],"author":[{"embeddable":true,"href":"https:\/\/volcanes.net\/index.php?rest_route=\/wp\/v2\/users\/1"}],"replies":[{"embeddable":true,"href":"https:\/\/volcanes.net\/index.php?rest_route=%2Fwp%2Fv2%2Fcomments&post=10981"}],"version-history":[{"count":1,"href":"https:\/\/volcanes.net\/index.php?rest_route=\/wp\/v2\/posts\/10981\/revisions"}],"predecessor-version":[{"id":10983,"href":"https:\/\/volcanes.net\/index.php?rest_route=\/wp\/v2\/posts\/10981\/revisions\/10983"}],"wp:featuredmedia":[{"embeddable":true,"href":"https:\/\/volcanes.net\/index.php?rest_route=\/wp\/v2\/media\/10982"}],"wp:attachment":[{"href":"https:\/\/volcanes.net\/index.php?rest_route=%2Fwp%2Fv2%2Fmedia&parent=10981"}],"wp:term":[{"taxonomy":"category","embeddable":true,"href":"https:\/\/volcanes.net\/index.php?rest_route=%2Fwp%2Fv2%2Fcategories&post=10981"},{"taxonomy":"post_tag","embeddable":true,"href":"https:\/\/volcanes.net\/index.php?rest_route=%2Fwp%2Fv2%2Ftags&post=10981"}],"curies":[{"name":"wp","href":"https:\/\/api.w.org\/{rel}","templated":true}]}}