{"id":10984,"date":"2021-04-21T23:22:17","date_gmt":"2021-04-22T05:22:17","guid":{"rendered":"http:\/\/volcanes.net\/?p=10984"},"modified":"2021-04-23T23:23:47","modified_gmt":"2021-04-24T05:23:47","slug":"instalan-diputacion-permanente-del-congreso-estatal","status":"publish","type":"post","link":"https:\/\/volcanes.net\/?p=10984","title":{"rendered":"Instalan Diputaci\u00f3n Permanente del Congreso estatal"},"content":{"rendered":"<div style=\"margin-top: 0px; margin-bottom: 0px;\" class=\"sharethis-inline-share-buttons\" ><\/div><p>El Congreso del Estado de M\u00e9xico clausur\u00f3 su Octavo Periodo Ordinario de Sesiones e instal\u00f3 la Diputaci\u00f3n Permanente que funge desde el 20 de abril hasta el pr\u00f3ximo 20 de julio, cuando iniciar\u00e1 el \u00faltimo Periodo Ordinario de la LX Legislatura.<br \/>\nLa diputada Mar\u00eda Elizabeth Mill\u00e1n Garc\u00eda, fue electa presidenta de este \u00f3rgano parlamentario; el diputado Rodolfo Jard\u00f3n Zarza, vicepresidente, y la diputada Isanami Paredes G\u00f3mez, secretaria. La Permanente tambi\u00e9n es integrada por las diputadas Juliana Felipa Arias Calder\u00f3n, Sara Dom\u00ednguez \u00c1lvarez y Mar\u00eda Mayela Trueba Hern\u00e1ndez, as\u00ed como los legisladores Carlos Alexander Morlan Torres, Bryan Andr\u00e9s Tinoco Ruiz, Juan Jaffet Mill\u00e1n M\u00e1rquez, Juan Pablo Villag\u00f3mez S\u00e1nchez y Maximino Reyes Rivera.<br \/>\nLa presidenta de la Permanente afirm\u00f3 que para este \u00f3rgano parlamentario seguir\u00e1n siendo prioritarias las medidas que contribuyan a la protecci\u00f3n de la vida, la salud y la econom\u00eda para contrarrestar los efectos de la pandemia de covid-19 y enfatiz\u00f3 que conducir\u00e1n su trabajo con pleno respeto a la legislaci\u00f3n, de manera imparcial y cuidadosa.<br \/>\nEn su primera sesi\u00f3n, la Diputaci\u00f3n Permanente recibi\u00f3 el informe de actividades de la presidencia de la Directiva durante el Octavo Periodo Ordinario, en el cual se realizaron 15 sesiones plenarias, se aprobaron 30 iniciativas y 48 puntos de acuerdo, mientras que las comisiones legislativas se reunieron en 38 ocasiones y emitieron 17 dict\u00e1menes en materia de transparencia, administraci\u00f3n y procuraci\u00f3n de justicia, protecci\u00f3n a periodistas, voluntad anticipada, adem\u00e1s de aprobar reformas y adiciones a la Constituci\u00f3n Pol\u00edtica de los Estados Unidos mexicanos, entre otros temas.<\/p>\n<div><\/div>\n","protected":false},"excerpt":{"rendered":"<p>El Congreso del Estado de M\u00e9xico clausur\u00f3 su Octavo Periodo Ordinario de Sesiones e instal\u00f3<\/p>\n","protected":false},"author":1,"featured_media":10985,"comment_status":"open","ping_status":"open","sticky":false,"template":"","format":"standard","meta":{"footnotes":""},"categories":[3],"tags":[],"class_list":["post-10984","post","type-post","status-publish","format-standard","has-post-thumbnail","hentry","category-estatales"],"yoast_head":"<!-- This site is optimized with the Yoast SEO plugin v25.3 - https:\/\/yoast.com\/wordpress\/plugins\/seo\/ -->\n<title>Instalan Diputaci\u00f3n Permanente del Congreso estatal - Volcanes<\/title>\n<meta name=\"robots\" content=\"index, follow, max-snippet:-1, max-image-preview:large, max-video-preview:-1\" \/>\n<link rel=\"canonical\" href=\"https:\/\/volcanes.net\/?p=10984\" \/>\n<meta property=\"og:locale\" content=\"es_MX\" \/>\n<meta property=\"og:type\" content=\"article\" \/>\n<meta property=\"og:title\" content=\"Instalan Diputaci\u00f3n Permanente del Congreso estatal - Volcanes\" \/>\n<meta property=\"og:description\" content=\"El Congreso del Estado de M\u00e9xico clausur\u00f3 su Octavo Periodo Ordinario de Sesiones e instal\u00f3\" \/>\n<meta property=\"og:url\" content=\"https:\/\/volcanes.net\/?p=10984\" \/>\n<meta property=\"og:site_name\" content=\"Volcanes\" \/>\n<meta property=\"article:publisher\" content=\"https:\/\/www.facebook.com\/volcanes.net\/\" \/>\n<meta property=\"article:published_time\" content=\"2021-04-22T05:22:17+00:00\" \/>\n<meta property=\"article:modified_time\" content=\"2021-04-24T05:23:47+00:00\" \/>\n<meta property=\"og:image\" content=\"https:\/\/volcanes.net\/wp-content\/uploads\/2021\/04\/21diputacio\u0301n.jpeg\" \/>\n\t<meta property=\"og:image:width\" content=\"1024\" \/>\n\t<meta property=\"og:image:height\" content=\"683\" \/>\n\t<meta property=\"og:image:type\" content=\"image\/jpeg\" \/>\n<meta name=\"author\" content=\"admin\" \/>\n<meta name=\"twitter:card\" content=\"summary_large_image\" \/>\n<meta name=\"twitter:label1\" content=\"Escrito por\" \/>\n\t<meta name=\"twitter:data1\" content=\"admin\" \/>\n\t<meta name=\"twitter:label2\" content=\"Tiempo de lectura\" \/>\n\t<meta name=\"twitter:data2\" content=\"1 minuto\" \/>\n<script type=\"application\/ld+json\" class=\"yoast-schema-graph\">{\"@context\":\"https:\/\/schema.org\",\"@graph\":[{\"@type\":\"Article\",\"@id\":\"https:\/\/volcanes.net\/?p=10984#article\",\"isPartOf\":{\"@id\":\"https:\/\/volcanes.net\/?p=10984\"},\"author\":{\"name\":\"admin\",\"@id\":\"https:\/\/volcanes.net\/#\/schema\/person\/4bf0f383940966a4abd53f5048c0e6b9\"},\"headline\":\"Instalan Diputaci\u00f3n Permanente del Congreso estatal\",\"datePublished\":\"2021-04-22T05:22:17+00:00\",\"dateModified\":\"2021-04-24T05:23:47+00:00\",\"mainEntityOfPage\":{\"@id\":\"https:\/\/volcanes.net\/?p=10984\"},\"wordCount\":284,\"commentCount\":0,\"publisher\":{\"@id\":\"https:\/\/volcanes.net\/#organization\"},\"image\":{\"@id\":\"https:\/\/volcanes.net\/?p=10984#primaryimage\"},\"thumbnailUrl\":\"https:\/\/volcanes.net\/wp-content\/uploads\/2021\/04\/21diputacio\u0301n.jpeg\",\"articleSection\":[\"Estatales\"],\"inLanguage\":\"es\",\"potentialAction\":[{\"@type\":\"CommentAction\",\"name\":\"Comment\",\"target\":[\"https:\/\/volcanes.net\/?p=10984#respond\"]}]},{\"@type\":\"WebPage\",\"@id\":\"https:\/\/volcanes.net\/?p=10984\",\"url\":\"https:\/\/volcanes.net\/?p=10984\",\"name\":\"Instalan Diputaci\u00f3n Permanente del Congreso estatal - Volcanes\",\"isPartOf\":{\"@id\":\"https:\/\/volcanes.net\/#website\"},\"primaryImageOfPage\":{\"@id\":\"https:\/\/volcanes.net\/?p=10984#primaryimage\"},\"image\":{\"@id\":\"https:\/\/volcanes.net\/?p=10984#primaryimage\"},\"thumbnailUrl\":\"https:\/\/volcanes.net\/wp-content\/uploads\/2021\/04\/21diputacio\u0301n.jpeg\",\"datePublished\":\"2021-04-22T05:22:17+00:00\",\"dateModified\":\"2021-04-24T05:23:47+00:00\",\"breadcrumb\":{\"@id\":\"https:\/\/volcanes.net\/?p=10984#breadcrumb\"},\"inLanguage\":\"es\",\"potentialAction\":[{\"@type\":\"ReadAction\",\"target\":[\"https:\/\/volcanes.net\/?p=10984\"]}]},{\"@type\":\"ImageObject\",\"inLanguage\":\"es\",\"@id\":\"https:\/\/volcanes.net\/?p=10984#primaryimage\",\"url\":\"https:\/\/volcanes.net\/wp-content\/uploads\/2021\/04\/21diputacio\u0301n.jpeg\",\"contentUrl\":\"https:\/\/volcanes.net\/wp-content\/uploads\/2021\/04\/21diputacio\u0301n.jpeg\",\"width\":1024,\"height\":683},{\"@type\":\"BreadcrumbList\",\"@id\":\"https:\/\/volcanes.net\/?p=10984#breadcrumb\",\"itemListElement\":[{\"@type\":\"ListItem\",\"position\":1,\"name\":\"Portada\",\"item\":\"https:\/\/volcanes.net\/\"},{\"@type\":\"ListItem\",\"position\":2,\"name\":\"Instalan Diputaci\u00f3n Permanente del Congreso estatal\"}]},{\"@type\":\"WebSite\",\"@id\":\"https:\/\/volcanes.net\/#website\",\"url\":\"https:\/\/volcanes.net\/\",\"name\":\"Volcanes.Net\",\"description\":\"Periodismo Profesional\",\"publisher\":{\"@id\":\"https:\/\/volcanes.net\/#organization\"},\"potentialAction\":[{\"@type\":\"SearchAction\",\"target\":{\"@type\":\"EntryPoint\",\"urlTemplate\":\"https:\/\/volcanes.net\/?s={search_term_string}\"},\"query-input\":{\"@type\":\"PropertyValueSpecification\",\"valueRequired\":true,\"valueName\":\"search_term_string\"}}],\"inLanguage\":\"es\"},{\"@type\":\"Organization\",\"@id\":\"https:\/\/volcanes.net\/#organization\",\"name\":\"Grupo Volcanes\",\"url\":\"https:\/\/volcanes.net\/\",\"logo\":{\"@type\":\"ImageObject\",\"inLanguage\":\"es\",\"@id\":\"https:\/\/volcanes.net\/#\/schema\/logo\/image\/\",\"url\":\"http:\/\/volcanes.net\/wp-content\/uploads\/2017\/12\/Avatar2.jpg\",\"contentUrl\":\"http:\/\/volcanes.net\/wp-content\/uploads\/2017\/12\/Avatar2.jpg\",\"width\":378,\"height\":378,\"caption\":\"Grupo Volcanes\"},\"image\":{\"@id\":\"https:\/\/volcanes.net\/#\/schema\/logo\/image\/\"},\"sameAs\":[\"https:\/\/www.facebook.com\/volcanes.net\/\"]},{\"@type\":\"Person\",\"@id\":\"https:\/\/volcanes.net\/#\/schema\/person\/4bf0f383940966a4abd53f5048c0e6b9\",\"name\":\"admin\",\"image\":{\"@type\":\"ImageObject\",\"inLanguage\":\"es\",\"@id\":\"https:\/\/volcanes.net\/#\/schema\/person\/image\/\",\"url\":\"https:\/\/secure.gravatar.com\/avatar\/ca004e6cba8462b8cb7abc86e382930c?s=96&d=mm&r=g\",\"contentUrl\":\"https:\/\/secure.gravatar.com\/avatar\/ca004e6cba8462b8cb7abc86e382930c?s=96&d=mm&r=g\",\"caption\":\"admin\"}}]}<\/script>\n<!-- \/ Yoast SEO plugin. -->","yoast_head_json":{"title":"Instalan Diputaci\u00f3n Permanente del Congreso estatal - Volcanes","robots":{"index":"index","follow":"follow","max-snippet":"max-snippet:-1","max-image-preview":"max-image-preview:large","max-video-preview":"max-video-preview:-1"},"canonical":"https:\/\/volcanes.net\/?p=10984","og_locale":"es_MX","og_type":"article","og_title":"Instalan Diputaci\u00f3n Permanente del Congreso estatal - Volcanes","og_description":"El Congreso del Estado de M\u00e9xico clausur\u00f3 su Octavo Periodo Ordinario de Sesiones e instal\u00f3","og_url":"https:\/\/volcanes.net\/?p=10984","og_site_name":"Volcanes","article_publisher":"https:\/\/www.facebook.com\/volcanes.net\/","article_published_time":"2021-04-22T05:22:17+00:00","article_modified_time":"2021-04-24T05:23:47+00:00","og_image":[{"width":1024,"height":683,"url":"https:\/\/volcanes.net\/wp-content\/uploads\/2021\/04\/21diputacio\u0301n.jpeg","type":"image\/jpeg"}],"author":"admin","twitter_card":"summary_large_image","twitter_misc":{"Escrito por":"admin","Tiempo de lectura":"1 minuto"},"schema":{"@context":"https:\/\/schema.org","@graph":[{"@type":"Article","@id":"https:\/\/volcanes.net\/?p=10984#article","isPartOf":{"@id":"https:\/\/volcanes.net\/?p=10984"},"author":{"name":"admin","@id":"https:\/\/volcanes.net\/#\/schema\/person\/4bf0f383940966a4abd53f5048c0e6b9"},"headline":"Instalan Diputaci\u00f3n Permanente del Congreso estatal","datePublished":"2021-04-22T05:22:17+00:00","dateModified":"2021-04-24T05:23:47+00:00","mainEntityOfPage":{"@id":"https:\/\/volcanes.net\/?p=10984"},"wordCount":284,"commentCount":0,"publisher":{"@id":"https:\/\/volcanes.net\/#organization"},"image":{"@id":"https:\/\/volcanes.net\/?p=10984#primaryimage"},"thumbnailUrl":"https:\/\/volcanes.net\/wp-content\/uploads\/2021\/04\/21diputacio\u0301n.jpeg","articleSection":["Estatales"],"inLanguage":"es","potentialAction":[{"@type":"CommentAction","name":"Comment","target":["https:\/\/volcanes.net\/?p=10984#respond"]}]},{"@type":"WebPage","@id":"https:\/\/volcanes.net\/?p=10984","url":"https:\/\/volcanes.net\/?p=10984","name":"Instalan Diputaci\u00f3n Permanente del Congreso estatal - Volcanes","isPartOf":{"@id":"https:\/\/volcanes.net\/#website"},"primaryImageOfPage":{"@id":"https:\/\/volcanes.net\/?p=10984#primaryimage"},"image":{"@id":"https:\/\/volcanes.net\/?p=10984#primaryimage"},"thumbnailUrl":"https:\/\/volcanes.net\/wp-content\/uploads\/2021\/04\/21diputacio\u0301n.jpeg","datePublished":"2021-04-22T05:22:17+00:00","dateModified":"2021-04-24T05:23:47+00:00","breadcrumb":{"@id":"https:\/\/volcanes.net\/?p=10984#breadcrumb"},"inLanguage":"es","potentialAction":[{"@type":"ReadAction","target":["https:\/\/volcanes.net\/?p=10984"]}]},{"@type":"ImageObject","inLanguage":"es","@id":"https:\/\/volcanes.net\/?p=10984#primaryimage","url":"https:\/\/volcanes.net\/wp-content\/uploads\/2021\/04\/21diputacio\u0301n.jpeg","contentUrl":"https:\/\/volcanes.net\/wp-content\/uploads\/2021\/04\/21diputacio\u0301n.jpeg","width":1024,"height":683},{"@type":"BreadcrumbList","@id":"https:\/\/volcanes.net\/?p=10984#breadcrumb","itemListElement":[{"@type":"ListItem","position":1,"name":"Portada","item":"https:\/\/volcanes.net\/"},{"@type":"ListItem","position":2,"name":"Instalan Diputaci\u00f3n Permanente del Congreso estatal"}]},{"@type":"WebSite","@id":"https:\/\/volcanes.net\/#website","url":"https:\/\/volcanes.net\/","name":"Volcanes.Net","description":"Periodismo Profesional","publisher":{"@id":"https:\/\/volcanes.net\/#organization"},"potentialAction":[{"@type":"SearchAction","target":{"@type":"EntryPoint","urlTemplate":"https:\/\/volcanes.net\/?s={search_term_string}"},"query-input":{"@type":"PropertyValueSpecification","valueRequired":true,"valueName":"search_term_string"}}],"inLanguage":"es"},{"@type":"Organization","@id":"https:\/\/volcanes.net\/#organization","name":"Grupo Volcanes","url":"https:\/\/volcanes.net\/","logo":{"@type":"ImageObject","inLanguage":"es","@id":"https:\/\/volcanes.net\/#\/schema\/logo\/image\/","url":"http:\/\/volcanes.net\/wp-content\/uploads\/2017\/12\/Avatar2.jpg","contentUrl":"http:\/\/volcanes.net\/wp-content\/uploads\/2017\/12\/Avatar2.jpg","width":378,"height":378,"caption":"Grupo Volcanes"},"image":{"@id":"https:\/\/volcanes.net\/#\/schema\/logo\/image\/"},"sameAs":["https:\/\/www.facebook.com\/volcanes.net\/"]},{"@type":"Person","@id":"https:\/\/volcanes.net\/#\/schema\/person\/4bf0f383940966a4abd53f5048c0e6b9","name":"admin","image":{"@type":"ImageObject","inLanguage":"es","@id":"https:\/\/volcanes.net\/#\/schema\/person\/image\/","url":"https:\/\/secure.gravatar.com\/avatar\/ca004e6cba8462b8cb7abc86e382930c?s=96&d=mm&r=g","contentUrl":"https:\/\/secure.gravatar.com\/avatar\/ca004e6cba8462b8cb7abc86e382930c?s=96&d=mm&r=g","caption":"admin"}}]}},"_links":{"self":[{"href":"https:\/\/volcanes.net\/index.php?rest_route=\/wp\/v2\/posts\/10984"}],"collection":[{"href":"https:\/\/volcanes.net\/index.php?rest_route=\/wp\/v2\/posts"}],"about":[{"href":"https:\/\/volcanes.net\/index.php?rest_route=\/wp\/v2\/types\/post"}],"author":[{"embeddable":true,"href":"https:\/\/volcanes.net\/index.php?rest_route=\/wp\/v2\/users\/1"}],"replies":[{"embeddable":true,"href":"https:\/\/volcanes.net\/index.php?rest_route=%2Fwp%2Fv2%2Fcomments&post=10984"}],"version-history":[{"count":1,"href":"https:\/\/volcanes.net\/index.php?rest_route=\/wp\/v2\/posts\/10984\/revisions"}],"predecessor-version":[{"id":10986,"href":"https:\/\/volcanes.net\/index.php?rest_route=\/wp\/v2\/posts\/10984\/revisions\/10986"}],"wp:featuredmedia":[{"embeddable":true,"href":"https:\/\/volcanes.net\/index.php?rest_route=\/wp\/v2\/media\/10985"}],"wp:attachment":[{"href":"https:\/\/volcanes.net\/index.php?rest_route=%2Fwp%2Fv2%2Fmedia&parent=10984"}],"wp:term":[{"taxonomy":"category","embeddable":true,"href":"https:\/\/volcanes.net\/index.php?rest_route=%2Fwp%2Fv2%2Fcategories&post=10984"},{"taxonomy":"post_tag","embeddable":true,"href":"https:\/\/volcanes.net\/index.php?rest_route=%2Fwp%2Fv2%2Ftags&post=10984"}],"curies":[{"name":"wp","href":"https:\/\/api.w.org\/{rel}","templated":true}]}}