{"id":11054,"date":"2021-04-28T14:31:30","date_gmt":"2021-04-28T20:31:30","guid":{"rendered":"http:\/\/volcanes.net\/?p=11054"},"modified":"2021-04-28T14:31:30","modified_gmt":"2021-04-28T20:31:30","slug":"edil-de-tenango-del-aire-realizo-la-entrega-de-la-iluminacion-en-la-comunidad-de-paztla","status":"publish","type":"post","link":"https:\/\/volcanes.net\/?p=11054","title":{"rendered":"Edil de Tenango del Aire realiz\u00f3 la entrega de la iluminaci\u00f3n en la comunidad de Paztla"},"content":{"rendered":"<div style=\"margin-top: 0px; margin-bottom: 0px;\" class=\"sharethis-inline-share-buttons\" ><\/div><p style=\"text-align: justify;\">Tenango del Aire, Estado de M\u00e9xico.- El presidente de este municipio mexiquense Roberto \u00c1vila Ventura, comprometido con elevar la calidad de vida de las familias Tenanguenses y mejor la imagen urbana de la localidad, contin\u00faa trabajando en materia de obras p\u00fablicas, por lo que en esta ocasi\u00f3n el edil realiz\u00f3 la entrega de la iluminaci\u00f3n en la comunidad de Paztla.<\/p>\n<p style=\"text-align: justify;\">En entrevista con el mun\u00edcipe para Volcanes Multimedios comenta que todas las obras que se han realizado y entregado ha sido por la gesti\u00f3n que se pudo hacer de los 90 millones de pesos destinados para Tenango del Aire.<\/p>\n<p style=\"text-align: justify;\">Por lo anterior, \u00c1vila Ventura se\u00f1al\u00f3 que sigue comprometido con las familias Tenanguenses, pues le fueron autorizados m\u00e1s millones de pesos para este 2021, los cuales se invertir\u00e1n para el desarrollo del municipio en materia de obras p\u00fablicas, empezando con la colocaci\u00f3n de cuatro postes, la primera etapa de pavimentaci\u00f3n de la calle Prolongaci\u00f3n y calle de Trabajo, hasta llegar a la comunidad de Paztla.<\/p>\n<p style=\"text-align: justify;\">&#8220;Tenemos que darle continuidad a un proyecto, Tenango del Aire no se puede parar, se continuar\u00e1 trabajando para el progreso y desarrollo de la gente Tenanguenses&#8221;, dijo el edil durante la entrega de la luminaria, adem\u00e1s coment\u00f3 que fue evidente el trabajo realizado pues anteriormente dicho lugar carencia de un buen alumbrado por lo que ahora los vecinos de la comunidad Paztla podan transitar por el lugar con seguridad en la noche.<\/p>\n","protected":false},"excerpt":{"rendered":"<p>Tenango del Aire, Estado de M\u00e9xico.- El presidente de este municipio mexiquense Roberto \u00c1vila Ventura,<\/p>\n","protected":false},"author":1,"featured_media":11055,"comment_status":"open","ping_status":"open","sticky":false,"template":"","format":"standard","meta":{"footnotes":""},"categories":[1],"tags":[17],"class_list":["post-11054","post","type-post","status-publish","format-standard","has-post-thumbnail","hentry","category-municipales","tag-tenango-del-aire"],"yoast_head":"<!-- This site is optimized with the Yoast SEO plugin v25.3 - https:\/\/yoast.com\/wordpress\/plugins\/seo\/ -->\n<title>Edil de Tenango del Aire realiz\u00f3 la entrega de la iluminaci\u00f3n en la comunidad de Paztla - Volcanes<\/title>\n<meta name=\"robots\" content=\"index, follow, max-snippet:-1, max-image-preview:large, max-video-preview:-1\" \/>\n<link rel=\"canonical\" href=\"https:\/\/volcanes.net\/?p=11054\" \/>\n<meta property=\"og:locale\" content=\"es_MX\" \/>\n<meta property=\"og:type\" content=\"article\" \/>\n<meta property=\"og:title\" content=\"Edil de Tenango del Aire realiz\u00f3 la entrega de la iluminaci\u00f3n en la comunidad de Paztla - Volcanes\" \/>\n<meta property=\"og:description\" content=\"Tenango del Aire, Estado de M\u00e9xico.- El presidente de este municipio mexiquense Roberto \u00c1vila Ventura,\" \/>\n<meta property=\"og:url\" content=\"https:\/\/volcanes.net\/?p=11054\" \/>\n<meta property=\"og:site_name\" content=\"Volcanes\" \/>\n<meta property=\"article:publisher\" content=\"https:\/\/www.facebook.com\/volcanes.net\/\" \/>\n<meta property=\"article:published_time\" content=\"2021-04-28T20:31:30+00:00\" \/>\n<meta property=\"og:image\" content=\"https:\/\/volcanes.net\/wp-content\/uploads\/2021\/04\/Screenshot_2021-04-28-10-39-162.jpg\" \/>\n\t<meta property=\"og:image:width\" content=\"717\" \/>\n\t<meta property=\"og:image:height\" content=\"397\" \/>\n\t<meta property=\"og:image:type\" content=\"image\/jpeg\" \/>\n<meta name=\"author\" content=\"admin\" \/>\n<meta name=\"twitter:card\" content=\"summary_large_image\" \/>\n<meta name=\"twitter:label1\" content=\"Escrito por\" \/>\n\t<meta name=\"twitter:data1\" content=\"admin\" \/>\n\t<meta name=\"twitter:label2\" content=\"Tiempo de lectura\" \/>\n\t<meta name=\"twitter:data2\" content=\"1 minuto\" \/>\n<script type=\"application\/ld+json\" class=\"yoast-schema-graph\">{\"@context\":\"https:\/\/schema.org\",\"@graph\":[{\"@type\":\"Article\",\"@id\":\"https:\/\/volcanes.net\/?p=11054#article\",\"isPartOf\":{\"@id\":\"https:\/\/volcanes.net\/?p=11054\"},\"author\":{\"name\":\"admin\",\"@id\":\"https:\/\/volcanes.net\/#\/schema\/person\/4bf0f383940966a4abd53f5048c0e6b9\"},\"headline\":\"Edil de Tenango del Aire realiz\u00f3 la entrega de la iluminaci\u00f3n en la comunidad de Paztla\",\"datePublished\":\"2021-04-28T20:31:30+00:00\",\"mainEntityOfPage\":{\"@id\":\"https:\/\/volcanes.net\/?p=11054\"},\"wordCount\":267,\"commentCount\":0,\"publisher\":{\"@id\":\"https:\/\/volcanes.net\/#organization\"},\"image\":{\"@id\":\"https:\/\/volcanes.net\/?p=11054#primaryimage\"},\"thumbnailUrl\":\"https:\/\/volcanes.net\/wp-content\/uploads\/2021\/04\/Screenshot_2021-04-28-10-39-162.jpg\",\"keywords\":[\"Tenango del Aire\"],\"articleSection\":[\"Municipales\"],\"inLanguage\":\"es\",\"potentialAction\":[{\"@type\":\"CommentAction\",\"name\":\"Comment\",\"target\":[\"https:\/\/volcanes.net\/?p=11054#respond\"]}]},{\"@type\":\"WebPage\",\"@id\":\"https:\/\/volcanes.net\/?p=11054\",\"url\":\"https:\/\/volcanes.net\/?p=11054\",\"name\":\"Edil de Tenango del Aire realiz\u00f3 la entrega de la iluminaci\u00f3n en la comunidad de Paztla - Volcanes\",\"isPartOf\":{\"@id\":\"https:\/\/volcanes.net\/#website\"},\"primaryImageOfPage\":{\"@id\":\"https:\/\/volcanes.net\/?p=11054#primaryimage\"},\"image\":{\"@id\":\"https:\/\/volcanes.net\/?p=11054#primaryimage\"},\"thumbnailUrl\":\"https:\/\/volcanes.net\/wp-content\/uploads\/2021\/04\/Screenshot_2021-04-28-10-39-162.jpg\",\"datePublished\":\"2021-04-28T20:31:30+00:00\",\"breadcrumb\":{\"@id\":\"https:\/\/volcanes.net\/?p=11054#breadcrumb\"},\"inLanguage\":\"es\",\"potentialAction\":[{\"@type\":\"ReadAction\",\"target\":[\"https:\/\/volcanes.net\/?p=11054\"]}]},{\"@type\":\"ImageObject\",\"inLanguage\":\"es\",\"@id\":\"https:\/\/volcanes.net\/?p=11054#primaryimage\",\"url\":\"https:\/\/volcanes.net\/wp-content\/uploads\/2021\/04\/Screenshot_2021-04-28-10-39-162.jpg\",\"contentUrl\":\"https:\/\/volcanes.net\/wp-content\/uploads\/2021\/04\/Screenshot_2021-04-28-10-39-162.jpg\",\"width\":717,\"height\":397},{\"@type\":\"BreadcrumbList\",\"@id\":\"https:\/\/volcanes.net\/?p=11054#breadcrumb\",\"itemListElement\":[{\"@type\":\"ListItem\",\"position\":1,\"name\":\"Portada\",\"item\":\"https:\/\/volcanes.net\/\"},{\"@type\":\"ListItem\",\"position\":2,\"name\":\"Edil de Tenango del Aire realiz\u00f3 la entrega de la iluminaci\u00f3n en la comunidad de Paztla\"}]},{\"@type\":\"WebSite\",\"@id\":\"https:\/\/volcanes.net\/#website\",\"url\":\"https:\/\/volcanes.net\/\",\"name\":\"Volcanes.Net\",\"description\":\"Periodismo Profesional\",\"publisher\":{\"@id\":\"https:\/\/volcanes.net\/#organization\"},\"potentialAction\":[{\"@type\":\"SearchAction\",\"target\":{\"@type\":\"EntryPoint\",\"urlTemplate\":\"https:\/\/volcanes.net\/?s={search_term_string}\"},\"query-input\":{\"@type\":\"PropertyValueSpecification\",\"valueRequired\":true,\"valueName\":\"search_term_string\"}}],\"inLanguage\":\"es\"},{\"@type\":\"Organization\",\"@id\":\"https:\/\/volcanes.net\/#organization\",\"name\":\"Grupo Volcanes\",\"url\":\"https:\/\/volcanes.net\/\",\"logo\":{\"@type\":\"ImageObject\",\"inLanguage\":\"es\",\"@id\":\"https:\/\/volcanes.net\/#\/schema\/logo\/image\/\",\"url\":\"http:\/\/volcanes.net\/wp-content\/uploads\/2017\/12\/Avatar2.jpg\",\"contentUrl\":\"http:\/\/volcanes.net\/wp-content\/uploads\/2017\/12\/Avatar2.jpg\",\"width\":378,\"height\":378,\"caption\":\"Grupo Volcanes\"},\"image\":{\"@id\":\"https:\/\/volcanes.net\/#\/schema\/logo\/image\/\"},\"sameAs\":[\"https:\/\/www.facebook.com\/volcanes.net\/\"]},{\"@type\":\"Person\",\"@id\":\"https:\/\/volcanes.net\/#\/schema\/person\/4bf0f383940966a4abd53f5048c0e6b9\",\"name\":\"admin\",\"image\":{\"@type\":\"ImageObject\",\"inLanguage\":\"es\",\"@id\":\"https:\/\/volcanes.net\/#\/schema\/person\/image\/\",\"url\":\"https:\/\/secure.gravatar.com\/avatar\/ca004e6cba8462b8cb7abc86e382930c?s=96&d=mm&r=g\",\"contentUrl\":\"https:\/\/secure.gravatar.com\/avatar\/ca004e6cba8462b8cb7abc86e382930c?s=96&d=mm&r=g\",\"caption\":\"admin\"}}]}<\/script>\n<!-- \/ Yoast SEO plugin. -->","yoast_head_json":{"title":"Edil de Tenango del Aire realiz\u00f3 la entrega de la iluminaci\u00f3n en la comunidad de Paztla - Volcanes","robots":{"index":"index","follow":"follow","max-snippet":"max-snippet:-1","max-image-preview":"max-image-preview:large","max-video-preview":"max-video-preview:-1"},"canonical":"https:\/\/volcanes.net\/?p=11054","og_locale":"es_MX","og_type":"article","og_title":"Edil de Tenango del Aire realiz\u00f3 la entrega de la iluminaci\u00f3n en la comunidad de Paztla - Volcanes","og_description":"Tenango del Aire, Estado de M\u00e9xico.- El presidente de este municipio mexiquense Roberto \u00c1vila Ventura,","og_url":"https:\/\/volcanes.net\/?p=11054","og_site_name":"Volcanes","article_publisher":"https:\/\/www.facebook.com\/volcanes.net\/","article_published_time":"2021-04-28T20:31:30+00:00","og_image":[{"width":717,"height":397,"url":"https:\/\/volcanes.net\/wp-content\/uploads\/2021\/04\/Screenshot_2021-04-28-10-39-162.jpg","type":"image\/jpeg"}],"author":"admin","twitter_card":"summary_large_image","twitter_misc":{"Escrito por":"admin","Tiempo de lectura":"1 minuto"},"schema":{"@context":"https:\/\/schema.org","@graph":[{"@type":"Article","@id":"https:\/\/volcanes.net\/?p=11054#article","isPartOf":{"@id":"https:\/\/volcanes.net\/?p=11054"},"author":{"name":"admin","@id":"https:\/\/volcanes.net\/#\/schema\/person\/4bf0f383940966a4abd53f5048c0e6b9"},"headline":"Edil de Tenango del Aire realiz\u00f3 la entrega de la iluminaci\u00f3n en la comunidad de Paztla","datePublished":"2021-04-28T20:31:30+00:00","mainEntityOfPage":{"@id":"https:\/\/volcanes.net\/?p=11054"},"wordCount":267,"commentCount":0,"publisher":{"@id":"https:\/\/volcanes.net\/#organization"},"image":{"@id":"https:\/\/volcanes.net\/?p=11054#primaryimage"},"thumbnailUrl":"https:\/\/volcanes.net\/wp-content\/uploads\/2021\/04\/Screenshot_2021-04-28-10-39-162.jpg","keywords":["Tenango del Aire"],"articleSection":["Municipales"],"inLanguage":"es","potentialAction":[{"@type":"CommentAction","name":"Comment","target":["https:\/\/volcanes.net\/?p=11054#respond"]}]},{"@type":"WebPage","@id":"https:\/\/volcanes.net\/?p=11054","url":"https:\/\/volcanes.net\/?p=11054","name":"Edil de Tenango del Aire realiz\u00f3 la entrega de la iluminaci\u00f3n en la comunidad de Paztla - Volcanes","isPartOf":{"@id":"https:\/\/volcanes.net\/#website"},"primaryImageOfPage":{"@id":"https:\/\/volcanes.net\/?p=11054#primaryimage"},"image":{"@id":"https:\/\/volcanes.net\/?p=11054#primaryimage"},"thumbnailUrl":"https:\/\/volcanes.net\/wp-content\/uploads\/2021\/04\/Screenshot_2021-04-28-10-39-162.jpg","datePublished":"2021-04-28T20:31:30+00:00","breadcrumb":{"@id":"https:\/\/volcanes.net\/?p=11054#breadcrumb"},"inLanguage":"es","potentialAction":[{"@type":"ReadAction","target":["https:\/\/volcanes.net\/?p=11054"]}]},{"@type":"ImageObject","inLanguage":"es","@id":"https:\/\/volcanes.net\/?p=11054#primaryimage","url":"https:\/\/volcanes.net\/wp-content\/uploads\/2021\/04\/Screenshot_2021-04-28-10-39-162.jpg","contentUrl":"https:\/\/volcanes.net\/wp-content\/uploads\/2021\/04\/Screenshot_2021-04-28-10-39-162.jpg","width":717,"height":397},{"@type":"BreadcrumbList","@id":"https:\/\/volcanes.net\/?p=11054#breadcrumb","itemListElement":[{"@type":"ListItem","position":1,"name":"Portada","item":"https:\/\/volcanes.net\/"},{"@type":"ListItem","position":2,"name":"Edil de Tenango del Aire realiz\u00f3 la entrega de la iluminaci\u00f3n en la comunidad de Paztla"}]},{"@type":"WebSite","@id":"https:\/\/volcanes.net\/#website","url":"https:\/\/volcanes.net\/","name":"Volcanes.Net","description":"Periodismo Profesional","publisher":{"@id":"https:\/\/volcanes.net\/#organization"},"potentialAction":[{"@type":"SearchAction","target":{"@type":"EntryPoint","urlTemplate":"https:\/\/volcanes.net\/?s={search_term_string}"},"query-input":{"@type":"PropertyValueSpecification","valueRequired":true,"valueName":"search_term_string"}}],"inLanguage":"es"},{"@type":"Organization","@id":"https:\/\/volcanes.net\/#organization","name":"Grupo Volcanes","url":"https:\/\/volcanes.net\/","logo":{"@type":"ImageObject","inLanguage":"es","@id":"https:\/\/volcanes.net\/#\/schema\/logo\/image\/","url":"http:\/\/volcanes.net\/wp-content\/uploads\/2017\/12\/Avatar2.jpg","contentUrl":"http:\/\/volcanes.net\/wp-content\/uploads\/2017\/12\/Avatar2.jpg","width":378,"height":378,"caption":"Grupo Volcanes"},"image":{"@id":"https:\/\/volcanes.net\/#\/schema\/logo\/image\/"},"sameAs":["https:\/\/www.facebook.com\/volcanes.net\/"]},{"@type":"Person","@id":"https:\/\/volcanes.net\/#\/schema\/person\/4bf0f383940966a4abd53f5048c0e6b9","name":"admin","image":{"@type":"ImageObject","inLanguage":"es","@id":"https:\/\/volcanes.net\/#\/schema\/person\/image\/","url":"https:\/\/secure.gravatar.com\/avatar\/ca004e6cba8462b8cb7abc86e382930c?s=96&d=mm&r=g","contentUrl":"https:\/\/secure.gravatar.com\/avatar\/ca004e6cba8462b8cb7abc86e382930c?s=96&d=mm&r=g","caption":"admin"}}]}},"_links":{"self":[{"href":"https:\/\/volcanes.net\/index.php?rest_route=\/wp\/v2\/posts\/11054"}],"collection":[{"href":"https:\/\/volcanes.net\/index.php?rest_route=\/wp\/v2\/posts"}],"about":[{"href":"https:\/\/volcanes.net\/index.php?rest_route=\/wp\/v2\/types\/post"}],"author":[{"embeddable":true,"href":"https:\/\/volcanes.net\/index.php?rest_route=\/wp\/v2\/users\/1"}],"replies":[{"embeddable":true,"href":"https:\/\/volcanes.net\/index.php?rest_route=%2Fwp%2Fv2%2Fcomments&post=11054"}],"version-history":[{"count":1,"href":"https:\/\/volcanes.net\/index.php?rest_route=\/wp\/v2\/posts\/11054\/revisions"}],"predecessor-version":[{"id":11056,"href":"https:\/\/volcanes.net\/index.php?rest_route=\/wp\/v2\/posts\/11054\/revisions\/11056"}],"wp:featuredmedia":[{"embeddable":true,"href":"https:\/\/volcanes.net\/index.php?rest_route=\/wp\/v2\/media\/11055"}],"wp:attachment":[{"href":"https:\/\/volcanes.net\/index.php?rest_route=%2Fwp%2Fv2%2Fmedia&parent=11054"}],"wp:term":[{"taxonomy":"category","embeddable":true,"href":"https:\/\/volcanes.net\/index.php?rest_route=%2Fwp%2Fv2%2Fcategories&post=11054"},{"taxonomy":"post_tag","embeddable":true,"href":"https:\/\/volcanes.net\/index.php?rest_route=%2Fwp%2Fv2%2Ftags&post=11054"}],"curies":[{"name":"wp","href":"https:\/\/api.w.org\/{rel}","templated":true}]}}