{"id":11066,"date":"2021-04-29T15:35:46","date_gmt":"2021-04-29T21:35:46","guid":{"rendered":"http:\/\/volcanes.net\/?p=11066"},"modified":"2021-04-29T15:35:46","modified_gmt":"2021-04-29T21:35:46","slug":"congreso-revisara-minuciosamente-cuenta-publica","status":"publish","type":"post","link":"https:\/\/volcanes.net\/?p=11066","title":{"rendered":"Congreso revisar\u00e1 minuciosamente cuenta p\u00fablica"},"content":{"rendered":"<div style=\"margin-top: 0px; margin-bottom: 0px;\" class=\"sharethis-inline-share-buttons\" ><\/div><div dir=\"auto\" style=\"text-align: justify;\">Toluca, Estado de M\u00e9xico.- Al encabezar la recepci\u00f3n de la Cuenta P\u00fablica del gobierno, organismos auxiliares y aut\u00f3nomos del Estado de M\u00e9xico correspondiente al ejercicio fiscal 2020, la diputada Mar\u00eda Elizabeth Mill\u00e1n Garc\u00eda, presidenta de la Diputaci\u00f3n Permanente, sostuvo que el Congreso estatal la revisar\u00e1 de manera minuciosa, para lo cual, la har\u00e1 del conocimiento de la Comisi\u00f3n de Vigilancia y esta a su vez del \u00d3rgano Superior de Fiscalizaci\u00f3n del Estado de M\u00e9xico (OSFEM).<\/div>\n<div dir=\"auto\" style=\"text-align: justify;\"><\/div>\n<div dir=\"auto\" style=\"text-align: justify;\">Acompa\u00f1ada del vicepresidente de la Junta de Coordinaci\u00f3n Pol\u00edtica, el diputado Marlon Mart\u00ednez Mart\u00ednez, al recibir el documento del secretario de Finanzas del gobierno estatal, Rodrigo Jarque Lira, la legisladora destac\u00f3 la importancia de la Cuenta P\u00fablica en la que el Ejecutivo estatal informa de manera detallada los gastos y comprobantes de los recursos p\u00fablicos, y agreg\u00f3 que, una vez concluida la revisi\u00f3n, la Comisi\u00f3n de Vigilancia la remitir\u00e1 a la Legislatura para resolver lo procedente.<\/div>\n<div dir=\"auto\" style=\"text-align: justify;\"><\/div>\n<div dir=\"auto\" style=\"text-align: justify;\">En presencia tambi\u00e9n de Javier Dom\u00ednguez Morales, secretario de Asuntos Parlamentarios, y de Marco Antonio Esquivel Mart\u00ednez, contador general gubernamental, Rodrigo Jarque comparti\u00f3 que la cuenta p\u00fablica reporta que los ingresos totales ascendieron a 311 mil 34 millones de pesos (mdp), cantidad 3.6% superior respecto al Presupuesto de Egresos y 0.9% por debajo de lo que se ejerci\u00f3 en la Cuenta P\u00fablica 2019, adem\u00e1s de que los ingresos estatales crecieron 5.8% respecto a la Ley de Ingresos y los recursos federales un 0.6% respecto a lo programado.<\/div>\n<div dir=\"auto\" style=\"text-align: justify;\"><\/div>\n<div dir=\"auto\" style=\"text-align: justify;\">Detall\u00f3 que el gasto total integral del Poder Ejecutivo fue de 302 mil 434 mdp y que el gasto corriente fue de 163 mil 644 mdp, equivalente al 54.1% del gasto total.<\/div>\n","protected":false},"excerpt":{"rendered":"<p>Toluca, Estado de M\u00e9xico.- Al encabezar la recepci\u00f3n de la Cuenta P\u00fablica del gobierno, organismos<\/p>\n","protected":false},"author":1,"featured_media":11067,"comment_status":"open","ping_status":"open","sticky":false,"template":"","format":"standard","meta":{"footnotes":""},"categories":[3],"tags":[304],"class_list":["post-11066","post","type-post","status-publish","format-standard","has-post-thumbnail","hentry","category-estatales","tag-lx-legislatura-mexiquense"],"yoast_head":"<!-- This site is optimized with the Yoast SEO plugin v25.3 - https:\/\/yoast.com\/wordpress\/plugins\/seo\/ -->\n<title>Congreso revisar\u00e1 minuciosamente cuenta p\u00fablica - Volcanes<\/title>\n<meta name=\"robots\" content=\"index, follow, max-snippet:-1, max-image-preview:large, max-video-preview:-1\" \/>\n<link rel=\"canonical\" href=\"https:\/\/volcanes.net\/?p=11066\" \/>\n<meta property=\"og:locale\" content=\"es_MX\" \/>\n<meta property=\"og:type\" content=\"article\" \/>\n<meta property=\"og:title\" content=\"Congreso revisar\u00e1 minuciosamente cuenta p\u00fablica - Volcanes\" \/>\n<meta property=\"og:description\" content=\"Toluca, Estado de M\u00e9xico.- Al encabezar la recepci\u00f3n de la Cuenta P\u00fablica del gobierno, organismos\" \/>\n<meta property=\"og:url\" content=\"https:\/\/volcanes.net\/?p=11066\" \/>\n<meta property=\"og:site_name\" content=\"Volcanes\" \/>\n<meta property=\"article:publisher\" content=\"https:\/\/www.facebook.com\/volcanes.net\/\" \/>\n<meta property=\"article:published_time\" content=\"2021-04-29T21:35:46+00:00\" \/>\n<meta property=\"og:image\" content=\"https:\/\/volcanes.net\/wp-content\/uploads\/2021\/04\/Screenshot_2021-04-29-10-33-122.jpg\" \/>\n\t<meta property=\"og:image:width\" content=\"588\" \/>\n\t<meta property=\"og:image:height\" content=\"393\" \/>\n\t<meta property=\"og:image:type\" content=\"image\/jpeg\" \/>\n<meta name=\"author\" content=\"admin\" \/>\n<meta name=\"twitter:card\" content=\"summary_large_image\" \/>\n<meta name=\"twitter:label1\" content=\"Escrito por\" \/>\n\t<meta name=\"twitter:data1\" content=\"admin\" \/>\n\t<meta name=\"twitter:label2\" content=\"Tiempo de lectura\" \/>\n\t<meta name=\"twitter:data2\" content=\"1 minuto\" \/>\n<script type=\"application\/ld+json\" class=\"yoast-schema-graph\">{\"@context\":\"https:\/\/schema.org\",\"@graph\":[{\"@type\":\"Article\",\"@id\":\"https:\/\/volcanes.net\/?p=11066#article\",\"isPartOf\":{\"@id\":\"https:\/\/volcanes.net\/?p=11066\"},\"author\":{\"name\":\"admin\",\"@id\":\"https:\/\/volcanes.net\/#\/schema\/person\/4bf0f383940966a4abd53f5048c0e6b9\"},\"headline\":\"Congreso revisar\u00e1 minuciosamente cuenta p\u00fablica\",\"datePublished\":\"2021-04-29T21:35:46+00:00\",\"mainEntityOfPage\":{\"@id\":\"https:\/\/volcanes.net\/?p=11066\"},\"wordCount\":291,\"commentCount\":0,\"publisher\":{\"@id\":\"https:\/\/volcanes.net\/#organization\"},\"image\":{\"@id\":\"https:\/\/volcanes.net\/?p=11066#primaryimage\"},\"thumbnailUrl\":\"https:\/\/volcanes.net\/wp-content\/uploads\/2021\/04\/Screenshot_2021-04-29-10-33-122.jpg\",\"keywords\":[\"LX Legislatura Mexiquense\"],\"articleSection\":[\"Estatales\"],\"inLanguage\":\"es\",\"potentialAction\":[{\"@type\":\"CommentAction\",\"name\":\"Comment\",\"target\":[\"https:\/\/volcanes.net\/?p=11066#respond\"]}]},{\"@type\":\"WebPage\",\"@id\":\"https:\/\/volcanes.net\/?p=11066\",\"url\":\"https:\/\/volcanes.net\/?p=11066\",\"name\":\"Congreso revisar\u00e1 minuciosamente cuenta p\u00fablica - Volcanes\",\"isPartOf\":{\"@id\":\"https:\/\/volcanes.net\/#website\"},\"primaryImageOfPage\":{\"@id\":\"https:\/\/volcanes.net\/?p=11066#primaryimage\"},\"image\":{\"@id\":\"https:\/\/volcanes.net\/?p=11066#primaryimage\"},\"thumbnailUrl\":\"https:\/\/volcanes.net\/wp-content\/uploads\/2021\/04\/Screenshot_2021-04-29-10-33-122.jpg\",\"datePublished\":\"2021-04-29T21:35:46+00:00\",\"breadcrumb\":{\"@id\":\"https:\/\/volcanes.net\/?p=11066#breadcrumb\"},\"inLanguage\":\"es\",\"potentialAction\":[{\"@type\":\"ReadAction\",\"target\":[\"https:\/\/volcanes.net\/?p=11066\"]}]},{\"@type\":\"ImageObject\",\"inLanguage\":\"es\",\"@id\":\"https:\/\/volcanes.net\/?p=11066#primaryimage\",\"url\":\"https:\/\/volcanes.net\/wp-content\/uploads\/2021\/04\/Screenshot_2021-04-29-10-33-122.jpg\",\"contentUrl\":\"https:\/\/volcanes.net\/wp-content\/uploads\/2021\/04\/Screenshot_2021-04-29-10-33-122.jpg\",\"width\":588,\"height\":393},{\"@type\":\"BreadcrumbList\",\"@id\":\"https:\/\/volcanes.net\/?p=11066#breadcrumb\",\"itemListElement\":[{\"@type\":\"ListItem\",\"position\":1,\"name\":\"Portada\",\"item\":\"https:\/\/volcanes.net\/\"},{\"@type\":\"ListItem\",\"position\":2,\"name\":\"Congreso revisar\u00e1 minuciosamente cuenta p\u00fablica\"}]},{\"@type\":\"WebSite\",\"@id\":\"https:\/\/volcanes.net\/#website\",\"url\":\"https:\/\/volcanes.net\/\",\"name\":\"Volcanes.Net\",\"description\":\"Periodismo Profesional\",\"publisher\":{\"@id\":\"https:\/\/volcanes.net\/#organization\"},\"potentialAction\":[{\"@type\":\"SearchAction\",\"target\":{\"@type\":\"EntryPoint\",\"urlTemplate\":\"https:\/\/volcanes.net\/?s={search_term_string}\"},\"query-input\":{\"@type\":\"PropertyValueSpecification\",\"valueRequired\":true,\"valueName\":\"search_term_string\"}}],\"inLanguage\":\"es\"},{\"@type\":\"Organization\",\"@id\":\"https:\/\/volcanes.net\/#organization\",\"name\":\"Grupo Volcanes\",\"url\":\"https:\/\/volcanes.net\/\",\"logo\":{\"@type\":\"ImageObject\",\"inLanguage\":\"es\",\"@id\":\"https:\/\/volcanes.net\/#\/schema\/logo\/image\/\",\"url\":\"http:\/\/volcanes.net\/wp-content\/uploads\/2017\/12\/Avatar2.jpg\",\"contentUrl\":\"http:\/\/volcanes.net\/wp-content\/uploads\/2017\/12\/Avatar2.jpg\",\"width\":378,\"height\":378,\"caption\":\"Grupo Volcanes\"},\"image\":{\"@id\":\"https:\/\/volcanes.net\/#\/schema\/logo\/image\/\"},\"sameAs\":[\"https:\/\/www.facebook.com\/volcanes.net\/\"]},{\"@type\":\"Person\",\"@id\":\"https:\/\/volcanes.net\/#\/schema\/person\/4bf0f383940966a4abd53f5048c0e6b9\",\"name\":\"admin\",\"image\":{\"@type\":\"ImageObject\",\"inLanguage\":\"es\",\"@id\":\"https:\/\/volcanes.net\/#\/schema\/person\/image\/\",\"url\":\"https:\/\/secure.gravatar.com\/avatar\/ca004e6cba8462b8cb7abc86e382930c?s=96&d=mm&r=g\",\"contentUrl\":\"https:\/\/secure.gravatar.com\/avatar\/ca004e6cba8462b8cb7abc86e382930c?s=96&d=mm&r=g\",\"caption\":\"admin\"}}]}<\/script>\n<!-- \/ Yoast SEO plugin. -->","yoast_head_json":{"title":"Congreso revisar\u00e1 minuciosamente cuenta p\u00fablica - Volcanes","robots":{"index":"index","follow":"follow","max-snippet":"max-snippet:-1","max-image-preview":"max-image-preview:large","max-video-preview":"max-video-preview:-1"},"canonical":"https:\/\/volcanes.net\/?p=11066","og_locale":"es_MX","og_type":"article","og_title":"Congreso revisar\u00e1 minuciosamente cuenta p\u00fablica - Volcanes","og_description":"Toluca, Estado de M\u00e9xico.- Al encabezar la recepci\u00f3n de la Cuenta P\u00fablica del gobierno, organismos","og_url":"https:\/\/volcanes.net\/?p=11066","og_site_name":"Volcanes","article_publisher":"https:\/\/www.facebook.com\/volcanes.net\/","article_published_time":"2021-04-29T21:35:46+00:00","og_image":[{"width":588,"height":393,"url":"https:\/\/volcanes.net\/wp-content\/uploads\/2021\/04\/Screenshot_2021-04-29-10-33-122.jpg","type":"image\/jpeg"}],"author":"admin","twitter_card":"summary_large_image","twitter_misc":{"Escrito por":"admin","Tiempo de lectura":"1 minuto"},"schema":{"@context":"https:\/\/schema.org","@graph":[{"@type":"Article","@id":"https:\/\/volcanes.net\/?p=11066#article","isPartOf":{"@id":"https:\/\/volcanes.net\/?p=11066"},"author":{"name":"admin","@id":"https:\/\/volcanes.net\/#\/schema\/person\/4bf0f383940966a4abd53f5048c0e6b9"},"headline":"Congreso revisar\u00e1 minuciosamente cuenta p\u00fablica","datePublished":"2021-04-29T21:35:46+00:00","mainEntityOfPage":{"@id":"https:\/\/volcanes.net\/?p=11066"},"wordCount":291,"commentCount":0,"publisher":{"@id":"https:\/\/volcanes.net\/#organization"},"image":{"@id":"https:\/\/volcanes.net\/?p=11066#primaryimage"},"thumbnailUrl":"https:\/\/volcanes.net\/wp-content\/uploads\/2021\/04\/Screenshot_2021-04-29-10-33-122.jpg","keywords":["LX Legislatura Mexiquense"],"articleSection":["Estatales"],"inLanguage":"es","potentialAction":[{"@type":"CommentAction","name":"Comment","target":["https:\/\/volcanes.net\/?p=11066#respond"]}]},{"@type":"WebPage","@id":"https:\/\/volcanes.net\/?p=11066","url":"https:\/\/volcanes.net\/?p=11066","name":"Congreso revisar\u00e1 minuciosamente cuenta p\u00fablica - Volcanes","isPartOf":{"@id":"https:\/\/volcanes.net\/#website"},"primaryImageOfPage":{"@id":"https:\/\/volcanes.net\/?p=11066#primaryimage"},"image":{"@id":"https:\/\/volcanes.net\/?p=11066#primaryimage"},"thumbnailUrl":"https:\/\/volcanes.net\/wp-content\/uploads\/2021\/04\/Screenshot_2021-04-29-10-33-122.jpg","datePublished":"2021-04-29T21:35:46+00:00","breadcrumb":{"@id":"https:\/\/volcanes.net\/?p=11066#breadcrumb"},"inLanguage":"es","potentialAction":[{"@type":"ReadAction","target":["https:\/\/volcanes.net\/?p=11066"]}]},{"@type":"ImageObject","inLanguage":"es","@id":"https:\/\/volcanes.net\/?p=11066#primaryimage","url":"https:\/\/volcanes.net\/wp-content\/uploads\/2021\/04\/Screenshot_2021-04-29-10-33-122.jpg","contentUrl":"https:\/\/volcanes.net\/wp-content\/uploads\/2021\/04\/Screenshot_2021-04-29-10-33-122.jpg","width":588,"height":393},{"@type":"BreadcrumbList","@id":"https:\/\/volcanes.net\/?p=11066#breadcrumb","itemListElement":[{"@type":"ListItem","position":1,"name":"Portada","item":"https:\/\/volcanes.net\/"},{"@type":"ListItem","position":2,"name":"Congreso revisar\u00e1 minuciosamente cuenta p\u00fablica"}]},{"@type":"WebSite","@id":"https:\/\/volcanes.net\/#website","url":"https:\/\/volcanes.net\/","name":"Volcanes.Net","description":"Periodismo Profesional","publisher":{"@id":"https:\/\/volcanes.net\/#organization"},"potentialAction":[{"@type":"SearchAction","target":{"@type":"EntryPoint","urlTemplate":"https:\/\/volcanes.net\/?s={search_term_string}"},"query-input":{"@type":"PropertyValueSpecification","valueRequired":true,"valueName":"search_term_string"}}],"inLanguage":"es"},{"@type":"Organization","@id":"https:\/\/volcanes.net\/#organization","name":"Grupo Volcanes","url":"https:\/\/volcanes.net\/","logo":{"@type":"ImageObject","inLanguage":"es","@id":"https:\/\/volcanes.net\/#\/schema\/logo\/image\/","url":"http:\/\/volcanes.net\/wp-content\/uploads\/2017\/12\/Avatar2.jpg","contentUrl":"http:\/\/volcanes.net\/wp-content\/uploads\/2017\/12\/Avatar2.jpg","width":378,"height":378,"caption":"Grupo Volcanes"},"image":{"@id":"https:\/\/volcanes.net\/#\/schema\/logo\/image\/"},"sameAs":["https:\/\/www.facebook.com\/volcanes.net\/"]},{"@type":"Person","@id":"https:\/\/volcanes.net\/#\/schema\/person\/4bf0f383940966a4abd53f5048c0e6b9","name":"admin","image":{"@type":"ImageObject","inLanguage":"es","@id":"https:\/\/volcanes.net\/#\/schema\/person\/image\/","url":"https:\/\/secure.gravatar.com\/avatar\/ca004e6cba8462b8cb7abc86e382930c?s=96&d=mm&r=g","contentUrl":"https:\/\/secure.gravatar.com\/avatar\/ca004e6cba8462b8cb7abc86e382930c?s=96&d=mm&r=g","caption":"admin"}}]}},"_links":{"self":[{"href":"https:\/\/volcanes.net\/index.php?rest_route=\/wp\/v2\/posts\/11066"}],"collection":[{"href":"https:\/\/volcanes.net\/index.php?rest_route=\/wp\/v2\/posts"}],"about":[{"href":"https:\/\/volcanes.net\/index.php?rest_route=\/wp\/v2\/types\/post"}],"author":[{"embeddable":true,"href":"https:\/\/volcanes.net\/index.php?rest_route=\/wp\/v2\/users\/1"}],"replies":[{"embeddable":true,"href":"https:\/\/volcanes.net\/index.php?rest_route=%2Fwp%2Fv2%2Fcomments&post=11066"}],"version-history":[{"count":1,"href":"https:\/\/volcanes.net\/index.php?rest_route=\/wp\/v2\/posts\/11066\/revisions"}],"predecessor-version":[{"id":11068,"href":"https:\/\/volcanes.net\/index.php?rest_route=\/wp\/v2\/posts\/11066\/revisions\/11068"}],"wp:featuredmedia":[{"embeddable":true,"href":"https:\/\/volcanes.net\/index.php?rest_route=\/wp\/v2\/media\/11067"}],"wp:attachment":[{"href":"https:\/\/volcanes.net\/index.php?rest_route=%2Fwp%2Fv2%2Fmedia&parent=11066"}],"wp:term":[{"taxonomy":"category","embeddable":true,"href":"https:\/\/volcanes.net\/index.php?rest_route=%2Fwp%2Fv2%2Fcategories&post=11066"},{"taxonomy":"post_tag","embeddable":true,"href":"https:\/\/volcanes.net\/index.php?rest_route=%2Fwp%2Fv2%2Ftags&post=11066"}],"curies":[{"name":"wp","href":"https:\/\/api.w.org\/{rel}","templated":true}]}}