{"id":11069,"date":"2021-04-30T12:59:16","date_gmt":"2021-04-30T18:59:16","guid":{"rendered":"http:\/\/volcanes.net\/?p=11069"},"modified":"2021-04-30T12:59:16","modified_gmt":"2021-04-30T18:59:16","slug":"arrancan-campanas-electorales-2021-en-la-region-de-los-volcanes","status":"publish","type":"post","link":"https:\/\/volcanes.net\/?p=11069","title":{"rendered":"Arrancan campa\u00f1as electorales 2021 en la regi\u00f3n de los volcanes|"},"content":{"rendered":"<div style=\"margin-top: 0px; margin-bottom: 0px;\" class=\"sharethis-inline-share-buttons\" ><\/div><p style=\"text-align: justify;\">Regi\u00f3n Volcanes, Estado de M\u00e9xico.- Rumbo a las pr\u00f3ximas elecciones 2021, a realizarse el pr\u00f3ximo 6 de junio del presente a\u00f1o, fecha en que la ciudadan\u00eda votar\u00e1 para elegir Diputaciones y Ayuntamientos del 30 de abril al 2 de junio de 202.<\/p>\n<p style=\"text-align: justify;\">Por lo que en estas elecciones 2021 se elegir\u00e1n; 45 Diputaciones de mayor\u00eda relativa, 30 Diputaciones de representaci\u00f3n proporcional, 125 Presidencias Municipales y Alcald\u00edas, 136 Sindicaturas y 966 Regidur\u00edas.<\/p>\n<p style=\"text-align: justify;\">Por lo anterior los precandidatos a las presidencias municipales y diputaciones locales del Estado de M\u00e9xico, ya arrancaron las campa\u00f1as electorales 2021 en el primer minuto de este viernes 30 de abril.<\/p>\n<p style=\"text-align: justify;\">Siendo tres alcaldesas y siete ediles de la regi\u00f3n de los Volcanes, quienes buscan su reelecci\u00f3n, entre ellos se encuentran las presidentas municipales de Tlalmanalco, Ixtapaluca y Ecatzingo, Gabriela Vel\u00e1zquez Quintero y Roc\u00edo Sol\u00eds Robles del partido Morena, respectivamente y\u00a0 Maricela Serrano Hern\u00e1ndez del PRI quienes buscan nuevamente la presidencia municipal.<\/p>\n<p style=\"text-align: justify;\">Mientras que los ediles de Chalco, Miguel Guti\u00e9rrez;\u00a0 Valle de Chalco, Armando Garc\u00eda M\u00e9ndez;\u00a0 Ozumba, Valent\u00edn Mart\u00ednez Castillo\u00a0 \u00a0y de Atlautla, Hermenegildo Lozada Amaro, todos ellos por Morena.<\/p>\n<p style=\"text-align: justify;\">Finalmente, los alcaldes del Partido Verde Ecologista, Miguel Angel Salom\u00f3n de Amecameca y Roberto \u00c1vila Ventura de Tenango del Aire, tambi\u00e9n se suman a la lista y por el Partido de la Revoluci\u00f3n Democr\u00e1tica (PRD) el edil de Ayapango, Ren\u00e9 Mart\u00edn Vel\u00e1zquez Soriano.<\/p>\n<p style=\"text-align: justify;\">Todos ellos iniciar\u00e1n su campa\u00f1a electoral 2021 este viernes 30 de abril para reelegirse, por lo que ser\u00e1 la ciudadan\u00eda quien decidira el pr\u00f3ximo el domingo 6 de junio por la noche qui\u00e9nes alcanzaron la victoria y qui\u00e9nes regresan solo a concluir sus periodos constitucionales.<\/p>\n","protected":false},"excerpt":{"rendered":"<p>Regi\u00f3n Volcanes, Estado de M\u00e9xico.- Rumbo a las pr\u00f3ximas elecciones 2021, a realizarse el pr\u00f3ximo<\/p>\n","protected":false},"author":1,"featured_media":11070,"comment_status":"open","ping_status":"open","sticky":false,"template":"","format":"standard","meta":{"footnotes":""},"categories":[1],"tags":[301],"class_list":["post-11069","post","type-post","status-publish","format-standard","has-post-thumbnail","hentry","category-municipales","tag-region-volcanes"],"yoast_head":"<!-- This site is optimized with the Yoast SEO plugin v25.3 - https:\/\/yoast.com\/wordpress\/plugins\/seo\/ -->\n<title>Arrancan campa\u00f1as electorales 2021 en la regi\u00f3n de los volcanes| - Volcanes<\/title>\n<meta name=\"robots\" content=\"index, follow, max-snippet:-1, max-image-preview:large, max-video-preview:-1\" \/>\n<link rel=\"canonical\" href=\"https:\/\/volcanes.net\/?p=11069\" \/>\n<meta property=\"og:locale\" content=\"es_MX\" \/>\n<meta property=\"og:type\" content=\"article\" \/>\n<meta property=\"og:title\" content=\"Arrancan campa\u00f1as electorales 2021 en la regi\u00f3n de los volcanes| - Volcanes\" \/>\n<meta property=\"og:description\" content=\"Regi\u00f3n Volcanes, Estado de M\u00e9xico.- Rumbo a las pr\u00f3ximas elecciones 2021, a realizarse el pr\u00f3ximo\" \/>\n<meta property=\"og:url\" content=\"https:\/\/volcanes.net\/?p=11069\" \/>\n<meta property=\"og:site_name\" content=\"Volcanes\" \/>\n<meta property=\"article:publisher\" content=\"https:\/\/www.facebook.com\/volcanes.net\/\" \/>\n<meta property=\"article:published_time\" content=\"2021-04-30T18:59:16+00:00\" \/>\n<meta property=\"og:image\" content=\"https:\/\/volcanes.net\/wp-content\/uploads\/2021\/04\/images-2.jpeg\" \/>\n\t<meta property=\"og:image:width\" content=\"715\" \/>\n\t<meta property=\"og:image:height\" content=\"429\" \/>\n\t<meta property=\"og:image:type\" content=\"image\/jpeg\" \/>\n<meta name=\"author\" content=\"admin\" \/>\n<meta name=\"twitter:card\" content=\"summary_large_image\" \/>\n<meta name=\"twitter:label1\" content=\"Escrito por\" \/>\n\t<meta name=\"twitter:data1\" content=\"admin\" \/>\n\t<meta name=\"twitter:label2\" content=\"Tiempo de lectura\" \/>\n\t<meta name=\"twitter:data2\" content=\"1 minuto\" \/>\n<script type=\"application\/ld+json\" class=\"yoast-schema-graph\">{\"@context\":\"https:\/\/schema.org\",\"@graph\":[{\"@type\":\"Article\",\"@id\":\"https:\/\/volcanes.net\/?p=11069#article\",\"isPartOf\":{\"@id\":\"https:\/\/volcanes.net\/?p=11069\"},\"author\":{\"name\":\"admin\",\"@id\":\"https:\/\/volcanes.net\/#\/schema\/person\/4bf0f383940966a4abd53f5048c0e6b9\"},\"headline\":\"Arrancan campa\u00f1as electorales 2021 en la regi\u00f3n de los volcanes|\",\"datePublished\":\"2021-04-30T18:59:16+00:00\",\"mainEntityOfPage\":{\"@id\":\"https:\/\/volcanes.net\/?p=11069\"},\"wordCount\":302,\"commentCount\":0,\"publisher\":{\"@id\":\"https:\/\/volcanes.net\/#organization\"},\"image\":{\"@id\":\"https:\/\/volcanes.net\/?p=11069#primaryimage\"},\"thumbnailUrl\":\"https:\/\/volcanes.net\/wp-content\/uploads\/2021\/04\/images-2.jpeg\",\"keywords\":[\"Regi\u00f3n volcanes\"],\"articleSection\":[\"Municipales\"],\"inLanguage\":\"es\",\"potentialAction\":[{\"@type\":\"CommentAction\",\"name\":\"Comment\",\"target\":[\"https:\/\/volcanes.net\/?p=11069#respond\"]}]},{\"@type\":\"WebPage\",\"@id\":\"https:\/\/volcanes.net\/?p=11069\",\"url\":\"https:\/\/volcanes.net\/?p=11069\",\"name\":\"Arrancan campa\u00f1as electorales 2021 en la regi\u00f3n de los volcanes| - Volcanes\",\"isPartOf\":{\"@id\":\"https:\/\/volcanes.net\/#website\"},\"primaryImageOfPage\":{\"@id\":\"https:\/\/volcanes.net\/?p=11069#primaryimage\"},\"image\":{\"@id\":\"https:\/\/volcanes.net\/?p=11069#primaryimage\"},\"thumbnailUrl\":\"https:\/\/volcanes.net\/wp-content\/uploads\/2021\/04\/images-2.jpeg\",\"datePublished\":\"2021-04-30T18:59:16+00:00\",\"breadcrumb\":{\"@id\":\"https:\/\/volcanes.net\/?p=11069#breadcrumb\"},\"inLanguage\":\"es\",\"potentialAction\":[{\"@type\":\"ReadAction\",\"target\":[\"https:\/\/volcanes.net\/?p=11069\"]}]},{\"@type\":\"ImageObject\",\"inLanguage\":\"es\",\"@id\":\"https:\/\/volcanes.net\/?p=11069#primaryimage\",\"url\":\"https:\/\/volcanes.net\/wp-content\/uploads\/2021\/04\/images-2.jpeg\",\"contentUrl\":\"https:\/\/volcanes.net\/wp-content\/uploads\/2021\/04\/images-2.jpeg\",\"width\":715,\"height\":429},{\"@type\":\"BreadcrumbList\",\"@id\":\"https:\/\/volcanes.net\/?p=11069#breadcrumb\",\"itemListElement\":[{\"@type\":\"ListItem\",\"position\":1,\"name\":\"Portada\",\"item\":\"https:\/\/volcanes.net\/\"},{\"@type\":\"ListItem\",\"position\":2,\"name\":\"Arrancan campa\u00f1as electorales 2021 en la regi\u00f3n de los volcanes|\"}]},{\"@type\":\"WebSite\",\"@id\":\"https:\/\/volcanes.net\/#website\",\"url\":\"https:\/\/volcanes.net\/\",\"name\":\"Volcanes.Net\",\"description\":\"Periodismo Profesional\",\"publisher\":{\"@id\":\"https:\/\/volcanes.net\/#organization\"},\"potentialAction\":[{\"@type\":\"SearchAction\",\"target\":{\"@type\":\"EntryPoint\",\"urlTemplate\":\"https:\/\/volcanes.net\/?s={search_term_string}\"},\"query-input\":{\"@type\":\"PropertyValueSpecification\",\"valueRequired\":true,\"valueName\":\"search_term_string\"}}],\"inLanguage\":\"es\"},{\"@type\":\"Organization\",\"@id\":\"https:\/\/volcanes.net\/#organization\",\"name\":\"Grupo Volcanes\",\"url\":\"https:\/\/volcanes.net\/\",\"logo\":{\"@type\":\"ImageObject\",\"inLanguage\":\"es\",\"@id\":\"https:\/\/volcanes.net\/#\/schema\/logo\/image\/\",\"url\":\"http:\/\/volcanes.net\/wp-content\/uploads\/2017\/12\/Avatar2.jpg\",\"contentUrl\":\"http:\/\/volcanes.net\/wp-content\/uploads\/2017\/12\/Avatar2.jpg\",\"width\":378,\"height\":378,\"caption\":\"Grupo Volcanes\"},\"image\":{\"@id\":\"https:\/\/volcanes.net\/#\/schema\/logo\/image\/\"},\"sameAs\":[\"https:\/\/www.facebook.com\/volcanes.net\/\"]},{\"@type\":\"Person\",\"@id\":\"https:\/\/volcanes.net\/#\/schema\/person\/4bf0f383940966a4abd53f5048c0e6b9\",\"name\":\"admin\",\"image\":{\"@type\":\"ImageObject\",\"inLanguage\":\"es\",\"@id\":\"https:\/\/volcanes.net\/#\/schema\/person\/image\/\",\"url\":\"https:\/\/secure.gravatar.com\/avatar\/ca004e6cba8462b8cb7abc86e382930c?s=96&d=mm&r=g\",\"contentUrl\":\"https:\/\/secure.gravatar.com\/avatar\/ca004e6cba8462b8cb7abc86e382930c?s=96&d=mm&r=g\",\"caption\":\"admin\"}}]}<\/script>\n<!-- \/ Yoast SEO plugin. -->","yoast_head_json":{"title":"Arrancan campa\u00f1as electorales 2021 en la regi\u00f3n de los volcanes| - Volcanes","robots":{"index":"index","follow":"follow","max-snippet":"max-snippet:-1","max-image-preview":"max-image-preview:large","max-video-preview":"max-video-preview:-1"},"canonical":"https:\/\/volcanes.net\/?p=11069","og_locale":"es_MX","og_type":"article","og_title":"Arrancan campa\u00f1as electorales 2021 en la regi\u00f3n de los volcanes| - Volcanes","og_description":"Regi\u00f3n Volcanes, Estado de M\u00e9xico.- Rumbo a las pr\u00f3ximas elecciones 2021, a realizarse el pr\u00f3ximo","og_url":"https:\/\/volcanes.net\/?p=11069","og_site_name":"Volcanes","article_publisher":"https:\/\/www.facebook.com\/volcanes.net\/","article_published_time":"2021-04-30T18:59:16+00:00","og_image":[{"width":715,"height":429,"url":"https:\/\/volcanes.net\/wp-content\/uploads\/2021\/04\/images-2.jpeg","type":"image\/jpeg"}],"author":"admin","twitter_card":"summary_large_image","twitter_misc":{"Escrito por":"admin","Tiempo de lectura":"1 minuto"},"schema":{"@context":"https:\/\/schema.org","@graph":[{"@type":"Article","@id":"https:\/\/volcanes.net\/?p=11069#article","isPartOf":{"@id":"https:\/\/volcanes.net\/?p=11069"},"author":{"name":"admin","@id":"https:\/\/volcanes.net\/#\/schema\/person\/4bf0f383940966a4abd53f5048c0e6b9"},"headline":"Arrancan campa\u00f1as electorales 2021 en la regi\u00f3n de los volcanes|","datePublished":"2021-04-30T18:59:16+00:00","mainEntityOfPage":{"@id":"https:\/\/volcanes.net\/?p=11069"},"wordCount":302,"commentCount":0,"publisher":{"@id":"https:\/\/volcanes.net\/#organization"},"image":{"@id":"https:\/\/volcanes.net\/?p=11069#primaryimage"},"thumbnailUrl":"https:\/\/volcanes.net\/wp-content\/uploads\/2021\/04\/images-2.jpeg","keywords":["Regi\u00f3n volcanes"],"articleSection":["Municipales"],"inLanguage":"es","potentialAction":[{"@type":"CommentAction","name":"Comment","target":["https:\/\/volcanes.net\/?p=11069#respond"]}]},{"@type":"WebPage","@id":"https:\/\/volcanes.net\/?p=11069","url":"https:\/\/volcanes.net\/?p=11069","name":"Arrancan campa\u00f1as electorales 2021 en la regi\u00f3n de los volcanes| - Volcanes","isPartOf":{"@id":"https:\/\/volcanes.net\/#website"},"primaryImageOfPage":{"@id":"https:\/\/volcanes.net\/?p=11069#primaryimage"},"image":{"@id":"https:\/\/volcanes.net\/?p=11069#primaryimage"},"thumbnailUrl":"https:\/\/volcanes.net\/wp-content\/uploads\/2021\/04\/images-2.jpeg","datePublished":"2021-04-30T18:59:16+00:00","breadcrumb":{"@id":"https:\/\/volcanes.net\/?p=11069#breadcrumb"},"inLanguage":"es","potentialAction":[{"@type":"ReadAction","target":["https:\/\/volcanes.net\/?p=11069"]}]},{"@type":"ImageObject","inLanguage":"es","@id":"https:\/\/volcanes.net\/?p=11069#primaryimage","url":"https:\/\/volcanes.net\/wp-content\/uploads\/2021\/04\/images-2.jpeg","contentUrl":"https:\/\/volcanes.net\/wp-content\/uploads\/2021\/04\/images-2.jpeg","width":715,"height":429},{"@type":"BreadcrumbList","@id":"https:\/\/volcanes.net\/?p=11069#breadcrumb","itemListElement":[{"@type":"ListItem","position":1,"name":"Portada","item":"https:\/\/volcanes.net\/"},{"@type":"ListItem","position":2,"name":"Arrancan campa\u00f1as electorales 2021 en la regi\u00f3n de los volcanes|"}]},{"@type":"WebSite","@id":"https:\/\/volcanes.net\/#website","url":"https:\/\/volcanes.net\/","name":"Volcanes.Net","description":"Periodismo Profesional","publisher":{"@id":"https:\/\/volcanes.net\/#organization"},"potentialAction":[{"@type":"SearchAction","target":{"@type":"EntryPoint","urlTemplate":"https:\/\/volcanes.net\/?s={search_term_string}"},"query-input":{"@type":"PropertyValueSpecification","valueRequired":true,"valueName":"search_term_string"}}],"inLanguage":"es"},{"@type":"Organization","@id":"https:\/\/volcanes.net\/#organization","name":"Grupo Volcanes","url":"https:\/\/volcanes.net\/","logo":{"@type":"ImageObject","inLanguage":"es","@id":"https:\/\/volcanes.net\/#\/schema\/logo\/image\/","url":"http:\/\/volcanes.net\/wp-content\/uploads\/2017\/12\/Avatar2.jpg","contentUrl":"http:\/\/volcanes.net\/wp-content\/uploads\/2017\/12\/Avatar2.jpg","width":378,"height":378,"caption":"Grupo Volcanes"},"image":{"@id":"https:\/\/volcanes.net\/#\/schema\/logo\/image\/"},"sameAs":["https:\/\/www.facebook.com\/volcanes.net\/"]},{"@type":"Person","@id":"https:\/\/volcanes.net\/#\/schema\/person\/4bf0f383940966a4abd53f5048c0e6b9","name":"admin","image":{"@type":"ImageObject","inLanguage":"es","@id":"https:\/\/volcanes.net\/#\/schema\/person\/image\/","url":"https:\/\/secure.gravatar.com\/avatar\/ca004e6cba8462b8cb7abc86e382930c?s=96&d=mm&r=g","contentUrl":"https:\/\/secure.gravatar.com\/avatar\/ca004e6cba8462b8cb7abc86e382930c?s=96&d=mm&r=g","caption":"admin"}}]}},"_links":{"self":[{"href":"https:\/\/volcanes.net\/index.php?rest_route=\/wp\/v2\/posts\/11069"}],"collection":[{"href":"https:\/\/volcanes.net\/index.php?rest_route=\/wp\/v2\/posts"}],"about":[{"href":"https:\/\/volcanes.net\/index.php?rest_route=\/wp\/v2\/types\/post"}],"author":[{"embeddable":true,"href":"https:\/\/volcanes.net\/index.php?rest_route=\/wp\/v2\/users\/1"}],"replies":[{"embeddable":true,"href":"https:\/\/volcanes.net\/index.php?rest_route=%2Fwp%2Fv2%2Fcomments&post=11069"}],"version-history":[{"count":1,"href":"https:\/\/volcanes.net\/index.php?rest_route=\/wp\/v2\/posts\/11069\/revisions"}],"predecessor-version":[{"id":11071,"href":"https:\/\/volcanes.net\/index.php?rest_route=\/wp\/v2\/posts\/11069\/revisions\/11071"}],"wp:featuredmedia":[{"embeddable":true,"href":"https:\/\/volcanes.net\/index.php?rest_route=\/wp\/v2\/media\/11070"}],"wp:attachment":[{"href":"https:\/\/volcanes.net\/index.php?rest_route=%2Fwp%2Fv2%2Fmedia&parent=11069"}],"wp:term":[{"taxonomy":"category","embeddable":true,"href":"https:\/\/volcanes.net\/index.php?rest_route=%2Fwp%2Fv2%2Fcategories&post=11069"},{"taxonomy":"post_tag","embeddable":true,"href":"https:\/\/volcanes.net\/index.php?rest_route=%2Fwp%2Fv2%2Ftags&post=11069"}],"curies":[{"name":"wp","href":"https:\/\/api.w.org\/{rel}","templated":true}]}}