{"id":11075,"date":"2021-04-30T19:06:30","date_gmt":"2021-05-01T01:06:30","guid":{"rendered":"http:\/\/volcanes.net\/?p=11075"},"modified":"2021-04-30T19:06:30","modified_gmt":"2021-05-01T01:06:30","slug":"victor-espinoza-mendoza-busca-la-presidencia-municipal-de-tlalmanalco","status":"publish","type":"post","link":"https:\/\/volcanes.net\/?p=11075","title":{"rendered":"V\u00edctor Espinoza Mendoza busca la presidencia municipal de Tlalmanalco"},"content":{"rendered":"<div style=\"margin-top: 0px; margin-bottom: 0px;\" class=\"sharethis-inline-share-buttons\" ><\/div><p style=\"text-align: justify;\">Tlalmanalco, Estado de M\u00e9xico.- V\u00edctor Espinoza Mendoza, dio inicio a su campa\u00f1a electoral 2021 como candidato del Partido de la Revoluci\u00f3n Democr\u00e1tica (PRD) por la presidencia municipal de Tlalmanalco.<\/p>\n<p style=\"text-align: justify;\">El precandidato Espinoza Mendoza arranc\u00f3 su campa\u00f1a en los primeros minutos de este viernes 30 de abril.<\/p>\n<p style=\"text-align: justify;\">En entrevista para Volcanes Multimedios, el perredista comenta que el sol est\u00e1 saliendo para todos los ciudadanos Tlalmanalquenses, &#8220;Estamos convencidos de que son la f\u00f3rmula que el municipio necesita&#8221;, dijo V\u00edctor Espinoza Mendoza.<\/p>\n<p style=\"text-align: justify;\">Adem\u00e1s se\u00f1al\u00f3 que est\u00e1n trabajando para que este gran proyecto de frutos con el objetivo de crear un mejor municipio ya que cuentan con gente trabajadora, siendo la seguridad su principal objetivo, ya que lamentable quien encabeza la presidencia municipal no ha sabido gobernar y atender esta problem\u00e1tica que aqueja a las familias del municipio.<\/p>\n<p style=\"text-align: justify;\">Por lo que, trabajar\u00e1 para bajar los \u00edndices de inseguridad.<\/p>\n","protected":false},"excerpt":{"rendered":"<p>Tlalmanalco, Estado de M\u00e9xico.- V\u00edctor Espinoza Mendoza, dio inicio a su campa\u00f1a electoral 2021 como<\/p>\n","protected":false},"author":1,"featured_media":11076,"comment_status":"open","ping_status":"open","sticky":false,"template":"","format":"standard","meta":{"footnotes":""},"categories":[1],"tags":[81],"class_list":["post-11075","post","type-post","status-publish","format-standard","has-post-thumbnail","hentry","category-municipales","tag-tlalmanalco"],"yoast_head":"<!-- This site is optimized with the Yoast SEO plugin v25.3 - https:\/\/yoast.com\/wordpress\/plugins\/seo\/ -->\n<title>V\u00edctor Espinoza Mendoza busca la presidencia municipal de Tlalmanalco - Volcanes<\/title>\n<meta name=\"robots\" content=\"index, follow, max-snippet:-1, max-image-preview:large, max-video-preview:-1\" \/>\n<link rel=\"canonical\" href=\"https:\/\/volcanes.net\/?p=11075\" \/>\n<meta property=\"og:locale\" content=\"es_MX\" \/>\n<meta property=\"og:type\" content=\"article\" \/>\n<meta property=\"og:title\" content=\"V\u00edctor Espinoza Mendoza busca la presidencia municipal de Tlalmanalco - Volcanes\" \/>\n<meta property=\"og:description\" content=\"Tlalmanalco, Estado de M\u00e9xico.- V\u00edctor Espinoza Mendoza, dio inicio a su campa\u00f1a electoral 2021 como\" \/>\n<meta property=\"og:url\" content=\"https:\/\/volcanes.net\/?p=11075\" \/>\n<meta property=\"og:site_name\" content=\"Volcanes\" \/>\n<meta property=\"article:publisher\" content=\"https:\/\/www.facebook.com\/volcanes.net\/\" \/>\n<meta property=\"article:published_time\" content=\"2021-05-01T01:06:30+00:00\" \/>\n<meta property=\"og:image\" content=\"https:\/\/volcanes.net\/wp-content\/uploads\/2021\/04\/Screenshot_2021-04-30-19-18-542.jpg\" \/>\n\t<meta property=\"og:image:width\" content=\"715\" \/>\n\t<meta property=\"og:image:height\" content=\"389\" \/>\n\t<meta property=\"og:image:type\" content=\"image\/jpeg\" \/>\n<meta name=\"author\" content=\"admin\" \/>\n<meta name=\"twitter:card\" content=\"summary_large_image\" \/>\n<meta name=\"twitter:label1\" content=\"Escrito por\" \/>\n\t<meta name=\"twitter:data1\" content=\"admin\" \/>\n\t<meta name=\"twitter:label2\" content=\"Tiempo de lectura\" \/>\n\t<meta name=\"twitter:data2\" content=\"1 minuto\" \/>\n<script type=\"application\/ld+json\" class=\"yoast-schema-graph\">{\"@context\":\"https:\/\/schema.org\",\"@graph\":[{\"@type\":\"Article\",\"@id\":\"https:\/\/volcanes.net\/?p=11075#article\",\"isPartOf\":{\"@id\":\"https:\/\/volcanes.net\/?p=11075\"},\"author\":{\"name\":\"admin\",\"@id\":\"https:\/\/volcanes.net\/#\/schema\/person\/4bf0f383940966a4abd53f5048c0e6b9\"},\"headline\":\"V\u00edctor Espinoza Mendoza busca la presidencia municipal de Tlalmanalco\",\"datePublished\":\"2021-05-01T01:06:30+00:00\",\"mainEntityOfPage\":{\"@id\":\"https:\/\/volcanes.net\/?p=11075\"},\"wordCount\":165,\"commentCount\":0,\"publisher\":{\"@id\":\"https:\/\/volcanes.net\/#organization\"},\"image\":{\"@id\":\"https:\/\/volcanes.net\/?p=11075#primaryimage\"},\"thumbnailUrl\":\"https:\/\/volcanes.net\/wp-content\/uploads\/2021\/04\/Screenshot_2021-04-30-19-18-542.jpg\",\"keywords\":[\"Tlalmanalco\"],\"articleSection\":[\"Municipales\"],\"inLanguage\":\"es\",\"potentialAction\":[{\"@type\":\"CommentAction\",\"name\":\"Comment\",\"target\":[\"https:\/\/volcanes.net\/?p=11075#respond\"]}]},{\"@type\":\"WebPage\",\"@id\":\"https:\/\/volcanes.net\/?p=11075\",\"url\":\"https:\/\/volcanes.net\/?p=11075\",\"name\":\"V\u00edctor Espinoza Mendoza busca la presidencia municipal de Tlalmanalco - Volcanes\",\"isPartOf\":{\"@id\":\"https:\/\/volcanes.net\/#website\"},\"primaryImageOfPage\":{\"@id\":\"https:\/\/volcanes.net\/?p=11075#primaryimage\"},\"image\":{\"@id\":\"https:\/\/volcanes.net\/?p=11075#primaryimage\"},\"thumbnailUrl\":\"https:\/\/volcanes.net\/wp-content\/uploads\/2021\/04\/Screenshot_2021-04-30-19-18-542.jpg\",\"datePublished\":\"2021-05-01T01:06:30+00:00\",\"breadcrumb\":{\"@id\":\"https:\/\/volcanes.net\/?p=11075#breadcrumb\"},\"inLanguage\":\"es\",\"potentialAction\":[{\"@type\":\"ReadAction\",\"target\":[\"https:\/\/volcanes.net\/?p=11075\"]}]},{\"@type\":\"ImageObject\",\"inLanguage\":\"es\",\"@id\":\"https:\/\/volcanes.net\/?p=11075#primaryimage\",\"url\":\"https:\/\/volcanes.net\/wp-content\/uploads\/2021\/04\/Screenshot_2021-04-30-19-18-542.jpg\",\"contentUrl\":\"https:\/\/volcanes.net\/wp-content\/uploads\/2021\/04\/Screenshot_2021-04-30-19-18-542.jpg\",\"width\":715,\"height\":389},{\"@type\":\"BreadcrumbList\",\"@id\":\"https:\/\/volcanes.net\/?p=11075#breadcrumb\",\"itemListElement\":[{\"@type\":\"ListItem\",\"position\":1,\"name\":\"Portada\",\"item\":\"https:\/\/volcanes.net\/\"},{\"@type\":\"ListItem\",\"position\":2,\"name\":\"V\u00edctor Espinoza Mendoza busca la presidencia municipal de Tlalmanalco\"}]},{\"@type\":\"WebSite\",\"@id\":\"https:\/\/volcanes.net\/#website\",\"url\":\"https:\/\/volcanes.net\/\",\"name\":\"Volcanes.Net\",\"description\":\"Periodismo Profesional\",\"publisher\":{\"@id\":\"https:\/\/volcanes.net\/#organization\"},\"potentialAction\":[{\"@type\":\"SearchAction\",\"target\":{\"@type\":\"EntryPoint\",\"urlTemplate\":\"https:\/\/volcanes.net\/?s={search_term_string}\"},\"query-input\":{\"@type\":\"PropertyValueSpecification\",\"valueRequired\":true,\"valueName\":\"search_term_string\"}}],\"inLanguage\":\"es\"},{\"@type\":\"Organization\",\"@id\":\"https:\/\/volcanes.net\/#organization\",\"name\":\"Grupo Volcanes\",\"url\":\"https:\/\/volcanes.net\/\",\"logo\":{\"@type\":\"ImageObject\",\"inLanguage\":\"es\",\"@id\":\"https:\/\/volcanes.net\/#\/schema\/logo\/image\/\",\"url\":\"http:\/\/volcanes.net\/wp-content\/uploads\/2017\/12\/Avatar2.jpg\",\"contentUrl\":\"http:\/\/volcanes.net\/wp-content\/uploads\/2017\/12\/Avatar2.jpg\",\"width\":378,\"height\":378,\"caption\":\"Grupo Volcanes\"},\"image\":{\"@id\":\"https:\/\/volcanes.net\/#\/schema\/logo\/image\/\"},\"sameAs\":[\"https:\/\/www.facebook.com\/volcanes.net\/\"]},{\"@type\":\"Person\",\"@id\":\"https:\/\/volcanes.net\/#\/schema\/person\/4bf0f383940966a4abd53f5048c0e6b9\",\"name\":\"admin\",\"image\":{\"@type\":\"ImageObject\",\"inLanguage\":\"es\",\"@id\":\"https:\/\/volcanes.net\/#\/schema\/person\/image\/\",\"url\":\"https:\/\/secure.gravatar.com\/avatar\/ca004e6cba8462b8cb7abc86e382930c?s=96&d=mm&r=g\",\"contentUrl\":\"https:\/\/secure.gravatar.com\/avatar\/ca004e6cba8462b8cb7abc86e382930c?s=96&d=mm&r=g\",\"caption\":\"admin\"}}]}<\/script>\n<!-- \/ Yoast SEO plugin. -->","yoast_head_json":{"title":"V\u00edctor Espinoza Mendoza busca la presidencia municipal de Tlalmanalco - Volcanes","robots":{"index":"index","follow":"follow","max-snippet":"max-snippet:-1","max-image-preview":"max-image-preview:large","max-video-preview":"max-video-preview:-1"},"canonical":"https:\/\/volcanes.net\/?p=11075","og_locale":"es_MX","og_type":"article","og_title":"V\u00edctor Espinoza Mendoza busca la presidencia municipal de Tlalmanalco - Volcanes","og_description":"Tlalmanalco, Estado de M\u00e9xico.- V\u00edctor Espinoza Mendoza, dio inicio a su campa\u00f1a electoral 2021 como","og_url":"https:\/\/volcanes.net\/?p=11075","og_site_name":"Volcanes","article_publisher":"https:\/\/www.facebook.com\/volcanes.net\/","article_published_time":"2021-05-01T01:06:30+00:00","og_image":[{"width":715,"height":389,"url":"https:\/\/volcanes.net\/wp-content\/uploads\/2021\/04\/Screenshot_2021-04-30-19-18-542.jpg","type":"image\/jpeg"}],"author":"admin","twitter_card":"summary_large_image","twitter_misc":{"Escrito por":"admin","Tiempo de lectura":"1 minuto"},"schema":{"@context":"https:\/\/schema.org","@graph":[{"@type":"Article","@id":"https:\/\/volcanes.net\/?p=11075#article","isPartOf":{"@id":"https:\/\/volcanes.net\/?p=11075"},"author":{"name":"admin","@id":"https:\/\/volcanes.net\/#\/schema\/person\/4bf0f383940966a4abd53f5048c0e6b9"},"headline":"V\u00edctor Espinoza Mendoza busca la presidencia municipal de Tlalmanalco","datePublished":"2021-05-01T01:06:30+00:00","mainEntityOfPage":{"@id":"https:\/\/volcanes.net\/?p=11075"},"wordCount":165,"commentCount":0,"publisher":{"@id":"https:\/\/volcanes.net\/#organization"},"image":{"@id":"https:\/\/volcanes.net\/?p=11075#primaryimage"},"thumbnailUrl":"https:\/\/volcanes.net\/wp-content\/uploads\/2021\/04\/Screenshot_2021-04-30-19-18-542.jpg","keywords":["Tlalmanalco"],"articleSection":["Municipales"],"inLanguage":"es","potentialAction":[{"@type":"CommentAction","name":"Comment","target":["https:\/\/volcanes.net\/?p=11075#respond"]}]},{"@type":"WebPage","@id":"https:\/\/volcanes.net\/?p=11075","url":"https:\/\/volcanes.net\/?p=11075","name":"V\u00edctor Espinoza Mendoza busca la presidencia municipal de Tlalmanalco - Volcanes","isPartOf":{"@id":"https:\/\/volcanes.net\/#website"},"primaryImageOfPage":{"@id":"https:\/\/volcanes.net\/?p=11075#primaryimage"},"image":{"@id":"https:\/\/volcanes.net\/?p=11075#primaryimage"},"thumbnailUrl":"https:\/\/volcanes.net\/wp-content\/uploads\/2021\/04\/Screenshot_2021-04-30-19-18-542.jpg","datePublished":"2021-05-01T01:06:30+00:00","breadcrumb":{"@id":"https:\/\/volcanes.net\/?p=11075#breadcrumb"},"inLanguage":"es","potentialAction":[{"@type":"ReadAction","target":["https:\/\/volcanes.net\/?p=11075"]}]},{"@type":"ImageObject","inLanguage":"es","@id":"https:\/\/volcanes.net\/?p=11075#primaryimage","url":"https:\/\/volcanes.net\/wp-content\/uploads\/2021\/04\/Screenshot_2021-04-30-19-18-542.jpg","contentUrl":"https:\/\/volcanes.net\/wp-content\/uploads\/2021\/04\/Screenshot_2021-04-30-19-18-542.jpg","width":715,"height":389},{"@type":"BreadcrumbList","@id":"https:\/\/volcanes.net\/?p=11075#breadcrumb","itemListElement":[{"@type":"ListItem","position":1,"name":"Portada","item":"https:\/\/volcanes.net\/"},{"@type":"ListItem","position":2,"name":"V\u00edctor Espinoza Mendoza busca la presidencia municipal de Tlalmanalco"}]},{"@type":"WebSite","@id":"https:\/\/volcanes.net\/#website","url":"https:\/\/volcanes.net\/","name":"Volcanes.Net","description":"Periodismo Profesional","publisher":{"@id":"https:\/\/volcanes.net\/#organization"},"potentialAction":[{"@type":"SearchAction","target":{"@type":"EntryPoint","urlTemplate":"https:\/\/volcanes.net\/?s={search_term_string}"},"query-input":{"@type":"PropertyValueSpecification","valueRequired":true,"valueName":"search_term_string"}}],"inLanguage":"es"},{"@type":"Organization","@id":"https:\/\/volcanes.net\/#organization","name":"Grupo Volcanes","url":"https:\/\/volcanes.net\/","logo":{"@type":"ImageObject","inLanguage":"es","@id":"https:\/\/volcanes.net\/#\/schema\/logo\/image\/","url":"http:\/\/volcanes.net\/wp-content\/uploads\/2017\/12\/Avatar2.jpg","contentUrl":"http:\/\/volcanes.net\/wp-content\/uploads\/2017\/12\/Avatar2.jpg","width":378,"height":378,"caption":"Grupo Volcanes"},"image":{"@id":"https:\/\/volcanes.net\/#\/schema\/logo\/image\/"},"sameAs":["https:\/\/www.facebook.com\/volcanes.net\/"]},{"@type":"Person","@id":"https:\/\/volcanes.net\/#\/schema\/person\/4bf0f383940966a4abd53f5048c0e6b9","name":"admin","image":{"@type":"ImageObject","inLanguage":"es","@id":"https:\/\/volcanes.net\/#\/schema\/person\/image\/","url":"https:\/\/secure.gravatar.com\/avatar\/ca004e6cba8462b8cb7abc86e382930c?s=96&d=mm&r=g","contentUrl":"https:\/\/secure.gravatar.com\/avatar\/ca004e6cba8462b8cb7abc86e382930c?s=96&d=mm&r=g","caption":"admin"}}]}},"_links":{"self":[{"href":"https:\/\/volcanes.net\/index.php?rest_route=\/wp\/v2\/posts\/11075"}],"collection":[{"href":"https:\/\/volcanes.net\/index.php?rest_route=\/wp\/v2\/posts"}],"about":[{"href":"https:\/\/volcanes.net\/index.php?rest_route=\/wp\/v2\/types\/post"}],"author":[{"embeddable":true,"href":"https:\/\/volcanes.net\/index.php?rest_route=\/wp\/v2\/users\/1"}],"replies":[{"embeddable":true,"href":"https:\/\/volcanes.net\/index.php?rest_route=%2Fwp%2Fv2%2Fcomments&post=11075"}],"version-history":[{"count":1,"href":"https:\/\/volcanes.net\/index.php?rest_route=\/wp\/v2\/posts\/11075\/revisions"}],"predecessor-version":[{"id":11077,"href":"https:\/\/volcanes.net\/index.php?rest_route=\/wp\/v2\/posts\/11075\/revisions\/11077"}],"wp:featuredmedia":[{"embeddable":true,"href":"https:\/\/volcanes.net\/index.php?rest_route=\/wp\/v2\/media\/11076"}],"wp:attachment":[{"href":"https:\/\/volcanes.net\/index.php?rest_route=%2Fwp%2Fv2%2Fmedia&parent=11075"}],"wp:term":[{"taxonomy":"category","embeddable":true,"href":"https:\/\/volcanes.net\/index.php?rest_route=%2Fwp%2Fv2%2Fcategories&post=11075"},{"taxonomy":"post_tag","embeddable":true,"href":"https:\/\/volcanes.net\/index.php?rest_route=%2Fwp%2Fv2%2Ftags&post=11075"}],"curies":[{"name":"wp","href":"https:\/\/api.w.org\/{rel}","templated":true}]}}