{"id":11078,"date":"2021-05-01T10:28:33","date_gmt":"2021-05-01T16:28:33","guid":{"rendered":"http:\/\/volcanes.net\/?p=11078"},"modified":"2021-05-01T12:06:15","modified_gmt":"2021-05-01T18:06:15","slug":"valentin-martinez-castillo-se-presenta-como-candidato-a-la-presidencia-municipal-de-ozumba-por-morena","status":"publish","type":"post","link":"https:\/\/volcanes.net\/?p=11078","title":{"rendered":"Valent\u00edn Mart\u00ednez Castillo se presenta como candidato a la presidencia municipal de Ozumba por Morena"},"content":{"rendered":"<div style=\"margin-top: 0px; margin-bottom: 0px;\" class=\"sharethis-inline-share-buttons\" ><\/div><p style=\"text-align: justify;\">Ozumba, Estado de M\u00e9xico.- Rumbo a las pr\u00f3ximas elecciones 2021, a realizarse el pr\u00f3ximo 6 de junio del presente a\u00f1o, Valent\u00edn Mart\u00ednez Castillo, se postul\u00f3 como candidato a la presidencia municipal del Gobierno de los Pueblos, por lo que este viernes 30 de abril arranc\u00f3 su campa\u00f1a electoral.<\/p>\n<p style=\"text-align: justify;\">Mart\u00ednez Castillo, pidi\u00f3 licencia para separarse de su cargo como presidente municipal constitucional de este municipio mexiquense, ya que busca nuevamente la reelecci\u00f3n como candidato para la presidencia municipal por Morena.<\/p>\n<p style=\"text-align: justify;\">En entrevista para Volcanes Multimedios, el precandidato coment\u00f3 que dio inicio a una jornada importa en la historia del municipio de Ozumba, pues en estas elecciones 2021, la ciudadan\u00eda ser\u00e1 la encargada de votar y decir el pr\u00f3ximo domingo 6 de junio por la noche quien ser\u00e1 el nuevo presidente municipal que estar\u00e1 ejerciendo sus funciones en el siguiente trienio.<\/p>\n<p style=\"text-align: justify;\">&#8220;Esta es una nueva etapa y el objetivo principal es darle continuidad a lo que se ha venido realizando&#8221; dijo el precandidato.<\/p>\n","protected":false},"excerpt":{"rendered":"<p>Ozumba, Estado de M\u00e9xico.- Rumbo a las pr\u00f3ximas elecciones 2021, a realizarse el pr\u00f3ximo 6<\/p>\n","protected":false},"author":1,"featured_media":11079,"comment_status":"open","ping_status":"open","sticky":false,"template":"","format":"standard","meta":{"footnotes":""},"categories":[1],"tags":[14],"class_list":["post-11078","post","type-post","status-publish","format-standard","has-post-thumbnail","hentry","category-municipales","tag-ozumba"],"yoast_head":"<!-- This site is optimized with the Yoast SEO plugin v25.3 - https:\/\/yoast.com\/wordpress\/plugins\/seo\/ -->\n<title>Valent\u00edn Mart\u00ednez Castillo se presenta como candidato a la presidencia municipal de Ozumba por Morena - Volcanes<\/title>\n<meta name=\"robots\" content=\"index, follow, max-snippet:-1, max-image-preview:large, max-video-preview:-1\" \/>\n<link rel=\"canonical\" href=\"https:\/\/volcanes.net\/?p=11078\" \/>\n<meta property=\"og:locale\" content=\"es_MX\" \/>\n<meta property=\"og:type\" content=\"article\" \/>\n<meta property=\"og:title\" content=\"Valent\u00edn Mart\u00ednez Castillo se presenta como candidato a la presidencia municipal de Ozumba por Morena - Volcanes\" \/>\n<meta property=\"og:description\" content=\"Ozumba, Estado de M\u00e9xico.- Rumbo a las pr\u00f3ximas elecciones 2021, a realizarse el pr\u00f3ximo 6\" \/>\n<meta property=\"og:url\" content=\"https:\/\/volcanes.net\/?p=11078\" \/>\n<meta property=\"og:site_name\" content=\"Volcanes\" \/>\n<meta property=\"article:publisher\" content=\"https:\/\/www.facebook.com\/volcanes.net\/\" \/>\n<meta property=\"article:published_time\" content=\"2021-05-01T16:28:33+00:00\" \/>\n<meta property=\"article:modified_time\" content=\"2021-05-01T18:06:15+00:00\" \/>\n<meta property=\"og:image\" content=\"https:\/\/volcanes.net\/wp-content\/uploads\/2021\/05\/FB_IMG_1619842546352.jpg\" \/>\n\t<meta property=\"og:image:width\" content=\"720\" \/>\n\t<meta property=\"og:image:height\" content=\"480\" \/>\n\t<meta property=\"og:image:type\" content=\"image\/jpeg\" \/>\n<meta name=\"author\" content=\"admin\" \/>\n<meta name=\"twitter:card\" content=\"summary_large_image\" \/>\n<meta name=\"twitter:label1\" content=\"Escrito por\" \/>\n\t<meta name=\"twitter:data1\" content=\"admin\" \/>\n\t<meta name=\"twitter:label2\" content=\"Tiempo de lectura\" \/>\n\t<meta name=\"twitter:data2\" content=\"1 minuto\" \/>\n<script type=\"application\/ld+json\" class=\"yoast-schema-graph\">{\"@context\":\"https:\/\/schema.org\",\"@graph\":[{\"@type\":\"Article\",\"@id\":\"https:\/\/volcanes.net\/?p=11078#article\",\"isPartOf\":{\"@id\":\"https:\/\/volcanes.net\/?p=11078\"},\"author\":{\"name\":\"admin\",\"@id\":\"https:\/\/volcanes.net\/#\/schema\/person\/4bf0f383940966a4abd53f5048c0e6b9\"},\"headline\":\"Valent\u00edn Mart\u00ednez Castillo se presenta como candidato a la presidencia municipal de Ozumba por Morena\",\"datePublished\":\"2021-05-01T16:28:33+00:00\",\"dateModified\":\"2021-05-01T18:06:15+00:00\",\"mainEntityOfPage\":{\"@id\":\"https:\/\/volcanes.net\/?p=11078\"},\"wordCount\":185,\"commentCount\":0,\"publisher\":{\"@id\":\"https:\/\/volcanes.net\/#organization\"},\"image\":{\"@id\":\"https:\/\/volcanes.net\/?p=11078#primaryimage\"},\"thumbnailUrl\":\"https:\/\/volcanes.net\/wp-content\/uploads\/2021\/05\/FB_IMG_1619842546352.jpg\",\"keywords\":[\"Ozumba\"],\"articleSection\":[\"Municipales\"],\"inLanguage\":\"es\",\"potentialAction\":[{\"@type\":\"CommentAction\",\"name\":\"Comment\",\"target\":[\"https:\/\/volcanes.net\/?p=11078#respond\"]}]},{\"@type\":\"WebPage\",\"@id\":\"https:\/\/volcanes.net\/?p=11078\",\"url\":\"https:\/\/volcanes.net\/?p=11078\",\"name\":\"Valent\u00edn Mart\u00ednez Castillo se presenta como candidato a la presidencia municipal de Ozumba por Morena - Volcanes\",\"isPartOf\":{\"@id\":\"https:\/\/volcanes.net\/#website\"},\"primaryImageOfPage\":{\"@id\":\"https:\/\/volcanes.net\/?p=11078#primaryimage\"},\"image\":{\"@id\":\"https:\/\/volcanes.net\/?p=11078#primaryimage\"},\"thumbnailUrl\":\"https:\/\/volcanes.net\/wp-content\/uploads\/2021\/05\/FB_IMG_1619842546352.jpg\",\"datePublished\":\"2021-05-01T16:28:33+00:00\",\"dateModified\":\"2021-05-01T18:06:15+00:00\",\"breadcrumb\":{\"@id\":\"https:\/\/volcanes.net\/?p=11078#breadcrumb\"},\"inLanguage\":\"es\",\"potentialAction\":[{\"@type\":\"ReadAction\",\"target\":[\"https:\/\/volcanes.net\/?p=11078\"]}]},{\"@type\":\"ImageObject\",\"inLanguage\":\"es\",\"@id\":\"https:\/\/volcanes.net\/?p=11078#primaryimage\",\"url\":\"https:\/\/volcanes.net\/wp-content\/uploads\/2021\/05\/FB_IMG_1619842546352.jpg\",\"contentUrl\":\"https:\/\/volcanes.net\/wp-content\/uploads\/2021\/05\/FB_IMG_1619842546352.jpg\",\"width\":720,\"height\":480},{\"@type\":\"BreadcrumbList\",\"@id\":\"https:\/\/volcanes.net\/?p=11078#breadcrumb\",\"itemListElement\":[{\"@type\":\"ListItem\",\"position\":1,\"name\":\"Portada\",\"item\":\"https:\/\/volcanes.net\/\"},{\"@type\":\"ListItem\",\"position\":2,\"name\":\"Valent\u00edn Mart\u00ednez Castillo se presenta como candidato a la presidencia municipal de Ozumba por Morena\"}]},{\"@type\":\"WebSite\",\"@id\":\"https:\/\/volcanes.net\/#website\",\"url\":\"https:\/\/volcanes.net\/\",\"name\":\"Volcanes.Net\",\"description\":\"Periodismo Profesional\",\"publisher\":{\"@id\":\"https:\/\/volcanes.net\/#organization\"},\"potentialAction\":[{\"@type\":\"SearchAction\",\"target\":{\"@type\":\"EntryPoint\",\"urlTemplate\":\"https:\/\/volcanes.net\/?s={search_term_string}\"},\"query-input\":{\"@type\":\"PropertyValueSpecification\",\"valueRequired\":true,\"valueName\":\"search_term_string\"}}],\"inLanguage\":\"es\"},{\"@type\":\"Organization\",\"@id\":\"https:\/\/volcanes.net\/#organization\",\"name\":\"Grupo Volcanes\",\"url\":\"https:\/\/volcanes.net\/\",\"logo\":{\"@type\":\"ImageObject\",\"inLanguage\":\"es\",\"@id\":\"https:\/\/volcanes.net\/#\/schema\/logo\/image\/\",\"url\":\"http:\/\/volcanes.net\/wp-content\/uploads\/2017\/12\/Avatar2.jpg\",\"contentUrl\":\"http:\/\/volcanes.net\/wp-content\/uploads\/2017\/12\/Avatar2.jpg\",\"width\":378,\"height\":378,\"caption\":\"Grupo Volcanes\"},\"image\":{\"@id\":\"https:\/\/volcanes.net\/#\/schema\/logo\/image\/\"},\"sameAs\":[\"https:\/\/www.facebook.com\/volcanes.net\/\"]},{\"@type\":\"Person\",\"@id\":\"https:\/\/volcanes.net\/#\/schema\/person\/4bf0f383940966a4abd53f5048c0e6b9\",\"name\":\"admin\",\"image\":{\"@type\":\"ImageObject\",\"inLanguage\":\"es\",\"@id\":\"https:\/\/volcanes.net\/#\/schema\/person\/image\/\",\"url\":\"https:\/\/secure.gravatar.com\/avatar\/ca004e6cba8462b8cb7abc86e382930c?s=96&d=mm&r=g\",\"contentUrl\":\"https:\/\/secure.gravatar.com\/avatar\/ca004e6cba8462b8cb7abc86e382930c?s=96&d=mm&r=g\",\"caption\":\"admin\"}}]}<\/script>\n<!-- \/ Yoast SEO plugin. -->","yoast_head_json":{"title":"Valent\u00edn Mart\u00ednez Castillo se presenta como candidato a la presidencia municipal de Ozumba por Morena - Volcanes","robots":{"index":"index","follow":"follow","max-snippet":"max-snippet:-1","max-image-preview":"max-image-preview:large","max-video-preview":"max-video-preview:-1"},"canonical":"https:\/\/volcanes.net\/?p=11078","og_locale":"es_MX","og_type":"article","og_title":"Valent\u00edn Mart\u00ednez Castillo se presenta como candidato a la presidencia municipal de Ozumba por Morena - Volcanes","og_description":"Ozumba, Estado de M\u00e9xico.- Rumbo a las pr\u00f3ximas elecciones 2021, a realizarse el pr\u00f3ximo 6","og_url":"https:\/\/volcanes.net\/?p=11078","og_site_name":"Volcanes","article_publisher":"https:\/\/www.facebook.com\/volcanes.net\/","article_published_time":"2021-05-01T16:28:33+00:00","article_modified_time":"2021-05-01T18:06:15+00:00","og_image":[{"width":720,"height":480,"url":"https:\/\/volcanes.net\/wp-content\/uploads\/2021\/05\/FB_IMG_1619842546352.jpg","type":"image\/jpeg"}],"author":"admin","twitter_card":"summary_large_image","twitter_misc":{"Escrito por":"admin","Tiempo de lectura":"1 minuto"},"schema":{"@context":"https:\/\/schema.org","@graph":[{"@type":"Article","@id":"https:\/\/volcanes.net\/?p=11078#article","isPartOf":{"@id":"https:\/\/volcanes.net\/?p=11078"},"author":{"name":"admin","@id":"https:\/\/volcanes.net\/#\/schema\/person\/4bf0f383940966a4abd53f5048c0e6b9"},"headline":"Valent\u00edn Mart\u00ednez Castillo se presenta como candidato a la presidencia municipal de Ozumba por Morena","datePublished":"2021-05-01T16:28:33+00:00","dateModified":"2021-05-01T18:06:15+00:00","mainEntityOfPage":{"@id":"https:\/\/volcanes.net\/?p=11078"},"wordCount":185,"commentCount":0,"publisher":{"@id":"https:\/\/volcanes.net\/#organization"},"image":{"@id":"https:\/\/volcanes.net\/?p=11078#primaryimage"},"thumbnailUrl":"https:\/\/volcanes.net\/wp-content\/uploads\/2021\/05\/FB_IMG_1619842546352.jpg","keywords":["Ozumba"],"articleSection":["Municipales"],"inLanguage":"es","potentialAction":[{"@type":"CommentAction","name":"Comment","target":["https:\/\/volcanes.net\/?p=11078#respond"]}]},{"@type":"WebPage","@id":"https:\/\/volcanes.net\/?p=11078","url":"https:\/\/volcanes.net\/?p=11078","name":"Valent\u00edn Mart\u00ednez Castillo se presenta como candidato a la presidencia municipal de Ozumba por Morena - Volcanes","isPartOf":{"@id":"https:\/\/volcanes.net\/#website"},"primaryImageOfPage":{"@id":"https:\/\/volcanes.net\/?p=11078#primaryimage"},"image":{"@id":"https:\/\/volcanes.net\/?p=11078#primaryimage"},"thumbnailUrl":"https:\/\/volcanes.net\/wp-content\/uploads\/2021\/05\/FB_IMG_1619842546352.jpg","datePublished":"2021-05-01T16:28:33+00:00","dateModified":"2021-05-01T18:06:15+00:00","breadcrumb":{"@id":"https:\/\/volcanes.net\/?p=11078#breadcrumb"},"inLanguage":"es","potentialAction":[{"@type":"ReadAction","target":["https:\/\/volcanes.net\/?p=11078"]}]},{"@type":"ImageObject","inLanguage":"es","@id":"https:\/\/volcanes.net\/?p=11078#primaryimage","url":"https:\/\/volcanes.net\/wp-content\/uploads\/2021\/05\/FB_IMG_1619842546352.jpg","contentUrl":"https:\/\/volcanes.net\/wp-content\/uploads\/2021\/05\/FB_IMG_1619842546352.jpg","width":720,"height":480},{"@type":"BreadcrumbList","@id":"https:\/\/volcanes.net\/?p=11078#breadcrumb","itemListElement":[{"@type":"ListItem","position":1,"name":"Portada","item":"https:\/\/volcanes.net\/"},{"@type":"ListItem","position":2,"name":"Valent\u00edn Mart\u00ednez Castillo se presenta como candidato a la presidencia municipal de Ozumba por Morena"}]},{"@type":"WebSite","@id":"https:\/\/volcanes.net\/#website","url":"https:\/\/volcanes.net\/","name":"Volcanes.Net","description":"Periodismo Profesional","publisher":{"@id":"https:\/\/volcanes.net\/#organization"},"potentialAction":[{"@type":"SearchAction","target":{"@type":"EntryPoint","urlTemplate":"https:\/\/volcanes.net\/?s={search_term_string}"},"query-input":{"@type":"PropertyValueSpecification","valueRequired":true,"valueName":"search_term_string"}}],"inLanguage":"es"},{"@type":"Organization","@id":"https:\/\/volcanes.net\/#organization","name":"Grupo Volcanes","url":"https:\/\/volcanes.net\/","logo":{"@type":"ImageObject","inLanguage":"es","@id":"https:\/\/volcanes.net\/#\/schema\/logo\/image\/","url":"http:\/\/volcanes.net\/wp-content\/uploads\/2017\/12\/Avatar2.jpg","contentUrl":"http:\/\/volcanes.net\/wp-content\/uploads\/2017\/12\/Avatar2.jpg","width":378,"height":378,"caption":"Grupo Volcanes"},"image":{"@id":"https:\/\/volcanes.net\/#\/schema\/logo\/image\/"},"sameAs":["https:\/\/www.facebook.com\/volcanes.net\/"]},{"@type":"Person","@id":"https:\/\/volcanes.net\/#\/schema\/person\/4bf0f383940966a4abd53f5048c0e6b9","name":"admin","image":{"@type":"ImageObject","inLanguage":"es","@id":"https:\/\/volcanes.net\/#\/schema\/person\/image\/","url":"https:\/\/secure.gravatar.com\/avatar\/ca004e6cba8462b8cb7abc86e382930c?s=96&d=mm&r=g","contentUrl":"https:\/\/secure.gravatar.com\/avatar\/ca004e6cba8462b8cb7abc86e382930c?s=96&d=mm&r=g","caption":"admin"}}]}},"_links":{"self":[{"href":"https:\/\/volcanes.net\/index.php?rest_route=\/wp\/v2\/posts\/11078"}],"collection":[{"href":"https:\/\/volcanes.net\/index.php?rest_route=\/wp\/v2\/posts"}],"about":[{"href":"https:\/\/volcanes.net\/index.php?rest_route=\/wp\/v2\/types\/post"}],"author":[{"embeddable":true,"href":"https:\/\/volcanes.net\/index.php?rest_route=\/wp\/v2\/users\/1"}],"replies":[{"embeddable":true,"href":"https:\/\/volcanes.net\/index.php?rest_route=%2Fwp%2Fv2%2Fcomments&post=11078"}],"version-history":[{"count":1,"href":"https:\/\/volcanes.net\/index.php?rest_route=\/wp\/v2\/posts\/11078\/revisions"}],"predecessor-version":[{"id":11080,"href":"https:\/\/volcanes.net\/index.php?rest_route=\/wp\/v2\/posts\/11078\/revisions\/11080"}],"wp:featuredmedia":[{"embeddable":true,"href":"https:\/\/volcanes.net\/index.php?rest_route=\/wp\/v2\/media\/11079"}],"wp:attachment":[{"href":"https:\/\/volcanes.net\/index.php?rest_route=%2Fwp%2Fv2%2Fmedia&parent=11078"}],"wp:term":[{"taxonomy":"category","embeddable":true,"href":"https:\/\/volcanes.net\/index.php?rest_route=%2Fwp%2Fv2%2Fcategories&post=11078"},{"taxonomy":"post_tag","embeddable":true,"href":"https:\/\/volcanes.net\/index.php?rest_route=%2Fwp%2Fv2%2Ftags&post=11078"}],"curies":[{"name":"wp","href":"https:\/\/api.w.org\/{rel}","templated":true}]}}