{"id":11090,"date":"2021-05-01T17:28:56","date_gmt":"2021-05-01T23:28:56","guid":{"rendered":"http:\/\/volcanes.net\/?p=11090"},"modified":"2021-05-01T17:28:56","modified_gmt":"2021-05-01T23:28:56","slug":"continuidad-en-los-trabajos-legislativos-en-la-entidad-mexiquense-anais-burgos","status":"publish","type":"post","link":"https:\/\/volcanes.net\/?p=11090","title":{"rendered":"Continuidad en los trabajos legislativos en la entidad mexiquense; Ana\u00eds Burgos"},"content":{"rendered":"<div style=\"margin-top: 0px; margin-bottom: 0px;\" class=\"sharethis-inline-share-buttons\" ><\/div><p style=\"text-align: justify;\">Regi\u00f3n de los Volcanes, Estado de M\u00e9xico.- Rumbo a las elecciones 2021, a realizarse el pr\u00f3ximo 6 de junio del presente a\u00f1o, fecha en que la ciudadan\u00eda votar\u00e1 para elegir Diputaciones y Ayuntamientos del 30 de abril al 2 de junio de 2021, Ana\u00eds Burgos Hern\u00e1ndez\u00a0 candidata de Morena por el Distrito 1, que abarca los municipios de Chalco, Cocotitl\u00e1n y Temamatla, dio inicio a su campa\u00f1a proselitista en el centro de Chalco en la Plaza del Reloj.<\/p>\n<p style=\"text-align: justify;\">En su discurso, Burgos Hern\u00e1ndez fue clara, pues se\u00f1al\u00f3 que trabajar\u00e1 por la continuidad de los trabajos legislativos en la entidad mexiquense; adem\u00e1s, record\u00f3, frente a cientos de simpatizantes, la importancia de generar leyes que realmente impacten en el bienestar de las familias que menos tienen, la inclusi\u00f3n social de todos los sectores de la poblaci\u00f3n y la importancia que juegan los j\u00f3venes en la vida pol\u00edtica del pa\u00eds.<\/p>\n","protected":false},"excerpt":{"rendered":"<p>Regi\u00f3n de los Volcanes, Estado de M\u00e9xico.- Rumbo a las elecciones 2021, a realizarse el<\/p>\n","protected":false},"author":1,"featured_media":11091,"comment_status":"open","ping_status":"open","sticky":false,"template":"","format":"standard","meta":{"footnotes":""},"categories":[1],"tags":[301],"class_list":["post-11090","post","type-post","status-publish","format-standard","has-post-thumbnail","hentry","category-municipales","tag-region-volcanes"],"yoast_head":"<!-- This site is optimized with the Yoast SEO plugin v25.3 - https:\/\/yoast.com\/wordpress\/plugins\/seo\/ -->\n<title>Continuidad en los trabajos legislativos en la entidad mexiquense; Ana\u00eds Burgos - Volcanes<\/title>\n<meta name=\"robots\" content=\"index, follow, max-snippet:-1, max-image-preview:large, max-video-preview:-1\" \/>\n<link rel=\"canonical\" href=\"https:\/\/volcanes.net\/?p=11090\" \/>\n<meta property=\"og:locale\" content=\"es_MX\" \/>\n<meta property=\"og:type\" content=\"article\" \/>\n<meta property=\"og:title\" content=\"Continuidad en los trabajos legislativos en la entidad mexiquense; Ana\u00eds Burgos - Volcanes\" \/>\n<meta property=\"og:description\" content=\"Regi\u00f3n de los Volcanes, Estado de M\u00e9xico.- Rumbo a las elecciones 2021, a realizarse el\" \/>\n<meta property=\"og:url\" content=\"https:\/\/volcanes.net\/?p=11090\" \/>\n<meta property=\"og:site_name\" content=\"Volcanes\" \/>\n<meta property=\"article:publisher\" content=\"https:\/\/www.facebook.com\/volcanes.net\/\" \/>\n<meta property=\"article:published_time\" content=\"2021-05-01T23:28:56+00:00\" \/>\n<meta property=\"og:image\" content=\"https:\/\/volcanes.net\/wp-content\/uploads\/2021\/05\/FB_IMG_1619904459858.jpg\" \/>\n\t<meta property=\"og:image:width\" content=\"720\" \/>\n\t<meta property=\"og:image:height\" content=\"332\" \/>\n\t<meta property=\"og:image:type\" content=\"image\/jpeg\" \/>\n<meta name=\"author\" content=\"admin\" \/>\n<meta name=\"twitter:card\" content=\"summary_large_image\" \/>\n<meta name=\"twitter:label1\" content=\"Escrito por\" \/>\n\t<meta name=\"twitter:data1\" content=\"admin\" \/>\n\t<meta name=\"twitter:label2\" content=\"Tiempo de lectura\" \/>\n\t<meta name=\"twitter:data2\" content=\"1 minuto\" \/>\n<script type=\"application\/ld+json\" class=\"yoast-schema-graph\">{\"@context\":\"https:\/\/schema.org\",\"@graph\":[{\"@type\":\"Article\",\"@id\":\"https:\/\/volcanes.net\/?p=11090#article\",\"isPartOf\":{\"@id\":\"https:\/\/volcanes.net\/?p=11090\"},\"author\":{\"name\":\"admin\",\"@id\":\"https:\/\/volcanes.net\/#\/schema\/person\/4bf0f383940966a4abd53f5048c0e6b9\"},\"headline\":\"Continuidad en los trabajos legislativos en la entidad mexiquense; Ana\u00eds Burgos\",\"datePublished\":\"2021-05-01T23:28:56+00:00\",\"mainEntityOfPage\":{\"@id\":\"https:\/\/volcanes.net\/?p=11090\"},\"wordCount\":171,\"commentCount\":0,\"publisher\":{\"@id\":\"https:\/\/volcanes.net\/#organization\"},\"image\":{\"@id\":\"https:\/\/volcanes.net\/?p=11090#primaryimage\"},\"thumbnailUrl\":\"https:\/\/volcanes.net\/wp-content\/uploads\/2021\/05\/FB_IMG_1619904459858.jpg\",\"keywords\":[\"Regi\u00f3n volcanes\"],\"articleSection\":[\"Municipales\"],\"inLanguage\":\"es\",\"potentialAction\":[{\"@type\":\"CommentAction\",\"name\":\"Comment\",\"target\":[\"https:\/\/volcanes.net\/?p=11090#respond\"]}]},{\"@type\":\"WebPage\",\"@id\":\"https:\/\/volcanes.net\/?p=11090\",\"url\":\"https:\/\/volcanes.net\/?p=11090\",\"name\":\"Continuidad en los trabajos legislativos en la entidad mexiquense; Ana\u00eds Burgos - Volcanes\",\"isPartOf\":{\"@id\":\"https:\/\/volcanes.net\/#website\"},\"primaryImageOfPage\":{\"@id\":\"https:\/\/volcanes.net\/?p=11090#primaryimage\"},\"image\":{\"@id\":\"https:\/\/volcanes.net\/?p=11090#primaryimage\"},\"thumbnailUrl\":\"https:\/\/volcanes.net\/wp-content\/uploads\/2021\/05\/FB_IMG_1619904459858.jpg\",\"datePublished\":\"2021-05-01T23:28:56+00:00\",\"breadcrumb\":{\"@id\":\"https:\/\/volcanes.net\/?p=11090#breadcrumb\"},\"inLanguage\":\"es\",\"potentialAction\":[{\"@type\":\"ReadAction\",\"target\":[\"https:\/\/volcanes.net\/?p=11090\"]}]},{\"@type\":\"ImageObject\",\"inLanguage\":\"es\",\"@id\":\"https:\/\/volcanes.net\/?p=11090#primaryimage\",\"url\":\"https:\/\/volcanes.net\/wp-content\/uploads\/2021\/05\/FB_IMG_1619904459858.jpg\",\"contentUrl\":\"https:\/\/volcanes.net\/wp-content\/uploads\/2021\/05\/FB_IMG_1619904459858.jpg\",\"width\":720,\"height\":332},{\"@type\":\"BreadcrumbList\",\"@id\":\"https:\/\/volcanes.net\/?p=11090#breadcrumb\",\"itemListElement\":[{\"@type\":\"ListItem\",\"position\":1,\"name\":\"Portada\",\"item\":\"https:\/\/volcanes.net\/\"},{\"@type\":\"ListItem\",\"position\":2,\"name\":\"Continuidad en los trabajos legislativos en la entidad mexiquense; Ana\u00eds Burgos\"}]},{\"@type\":\"WebSite\",\"@id\":\"https:\/\/volcanes.net\/#website\",\"url\":\"https:\/\/volcanes.net\/\",\"name\":\"Volcanes.Net\",\"description\":\"Periodismo Profesional\",\"publisher\":{\"@id\":\"https:\/\/volcanes.net\/#organization\"},\"potentialAction\":[{\"@type\":\"SearchAction\",\"target\":{\"@type\":\"EntryPoint\",\"urlTemplate\":\"https:\/\/volcanes.net\/?s={search_term_string}\"},\"query-input\":{\"@type\":\"PropertyValueSpecification\",\"valueRequired\":true,\"valueName\":\"search_term_string\"}}],\"inLanguage\":\"es\"},{\"@type\":\"Organization\",\"@id\":\"https:\/\/volcanes.net\/#organization\",\"name\":\"Grupo Volcanes\",\"url\":\"https:\/\/volcanes.net\/\",\"logo\":{\"@type\":\"ImageObject\",\"inLanguage\":\"es\",\"@id\":\"https:\/\/volcanes.net\/#\/schema\/logo\/image\/\",\"url\":\"http:\/\/volcanes.net\/wp-content\/uploads\/2017\/12\/Avatar2.jpg\",\"contentUrl\":\"http:\/\/volcanes.net\/wp-content\/uploads\/2017\/12\/Avatar2.jpg\",\"width\":378,\"height\":378,\"caption\":\"Grupo Volcanes\"},\"image\":{\"@id\":\"https:\/\/volcanes.net\/#\/schema\/logo\/image\/\"},\"sameAs\":[\"https:\/\/www.facebook.com\/volcanes.net\/\"]},{\"@type\":\"Person\",\"@id\":\"https:\/\/volcanes.net\/#\/schema\/person\/4bf0f383940966a4abd53f5048c0e6b9\",\"name\":\"admin\",\"image\":{\"@type\":\"ImageObject\",\"inLanguage\":\"es\",\"@id\":\"https:\/\/volcanes.net\/#\/schema\/person\/image\/\",\"url\":\"https:\/\/secure.gravatar.com\/avatar\/ca004e6cba8462b8cb7abc86e382930c?s=96&d=mm&r=g\",\"contentUrl\":\"https:\/\/secure.gravatar.com\/avatar\/ca004e6cba8462b8cb7abc86e382930c?s=96&d=mm&r=g\",\"caption\":\"admin\"}}]}<\/script>\n<!-- \/ Yoast SEO plugin. -->","yoast_head_json":{"title":"Continuidad en los trabajos legislativos en la entidad mexiquense; Ana\u00eds Burgos - Volcanes","robots":{"index":"index","follow":"follow","max-snippet":"max-snippet:-1","max-image-preview":"max-image-preview:large","max-video-preview":"max-video-preview:-1"},"canonical":"https:\/\/volcanes.net\/?p=11090","og_locale":"es_MX","og_type":"article","og_title":"Continuidad en los trabajos legislativos en la entidad mexiquense; Ana\u00eds Burgos - Volcanes","og_description":"Regi\u00f3n de los Volcanes, Estado de M\u00e9xico.- Rumbo a las elecciones 2021, a realizarse el","og_url":"https:\/\/volcanes.net\/?p=11090","og_site_name":"Volcanes","article_publisher":"https:\/\/www.facebook.com\/volcanes.net\/","article_published_time":"2021-05-01T23:28:56+00:00","og_image":[{"width":720,"height":332,"url":"https:\/\/volcanes.net\/wp-content\/uploads\/2021\/05\/FB_IMG_1619904459858.jpg","type":"image\/jpeg"}],"author":"admin","twitter_card":"summary_large_image","twitter_misc":{"Escrito por":"admin","Tiempo de lectura":"1 minuto"},"schema":{"@context":"https:\/\/schema.org","@graph":[{"@type":"Article","@id":"https:\/\/volcanes.net\/?p=11090#article","isPartOf":{"@id":"https:\/\/volcanes.net\/?p=11090"},"author":{"name":"admin","@id":"https:\/\/volcanes.net\/#\/schema\/person\/4bf0f383940966a4abd53f5048c0e6b9"},"headline":"Continuidad en los trabajos legislativos en la entidad mexiquense; Ana\u00eds Burgos","datePublished":"2021-05-01T23:28:56+00:00","mainEntityOfPage":{"@id":"https:\/\/volcanes.net\/?p=11090"},"wordCount":171,"commentCount":0,"publisher":{"@id":"https:\/\/volcanes.net\/#organization"},"image":{"@id":"https:\/\/volcanes.net\/?p=11090#primaryimage"},"thumbnailUrl":"https:\/\/volcanes.net\/wp-content\/uploads\/2021\/05\/FB_IMG_1619904459858.jpg","keywords":["Regi\u00f3n volcanes"],"articleSection":["Municipales"],"inLanguage":"es","potentialAction":[{"@type":"CommentAction","name":"Comment","target":["https:\/\/volcanes.net\/?p=11090#respond"]}]},{"@type":"WebPage","@id":"https:\/\/volcanes.net\/?p=11090","url":"https:\/\/volcanes.net\/?p=11090","name":"Continuidad en los trabajos legislativos en la entidad mexiquense; Ana\u00eds Burgos - Volcanes","isPartOf":{"@id":"https:\/\/volcanes.net\/#website"},"primaryImageOfPage":{"@id":"https:\/\/volcanes.net\/?p=11090#primaryimage"},"image":{"@id":"https:\/\/volcanes.net\/?p=11090#primaryimage"},"thumbnailUrl":"https:\/\/volcanes.net\/wp-content\/uploads\/2021\/05\/FB_IMG_1619904459858.jpg","datePublished":"2021-05-01T23:28:56+00:00","breadcrumb":{"@id":"https:\/\/volcanes.net\/?p=11090#breadcrumb"},"inLanguage":"es","potentialAction":[{"@type":"ReadAction","target":["https:\/\/volcanes.net\/?p=11090"]}]},{"@type":"ImageObject","inLanguage":"es","@id":"https:\/\/volcanes.net\/?p=11090#primaryimage","url":"https:\/\/volcanes.net\/wp-content\/uploads\/2021\/05\/FB_IMG_1619904459858.jpg","contentUrl":"https:\/\/volcanes.net\/wp-content\/uploads\/2021\/05\/FB_IMG_1619904459858.jpg","width":720,"height":332},{"@type":"BreadcrumbList","@id":"https:\/\/volcanes.net\/?p=11090#breadcrumb","itemListElement":[{"@type":"ListItem","position":1,"name":"Portada","item":"https:\/\/volcanes.net\/"},{"@type":"ListItem","position":2,"name":"Continuidad en los trabajos legislativos en la entidad mexiquense; Ana\u00eds Burgos"}]},{"@type":"WebSite","@id":"https:\/\/volcanes.net\/#website","url":"https:\/\/volcanes.net\/","name":"Volcanes.Net","description":"Periodismo Profesional","publisher":{"@id":"https:\/\/volcanes.net\/#organization"},"potentialAction":[{"@type":"SearchAction","target":{"@type":"EntryPoint","urlTemplate":"https:\/\/volcanes.net\/?s={search_term_string}"},"query-input":{"@type":"PropertyValueSpecification","valueRequired":true,"valueName":"search_term_string"}}],"inLanguage":"es"},{"@type":"Organization","@id":"https:\/\/volcanes.net\/#organization","name":"Grupo Volcanes","url":"https:\/\/volcanes.net\/","logo":{"@type":"ImageObject","inLanguage":"es","@id":"https:\/\/volcanes.net\/#\/schema\/logo\/image\/","url":"http:\/\/volcanes.net\/wp-content\/uploads\/2017\/12\/Avatar2.jpg","contentUrl":"http:\/\/volcanes.net\/wp-content\/uploads\/2017\/12\/Avatar2.jpg","width":378,"height":378,"caption":"Grupo Volcanes"},"image":{"@id":"https:\/\/volcanes.net\/#\/schema\/logo\/image\/"},"sameAs":["https:\/\/www.facebook.com\/volcanes.net\/"]},{"@type":"Person","@id":"https:\/\/volcanes.net\/#\/schema\/person\/4bf0f383940966a4abd53f5048c0e6b9","name":"admin","image":{"@type":"ImageObject","inLanguage":"es","@id":"https:\/\/volcanes.net\/#\/schema\/person\/image\/","url":"https:\/\/secure.gravatar.com\/avatar\/ca004e6cba8462b8cb7abc86e382930c?s=96&d=mm&r=g","contentUrl":"https:\/\/secure.gravatar.com\/avatar\/ca004e6cba8462b8cb7abc86e382930c?s=96&d=mm&r=g","caption":"admin"}}]}},"_links":{"self":[{"href":"https:\/\/volcanes.net\/index.php?rest_route=\/wp\/v2\/posts\/11090"}],"collection":[{"href":"https:\/\/volcanes.net\/index.php?rest_route=\/wp\/v2\/posts"}],"about":[{"href":"https:\/\/volcanes.net\/index.php?rest_route=\/wp\/v2\/types\/post"}],"author":[{"embeddable":true,"href":"https:\/\/volcanes.net\/index.php?rest_route=\/wp\/v2\/users\/1"}],"replies":[{"embeddable":true,"href":"https:\/\/volcanes.net\/index.php?rest_route=%2Fwp%2Fv2%2Fcomments&post=11090"}],"version-history":[{"count":1,"href":"https:\/\/volcanes.net\/index.php?rest_route=\/wp\/v2\/posts\/11090\/revisions"}],"predecessor-version":[{"id":11092,"href":"https:\/\/volcanes.net\/index.php?rest_route=\/wp\/v2\/posts\/11090\/revisions\/11092"}],"wp:featuredmedia":[{"embeddable":true,"href":"https:\/\/volcanes.net\/index.php?rest_route=\/wp\/v2\/media\/11091"}],"wp:attachment":[{"href":"https:\/\/volcanes.net\/index.php?rest_route=%2Fwp%2Fv2%2Fmedia&parent=11090"}],"wp:term":[{"taxonomy":"category","embeddable":true,"href":"https:\/\/volcanes.net\/index.php?rest_route=%2Fwp%2Fv2%2Fcategories&post=11090"},{"taxonomy":"post_tag","embeddable":true,"href":"https:\/\/volcanes.net\/index.php?rest_route=%2Fwp%2Fv2%2Ftags&post=11090"}],"curies":[{"name":"wp","href":"https:\/\/api.w.org\/{rel}","templated":true}]}}