{"id":11127,"date":"2021-05-04T13:17:18","date_gmt":"2021-05-04T19:17:18","guid":{"rendered":"http:\/\/volcanes.net\/?p=11127"},"modified":"2021-05-04T13:17:18","modified_gmt":"2021-05-04T19:17:18","slug":"el-progreso-en-chalco-no-se-detendra-miguel-gutierrez","status":"publish","type":"post","link":"https:\/\/volcanes.net\/?p=11127","title":{"rendered":"&#8220;El progreso en Chalco no se detendr\u00e1&#8221;; Miguel Guti\u00e9rrez"},"content":{"rendered":"<div style=\"margin-top: 0px; margin-bottom: 0px;\" class=\"sharethis-inline-share-buttons\" ><\/div><p style=\"text-align: justify;\">Chalco, Estado de M\u00e9xico.- Rumbo a las elecciones 2021, el Morenista Miguel Guti\u00e9rrez contin\u00faa realizando recorridos por calles de este municipio, esto luego de haber recibido total apoyo por parte de los maestros el pasado domingo y en esta ocasi\u00f3n el candidato a la presidencia municipal, y quien busca la reelecci\u00f3n a dicho cargo, visit\u00f3 la comunidad de San Mart\u00edn Cuautlalpan.<\/p>\n<p style=\"text-align: justify;\">Miguel Guti\u00e9rrez, fue recibido de manera efusiva, afirmando ante los simpatizantes que &#8220;el progreso en Chalco no se detendr\u00e1&#8221;, adem\u00e1s de que los pueblos barrios y colonias seguir\u00e1n contando con el respaldo de su gesti\u00f3n para poder transformar su entorno, porque ese ha sido un compromiso que asumi\u00f3 desde el principio y que con el trabajo de todos se ha logrado avanzar.<\/p>\n<p style=\"text-align: justify;\">Ah\u00ed diversos sectores sociales le brindaron su apoyo para las elecciones del pr\u00f3ximo seis de junio, se\u00f1alando que ser\u00e1 as\u00ed como los trabajos de la 4T seguir\u00e1n haciendo una realidad de cambio para todos; Miguel Guti\u00e9rrez escuch\u00f3 las demandas sociales y afirm\u00f3 que habr\u00e1n de seguir los apoyos diversos a los sectores sociales, sin distinci\u00f3n alguna.<\/p>\n","protected":false},"excerpt":{"rendered":"<p>Chalco, Estado de M\u00e9xico.- Rumbo a las elecciones 2021, el Morenista Miguel Guti\u00e9rrez contin\u00faa realizando<\/p>\n","protected":false},"author":1,"featured_media":11128,"comment_status":"open","ping_status":"open","sticky":false,"template":"","format":"standard","meta":{"footnotes":""},"categories":[1],"tags":[9],"class_list":["post-11127","post","type-post","status-publish","format-standard","has-post-thumbnail","hentry","category-municipales","tag-chalco"],"yoast_head":"<!-- This site is optimized with the Yoast SEO plugin v25.3 - https:\/\/yoast.com\/wordpress\/plugins\/seo\/ -->\n<title>&quot;El progreso en Chalco no se detendr\u00e1&quot;; Miguel Guti\u00e9rrez - Volcanes<\/title>\n<meta name=\"robots\" content=\"index, follow, max-snippet:-1, max-image-preview:large, max-video-preview:-1\" \/>\n<link rel=\"canonical\" href=\"https:\/\/volcanes.net\/?p=11127\" \/>\n<meta property=\"og:locale\" content=\"es_MX\" \/>\n<meta property=\"og:type\" content=\"article\" \/>\n<meta property=\"og:title\" content=\"&quot;El progreso en Chalco no se detendr\u00e1&quot;; Miguel Guti\u00e9rrez - Volcanes\" \/>\n<meta property=\"og:description\" content=\"Chalco, Estado de M\u00e9xico.- Rumbo a las elecciones 2021, el Morenista Miguel Guti\u00e9rrez contin\u00faa realizando\" \/>\n<meta property=\"og:url\" content=\"https:\/\/volcanes.net\/?p=11127\" \/>\n<meta property=\"og:site_name\" content=\"Volcanes\" \/>\n<meta property=\"article:publisher\" content=\"https:\/\/www.facebook.com\/volcanes.net\/\" \/>\n<meta property=\"article:published_time\" content=\"2021-05-04T19:17:18+00:00\" \/>\n<meta property=\"og:image\" content=\"https:\/\/volcanes.net\/wp-content\/uploads\/2021\/05\/FB_IMG_1620140100166.jpg\" \/>\n\t<meta property=\"og:image:width\" content=\"721\" \/>\n\t<meta property=\"og:image:height\" content=\"480\" \/>\n\t<meta property=\"og:image:type\" content=\"image\/jpeg\" \/>\n<meta name=\"author\" content=\"admin\" \/>\n<meta name=\"twitter:card\" content=\"summary_large_image\" \/>\n<meta name=\"twitter:label1\" content=\"Escrito por\" \/>\n\t<meta name=\"twitter:data1\" content=\"admin\" \/>\n\t<meta name=\"twitter:label2\" content=\"Tiempo de lectura\" \/>\n\t<meta name=\"twitter:data2\" content=\"1 minuto\" \/>\n<script type=\"application\/ld+json\" class=\"yoast-schema-graph\">{\"@context\":\"https:\/\/schema.org\",\"@graph\":[{\"@type\":\"Article\",\"@id\":\"https:\/\/volcanes.net\/?p=11127#article\",\"isPartOf\":{\"@id\":\"https:\/\/volcanes.net\/?p=11127\"},\"author\":{\"name\":\"admin\",\"@id\":\"https:\/\/volcanes.net\/#\/schema\/person\/4bf0f383940966a4abd53f5048c0e6b9\"},\"headline\":\"&#8220;El progreso en Chalco no se detendr\u00e1&#8221;; Miguel Guti\u00e9rrez\",\"datePublished\":\"2021-05-04T19:17:18+00:00\",\"mainEntityOfPage\":{\"@id\":\"https:\/\/volcanes.net\/?p=11127\"},\"wordCount\":205,\"commentCount\":0,\"publisher\":{\"@id\":\"https:\/\/volcanes.net\/#organization\"},\"image\":{\"@id\":\"https:\/\/volcanes.net\/?p=11127#primaryimage\"},\"thumbnailUrl\":\"https:\/\/volcanes.net\/wp-content\/uploads\/2021\/05\/FB_IMG_1620140100166.jpg\",\"keywords\":[\"Chalco\"],\"articleSection\":[\"Municipales\"],\"inLanguage\":\"es\",\"potentialAction\":[{\"@type\":\"CommentAction\",\"name\":\"Comment\",\"target\":[\"https:\/\/volcanes.net\/?p=11127#respond\"]}]},{\"@type\":\"WebPage\",\"@id\":\"https:\/\/volcanes.net\/?p=11127\",\"url\":\"https:\/\/volcanes.net\/?p=11127\",\"name\":\"\\\"El progreso en Chalco no se detendr\u00e1\\\"; Miguel Guti\u00e9rrez - Volcanes\",\"isPartOf\":{\"@id\":\"https:\/\/volcanes.net\/#website\"},\"primaryImageOfPage\":{\"@id\":\"https:\/\/volcanes.net\/?p=11127#primaryimage\"},\"image\":{\"@id\":\"https:\/\/volcanes.net\/?p=11127#primaryimage\"},\"thumbnailUrl\":\"https:\/\/volcanes.net\/wp-content\/uploads\/2021\/05\/FB_IMG_1620140100166.jpg\",\"datePublished\":\"2021-05-04T19:17:18+00:00\",\"breadcrumb\":{\"@id\":\"https:\/\/volcanes.net\/?p=11127#breadcrumb\"},\"inLanguage\":\"es\",\"potentialAction\":[{\"@type\":\"ReadAction\",\"target\":[\"https:\/\/volcanes.net\/?p=11127\"]}]},{\"@type\":\"ImageObject\",\"inLanguage\":\"es\",\"@id\":\"https:\/\/volcanes.net\/?p=11127#primaryimage\",\"url\":\"https:\/\/volcanes.net\/wp-content\/uploads\/2021\/05\/FB_IMG_1620140100166.jpg\",\"contentUrl\":\"https:\/\/volcanes.net\/wp-content\/uploads\/2021\/05\/FB_IMG_1620140100166.jpg\",\"width\":721,\"height\":480},{\"@type\":\"BreadcrumbList\",\"@id\":\"https:\/\/volcanes.net\/?p=11127#breadcrumb\",\"itemListElement\":[{\"@type\":\"ListItem\",\"position\":1,\"name\":\"Portada\",\"item\":\"https:\/\/volcanes.net\/\"},{\"@type\":\"ListItem\",\"position\":2,\"name\":\"&#8220;El progreso en Chalco no se detendr\u00e1&#8221;; Miguel Guti\u00e9rrez\"}]},{\"@type\":\"WebSite\",\"@id\":\"https:\/\/volcanes.net\/#website\",\"url\":\"https:\/\/volcanes.net\/\",\"name\":\"Volcanes.Net\",\"description\":\"Periodismo Profesional\",\"publisher\":{\"@id\":\"https:\/\/volcanes.net\/#organization\"},\"potentialAction\":[{\"@type\":\"SearchAction\",\"target\":{\"@type\":\"EntryPoint\",\"urlTemplate\":\"https:\/\/volcanes.net\/?s={search_term_string}\"},\"query-input\":{\"@type\":\"PropertyValueSpecification\",\"valueRequired\":true,\"valueName\":\"search_term_string\"}}],\"inLanguage\":\"es\"},{\"@type\":\"Organization\",\"@id\":\"https:\/\/volcanes.net\/#organization\",\"name\":\"Grupo Volcanes\",\"url\":\"https:\/\/volcanes.net\/\",\"logo\":{\"@type\":\"ImageObject\",\"inLanguage\":\"es\",\"@id\":\"https:\/\/volcanes.net\/#\/schema\/logo\/image\/\",\"url\":\"http:\/\/volcanes.net\/wp-content\/uploads\/2017\/12\/Avatar2.jpg\",\"contentUrl\":\"http:\/\/volcanes.net\/wp-content\/uploads\/2017\/12\/Avatar2.jpg\",\"width\":378,\"height\":378,\"caption\":\"Grupo Volcanes\"},\"image\":{\"@id\":\"https:\/\/volcanes.net\/#\/schema\/logo\/image\/\"},\"sameAs\":[\"https:\/\/www.facebook.com\/volcanes.net\/\"]},{\"@type\":\"Person\",\"@id\":\"https:\/\/volcanes.net\/#\/schema\/person\/4bf0f383940966a4abd53f5048c0e6b9\",\"name\":\"admin\",\"image\":{\"@type\":\"ImageObject\",\"inLanguage\":\"es\",\"@id\":\"https:\/\/volcanes.net\/#\/schema\/person\/image\/\",\"url\":\"https:\/\/secure.gravatar.com\/avatar\/ca004e6cba8462b8cb7abc86e382930c?s=96&d=mm&r=g\",\"contentUrl\":\"https:\/\/secure.gravatar.com\/avatar\/ca004e6cba8462b8cb7abc86e382930c?s=96&d=mm&r=g\",\"caption\":\"admin\"}}]}<\/script>\n<!-- \/ Yoast SEO plugin. -->","yoast_head_json":{"title":"\"El progreso en Chalco no se detendr\u00e1\"; Miguel Guti\u00e9rrez - Volcanes","robots":{"index":"index","follow":"follow","max-snippet":"max-snippet:-1","max-image-preview":"max-image-preview:large","max-video-preview":"max-video-preview:-1"},"canonical":"https:\/\/volcanes.net\/?p=11127","og_locale":"es_MX","og_type":"article","og_title":"\"El progreso en Chalco no se detendr\u00e1\"; Miguel Guti\u00e9rrez - Volcanes","og_description":"Chalco, Estado de M\u00e9xico.- Rumbo a las elecciones 2021, el Morenista Miguel Guti\u00e9rrez contin\u00faa realizando","og_url":"https:\/\/volcanes.net\/?p=11127","og_site_name":"Volcanes","article_publisher":"https:\/\/www.facebook.com\/volcanes.net\/","article_published_time":"2021-05-04T19:17:18+00:00","og_image":[{"width":721,"height":480,"url":"https:\/\/volcanes.net\/wp-content\/uploads\/2021\/05\/FB_IMG_1620140100166.jpg","type":"image\/jpeg"}],"author":"admin","twitter_card":"summary_large_image","twitter_misc":{"Escrito por":"admin","Tiempo de lectura":"1 minuto"},"schema":{"@context":"https:\/\/schema.org","@graph":[{"@type":"Article","@id":"https:\/\/volcanes.net\/?p=11127#article","isPartOf":{"@id":"https:\/\/volcanes.net\/?p=11127"},"author":{"name":"admin","@id":"https:\/\/volcanes.net\/#\/schema\/person\/4bf0f383940966a4abd53f5048c0e6b9"},"headline":"&#8220;El progreso en Chalco no se detendr\u00e1&#8221;; Miguel Guti\u00e9rrez","datePublished":"2021-05-04T19:17:18+00:00","mainEntityOfPage":{"@id":"https:\/\/volcanes.net\/?p=11127"},"wordCount":205,"commentCount":0,"publisher":{"@id":"https:\/\/volcanes.net\/#organization"},"image":{"@id":"https:\/\/volcanes.net\/?p=11127#primaryimage"},"thumbnailUrl":"https:\/\/volcanes.net\/wp-content\/uploads\/2021\/05\/FB_IMG_1620140100166.jpg","keywords":["Chalco"],"articleSection":["Municipales"],"inLanguage":"es","potentialAction":[{"@type":"CommentAction","name":"Comment","target":["https:\/\/volcanes.net\/?p=11127#respond"]}]},{"@type":"WebPage","@id":"https:\/\/volcanes.net\/?p=11127","url":"https:\/\/volcanes.net\/?p=11127","name":"\"El progreso en Chalco no se detendr\u00e1\"; Miguel Guti\u00e9rrez - Volcanes","isPartOf":{"@id":"https:\/\/volcanes.net\/#website"},"primaryImageOfPage":{"@id":"https:\/\/volcanes.net\/?p=11127#primaryimage"},"image":{"@id":"https:\/\/volcanes.net\/?p=11127#primaryimage"},"thumbnailUrl":"https:\/\/volcanes.net\/wp-content\/uploads\/2021\/05\/FB_IMG_1620140100166.jpg","datePublished":"2021-05-04T19:17:18+00:00","breadcrumb":{"@id":"https:\/\/volcanes.net\/?p=11127#breadcrumb"},"inLanguage":"es","potentialAction":[{"@type":"ReadAction","target":["https:\/\/volcanes.net\/?p=11127"]}]},{"@type":"ImageObject","inLanguage":"es","@id":"https:\/\/volcanes.net\/?p=11127#primaryimage","url":"https:\/\/volcanes.net\/wp-content\/uploads\/2021\/05\/FB_IMG_1620140100166.jpg","contentUrl":"https:\/\/volcanes.net\/wp-content\/uploads\/2021\/05\/FB_IMG_1620140100166.jpg","width":721,"height":480},{"@type":"BreadcrumbList","@id":"https:\/\/volcanes.net\/?p=11127#breadcrumb","itemListElement":[{"@type":"ListItem","position":1,"name":"Portada","item":"https:\/\/volcanes.net\/"},{"@type":"ListItem","position":2,"name":"&#8220;El progreso en Chalco no se detendr\u00e1&#8221;; Miguel Guti\u00e9rrez"}]},{"@type":"WebSite","@id":"https:\/\/volcanes.net\/#website","url":"https:\/\/volcanes.net\/","name":"Volcanes.Net","description":"Periodismo Profesional","publisher":{"@id":"https:\/\/volcanes.net\/#organization"},"potentialAction":[{"@type":"SearchAction","target":{"@type":"EntryPoint","urlTemplate":"https:\/\/volcanes.net\/?s={search_term_string}"},"query-input":{"@type":"PropertyValueSpecification","valueRequired":true,"valueName":"search_term_string"}}],"inLanguage":"es"},{"@type":"Organization","@id":"https:\/\/volcanes.net\/#organization","name":"Grupo Volcanes","url":"https:\/\/volcanes.net\/","logo":{"@type":"ImageObject","inLanguage":"es","@id":"https:\/\/volcanes.net\/#\/schema\/logo\/image\/","url":"http:\/\/volcanes.net\/wp-content\/uploads\/2017\/12\/Avatar2.jpg","contentUrl":"http:\/\/volcanes.net\/wp-content\/uploads\/2017\/12\/Avatar2.jpg","width":378,"height":378,"caption":"Grupo Volcanes"},"image":{"@id":"https:\/\/volcanes.net\/#\/schema\/logo\/image\/"},"sameAs":["https:\/\/www.facebook.com\/volcanes.net\/"]},{"@type":"Person","@id":"https:\/\/volcanes.net\/#\/schema\/person\/4bf0f383940966a4abd53f5048c0e6b9","name":"admin","image":{"@type":"ImageObject","inLanguage":"es","@id":"https:\/\/volcanes.net\/#\/schema\/person\/image\/","url":"https:\/\/secure.gravatar.com\/avatar\/ca004e6cba8462b8cb7abc86e382930c?s=96&d=mm&r=g","contentUrl":"https:\/\/secure.gravatar.com\/avatar\/ca004e6cba8462b8cb7abc86e382930c?s=96&d=mm&r=g","caption":"admin"}}]}},"_links":{"self":[{"href":"https:\/\/volcanes.net\/index.php?rest_route=\/wp\/v2\/posts\/11127"}],"collection":[{"href":"https:\/\/volcanes.net\/index.php?rest_route=\/wp\/v2\/posts"}],"about":[{"href":"https:\/\/volcanes.net\/index.php?rest_route=\/wp\/v2\/types\/post"}],"author":[{"embeddable":true,"href":"https:\/\/volcanes.net\/index.php?rest_route=\/wp\/v2\/users\/1"}],"replies":[{"embeddable":true,"href":"https:\/\/volcanes.net\/index.php?rest_route=%2Fwp%2Fv2%2Fcomments&post=11127"}],"version-history":[{"count":1,"href":"https:\/\/volcanes.net\/index.php?rest_route=\/wp\/v2\/posts\/11127\/revisions"}],"predecessor-version":[{"id":11129,"href":"https:\/\/volcanes.net\/index.php?rest_route=\/wp\/v2\/posts\/11127\/revisions\/11129"}],"wp:featuredmedia":[{"embeddable":true,"href":"https:\/\/volcanes.net\/index.php?rest_route=\/wp\/v2\/media\/11128"}],"wp:attachment":[{"href":"https:\/\/volcanes.net\/index.php?rest_route=%2Fwp%2Fv2%2Fmedia&parent=11127"}],"wp:term":[{"taxonomy":"category","embeddable":true,"href":"https:\/\/volcanes.net\/index.php?rest_route=%2Fwp%2Fv2%2Fcategories&post=11127"},{"taxonomy":"post_tag","embeddable":true,"href":"https:\/\/volcanes.net\/index.php?rest_route=%2Fwp%2Fv2%2Ftags&post=11127"}],"curies":[{"name":"wp","href":"https:\/\/api.w.org\/{rel}","templated":true}]}}