{"id":11130,"date":"2021-05-04T13:23:34","date_gmt":"2021-05-04T19:23:34","guid":{"rendered":"http:\/\/volcanes.net\/?p=11130"},"modified":"2021-05-04T13:23:34","modified_gmt":"2021-05-04T19:23:34","slug":"anais-burgos-realiza-un-recorrido-y-entrega-informacion-a-toda-la-ciudadania-en-el-centro-de-chalco","status":"publish","type":"post","link":"https:\/\/volcanes.net\/?p=11130","title":{"rendered":"Ana\u00eds Burgos realiza un recorrido y entrega informaci\u00f3n a toda la ciudadan\u00eda en el centro de Chalco"},"content":{"rendered":"<div style=\"margin-top: 0px; margin-bottom: 0px;\" class=\"sharethis-inline-share-buttons\" ><\/div><p style=\"text-align: justify;\">Chalco, Estado de M\u00e9xico.- La candidata por el Distrito 1 que abarca los municipios de Chalco, Cocotitl\u00e1n y Temamatla Ana\u00eds Burgos Hern\u00e1ndez, contin\u00faa con los recorridos en calles y delegaciones de este municipio en su campa\u00f1a proselitista, por lo que en esta ocasi\u00f3n asisti\u00f3 al Centro de Chalco.<\/p>\n<p style=\"text-align: justify;\">En el transcurso del recorrido, Burgos Hern\u00e1ndez se detuvo a atender y escuchar las necesidades de los vecinos, ya que se\u00f1ala que es de suma importancia escuchar a la ciudadan\u00eda para seguir impulsando los municipios y juntos consolidar la 4T.<\/p>\n<p style=\"text-align: justify;\">En entrevista para Volcanes Multimedios, la candidata por el Distrito 1 coment\u00f3 que en Morena realizan una pr\u00e1ctica cotidiana que consiste tocar casa por casa, acercando a la ciudadan\u00eda la informaci\u00f3n; sin embargo, en este tiempo de campa\u00f1a electoral 2021, informan a la ciudadan\u00eda sobre las propuestas legislativas y del porque quieren llegar a ser representantes de la legislatura.<\/p>\n<p style=\"text-align: justify;\">As\u00ed mismo, Burgos Hern\u00e1ndez coment\u00f3 que para ella es importante acercarse a los diferentes sectores poblacionales, por lo que\u00a0 durante su recorrido en el Centro de Chalco, visit\u00f3 a los locatarios del Mercado Tradicional de Chalco, con ello reafirm\u00f3 su compromiso con los comerciantes para seguir trabajando en conjunto.<\/p>\n<p style=\"text-align: justify;\">&#8220;Necesitamos seguir avanzando en la consolidaci\u00f3n de la #4T y regenerar el marco jur\u00eddico porque el Estado mexiquense lo exige&#8221;, dijo Burgos Hern\u00e1ndez.<\/p>\n<p style=\"text-align: justify;\">As\u00ed mismo, Ana\u00eds Burgos invit\u00f3 a la ciudadan\u00eda a votar este 6 de junio por las y los candidatos de la coalici\u00f3n.<\/p>\n","protected":false},"excerpt":{"rendered":"<p>Chalco, Estado de M\u00e9xico.- La candidata por el Distrito 1 que abarca los municipios de<\/p>\n","protected":false},"author":1,"featured_media":11131,"comment_status":"open","ping_status":"open","sticky":false,"template":"","format":"standard","meta":{"footnotes":""},"categories":[1],"tags":[9],"class_list":["post-11130","post","type-post","status-publish","format-standard","has-post-thumbnail","hentry","category-municipales","tag-chalco"],"yoast_head":"<!-- This site is optimized with the Yoast SEO plugin v25.3 - https:\/\/yoast.com\/wordpress\/plugins\/seo\/ -->\n<title>Ana\u00eds Burgos realiza un recorrido y entrega informaci\u00f3n a toda la ciudadan\u00eda en el centro de Chalco - Volcanes<\/title>\n<meta name=\"robots\" content=\"index, follow, max-snippet:-1, max-image-preview:large, max-video-preview:-1\" \/>\n<link rel=\"canonical\" href=\"https:\/\/volcanes.net\/?p=11130\" \/>\n<meta property=\"og:locale\" content=\"es_MX\" \/>\n<meta property=\"og:type\" content=\"article\" \/>\n<meta property=\"og:title\" content=\"Ana\u00eds Burgos realiza un recorrido y entrega informaci\u00f3n a toda la ciudadan\u00eda en el centro de Chalco - Volcanes\" \/>\n<meta property=\"og:description\" content=\"Chalco, Estado de M\u00e9xico.- La candidata por el Distrito 1 que abarca los municipios de\" \/>\n<meta property=\"og:url\" content=\"https:\/\/volcanes.net\/?p=11130\" \/>\n<meta property=\"og:site_name\" content=\"Volcanes\" \/>\n<meta property=\"article:publisher\" content=\"https:\/\/www.facebook.com\/volcanes.net\/\" \/>\n<meta property=\"article:published_time\" content=\"2021-05-04T19:23:34+00:00\" \/>\n<meta property=\"og:image\" content=\"https:\/\/volcanes.net\/wp-content\/uploads\/2021\/05\/FB_IMG_1620150714915.jpg\" \/>\n\t<meta property=\"og:image:width\" content=\"720\" \/>\n\t<meta property=\"og:image:height\" content=\"540\" \/>\n\t<meta property=\"og:image:type\" content=\"image\/jpeg\" \/>\n<meta name=\"author\" content=\"admin\" \/>\n<meta name=\"twitter:card\" content=\"summary_large_image\" \/>\n<meta name=\"twitter:label1\" content=\"Escrito por\" \/>\n\t<meta name=\"twitter:data1\" content=\"admin\" \/>\n\t<meta name=\"twitter:label2\" content=\"Tiempo de lectura\" \/>\n\t<meta name=\"twitter:data2\" content=\"1 minuto\" \/>\n<script type=\"application\/ld+json\" class=\"yoast-schema-graph\">{\"@context\":\"https:\/\/schema.org\",\"@graph\":[{\"@type\":\"Article\",\"@id\":\"https:\/\/volcanes.net\/?p=11130#article\",\"isPartOf\":{\"@id\":\"https:\/\/volcanes.net\/?p=11130\"},\"author\":{\"name\":\"admin\",\"@id\":\"https:\/\/volcanes.net\/#\/schema\/person\/4bf0f383940966a4abd53f5048c0e6b9\"},\"headline\":\"Ana\u00eds Burgos realiza un recorrido y entrega informaci\u00f3n a toda la ciudadan\u00eda en el centro de Chalco\",\"datePublished\":\"2021-05-04T19:23:34+00:00\",\"mainEntityOfPage\":{\"@id\":\"https:\/\/volcanes.net\/?p=11130\"},\"wordCount\":280,\"commentCount\":0,\"publisher\":{\"@id\":\"https:\/\/volcanes.net\/#organization\"},\"image\":{\"@id\":\"https:\/\/volcanes.net\/?p=11130#primaryimage\"},\"thumbnailUrl\":\"https:\/\/volcanes.net\/wp-content\/uploads\/2021\/05\/FB_IMG_1620150714915.jpg\",\"keywords\":[\"Chalco\"],\"articleSection\":[\"Municipales\"],\"inLanguage\":\"es\",\"potentialAction\":[{\"@type\":\"CommentAction\",\"name\":\"Comment\",\"target\":[\"https:\/\/volcanes.net\/?p=11130#respond\"]}]},{\"@type\":\"WebPage\",\"@id\":\"https:\/\/volcanes.net\/?p=11130\",\"url\":\"https:\/\/volcanes.net\/?p=11130\",\"name\":\"Ana\u00eds Burgos realiza un recorrido y entrega informaci\u00f3n a toda la ciudadan\u00eda en el centro de Chalco - Volcanes\",\"isPartOf\":{\"@id\":\"https:\/\/volcanes.net\/#website\"},\"primaryImageOfPage\":{\"@id\":\"https:\/\/volcanes.net\/?p=11130#primaryimage\"},\"image\":{\"@id\":\"https:\/\/volcanes.net\/?p=11130#primaryimage\"},\"thumbnailUrl\":\"https:\/\/volcanes.net\/wp-content\/uploads\/2021\/05\/FB_IMG_1620150714915.jpg\",\"datePublished\":\"2021-05-04T19:23:34+00:00\",\"breadcrumb\":{\"@id\":\"https:\/\/volcanes.net\/?p=11130#breadcrumb\"},\"inLanguage\":\"es\",\"potentialAction\":[{\"@type\":\"ReadAction\",\"target\":[\"https:\/\/volcanes.net\/?p=11130\"]}]},{\"@type\":\"ImageObject\",\"inLanguage\":\"es\",\"@id\":\"https:\/\/volcanes.net\/?p=11130#primaryimage\",\"url\":\"https:\/\/volcanes.net\/wp-content\/uploads\/2021\/05\/FB_IMG_1620150714915.jpg\",\"contentUrl\":\"https:\/\/volcanes.net\/wp-content\/uploads\/2021\/05\/FB_IMG_1620150714915.jpg\",\"width\":720,\"height\":540},{\"@type\":\"BreadcrumbList\",\"@id\":\"https:\/\/volcanes.net\/?p=11130#breadcrumb\",\"itemListElement\":[{\"@type\":\"ListItem\",\"position\":1,\"name\":\"Portada\",\"item\":\"https:\/\/volcanes.net\/\"},{\"@type\":\"ListItem\",\"position\":2,\"name\":\"Ana\u00eds Burgos realiza un recorrido y entrega informaci\u00f3n a toda la ciudadan\u00eda en el centro de Chalco\"}]},{\"@type\":\"WebSite\",\"@id\":\"https:\/\/volcanes.net\/#website\",\"url\":\"https:\/\/volcanes.net\/\",\"name\":\"Volcanes.Net\",\"description\":\"Periodismo Profesional\",\"publisher\":{\"@id\":\"https:\/\/volcanes.net\/#organization\"},\"potentialAction\":[{\"@type\":\"SearchAction\",\"target\":{\"@type\":\"EntryPoint\",\"urlTemplate\":\"https:\/\/volcanes.net\/?s={search_term_string}\"},\"query-input\":{\"@type\":\"PropertyValueSpecification\",\"valueRequired\":true,\"valueName\":\"search_term_string\"}}],\"inLanguage\":\"es\"},{\"@type\":\"Organization\",\"@id\":\"https:\/\/volcanes.net\/#organization\",\"name\":\"Grupo Volcanes\",\"url\":\"https:\/\/volcanes.net\/\",\"logo\":{\"@type\":\"ImageObject\",\"inLanguage\":\"es\",\"@id\":\"https:\/\/volcanes.net\/#\/schema\/logo\/image\/\",\"url\":\"http:\/\/volcanes.net\/wp-content\/uploads\/2017\/12\/Avatar2.jpg\",\"contentUrl\":\"http:\/\/volcanes.net\/wp-content\/uploads\/2017\/12\/Avatar2.jpg\",\"width\":378,\"height\":378,\"caption\":\"Grupo Volcanes\"},\"image\":{\"@id\":\"https:\/\/volcanes.net\/#\/schema\/logo\/image\/\"},\"sameAs\":[\"https:\/\/www.facebook.com\/volcanes.net\/\"]},{\"@type\":\"Person\",\"@id\":\"https:\/\/volcanes.net\/#\/schema\/person\/4bf0f383940966a4abd53f5048c0e6b9\",\"name\":\"admin\",\"image\":{\"@type\":\"ImageObject\",\"inLanguage\":\"es\",\"@id\":\"https:\/\/volcanes.net\/#\/schema\/person\/image\/\",\"url\":\"https:\/\/secure.gravatar.com\/avatar\/ca004e6cba8462b8cb7abc86e382930c?s=96&d=mm&r=g\",\"contentUrl\":\"https:\/\/secure.gravatar.com\/avatar\/ca004e6cba8462b8cb7abc86e382930c?s=96&d=mm&r=g\",\"caption\":\"admin\"}}]}<\/script>\n<!-- \/ Yoast SEO plugin. -->","yoast_head_json":{"title":"Ana\u00eds Burgos realiza un recorrido y entrega informaci\u00f3n a toda la ciudadan\u00eda en el centro de Chalco - Volcanes","robots":{"index":"index","follow":"follow","max-snippet":"max-snippet:-1","max-image-preview":"max-image-preview:large","max-video-preview":"max-video-preview:-1"},"canonical":"https:\/\/volcanes.net\/?p=11130","og_locale":"es_MX","og_type":"article","og_title":"Ana\u00eds Burgos realiza un recorrido y entrega informaci\u00f3n a toda la ciudadan\u00eda en el centro de Chalco - Volcanes","og_description":"Chalco, Estado de M\u00e9xico.- La candidata por el Distrito 1 que abarca los municipios de","og_url":"https:\/\/volcanes.net\/?p=11130","og_site_name":"Volcanes","article_publisher":"https:\/\/www.facebook.com\/volcanes.net\/","article_published_time":"2021-05-04T19:23:34+00:00","og_image":[{"width":720,"height":540,"url":"https:\/\/volcanes.net\/wp-content\/uploads\/2021\/05\/FB_IMG_1620150714915.jpg","type":"image\/jpeg"}],"author":"admin","twitter_card":"summary_large_image","twitter_misc":{"Escrito por":"admin","Tiempo de lectura":"1 minuto"},"schema":{"@context":"https:\/\/schema.org","@graph":[{"@type":"Article","@id":"https:\/\/volcanes.net\/?p=11130#article","isPartOf":{"@id":"https:\/\/volcanes.net\/?p=11130"},"author":{"name":"admin","@id":"https:\/\/volcanes.net\/#\/schema\/person\/4bf0f383940966a4abd53f5048c0e6b9"},"headline":"Ana\u00eds Burgos realiza un recorrido y entrega informaci\u00f3n a toda la ciudadan\u00eda en el centro de Chalco","datePublished":"2021-05-04T19:23:34+00:00","mainEntityOfPage":{"@id":"https:\/\/volcanes.net\/?p=11130"},"wordCount":280,"commentCount":0,"publisher":{"@id":"https:\/\/volcanes.net\/#organization"},"image":{"@id":"https:\/\/volcanes.net\/?p=11130#primaryimage"},"thumbnailUrl":"https:\/\/volcanes.net\/wp-content\/uploads\/2021\/05\/FB_IMG_1620150714915.jpg","keywords":["Chalco"],"articleSection":["Municipales"],"inLanguage":"es","potentialAction":[{"@type":"CommentAction","name":"Comment","target":["https:\/\/volcanes.net\/?p=11130#respond"]}]},{"@type":"WebPage","@id":"https:\/\/volcanes.net\/?p=11130","url":"https:\/\/volcanes.net\/?p=11130","name":"Ana\u00eds Burgos realiza un recorrido y entrega informaci\u00f3n a toda la ciudadan\u00eda en el centro de Chalco - Volcanes","isPartOf":{"@id":"https:\/\/volcanes.net\/#website"},"primaryImageOfPage":{"@id":"https:\/\/volcanes.net\/?p=11130#primaryimage"},"image":{"@id":"https:\/\/volcanes.net\/?p=11130#primaryimage"},"thumbnailUrl":"https:\/\/volcanes.net\/wp-content\/uploads\/2021\/05\/FB_IMG_1620150714915.jpg","datePublished":"2021-05-04T19:23:34+00:00","breadcrumb":{"@id":"https:\/\/volcanes.net\/?p=11130#breadcrumb"},"inLanguage":"es","potentialAction":[{"@type":"ReadAction","target":["https:\/\/volcanes.net\/?p=11130"]}]},{"@type":"ImageObject","inLanguage":"es","@id":"https:\/\/volcanes.net\/?p=11130#primaryimage","url":"https:\/\/volcanes.net\/wp-content\/uploads\/2021\/05\/FB_IMG_1620150714915.jpg","contentUrl":"https:\/\/volcanes.net\/wp-content\/uploads\/2021\/05\/FB_IMG_1620150714915.jpg","width":720,"height":540},{"@type":"BreadcrumbList","@id":"https:\/\/volcanes.net\/?p=11130#breadcrumb","itemListElement":[{"@type":"ListItem","position":1,"name":"Portada","item":"https:\/\/volcanes.net\/"},{"@type":"ListItem","position":2,"name":"Ana\u00eds Burgos realiza un recorrido y entrega informaci\u00f3n a toda la ciudadan\u00eda en el centro de Chalco"}]},{"@type":"WebSite","@id":"https:\/\/volcanes.net\/#website","url":"https:\/\/volcanes.net\/","name":"Volcanes.Net","description":"Periodismo Profesional","publisher":{"@id":"https:\/\/volcanes.net\/#organization"},"potentialAction":[{"@type":"SearchAction","target":{"@type":"EntryPoint","urlTemplate":"https:\/\/volcanes.net\/?s={search_term_string}"},"query-input":{"@type":"PropertyValueSpecification","valueRequired":true,"valueName":"search_term_string"}}],"inLanguage":"es"},{"@type":"Organization","@id":"https:\/\/volcanes.net\/#organization","name":"Grupo Volcanes","url":"https:\/\/volcanes.net\/","logo":{"@type":"ImageObject","inLanguage":"es","@id":"https:\/\/volcanes.net\/#\/schema\/logo\/image\/","url":"http:\/\/volcanes.net\/wp-content\/uploads\/2017\/12\/Avatar2.jpg","contentUrl":"http:\/\/volcanes.net\/wp-content\/uploads\/2017\/12\/Avatar2.jpg","width":378,"height":378,"caption":"Grupo Volcanes"},"image":{"@id":"https:\/\/volcanes.net\/#\/schema\/logo\/image\/"},"sameAs":["https:\/\/www.facebook.com\/volcanes.net\/"]},{"@type":"Person","@id":"https:\/\/volcanes.net\/#\/schema\/person\/4bf0f383940966a4abd53f5048c0e6b9","name":"admin","image":{"@type":"ImageObject","inLanguage":"es","@id":"https:\/\/volcanes.net\/#\/schema\/person\/image\/","url":"https:\/\/secure.gravatar.com\/avatar\/ca004e6cba8462b8cb7abc86e382930c?s=96&d=mm&r=g","contentUrl":"https:\/\/secure.gravatar.com\/avatar\/ca004e6cba8462b8cb7abc86e382930c?s=96&d=mm&r=g","caption":"admin"}}]}},"_links":{"self":[{"href":"https:\/\/volcanes.net\/index.php?rest_route=\/wp\/v2\/posts\/11130"}],"collection":[{"href":"https:\/\/volcanes.net\/index.php?rest_route=\/wp\/v2\/posts"}],"about":[{"href":"https:\/\/volcanes.net\/index.php?rest_route=\/wp\/v2\/types\/post"}],"author":[{"embeddable":true,"href":"https:\/\/volcanes.net\/index.php?rest_route=\/wp\/v2\/users\/1"}],"replies":[{"embeddable":true,"href":"https:\/\/volcanes.net\/index.php?rest_route=%2Fwp%2Fv2%2Fcomments&post=11130"}],"version-history":[{"count":1,"href":"https:\/\/volcanes.net\/index.php?rest_route=\/wp\/v2\/posts\/11130\/revisions"}],"predecessor-version":[{"id":11132,"href":"https:\/\/volcanes.net\/index.php?rest_route=\/wp\/v2\/posts\/11130\/revisions\/11132"}],"wp:featuredmedia":[{"embeddable":true,"href":"https:\/\/volcanes.net\/index.php?rest_route=\/wp\/v2\/media\/11131"}],"wp:attachment":[{"href":"https:\/\/volcanes.net\/index.php?rest_route=%2Fwp%2Fv2%2Fmedia&parent=11130"}],"wp:term":[{"taxonomy":"category","embeddable":true,"href":"https:\/\/volcanes.net\/index.php?rest_route=%2Fwp%2Fv2%2Fcategories&post=11130"},{"taxonomy":"post_tag","embeddable":true,"href":"https:\/\/volcanes.net\/index.php?rest_route=%2Fwp%2Fv2%2Ftags&post=11130"}],"curies":[{"name":"wp","href":"https:\/\/api.w.org\/{rel}","templated":true}]}}