{"id":1116,"date":"2018-02-08T20:48:06","date_gmt":"2018-02-08T20:48:06","guid":{"rendered":"http:\/\/volcanes.net\/?p=1116"},"modified":"2018-02-08T20:48:06","modified_gmt":"2018-02-08T20:48:06","slug":"mas-de-18-mil-familias-han-sido-beneficiadas-con-la-entrega-de-cobertores-durante-la-temporada-invernal","status":"publish","type":"post","link":"https:\/\/volcanes.net\/?p=1116","title":{"rendered":"M\u00e1s de 18 mil familias han sido beneficiadas con la entrega de cobertores durante la temporada invernal"},"content":{"rendered":"<div style=\"margin-top: 0px; margin-bottom: 0px;\" class=\"sharethis-inline-share-buttons\" ><\/div><p>Ante las bajas temperaturas registradas en las \u00faltimas semanas, el DIFEM inici\u00f3 la entrega de m\u00e1s de 18 mil cobertores para que 18 mil familias, de los 12 municipios mexiquenses considerados de mayor riesgo durante esta temporada de fr\u00edo, prevengan enfermedades respiratorias.<\/p>\n<p>&nbsp;<\/p>\n<p>Miguel \u00c1ngel Torres, director general del DIFEM, entreg\u00f3 cobertores, canastas alimentarias, l\u00e1minas, bastones, andaderas y juguetes a las familias de escasos recursos que habitan en este municipio.<\/p>\n<p>&nbsp;<\/p>\n<p>Al visitar diversas viviendas, para identificar las necesidades que existen en esta regi\u00f3n de Jocotitl\u00e1n, el director del DIF estatal invit\u00f3 a los pobladores a solicitar los servicios de medicina y odontolog\u00eda que el organismo asistencial otorga gratuitamente, a trav\u00e9s de las Unidades M\u00e9dico Odontol\u00f3gicas que recorren los 125 municipios mexiquenses.<\/p>\n<p>&nbsp;<\/p>\n<p>En su recorrido por esta comunidad, Miguel \u00c1ngel Torres comparti\u00f3 algunas actividades cotidianas de los habitantes que, en su mayor\u00eda, se dedican a la agricultura, la preparaci\u00f3n de alimentos, as\u00ed como a la reproducci\u00f3n y venta de animales.<\/p>\n","protected":false},"excerpt":{"rendered":"<p>Ante las bajas temperaturas registradas en las \u00faltimas semanas, el DIFEM inici\u00f3 la entrega de<\/p>\n","protected":false},"author":1,"featured_media":1117,"comment_status":"open","ping_status":"open","sticky":false,"template":"","format":"standard","meta":{"footnotes":""},"categories":[1],"tags":[120,4,121],"class_list":["post-1116","post","type-post","status-publish","format-standard","has-post-thumbnail","hentry","category-municipales","tag-difem","tag-gobierno-del-estado-de-mexico","tag-jocotitlan"],"yoast_head":"<!-- This site is optimized with the Yoast SEO plugin v25.3 - https:\/\/yoast.com\/wordpress\/plugins\/seo\/ -->\n<title>M\u00e1s de 18 mil familias han sido beneficiadas con la entrega de cobertores durante la temporada invernal - Volcanes<\/title>\n<meta name=\"robots\" content=\"index, follow, max-snippet:-1, max-image-preview:large, max-video-preview:-1\" \/>\n<link rel=\"canonical\" href=\"https:\/\/volcanes.net\/?p=1116\" \/>\n<meta property=\"og:locale\" content=\"es_MX\" \/>\n<meta property=\"og:type\" content=\"article\" \/>\n<meta property=\"og:title\" content=\"M\u00e1s de 18 mil familias han sido beneficiadas con la entrega de cobertores durante la temporada invernal - Volcanes\" \/>\n<meta property=\"og:description\" content=\"Ante las bajas temperaturas registradas en las \u00faltimas semanas, el DIFEM inici\u00f3 la entrega de\" \/>\n<meta property=\"og:url\" content=\"https:\/\/volcanes.net\/?p=1116\" \/>\n<meta property=\"og:site_name\" content=\"Volcanes\" \/>\n<meta property=\"article:publisher\" content=\"https:\/\/www.facebook.com\/volcanes.net\/\" \/>\n<meta property=\"article:published_time\" content=\"2018-02-08T20:48:06+00:00\" \/>\n<meta property=\"og:image\" content=\"https:\/\/volcanes.net\/wp-content\/uploads\/2018\/02\/DSC8614-1.jpg\" \/>\n\t<meta property=\"og:image:width\" content=\"680\" \/>\n\t<meta property=\"og:image:height\" content=\"475\" \/>\n\t<meta property=\"og:image:type\" content=\"image\/jpeg\" \/>\n<meta name=\"author\" content=\"admin\" \/>\n<meta name=\"twitter:card\" content=\"summary_large_image\" \/>\n<meta name=\"twitter:label1\" content=\"Escrito por\" \/>\n\t<meta name=\"twitter:data1\" content=\"admin\" \/>\n\t<meta name=\"twitter:label2\" content=\"Tiempo de lectura\" \/>\n\t<meta name=\"twitter:data2\" content=\"1 minuto\" \/>\n<script type=\"application\/ld+json\" class=\"yoast-schema-graph\">{\"@context\":\"https:\/\/schema.org\",\"@graph\":[{\"@type\":\"Article\",\"@id\":\"https:\/\/volcanes.net\/?p=1116#article\",\"isPartOf\":{\"@id\":\"https:\/\/volcanes.net\/?p=1116\"},\"author\":{\"name\":\"admin\",\"@id\":\"https:\/\/volcanes.net\/#\/schema\/person\/4bf0f383940966a4abd53f5048c0e6b9\"},\"headline\":\"M\u00e1s de 18 mil familias han sido beneficiadas con la entrega de cobertores durante la temporada invernal\",\"datePublished\":\"2018-02-08T20:48:06+00:00\",\"mainEntityOfPage\":{\"@id\":\"https:\/\/volcanes.net\/?p=1116\"},\"wordCount\":186,\"commentCount\":0,\"publisher\":{\"@id\":\"https:\/\/volcanes.net\/#organization\"},\"image\":{\"@id\":\"https:\/\/volcanes.net\/?p=1116#primaryimage\"},\"thumbnailUrl\":\"https:\/\/volcanes.net\/wp-content\/uploads\/2018\/02\/DSC8614-1.jpg\",\"keywords\":[\"DIFEM\",\"Gobierno del Estado de M\u00e9xico\",\"Jocotitl\u00e1n\"],\"articleSection\":[\"Municipales\"],\"inLanguage\":\"es\",\"potentialAction\":[{\"@type\":\"CommentAction\",\"name\":\"Comment\",\"target\":[\"https:\/\/volcanes.net\/?p=1116#respond\"]}]},{\"@type\":\"WebPage\",\"@id\":\"https:\/\/volcanes.net\/?p=1116\",\"url\":\"https:\/\/volcanes.net\/?p=1116\",\"name\":\"M\u00e1s de 18 mil familias han sido beneficiadas con la entrega de cobertores durante la temporada invernal - Volcanes\",\"isPartOf\":{\"@id\":\"https:\/\/volcanes.net\/#website\"},\"primaryImageOfPage\":{\"@id\":\"https:\/\/volcanes.net\/?p=1116#primaryimage\"},\"image\":{\"@id\":\"https:\/\/volcanes.net\/?p=1116#primaryimage\"},\"thumbnailUrl\":\"https:\/\/volcanes.net\/wp-content\/uploads\/2018\/02\/DSC8614-1.jpg\",\"datePublished\":\"2018-02-08T20:48:06+00:00\",\"breadcrumb\":{\"@id\":\"https:\/\/volcanes.net\/?p=1116#breadcrumb\"},\"inLanguage\":\"es\",\"potentialAction\":[{\"@type\":\"ReadAction\",\"target\":[\"https:\/\/volcanes.net\/?p=1116\"]}]},{\"@type\":\"ImageObject\",\"inLanguage\":\"es\",\"@id\":\"https:\/\/volcanes.net\/?p=1116#primaryimage\",\"url\":\"https:\/\/volcanes.net\/wp-content\/uploads\/2018\/02\/DSC8614-1.jpg\",\"contentUrl\":\"https:\/\/volcanes.net\/wp-content\/uploads\/2018\/02\/DSC8614-1.jpg\",\"width\":680,\"height\":475},{\"@type\":\"BreadcrumbList\",\"@id\":\"https:\/\/volcanes.net\/?p=1116#breadcrumb\",\"itemListElement\":[{\"@type\":\"ListItem\",\"position\":1,\"name\":\"Portada\",\"item\":\"https:\/\/volcanes.net\/\"},{\"@type\":\"ListItem\",\"position\":2,\"name\":\"M\u00e1s de 18 mil familias han sido beneficiadas con la entrega de cobertores durante la temporada invernal\"}]},{\"@type\":\"WebSite\",\"@id\":\"https:\/\/volcanes.net\/#website\",\"url\":\"https:\/\/volcanes.net\/\",\"name\":\"Volcanes.Net\",\"description\":\"Periodismo Profesional\",\"publisher\":{\"@id\":\"https:\/\/volcanes.net\/#organization\"},\"potentialAction\":[{\"@type\":\"SearchAction\",\"target\":{\"@type\":\"EntryPoint\",\"urlTemplate\":\"https:\/\/volcanes.net\/?s={search_term_string}\"},\"query-input\":{\"@type\":\"PropertyValueSpecification\",\"valueRequired\":true,\"valueName\":\"search_term_string\"}}],\"inLanguage\":\"es\"},{\"@type\":\"Organization\",\"@id\":\"https:\/\/volcanes.net\/#organization\",\"name\":\"Grupo Volcanes\",\"url\":\"https:\/\/volcanes.net\/\",\"logo\":{\"@type\":\"ImageObject\",\"inLanguage\":\"es\",\"@id\":\"https:\/\/volcanes.net\/#\/schema\/logo\/image\/\",\"url\":\"http:\/\/volcanes.net\/wp-content\/uploads\/2017\/12\/Avatar2.jpg\",\"contentUrl\":\"http:\/\/volcanes.net\/wp-content\/uploads\/2017\/12\/Avatar2.jpg\",\"width\":378,\"height\":378,\"caption\":\"Grupo Volcanes\"},\"image\":{\"@id\":\"https:\/\/volcanes.net\/#\/schema\/logo\/image\/\"},\"sameAs\":[\"https:\/\/www.facebook.com\/volcanes.net\/\"]},{\"@type\":\"Person\",\"@id\":\"https:\/\/volcanes.net\/#\/schema\/person\/4bf0f383940966a4abd53f5048c0e6b9\",\"name\":\"admin\",\"image\":{\"@type\":\"ImageObject\",\"inLanguage\":\"es\",\"@id\":\"https:\/\/volcanes.net\/#\/schema\/person\/image\/\",\"url\":\"https:\/\/secure.gravatar.com\/avatar\/ca004e6cba8462b8cb7abc86e382930c?s=96&d=mm&r=g\",\"contentUrl\":\"https:\/\/secure.gravatar.com\/avatar\/ca004e6cba8462b8cb7abc86e382930c?s=96&d=mm&r=g\",\"caption\":\"admin\"}}]}<\/script>\n<!-- \/ Yoast SEO plugin. -->","yoast_head_json":{"title":"M\u00e1s de 18 mil familias han sido beneficiadas con la entrega de cobertores durante la temporada invernal - Volcanes","robots":{"index":"index","follow":"follow","max-snippet":"max-snippet:-1","max-image-preview":"max-image-preview:large","max-video-preview":"max-video-preview:-1"},"canonical":"https:\/\/volcanes.net\/?p=1116","og_locale":"es_MX","og_type":"article","og_title":"M\u00e1s de 18 mil familias han sido beneficiadas con la entrega de cobertores durante la temporada invernal - Volcanes","og_description":"Ante las bajas temperaturas registradas en las \u00faltimas semanas, el DIFEM inici\u00f3 la entrega de","og_url":"https:\/\/volcanes.net\/?p=1116","og_site_name":"Volcanes","article_publisher":"https:\/\/www.facebook.com\/volcanes.net\/","article_published_time":"2018-02-08T20:48:06+00:00","og_image":[{"width":680,"height":475,"url":"https:\/\/volcanes.net\/wp-content\/uploads\/2018\/02\/DSC8614-1.jpg","type":"image\/jpeg"}],"author":"admin","twitter_card":"summary_large_image","twitter_misc":{"Escrito por":"admin","Tiempo de lectura":"1 minuto"},"schema":{"@context":"https:\/\/schema.org","@graph":[{"@type":"Article","@id":"https:\/\/volcanes.net\/?p=1116#article","isPartOf":{"@id":"https:\/\/volcanes.net\/?p=1116"},"author":{"name":"admin","@id":"https:\/\/volcanes.net\/#\/schema\/person\/4bf0f383940966a4abd53f5048c0e6b9"},"headline":"M\u00e1s de 18 mil familias han sido beneficiadas con la entrega de cobertores durante la temporada invernal","datePublished":"2018-02-08T20:48:06+00:00","mainEntityOfPage":{"@id":"https:\/\/volcanes.net\/?p=1116"},"wordCount":186,"commentCount":0,"publisher":{"@id":"https:\/\/volcanes.net\/#organization"},"image":{"@id":"https:\/\/volcanes.net\/?p=1116#primaryimage"},"thumbnailUrl":"https:\/\/volcanes.net\/wp-content\/uploads\/2018\/02\/DSC8614-1.jpg","keywords":["DIFEM","Gobierno del Estado de M\u00e9xico","Jocotitl\u00e1n"],"articleSection":["Municipales"],"inLanguage":"es","potentialAction":[{"@type":"CommentAction","name":"Comment","target":["https:\/\/volcanes.net\/?p=1116#respond"]}]},{"@type":"WebPage","@id":"https:\/\/volcanes.net\/?p=1116","url":"https:\/\/volcanes.net\/?p=1116","name":"M\u00e1s de 18 mil familias han sido beneficiadas con la entrega de cobertores durante la temporada invernal - Volcanes","isPartOf":{"@id":"https:\/\/volcanes.net\/#website"},"primaryImageOfPage":{"@id":"https:\/\/volcanes.net\/?p=1116#primaryimage"},"image":{"@id":"https:\/\/volcanes.net\/?p=1116#primaryimage"},"thumbnailUrl":"https:\/\/volcanes.net\/wp-content\/uploads\/2018\/02\/DSC8614-1.jpg","datePublished":"2018-02-08T20:48:06+00:00","breadcrumb":{"@id":"https:\/\/volcanes.net\/?p=1116#breadcrumb"},"inLanguage":"es","potentialAction":[{"@type":"ReadAction","target":["https:\/\/volcanes.net\/?p=1116"]}]},{"@type":"ImageObject","inLanguage":"es","@id":"https:\/\/volcanes.net\/?p=1116#primaryimage","url":"https:\/\/volcanes.net\/wp-content\/uploads\/2018\/02\/DSC8614-1.jpg","contentUrl":"https:\/\/volcanes.net\/wp-content\/uploads\/2018\/02\/DSC8614-1.jpg","width":680,"height":475},{"@type":"BreadcrumbList","@id":"https:\/\/volcanes.net\/?p=1116#breadcrumb","itemListElement":[{"@type":"ListItem","position":1,"name":"Portada","item":"https:\/\/volcanes.net\/"},{"@type":"ListItem","position":2,"name":"M\u00e1s de 18 mil familias han sido beneficiadas con la entrega de cobertores durante la temporada invernal"}]},{"@type":"WebSite","@id":"https:\/\/volcanes.net\/#website","url":"https:\/\/volcanes.net\/","name":"Volcanes.Net","description":"Periodismo Profesional","publisher":{"@id":"https:\/\/volcanes.net\/#organization"},"potentialAction":[{"@type":"SearchAction","target":{"@type":"EntryPoint","urlTemplate":"https:\/\/volcanes.net\/?s={search_term_string}"},"query-input":{"@type":"PropertyValueSpecification","valueRequired":true,"valueName":"search_term_string"}}],"inLanguage":"es"},{"@type":"Organization","@id":"https:\/\/volcanes.net\/#organization","name":"Grupo Volcanes","url":"https:\/\/volcanes.net\/","logo":{"@type":"ImageObject","inLanguage":"es","@id":"https:\/\/volcanes.net\/#\/schema\/logo\/image\/","url":"http:\/\/volcanes.net\/wp-content\/uploads\/2017\/12\/Avatar2.jpg","contentUrl":"http:\/\/volcanes.net\/wp-content\/uploads\/2017\/12\/Avatar2.jpg","width":378,"height":378,"caption":"Grupo Volcanes"},"image":{"@id":"https:\/\/volcanes.net\/#\/schema\/logo\/image\/"},"sameAs":["https:\/\/www.facebook.com\/volcanes.net\/"]},{"@type":"Person","@id":"https:\/\/volcanes.net\/#\/schema\/person\/4bf0f383940966a4abd53f5048c0e6b9","name":"admin","image":{"@type":"ImageObject","inLanguage":"es","@id":"https:\/\/volcanes.net\/#\/schema\/person\/image\/","url":"https:\/\/secure.gravatar.com\/avatar\/ca004e6cba8462b8cb7abc86e382930c?s=96&d=mm&r=g","contentUrl":"https:\/\/secure.gravatar.com\/avatar\/ca004e6cba8462b8cb7abc86e382930c?s=96&d=mm&r=g","caption":"admin"}}]}},"_links":{"self":[{"href":"https:\/\/volcanes.net\/index.php?rest_route=\/wp\/v2\/posts\/1116"}],"collection":[{"href":"https:\/\/volcanes.net\/index.php?rest_route=\/wp\/v2\/posts"}],"about":[{"href":"https:\/\/volcanes.net\/index.php?rest_route=\/wp\/v2\/types\/post"}],"author":[{"embeddable":true,"href":"https:\/\/volcanes.net\/index.php?rest_route=\/wp\/v2\/users\/1"}],"replies":[{"embeddable":true,"href":"https:\/\/volcanes.net\/index.php?rest_route=%2Fwp%2Fv2%2Fcomments&post=1116"}],"version-history":[{"count":1,"href":"https:\/\/volcanes.net\/index.php?rest_route=\/wp\/v2\/posts\/1116\/revisions"}],"predecessor-version":[{"id":1118,"href":"https:\/\/volcanes.net\/index.php?rest_route=\/wp\/v2\/posts\/1116\/revisions\/1118"}],"wp:featuredmedia":[{"embeddable":true,"href":"https:\/\/volcanes.net\/index.php?rest_route=\/wp\/v2\/media\/1117"}],"wp:attachment":[{"href":"https:\/\/volcanes.net\/index.php?rest_route=%2Fwp%2Fv2%2Fmedia&parent=1116"}],"wp:term":[{"taxonomy":"category","embeddable":true,"href":"https:\/\/volcanes.net\/index.php?rest_route=%2Fwp%2Fv2%2Fcategories&post=1116"},{"taxonomy":"post_tag","embeddable":true,"href":"https:\/\/volcanes.net\/index.php?rest_route=%2Fwp%2Fv2%2Ftags&post=1116"}],"curies":[{"name":"wp","href":"https:\/\/api.w.org\/{rel}","templated":true}]}}