{"id":11202,"date":"2021-05-07T08:27:01","date_gmt":"2021-05-07T14:27:01","guid":{"rendered":"http:\/\/volcanes.net\/?p=11202"},"modified":"2021-05-07T08:27:01","modified_gmt":"2021-05-07T14:27:01","slug":"colaborador-de-logistica-de-miguel-gutierrez-fue-victima-de-un-ataque-armado-en-chalco","status":"publish","type":"post","link":"https:\/\/volcanes.net\/?p=11202","title":{"rendered":"Colaborador de log\u00edstica de Miguel Guti\u00e9rrez fue v\u00edctima de un ataque armado en Chalco"},"content":{"rendered":"<div style=\"margin-top: 0px; margin-bottom: 0px;\" class=\"sharethis-inline-share-buttons\" ><\/div><p style=\"text-align: justify;\">Chalco, Estado de M\u00e9xico.- Durante la noche de este jueves 06 de mayo, Fabi\u00e1n &#8220;N&#8221;, de 35 a\u00f1os de edad, colaborador en la log\u00edstica del candidato a la reelecci\u00f3n en Chalco, Miguel Guti\u00e9rrez Morales, recibi\u00f3 cuatro balazos en calles de dicho municipio.<\/p>\n<p style=\"text-align: justify;\">De acuerdo con los primeros reportes, los hechos se registraron cerca de las 20:35 horas cuando la v\u00edctima caminaba sobre la calle Covarrubias, entre bulevar Cuauht\u00e9moc esquina con Aquiles Serd\u00e1n, de la colonia Ejidal del municipio de Chalco, cuando se les acerc\u00f3 una moto con tres tripulantes y sin medir palabra uno de los sujetos le dispar\u00f3 a Fabi\u00e1n &#8220;N&#8221; en repetidas ocasiones.<\/p>\n<p style=\"text-align: justify;\">Al lugar arribaron elementos polic\u00edacos quienes se encargaron de resguardar la zona y param\u00e9dicos de la Cruz Roja para brindar atenci\u00f3n a la v\u00edctima m\u00e9dica.<\/p>\n<p style=\"text-align: justify;\">Al saber de la agresi\u00f3n a su colaborador, el candidato a la presidencia municipal de Chalco, Miguel Guti\u00e9rrez Morales, se traslad\u00f3 asta el lugar para ayudar a Fabi\u00e1n &#8220;N&#8221;.<\/p>\n<p style=\"text-align: justify;\">El aspirante a la reelecci\u00f3n confirm\u00f3 que Fabi\u00e1n es parte de su log\u00edstica y encargado de la publicidad, pero esperara que las autoridades hagan la investigaci\u00f3n correspondiente y dar con los presuntos responsables.<\/p>\n<p style=\"text-align: justify;\">Miguel Guti\u00e9rrez, dijo que espera que el ataque a su colaborador, no est\u00e9 relacionado con una agresi\u00f3n al proyecto de Morena en Chalco.<\/p>\n","protected":false},"excerpt":{"rendered":"<p>Chalco, Estado de M\u00e9xico.- Durante la noche de este jueves 06 de mayo, Fabi\u00e1n &#8220;N&#8221;,<\/p>\n","protected":false},"author":1,"featured_media":11203,"comment_status":"open","ping_status":"open","sticky":false,"template":"","format":"standard","meta":{"footnotes":""},"categories":[1],"tags":[9],"class_list":["post-11202","post","type-post","status-publish","format-standard","has-post-thumbnail","hentry","category-municipales","tag-chalco"],"yoast_head":"<!-- This site is optimized with the Yoast SEO plugin v25.3 - https:\/\/yoast.com\/wordpress\/plugins\/seo\/ -->\n<title>Colaborador de log\u00edstica de Miguel Guti\u00e9rrez fue v\u00edctima de un ataque armado en Chalco - Volcanes<\/title>\n<meta name=\"robots\" content=\"index, follow, max-snippet:-1, max-image-preview:large, max-video-preview:-1\" \/>\n<link rel=\"canonical\" href=\"https:\/\/volcanes.net\/?p=11202\" \/>\n<meta property=\"og:locale\" content=\"es_MX\" \/>\n<meta property=\"og:type\" content=\"article\" \/>\n<meta property=\"og:title\" content=\"Colaborador de log\u00edstica de Miguel Guti\u00e9rrez fue v\u00edctima de un ataque armado en Chalco - Volcanes\" \/>\n<meta property=\"og:description\" content=\"Chalco, Estado de M\u00e9xico.- Durante la noche de este jueves 06 de mayo, Fabi\u00e1n &#8220;N&#8221;,\" \/>\n<meta property=\"og:url\" content=\"https:\/\/volcanes.net\/?p=11202\" \/>\n<meta property=\"og:site_name\" content=\"Volcanes\" \/>\n<meta property=\"article:publisher\" content=\"https:\/\/www.facebook.com\/volcanes.net\/\" \/>\n<meta property=\"article:published_time\" content=\"2021-05-07T14:27:01+00:00\" \/>\n<meta property=\"og:image\" content=\"https:\/\/volcanes.net\/wp-content\/uploads\/2021\/05\/IMG-20210506-WA0443.jpg\" \/>\n\t<meta property=\"og:image:width\" content=\"768\" \/>\n\t<meta property=\"og:image:height\" content=\"512\" \/>\n\t<meta property=\"og:image:type\" content=\"image\/jpeg\" \/>\n<meta name=\"author\" content=\"admin\" \/>\n<meta name=\"twitter:card\" content=\"summary_large_image\" \/>\n<meta name=\"twitter:label1\" content=\"Escrito por\" \/>\n\t<meta name=\"twitter:data1\" content=\"admin\" \/>\n\t<meta name=\"twitter:label2\" content=\"Tiempo de lectura\" \/>\n\t<meta name=\"twitter:data2\" content=\"1 minuto\" \/>\n<script type=\"application\/ld+json\" class=\"yoast-schema-graph\">{\"@context\":\"https:\/\/schema.org\",\"@graph\":[{\"@type\":\"Article\",\"@id\":\"https:\/\/volcanes.net\/?p=11202#article\",\"isPartOf\":{\"@id\":\"https:\/\/volcanes.net\/?p=11202\"},\"author\":{\"name\":\"admin\",\"@id\":\"https:\/\/volcanes.net\/#\/schema\/person\/4bf0f383940966a4abd53f5048c0e6b9\"},\"headline\":\"Colaborador de log\u00edstica de Miguel Guti\u00e9rrez fue v\u00edctima de un ataque armado en Chalco\",\"datePublished\":\"2021-05-07T14:27:01+00:00\",\"mainEntityOfPage\":{\"@id\":\"https:\/\/volcanes.net\/?p=11202\"},\"wordCount\":254,\"commentCount\":0,\"publisher\":{\"@id\":\"https:\/\/volcanes.net\/#organization\"},\"image\":{\"@id\":\"https:\/\/volcanes.net\/?p=11202#primaryimage\"},\"thumbnailUrl\":\"https:\/\/volcanes.net\/wp-content\/uploads\/2021\/05\/IMG-20210506-WA0443.jpg\",\"keywords\":[\"Chalco\"],\"articleSection\":[\"Municipales\"],\"inLanguage\":\"es\",\"potentialAction\":[{\"@type\":\"CommentAction\",\"name\":\"Comment\",\"target\":[\"https:\/\/volcanes.net\/?p=11202#respond\"]}]},{\"@type\":\"WebPage\",\"@id\":\"https:\/\/volcanes.net\/?p=11202\",\"url\":\"https:\/\/volcanes.net\/?p=11202\",\"name\":\"Colaborador de log\u00edstica de Miguel Guti\u00e9rrez fue v\u00edctima de un ataque armado en Chalco - Volcanes\",\"isPartOf\":{\"@id\":\"https:\/\/volcanes.net\/#website\"},\"primaryImageOfPage\":{\"@id\":\"https:\/\/volcanes.net\/?p=11202#primaryimage\"},\"image\":{\"@id\":\"https:\/\/volcanes.net\/?p=11202#primaryimage\"},\"thumbnailUrl\":\"https:\/\/volcanes.net\/wp-content\/uploads\/2021\/05\/IMG-20210506-WA0443.jpg\",\"datePublished\":\"2021-05-07T14:27:01+00:00\",\"breadcrumb\":{\"@id\":\"https:\/\/volcanes.net\/?p=11202#breadcrumb\"},\"inLanguage\":\"es\",\"potentialAction\":[{\"@type\":\"ReadAction\",\"target\":[\"https:\/\/volcanes.net\/?p=11202\"]}]},{\"@type\":\"ImageObject\",\"inLanguage\":\"es\",\"@id\":\"https:\/\/volcanes.net\/?p=11202#primaryimage\",\"url\":\"https:\/\/volcanes.net\/wp-content\/uploads\/2021\/05\/IMG-20210506-WA0443.jpg\",\"contentUrl\":\"https:\/\/volcanes.net\/wp-content\/uploads\/2021\/05\/IMG-20210506-WA0443.jpg\",\"width\":768,\"height\":512},{\"@type\":\"BreadcrumbList\",\"@id\":\"https:\/\/volcanes.net\/?p=11202#breadcrumb\",\"itemListElement\":[{\"@type\":\"ListItem\",\"position\":1,\"name\":\"Portada\",\"item\":\"https:\/\/volcanes.net\/\"},{\"@type\":\"ListItem\",\"position\":2,\"name\":\"Colaborador de log\u00edstica de Miguel Guti\u00e9rrez fue v\u00edctima de un ataque armado en Chalco\"}]},{\"@type\":\"WebSite\",\"@id\":\"https:\/\/volcanes.net\/#website\",\"url\":\"https:\/\/volcanes.net\/\",\"name\":\"Volcanes.Net\",\"description\":\"Periodismo Profesional\",\"publisher\":{\"@id\":\"https:\/\/volcanes.net\/#organization\"},\"potentialAction\":[{\"@type\":\"SearchAction\",\"target\":{\"@type\":\"EntryPoint\",\"urlTemplate\":\"https:\/\/volcanes.net\/?s={search_term_string}\"},\"query-input\":{\"@type\":\"PropertyValueSpecification\",\"valueRequired\":true,\"valueName\":\"search_term_string\"}}],\"inLanguage\":\"es\"},{\"@type\":\"Organization\",\"@id\":\"https:\/\/volcanes.net\/#organization\",\"name\":\"Grupo Volcanes\",\"url\":\"https:\/\/volcanes.net\/\",\"logo\":{\"@type\":\"ImageObject\",\"inLanguage\":\"es\",\"@id\":\"https:\/\/volcanes.net\/#\/schema\/logo\/image\/\",\"url\":\"http:\/\/volcanes.net\/wp-content\/uploads\/2017\/12\/Avatar2.jpg\",\"contentUrl\":\"http:\/\/volcanes.net\/wp-content\/uploads\/2017\/12\/Avatar2.jpg\",\"width\":378,\"height\":378,\"caption\":\"Grupo Volcanes\"},\"image\":{\"@id\":\"https:\/\/volcanes.net\/#\/schema\/logo\/image\/\"},\"sameAs\":[\"https:\/\/www.facebook.com\/volcanes.net\/\"]},{\"@type\":\"Person\",\"@id\":\"https:\/\/volcanes.net\/#\/schema\/person\/4bf0f383940966a4abd53f5048c0e6b9\",\"name\":\"admin\",\"image\":{\"@type\":\"ImageObject\",\"inLanguage\":\"es\",\"@id\":\"https:\/\/volcanes.net\/#\/schema\/person\/image\/\",\"url\":\"https:\/\/secure.gravatar.com\/avatar\/ca004e6cba8462b8cb7abc86e382930c?s=96&d=mm&r=g\",\"contentUrl\":\"https:\/\/secure.gravatar.com\/avatar\/ca004e6cba8462b8cb7abc86e382930c?s=96&d=mm&r=g\",\"caption\":\"admin\"}}]}<\/script>\n<!-- \/ Yoast SEO plugin. -->","yoast_head_json":{"title":"Colaborador de log\u00edstica de Miguel Guti\u00e9rrez fue v\u00edctima de un ataque armado en Chalco - Volcanes","robots":{"index":"index","follow":"follow","max-snippet":"max-snippet:-1","max-image-preview":"max-image-preview:large","max-video-preview":"max-video-preview:-1"},"canonical":"https:\/\/volcanes.net\/?p=11202","og_locale":"es_MX","og_type":"article","og_title":"Colaborador de log\u00edstica de Miguel Guti\u00e9rrez fue v\u00edctima de un ataque armado en Chalco - Volcanes","og_description":"Chalco, Estado de M\u00e9xico.- Durante la noche de este jueves 06 de mayo, Fabi\u00e1n &#8220;N&#8221;,","og_url":"https:\/\/volcanes.net\/?p=11202","og_site_name":"Volcanes","article_publisher":"https:\/\/www.facebook.com\/volcanes.net\/","article_published_time":"2021-05-07T14:27:01+00:00","og_image":[{"width":768,"height":512,"url":"https:\/\/volcanes.net\/wp-content\/uploads\/2021\/05\/IMG-20210506-WA0443.jpg","type":"image\/jpeg"}],"author":"admin","twitter_card":"summary_large_image","twitter_misc":{"Escrito por":"admin","Tiempo de lectura":"1 minuto"},"schema":{"@context":"https:\/\/schema.org","@graph":[{"@type":"Article","@id":"https:\/\/volcanes.net\/?p=11202#article","isPartOf":{"@id":"https:\/\/volcanes.net\/?p=11202"},"author":{"name":"admin","@id":"https:\/\/volcanes.net\/#\/schema\/person\/4bf0f383940966a4abd53f5048c0e6b9"},"headline":"Colaborador de log\u00edstica de Miguel Guti\u00e9rrez fue v\u00edctima de un ataque armado en Chalco","datePublished":"2021-05-07T14:27:01+00:00","mainEntityOfPage":{"@id":"https:\/\/volcanes.net\/?p=11202"},"wordCount":254,"commentCount":0,"publisher":{"@id":"https:\/\/volcanes.net\/#organization"},"image":{"@id":"https:\/\/volcanes.net\/?p=11202#primaryimage"},"thumbnailUrl":"https:\/\/volcanes.net\/wp-content\/uploads\/2021\/05\/IMG-20210506-WA0443.jpg","keywords":["Chalco"],"articleSection":["Municipales"],"inLanguage":"es","potentialAction":[{"@type":"CommentAction","name":"Comment","target":["https:\/\/volcanes.net\/?p=11202#respond"]}]},{"@type":"WebPage","@id":"https:\/\/volcanes.net\/?p=11202","url":"https:\/\/volcanes.net\/?p=11202","name":"Colaborador de log\u00edstica de Miguel Guti\u00e9rrez fue v\u00edctima de un ataque armado en Chalco - Volcanes","isPartOf":{"@id":"https:\/\/volcanes.net\/#website"},"primaryImageOfPage":{"@id":"https:\/\/volcanes.net\/?p=11202#primaryimage"},"image":{"@id":"https:\/\/volcanes.net\/?p=11202#primaryimage"},"thumbnailUrl":"https:\/\/volcanes.net\/wp-content\/uploads\/2021\/05\/IMG-20210506-WA0443.jpg","datePublished":"2021-05-07T14:27:01+00:00","breadcrumb":{"@id":"https:\/\/volcanes.net\/?p=11202#breadcrumb"},"inLanguage":"es","potentialAction":[{"@type":"ReadAction","target":["https:\/\/volcanes.net\/?p=11202"]}]},{"@type":"ImageObject","inLanguage":"es","@id":"https:\/\/volcanes.net\/?p=11202#primaryimage","url":"https:\/\/volcanes.net\/wp-content\/uploads\/2021\/05\/IMG-20210506-WA0443.jpg","contentUrl":"https:\/\/volcanes.net\/wp-content\/uploads\/2021\/05\/IMG-20210506-WA0443.jpg","width":768,"height":512},{"@type":"BreadcrumbList","@id":"https:\/\/volcanes.net\/?p=11202#breadcrumb","itemListElement":[{"@type":"ListItem","position":1,"name":"Portada","item":"https:\/\/volcanes.net\/"},{"@type":"ListItem","position":2,"name":"Colaborador de log\u00edstica de Miguel Guti\u00e9rrez fue v\u00edctima de un ataque armado en Chalco"}]},{"@type":"WebSite","@id":"https:\/\/volcanes.net\/#website","url":"https:\/\/volcanes.net\/","name":"Volcanes.Net","description":"Periodismo Profesional","publisher":{"@id":"https:\/\/volcanes.net\/#organization"},"potentialAction":[{"@type":"SearchAction","target":{"@type":"EntryPoint","urlTemplate":"https:\/\/volcanes.net\/?s={search_term_string}"},"query-input":{"@type":"PropertyValueSpecification","valueRequired":true,"valueName":"search_term_string"}}],"inLanguage":"es"},{"@type":"Organization","@id":"https:\/\/volcanes.net\/#organization","name":"Grupo Volcanes","url":"https:\/\/volcanes.net\/","logo":{"@type":"ImageObject","inLanguage":"es","@id":"https:\/\/volcanes.net\/#\/schema\/logo\/image\/","url":"http:\/\/volcanes.net\/wp-content\/uploads\/2017\/12\/Avatar2.jpg","contentUrl":"http:\/\/volcanes.net\/wp-content\/uploads\/2017\/12\/Avatar2.jpg","width":378,"height":378,"caption":"Grupo Volcanes"},"image":{"@id":"https:\/\/volcanes.net\/#\/schema\/logo\/image\/"},"sameAs":["https:\/\/www.facebook.com\/volcanes.net\/"]},{"@type":"Person","@id":"https:\/\/volcanes.net\/#\/schema\/person\/4bf0f383940966a4abd53f5048c0e6b9","name":"admin","image":{"@type":"ImageObject","inLanguage":"es","@id":"https:\/\/volcanes.net\/#\/schema\/person\/image\/","url":"https:\/\/secure.gravatar.com\/avatar\/ca004e6cba8462b8cb7abc86e382930c?s=96&d=mm&r=g","contentUrl":"https:\/\/secure.gravatar.com\/avatar\/ca004e6cba8462b8cb7abc86e382930c?s=96&d=mm&r=g","caption":"admin"}}]}},"_links":{"self":[{"href":"https:\/\/volcanes.net\/index.php?rest_route=\/wp\/v2\/posts\/11202"}],"collection":[{"href":"https:\/\/volcanes.net\/index.php?rest_route=\/wp\/v2\/posts"}],"about":[{"href":"https:\/\/volcanes.net\/index.php?rest_route=\/wp\/v2\/types\/post"}],"author":[{"embeddable":true,"href":"https:\/\/volcanes.net\/index.php?rest_route=\/wp\/v2\/users\/1"}],"replies":[{"embeddable":true,"href":"https:\/\/volcanes.net\/index.php?rest_route=%2Fwp%2Fv2%2Fcomments&post=11202"}],"version-history":[{"count":1,"href":"https:\/\/volcanes.net\/index.php?rest_route=\/wp\/v2\/posts\/11202\/revisions"}],"predecessor-version":[{"id":11204,"href":"https:\/\/volcanes.net\/index.php?rest_route=\/wp\/v2\/posts\/11202\/revisions\/11204"}],"wp:featuredmedia":[{"embeddable":true,"href":"https:\/\/volcanes.net\/index.php?rest_route=\/wp\/v2\/media\/11203"}],"wp:attachment":[{"href":"https:\/\/volcanes.net\/index.php?rest_route=%2Fwp%2Fv2%2Fmedia&parent=11202"}],"wp:term":[{"taxonomy":"category","embeddable":true,"href":"https:\/\/volcanes.net\/index.php?rest_route=%2Fwp%2Fv2%2Fcategories&post=11202"},{"taxonomy":"post_tag","embeddable":true,"href":"https:\/\/volcanes.net\/index.php?rest_route=%2Fwp%2Fv2%2Ftags&post=11202"}],"curies":[{"name":"wp","href":"https:\/\/api.w.org\/{rel}","templated":true}]}}