{"id":11211,"date":"2021-05-07T15:51:26","date_gmt":"2021-05-07T21:51:26","guid":{"rendered":"http:\/\/volcanes.net\/?p=11211"},"modified":"2021-05-07T15:51:26","modified_gmt":"2021-05-07T21:51:26","slug":"ivette-topete-busca-el-progreso-de-amecameca","status":"publish","type":"post","link":"https:\/\/volcanes.net\/?p=11211","title":{"rendered":"Ivette Topete busca el progreso de Amecameca"},"content":{"rendered":"<div style=\"margin-top: 0px; margin-bottom: 0px;\" class=\"sharethis-inline-share-buttons\" ><\/div><p style=\"text-align: justify;\">Amecameca, Estado de M\u00e9xico.- Rumbo a las elecciones electorales 2021, la candidata\u00a0 a la presidencia municipal de Amecameca por el Partido Revolucionario Institucional (PRI), Ivette Topete contin\u00faa realizando recorridos por calles del municipio para brindar informaci\u00f3n a la ciudadan\u00eda y acercar a su campa\u00f1a proselitista, adem\u00e1s de que escucha de viva voz las inquietudes y peticiones de las familias Amecamequenses.<\/p>\n<p style=\"text-align: justify;\">Para dar continuidad a su campa\u00f1a electoral, esta ma\u00f1ana la pri\u00edsta realiz\u00f3 un recorrido y toque de puertas en San Juan Grande, donde se dio a la tarea de escuchar las necesidades de los habitantes de dicho lugar, &#8220;vimos las necesidades de las calles, del suministro de agua potable y del campo&#8221;, dijo la precandidata a la presidencia municipal de Amecameca.<\/p>\n<p style=\"text-align: justify;\">Por lo anterior, Topete se comprometi\u00f3 con la ciudadan\u00eda a trabajar de manera coordinada para cubrir todas las necesidades de la poblaci\u00f3n, as\u00ed mismo tiene la firme convicci\u00f3n de generar empleo y mejor seguridad para el municipio.<\/p>\n<p style=\"text-align: justify;\">De igual forma, acudi\u00f3 al barrio Panoaya en donde fue bien recibida por los vecinos; sin embargo, reconoci\u00f3 que dicho lugar requiere de la presencia de las autoridades.<\/p>\n<p style=\"text-align: justify;\">Ivette Topete comenta que hasta el momento han sido aceptadas cada una de sus propuestas electorales, por lo que espera que el pr\u00f3ximo 6 de junio la ciudadan\u00eda vote a favor del progreso de Amecameca.<\/p>\n","protected":false},"excerpt":{"rendered":"<p>Amecameca, Estado de M\u00e9xico.- Rumbo a las elecciones electorales 2021, la candidata\u00a0 a la presidencia<\/p>\n","protected":false},"author":1,"featured_media":11212,"comment_status":"open","ping_status":"open","sticky":false,"template":"","format":"standard","meta":{"footnotes":""},"categories":[1],"tags":[7],"class_list":["post-11211","post","type-post","status-publish","format-standard","has-post-thumbnail","hentry","category-municipales","tag-amecameca"],"yoast_head":"<!-- This site is optimized with the Yoast SEO plugin v25.3 - https:\/\/yoast.com\/wordpress\/plugins\/seo\/ -->\n<title>Ivette Topete busca el progreso de Amecameca - Volcanes<\/title>\n<meta name=\"robots\" content=\"index, follow, max-snippet:-1, max-image-preview:large, max-video-preview:-1\" \/>\n<link rel=\"canonical\" href=\"https:\/\/volcanes.net\/?p=11211\" \/>\n<meta property=\"og:locale\" content=\"es_MX\" \/>\n<meta property=\"og:type\" content=\"article\" \/>\n<meta property=\"og:title\" content=\"Ivette Topete busca el progreso de Amecameca - Volcanes\" \/>\n<meta property=\"og:description\" content=\"Amecameca, Estado de M\u00e9xico.- Rumbo a las elecciones electorales 2021, la candidata\u00a0 a la presidencia\" \/>\n<meta property=\"og:url\" content=\"https:\/\/volcanes.net\/?p=11211\" \/>\n<meta property=\"og:site_name\" content=\"Volcanes\" \/>\n<meta property=\"article:publisher\" content=\"https:\/\/www.facebook.com\/volcanes.net\/\" \/>\n<meta property=\"article:published_time\" content=\"2021-05-07T21:51:26+00:00\" \/>\n<meta property=\"og:image\" content=\"https:\/\/volcanes.net\/wp-content\/uploads\/2021\/05\/Screenshot_2021-05-07-16-06-452.jpg\" \/>\n\t<meta property=\"og:image:width\" content=\"706\" \/>\n\t<meta property=\"og:image:height\" content=\"404\" \/>\n\t<meta property=\"og:image:type\" content=\"image\/jpeg\" \/>\n<meta name=\"author\" content=\"admin\" \/>\n<meta name=\"twitter:card\" content=\"summary_large_image\" \/>\n<meta name=\"twitter:label1\" content=\"Escrito por\" \/>\n\t<meta name=\"twitter:data1\" content=\"admin\" \/>\n\t<meta name=\"twitter:label2\" content=\"Tiempo de lectura\" \/>\n\t<meta name=\"twitter:data2\" content=\"1 minuto\" \/>\n<script type=\"application\/ld+json\" class=\"yoast-schema-graph\">{\"@context\":\"https:\/\/schema.org\",\"@graph\":[{\"@type\":\"Article\",\"@id\":\"https:\/\/volcanes.net\/?p=11211#article\",\"isPartOf\":{\"@id\":\"https:\/\/volcanes.net\/?p=11211\"},\"author\":{\"name\":\"admin\",\"@id\":\"https:\/\/volcanes.net\/#\/schema\/person\/4bf0f383940966a4abd53f5048c0e6b9\"},\"headline\":\"Ivette Topete busca el progreso de Amecameca\",\"datePublished\":\"2021-05-07T21:51:26+00:00\",\"mainEntityOfPage\":{\"@id\":\"https:\/\/volcanes.net\/?p=11211\"},\"wordCount\":241,\"commentCount\":0,\"publisher\":{\"@id\":\"https:\/\/volcanes.net\/#organization\"},\"image\":{\"@id\":\"https:\/\/volcanes.net\/?p=11211#primaryimage\"},\"thumbnailUrl\":\"https:\/\/volcanes.net\/wp-content\/uploads\/2021\/05\/Screenshot_2021-05-07-16-06-452.jpg\",\"keywords\":[\"Amecameca\"],\"articleSection\":[\"Municipales\"],\"inLanguage\":\"es\",\"potentialAction\":[{\"@type\":\"CommentAction\",\"name\":\"Comment\",\"target\":[\"https:\/\/volcanes.net\/?p=11211#respond\"]}]},{\"@type\":\"WebPage\",\"@id\":\"https:\/\/volcanes.net\/?p=11211\",\"url\":\"https:\/\/volcanes.net\/?p=11211\",\"name\":\"Ivette Topete busca el progreso de Amecameca - Volcanes\",\"isPartOf\":{\"@id\":\"https:\/\/volcanes.net\/#website\"},\"primaryImageOfPage\":{\"@id\":\"https:\/\/volcanes.net\/?p=11211#primaryimage\"},\"image\":{\"@id\":\"https:\/\/volcanes.net\/?p=11211#primaryimage\"},\"thumbnailUrl\":\"https:\/\/volcanes.net\/wp-content\/uploads\/2021\/05\/Screenshot_2021-05-07-16-06-452.jpg\",\"datePublished\":\"2021-05-07T21:51:26+00:00\",\"breadcrumb\":{\"@id\":\"https:\/\/volcanes.net\/?p=11211#breadcrumb\"},\"inLanguage\":\"es\",\"potentialAction\":[{\"@type\":\"ReadAction\",\"target\":[\"https:\/\/volcanes.net\/?p=11211\"]}]},{\"@type\":\"ImageObject\",\"inLanguage\":\"es\",\"@id\":\"https:\/\/volcanes.net\/?p=11211#primaryimage\",\"url\":\"https:\/\/volcanes.net\/wp-content\/uploads\/2021\/05\/Screenshot_2021-05-07-16-06-452.jpg\",\"contentUrl\":\"https:\/\/volcanes.net\/wp-content\/uploads\/2021\/05\/Screenshot_2021-05-07-16-06-452.jpg\",\"width\":706,\"height\":404},{\"@type\":\"BreadcrumbList\",\"@id\":\"https:\/\/volcanes.net\/?p=11211#breadcrumb\",\"itemListElement\":[{\"@type\":\"ListItem\",\"position\":1,\"name\":\"Portada\",\"item\":\"https:\/\/volcanes.net\/\"},{\"@type\":\"ListItem\",\"position\":2,\"name\":\"Ivette Topete busca el progreso de Amecameca\"}]},{\"@type\":\"WebSite\",\"@id\":\"https:\/\/volcanes.net\/#website\",\"url\":\"https:\/\/volcanes.net\/\",\"name\":\"Volcanes.Net\",\"description\":\"Periodismo Profesional\",\"publisher\":{\"@id\":\"https:\/\/volcanes.net\/#organization\"},\"potentialAction\":[{\"@type\":\"SearchAction\",\"target\":{\"@type\":\"EntryPoint\",\"urlTemplate\":\"https:\/\/volcanes.net\/?s={search_term_string}\"},\"query-input\":{\"@type\":\"PropertyValueSpecification\",\"valueRequired\":true,\"valueName\":\"search_term_string\"}}],\"inLanguage\":\"es\"},{\"@type\":\"Organization\",\"@id\":\"https:\/\/volcanes.net\/#organization\",\"name\":\"Grupo Volcanes\",\"url\":\"https:\/\/volcanes.net\/\",\"logo\":{\"@type\":\"ImageObject\",\"inLanguage\":\"es\",\"@id\":\"https:\/\/volcanes.net\/#\/schema\/logo\/image\/\",\"url\":\"http:\/\/volcanes.net\/wp-content\/uploads\/2017\/12\/Avatar2.jpg\",\"contentUrl\":\"http:\/\/volcanes.net\/wp-content\/uploads\/2017\/12\/Avatar2.jpg\",\"width\":378,\"height\":378,\"caption\":\"Grupo Volcanes\"},\"image\":{\"@id\":\"https:\/\/volcanes.net\/#\/schema\/logo\/image\/\"},\"sameAs\":[\"https:\/\/www.facebook.com\/volcanes.net\/\"]},{\"@type\":\"Person\",\"@id\":\"https:\/\/volcanes.net\/#\/schema\/person\/4bf0f383940966a4abd53f5048c0e6b9\",\"name\":\"admin\",\"image\":{\"@type\":\"ImageObject\",\"inLanguage\":\"es\",\"@id\":\"https:\/\/volcanes.net\/#\/schema\/person\/image\/\",\"url\":\"https:\/\/secure.gravatar.com\/avatar\/ca004e6cba8462b8cb7abc86e382930c?s=96&d=mm&r=g\",\"contentUrl\":\"https:\/\/secure.gravatar.com\/avatar\/ca004e6cba8462b8cb7abc86e382930c?s=96&d=mm&r=g\",\"caption\":\"admin\"}}]}<\/script>\n<!-- \/ Yoast SEO plugin. -->","yoast_head_json":{"title":"Ivette Topete busca el progreso de Amecameca - Volcanes","robots":{"index":"index","follow":"follow","max-snippet":"max-snippet:-1","max-image-preview":"max-image-preview:large","max-video-preview":"max-video-preview:-1"},"canonical":"https:\/\/volcanes.net\/?p=11211","og_locale":"es_MX","og_type":"article","og_title":"Ivette Topete busca el progreso de Amecameca - Volcanes","og_description":"Amecameca, Estado de M\u00e9xico.- Rumbo a las elecciones electorales 2021, la candidata\u00a0 a la presidencia","og_url":"https:\/\/volcanes.net\/?p=11211","og_site_name":"Volcanes","article_publisher":"https:\/\/www.facebook.com\/volcanes.net\/","article_published_time":"2021-05-07T21:51:26+00:00","og_image":[{"width":706,"height":404,"url":"https:\/\/volcanes.net\/wp-content\/uploads\/2021\/05\/Screenshot_2021-05-07-16-06-452.jpg","type":"image\/jpeg"}],"author":"admin","twitter_card":"summary_large_image","twitter_misc":{"Escrito por":"admin","Tiempo de lectura":"1 minuto"},"schema":{"@context":"https:\/\/schema.org","@graph":[{"@type":"Article","@id":"https:\/\/volcanes.net\/?p=11211#article","isPartOf":{"@id":"https:\/\/volcanes.net\/?p=11211"},"author":{"name":"admin","@id":"https:\/\/volcanes.net\/#\/schema\/person\/4bf0f383940966a4abd53f5048c0e6b9"},"headline":"Ivette Topete busca el progreso de Amecameca","datePublished":"2021-05-07T21:51:26+00:00","mainEntityOfPage":{"@id":"https:\/\/volcanes.net\/?p=11211"},"wordCount":241,"commentCount":0,"publisher":{"@id":"https:\/\/volcanes.net\/#organization"},"image":{"@id":"https:\/\/volcanes.net\/?p=11211#primaryimage"},"thumbnailUrl":"https:\/\/volcanes.net\/wp-content\/uploads\/2021\/05\/Screenshot_2021-05-07-16-06-452.jpg","keywords":["Amecameca"],"articleSection":["Municipales"],"inLanguage":"es","potentialAction":[{"@type":"CommentAction","name":"Comment","target":["https:\/\/volcanes.net\/?p=11211#respond"]}]},{"@type":"WebPage","@id":"https:\/\/volcanes.net\/?p=11211","url":"https:\/\/volcanes.net\/?p=11211","name":"Ivette Topete busca el progreso de Amecameca - Volcanes","isPartOf":{"@id":"https:\/\/volcanes.net\/#website"},"primaryImageOfPage":{"@id":"https:\/\/volcanes.net\/?p=11211#primaryimage"},"image":{"@id":"https:\/\/volcanes.net\/?p=11211#primaryimage"},"thumbnailUrl":"https:\/\/volcanes.net\/wp-content\/uploads\/2021\/05\/Screenshot_2021-05-07-16-06-452.jpg","datePublished":"2021-05-07T21:51:26+00:00","breadcrumb":{"@id":"https:\/\/volcanes.net\/?p=11211#breadcrumb"},"inLanguage":"es","potentialAction":[{"@type":"ReadAction","target":["https:\/\/volcanes.net\/?p=11211"]}]},{"@type":"ImageObject","inLanguage":"es","@id":"https:\/\/volcanes.net\/?p=11211#primaryimage","url":"https:\/\/volcanes.net\/wp-content\/uploads\/2021\/05\/Screenshot_2021-05-07-16-06-452.jpg","contentUrl":"https:\/\/volcanes.net\/wp-content\/uploads\/2021\/05\/Screenshot_2021-05-07-16-06-452.jpg","width":706,"height":404},{"@type":"BreadcrumbList","@id":"https:\/\/volcanes.net\/?p=11211#breadcrumb","itemListElement":[{"@type":"ListItem","position":1,"name":"Portada","item":"https:\/\/volcanes.net\/"},{"@type":"ListItem","position":2,"name":"Ivette Topete busca el progreso de Amecameca"}]},{"@type":"WebSite","@id":"https:\/\/volcanes.net\/#website","url":"https:\/\/volcanes.net\/","name":"Volcanes.Net","description":"Periodismo Profesional","publisher":{"@id":"https:\/\/volcanes.net\/#organization"},"potentialAction":[{"@type":"SearchAction","target":{"@type":"EntryPoint","urlTemplate":"https:\/\/volcanes.net\/?s={search_term_string}"},"query-input":{"@type":"PropertyValueSpecification","valueRequired":true,"valueName":"search_term_string"}}],"inLanguage":"es"},{"@type":"Organization","@id":"https:\/\/volcanes.net\/#organization","name":"Grupo Volcanes","url":"https:\/\/volcanes.net\/","logo":{"@type":"ImageObject","inLanguage":"es","@id":"https:\/\/volcanes.net\/#\/schema\/logo\/image\/","url":"http:\/\/volcanes.net\/wp-content\/uploads\/2017\/12\/Avatar2.jpg","contentUrl":"http:\/\/volcanes.net\/wp-content\/uploads\/2017\/12\/Avatar2.jpg","width":378,"height":378,"caption":"Grupo Volcanes"},"image":{"@id":"https:\/\/volcanes.net\/#\/schema\/logo\/image\/"},"sameAs":["https:\/\/www.facebook.com\/volcanes.net\/"]},{"@type":"Person","@id":"https:\/\/volcanes.net\/#\/schema\/person\/4bf0f383940966a4abd53f5048c0e6b9","name":"admin","image":{"@type":"ImageObject","inLanguage":"es","@id":"https:\/\/volcanes.net\/#\/schema\/person\/image\/","url":"https:\/\/secure.gravatar.com\/avatar\/ca004e6cba8462b8cb7abc86e382930c?s=96&d=mm&r=g","contentUrl":"https:\/\/secure.gravatar.com\/avatar\/ca004e6cba8462b8cb7abc86e382930c?s=96&d=mm&r=g","caption":"admin"}}]}},"_links":{"self":[{"href":"https:\/\/volcanes.net\/index.php?rest_route=\/wp\/v2\/posts\/11211"}],"collection":[{"href":"https:\/\/volcanes.net\/index.php?rest_route=\/wp\/v2\/posts"}],"about":[{"href":"https:\/\/volcanes.net\/index.php?rest_route=\/wp\/v2\/types\/post"}],"author":[{"embeddable":true,"href":"https:\/\/volcanes.net\/index.php?rest_route=\/wp\/v2\/users\/1"}],"replies":[{"embeddable":true,"href":"https:\/\/volcanes.net\/index.php?rest_route=%2Fwp%2Fv2%2Fcomments&post=11211"}],"version-history":[{"count":1,"href":"https:\/\/volcanes.net\/index.php?rest_route=\/wp\/v2\/posts\/11211\/revisions"}],"predecessor-version":[{"id":11213,"href":"https:\/\/volcanes.net\/index.php?rest_route=\/wp\/v2\/posts\/11211\/revisions\/11213"}],"wp:featuredmedia":[{"embeddable":true,"href":"https:\/\/volcanes.net\/index.php?rest_route=\/wp\/v2\/media\/11212"}],"wp:attachment":[{"href":"https:\/\/volcanes.net\/index.php?rest_route=%2Fwp%2Fv2%2Fmedia&parent=11211"}],"wp:term":[{"taxonomy":"category","embeddable":true,"href":"https:\/\/volcanes.net\/index.php?rest_route=%2Fwp%2Fv2%2Fcategories&post=11211"},{"taxonomy":"post_tag","embeddable":true,"href":"https:\/\/volcanes.net\/index.php?rest_route=%2Fwp%2Fv2%2Ftags&post=11211"}],"curies":[{"name":"wp","href":"https:\/\/api.w.org\/{rel}","templated":true}]}}