{"id":11237,"date":"2021-05-10T09:40:58","date_gmt":"2021-05-10T15:40:58","guid":{"rendered":"http:\/\/volcanes.net\/?p=11237"},"modified":"2021-05-10T09:40:58","modified_gmt":"2021-05-10T15:40:58","slug":"mario-aguilar-un-excelente-medico-pesimo-politico","status":"publish","type":"post","link":"https:\/\/volcanes.net\/?p=11237","title":{"rendered":"Mario Aguilar un excelente m\u00e9dico, p\u00e9simo pol\u00edtico"},"content":{"rendered":"<div style=\"margin-top: 0px; margin-bottom: 0px;\" class=\"sharethis-inline-share-buttons\" ><\/div><p>Amecameca, Estado de M\u00e9xico.- El candidato por el Partido Verde Ecologista de M\u00e9xico (PVEM) a la diputaci\u00f3n local por el distrito 28, es reconocido por ser un gran m\u00e9dico, con profundo sentimiento humanista, valores heredados de su padre que en todo momento se dedic\u00f3 a ayudar a los m\u00e1s necesitados, incluso con medicamentos.<\/p>\n<p>Sin embargo como pol\u00edtico es p\u00e9simo, no logra conectar con el electorado, un hombre muy pardo, muy escueto; que se limita a un discurso austero.<\/p>\n<p>En Amecameca, tiene muchos seguidores, sin embargo en Ixtapaluca ni siquiera lo conocen, por ello es que en la reciente llegada de Pepe Couttolenc, l\u00edder estatal del PVEM en el Edomex en Cuatro Vientos, perteneciente a Ixtapaluca, no le dieron la palabra al candidato a diputado local, sabedores de que su discurso no convence a nadie.<\/p>\n<p>El PVEM tiene fuerza en los municipios de Juchitepec, Tenango del Aire; y Amecameca. Esto podr\u00eda representar n\u00fameros en los votos para este candidato.<\/p>\n<p>Ante esto, el m\u00e9dico Mario Aguilar, depende de los resultados en los municipios que puedan darle votos para la candidatura por el distrito 28.<\/p>\n<p>Finalmente \u00e9l ya andaba en Morena, incluso ya hab\u00eda realizado su pre registro en este partido para participar en el proceso interno, sin embargo lo convencieron de no seguir en este proceso interno, fue entonces que le ofrecieron ser el candidato a la diputaci\u00f3n local por el distrito 28 del PVEM.<\/p>\n","protected":false},"excerpt":{"rendered":"<p>Amecameca, Estado de M\u00e9xico.- El candidato por el Partido Verde Ecologista de M\u00e9xico (PVEM) a<\/p>\n","protected":false},"author":1,"featured_media":11238,"comment_status":"open","ping_status":"open","sticky":false,"template":"","format":"standard","meta":{"footnotes":""},"categories":[1],"tags":[7],"class_list":["post-11237","post","type-post","status-publish","format-standard","has-post-thumbnail","hentry","category-municipales","tag-amecameca"],"yoast_head":"<!-- This site is optimized with the Yoast SEO plugin v25.3 - https:\/\/yoast.com\/wordpress\/plugins\/seo\/ -->\n<title>Mario Aguilar un excelente m\u00e9dico, p\u00e9simo pol\u00edtico - Volcanes<\/title>\n<meta name=\"robots\" content=\"index, follow, max-snippet:-1, max-image-preview:large, max-video-preview:-1\" \/>\n<link rel=\"canonical\" href=\"https:\/\/volcanes.net\/?p=11237\" \/>\n<meta property=\"og:locale\" content=\"es_MX\" \/>\n<meta property=\"og:type\" content=\"article\" \/>\n<meta property=\"og:title\" content=\"Mario Aguilar un excelente m\u00e9dico, p\u00e9simo pol\u00edtico - Volcanes\" \/>\n<meta property=\"og:description\" content=\"Amecameca, Estado de M\u00e9xico.- El candidato por el Partido Verde Ecologista de M\u00e9xico (PVEM) a\" \/>\n<meta property=\"og:url\" content=\"https:\/\/volcanes.net\/?p=11237\" \/>\n<meta property=\"og:site_name\" content=\"Volcanes\" \/>\n<meta property=\"article:publisher\" content=\"https:\/\/www.facebook.com\/volcanes.net\/\" \/>\n<meta property=\"article:published_time\" content=\"2021-05-10T15:40:58+00:00\" \/>\n<meta property=\"og:image\" content=\"https:\/\/volcanes.net\/wp-content\/uploads\/2021\/05\/IMG-20210510-WA0004.jpg\" \/>\n\t<meta property=\"og:image:width\" content=\"1600\" \/>\n\t<meta property=\"og:image:height\" content=\"1261\" \/>\n\t<meta property=\"og:image:type\" content=\"image\/jpeg\" \/>\n<meta name=\"author\" content=\"admin\" \/>\n<meta name=\"twitter:card\" content=\"summary_large_image\" \/>\n<meta name=\"twitter:label1\" content=\"Escrito por\" \/>\n\t<meta name=\"twitter:data1\" content=\"admin\" \/>\n\t<meta name=\"twitter:label2\" content=\"Tiempo de lectura\" \/>\n\t<meta name=\"twitter:data2\" content=\"1 minuto\" \/>\n<script type=\"application\/ld+json\" class=\"yoast-schema-graph\">{\"@context\":\"https:\/\/schema.org\",\"@graph\":[{\"@type\":\"Article\",\"@id\":\"https:\/\/volcanes.net\/?p=11237#article\",\"isPartOf\":{\"@id\":\"https:\/\/volcanes.net\/?p=11237\"},\"author\":{\"name\":\"admin\",\"@id\":\"https:\/\/volcanes.net\/#\/schema\/person\/4bf0f383940966a4abd53f5048c0e6b9\"},\"headline\":\"Mario Aguilar un excelente m\u00e9dico, p\u00e9simo pol\u00edtico\",\"datePublished\":\"2021-05-10T15:40:58+00:00\",\"mainEntityOfPage\":{\"@id\":\"https:\/\/volcanes.net\/?p=11237\"},\"wordCount\":254,\"commentCount\":0,\"publisher\":{\"@id\":\"https:\/\/volcanes.net\/#organization\"},\"image\":{\"@id\":\"https:\/\/volcanes.net\/?p=11237#primaryimage\"},\"thumbnailUrl\":\"https:\/\/volcanes.net\/wp-content\/uploads\/2021\/05\/IMG-20210510-WA0004.jpg\",\"keywords\":[\"Amecameca\"],\"articleSection\":[\"Municipales\"],\"inLanguage\":\"es\",\"potentialAction\":[{\"@type\":\"CommentAction\",\"name\":\"Comment\",\"target\":[\"https:\/\/volcanes.net\/?p=11237#respond\"]}]},{\"@type\":\"WebPage\",\"@id\":\"https:\/\/volcanes.net\/?p=11237\",\"url\":\"https:\/\/volcanes.net\/?p=11237\",\"name\":\"Mario Aguilar un excelente m\u00e9dico, p\u00e9simo pol\u00edtico - Volcanes\",\"isPartOf\":{\"@id\":\"https:\/\/volcanes.net\/#website\"},\"primaryImageOfPage\":{\"@id\":\"https:\/\/volcanes.net\/?p=11237#primaryimage\"},\"image\":{\"@id\":\"https:\/\/volcanes.net\/?p=11237#primaryimage\"},\"thumbnailUrl\":\"https:\/\/volcanes.net\/wp-content\/uploads\/2021\/05\/IMG-20210510-WA0004.jpg\",\"datePublished\":\"2021-05-10T15:40:58+00:00\",\"breadcrumb\":{\"@id\":\"https:\/\/volcanes.net\/?p=11237#breadcrumb\"},\"inLanguage\":\"es\",\"potentialAction\":[{\"@type\":\"ReadAction\",\"target\":[\"https:\/\/volcanes.net\/?p=11237\"]}]},{\"@type\":\"ImageObject\",\"inLanguage\":\"es\",\"@id\":\"https:\/\/volcanes.net\/?p=11237#primaryimage\",\"url\":\"https:\/\/volcanes.net\/wp-content\/uploads\/2021\/05\/IMG-20210510-WA0004.jpg\",\"contentUrl\":\"https:\/\/volcanes.net\/wp-content\/uploads\/2021\/05\/IMG-20210510-WA0004.jpg\",\"width\":1600,\"height\":1261},{\"@type\":\"BreadcrumbList\",\"@id\":\"https:\/\/volcanes.net\/?p=11237#breadcrumb\",\"itemListElement\":[{\"@type\":\"ListItem\",\"position\":1,\"name\":\"Portada\",\"item\":\"https:\/\/volcanes.net\/\"},{\"@type\":\"ListItem\",\"position\":2,\"name\":\"Mario Aguilar un excelente m\u00e9dico, p\u00e9simo pol\u00edtico\"}]},{\"@type\":\"WebSite\",\"@id\":\"https:\/\/volcanes.net\/#website\",\"url\":\"https:\/\/volcanes.net\/\",\"name\":\"Volcanes.Net\",\"description\":\"Periodismo Profesional\",\"publisher\":{\"@id\":\"https:\/\/volcanes.net\/#organization\"},\"potentialAction\":[{\"@type\":\"SearchAction\",\"target\":{\"@type\":\"EntryPoint\",\"urlTemplate\":\"https:\/\/volcanes.net\/?s={search_term_string}\"},\"query-input\":{\"@type\":\"PropertyValueSpecification\",\"valueRequired\":true,\"valueName\":\"search_term_string\"}}],\"inLanguage\":\"es\"},{\"@type\":\"Organization\",\"@id\":\"https:\/\/volcanes.net\/#organization\",\"name\":\"Grupo Volcanes\",\"url\":\"https:\/\/volcanes.net\/\",\"logo\":{\"@type\":\"ImageObject\",\"inLanguage\":\"es\",\"@id\":\"https:\/\/volcanes.net\/#\/schema\/logo\/image\/\",\"url\":\"http:\/\/volcanes.net\/wp-content\/uploads\/2017\/12\/Avatar2.jpg\",\"contentUrl\":\"http:\/\/volcanes.net\/wp-content\/uploads\/2017\/12\/Avatar2.jpg\",\"width\":378,\"height\":378,\"caption\":\"Grupo Volcanes\"},\"image\":{\"@id\":\"https:\/\/volcanes.net\/#\/schema\/logo\/image\/\"},\"sameAs\":[\"https:\/\/www.facebook.com\/volcanes.net\/\"]},{\"@type\":\"Person\",\"@id\":\"https:\/\/volcanes.net\/#\/schema\/person\/4bf0f383940966a4abd53f5048c0e6b9\",\"name\":\"admin\",\"image\":{\"@type\":\"ImageObject\",\"inLanguage\":\"es\",\"@id\":\"https:\/\/volcanes.net\/#\/schema\/person\/image\/\",\"url\":\"https:\/\/secure.gravatar.com\/avatar\/ca004e6cba8462b8cb7abc86e382930c?s=96&d=mm&r=g\",\"contentUrl\":\"https:\/\/secure.gravatar.com\/avatar\/ca004e6cba8462b8cb7abc86e382930c?s=96&d=mm&r=g\",\"caption\":\"admin\"}}]}<\/script>\n<!-- \/ Yoast SEO plugin. -->","yoast_head_json":{"title":"Mario Aguilar un excelente m\u00e9dico, p\u00e9simo pol\u00edtico - Volcanes","robots":{"index":"index","follow":"follow","max-snippet":"max-snippet:-1","max-image-preview":"max-image-preview:large","max-video-preview":"max-video-preview:-1"},"canonical":"https:\/\/volcanes.net\/?p=11237","og_locale":"es_MX","og_type":"article","og_title":"Mario Aguilar un excelente m\u00e9dico, p\u00e9simo pol\u00edtico - Volcanes","og_description":"Amecameca, Estado de M\u00e9xico.- El candidato por el Partido Verde Ecologista de M\u00e9xico (PVEM) a","og_url":"https:\/\/volcanes.net\/?p=11237","og_site_name":"Volcanes","article_publisher":"https:\/\/www.facebook.com\/volcanes.net\/","article_published_time":"2021-05-10T15:40:58+00:00","og_image":[{"width":1600,"height":1261,"url":"https:\/\/volcanes.net\/wp-content\/uploads\/2021\/05\/IMG-20210510-WA0004.jpg","type":"image\/jpeg"}],"author":"admin","twitter_card":"summary_large_image","twitter_misc":{"Escrito por":"admin","Tiempo de lectura":"1 minuto"},"schema":{"@context":"https:\/\/schema.org","@graph":[{"@type":"Article","@id":"https:\/\/volcanes.net\/?p=11237#article","isPartOf":{"@id":"https:\/\/volcanes.net\/?p=11237"},"author":{"name":"admin","@id":"https:\/\/volcanes.net\/#\/schema\/person\/4bf0f383940966a4abd53f5048c0e6b9"},"headline":"Mario Aguilar un excelente m\u00e9dico, p\u00e9simo pol\u00edtico","datePublished":"2021-05-10T15:40:58+00:00","mainEntityOfPage":{"@id":"https:\/\/volcanes.net\/?p=11237"},"wordCount":254,"commentCount":0,"publisher":{"@id":"https:\/\/volcanes.net\/#organization"},"image":{"@id":"https:\/\/volcanes.net\/?p=11237#primaryimage"},"thumbnailUrl":"https:\/\/volcanes.net\/wp-content\/uploads\/2021\/05\/IMG-20210510-WA0004.jpg","keywords":["Amecameca"],"articleSection":["Municipales"],"inLanguage":"es","potentialAction":[{"@type":"CommentAction","name":"Comment","target":["https:\/\/volcanes.net\/?p=11237#respond"]}]},{"@type":"WebPage","@id":"https:\/\/volcanes.net\/?p=11237","url":"https:\/\/volcanes.net\/?p=11237","name":"Mario Aguilar un excelente m\u00e9dico, p\u00e9simo pol\u00edtico - Volcanes","isPartOf":{"@id":"https:\/\/volcanes.net\/#website"},"primaryImageOfPage":{"@id":"https:\/\/volcanes.net\/?p=11237#primaryimage"},"image":{"@id":"https:\/\/volcanes.net\/?p=11237#primaryimage"},"thumbnailUrl":"https:\/\/volcanes.net\/wp-content\/uploads\/2021\/05\/IMG-20210510-WA0004.jpg","datePublished":"2021-05-10T15:40:58+00:00","breadcrumb":{"@id":"https:\/\/volcanes.net\/?p=11237#breadcrumb"},"inLanguage":"es","potentialAction":[{"@type":"ReadAction","target":["https:\/\/volcanes.net\/?p=11237"]}]},{"@type":"ImageObject","inLanguage":"es","@id":"https:\/\/volcanes.net\/?p=11237#primaryimage","url":"https:\/\/volcanes.net\/wp-content\/uploads\/2021\/05\/IMG-20210510-WA0004.jpg","contentUrl":"https:\/\/volcanes.net\/wp-content\/uploads\/2021\/05\/IMG-20210510-WA0004.jpg","width":1600,"height":1261},{"@type":"BreadcrumbList","@id":"https:\/\/volcanes.net\/?p=11237#breadcrumb","itemListElement":[{"@type":"ListItem","position":1,"name":"Portada","item":"https:\/\/volcanes.net\/"},{"@type":"ListItem","position":2,"name":"Mario Aguilar un excelente m\u00e9dico, p\u00e9simo pol\u00edtico"}]},{"@type":"WebSite","@id":"https:\/\/volcanes.net\/#website","url":"https:\/\/volcanes.net\/","name":"Volcanes.Net","description":"Periodismo Profesional","publisher":{"@id":"https:\/\/volcanes.net\/#organization"},"potentialAction":[{"@type":"SearchAction","target":{"@type":"EntryPoint","urlTemplate":"https:\/\/volcanes.net\/?s={search_term_string}"},"query-input":{"@type":"PropertyValueSpecification","valueRequired":true,"valueName":"search_term_string"}}],"inLanguage":"es"},{"@type":"Organization","@id":"https:\/\/volcanes.net\/#organization","name":"Grupo Volcanes","url":"https:\/\/volcanes.net\/","logo":{"@type":"ImageObject","inLanguage":"es","@id":"https:\/\/volcanes.net\/#\/schema\/logo\/image\/","url":"http:\/\/volcanes.net\/wp-content\/uploads\/2017\/12\/Avatar2.jpg","contentUrl":"http:\/\/volcanes.net\/wp-content\/uploads\/2017\/12\/Avatar2.jpg","width":378,"height":378,"caption":"Grupo Volcanes"},"image":{"@id":"https:\/\/volcanes.net\/#\/schema\/logo\/image\/"},"sameAs":["https:\/\/www.facebook.com\/volcanes.net\/"]},{"@type":"Person","@id":"https:\/\/volcanes.net\/#\/schema\/person\/4bf0f383940966a4abd53f5048c0e6b9","name":"admin","image":{"@type":"ImageObject","inLanguage":"es","@id":"https:\/\/volcanes.net\/#\/schema\/person\/image\/","url":"https:\/\/secure.gravatar.com\/avatar\/ca004e6cba8462b8cb7abc86e382930c?s=96&d=mm&r=g","contentUrl":"https:\/\/secure.gravatar.com\/avatar\/ca004e6cba8462b8cb7abc86e382930c?s=96&d=mm&r=g","caption":"admin"}}]}},"_links":{"self":[{"href":"https:\/\/volcanes.net\/index.php?rest_route=\/wp\/v2\/posts\/11237"}],"collection":[{"href":"https:\/\/volcanes.net\/index.php?rest_route=\/wp\/v2\/posts"}],"about":[{"href":"https:\/\/volcanes.net\/index.php?rest_route=\/wp\/v2\/types\/post"}],"author":[{"embeddable":true,"href":"https:\/\/volcanes.net\/index.php?rest_route=\/wp\/v2\/users\/1"}],"replies":[{"embeddable":true,"href":"https:\/\/volcanes.net\/index.php?rest_route=%2Fwp%2Fv2%2Fcomments&post=11237"}],"version-history":[{"count":1,"href":"https:\/\/volcanes.net\/index.php?rest_route=\/wp\/v2\/posts\/11237\/revisions"}],"predecessor-version":[{"id":11239,"href":"https:\/\/volcanes.net\/index.php?rest_route=\/wp\/v2\/posts\/11237\/revisions\/11239"}],"wp:featuredmedia":[{"embeddable":true,"href":"https:\/\/volcanes.net\/index.php?rest_route=\/wp\/v2\/media\/11238"}],"wp:attachment":[{"href":"https:\/\/volcanes.net\/index.php?rest_route=%2Fwp%2Fv2%2Fmedia&parent=11237"}],"wp:term":[{"taxonomy":"category","embeddable":true,"href":"https:\/\/volcanes.net\/index.php?rest_route=%2Fwp%2Fv2%2Fcategories&post=11237"},{"taxonomy":"post_tag","embeddable":true,"href":"https:\/\/volcanes.net\/index.php?rest_route=%2Fwp%2Fv2%2Ftags&post=11237"}],"curies":[{"name":"wp","href":"https:\/\/api.w.org\/{rel}","templated":true}]}}