{"id":11245,"date":"2021-05-10T12:44:46","date_gmt":"2021-05-10T18:44:46","guid":{"rendered":"http:\/\/volcanes.net\/?p=11245"},"modified":"2021-05-10T12:44:46","modified_gmt":"2021-05-10T18:44:46","slug":"en-el-marco-de-la-celebracion-del-dia-de-las-madres-abren-cementerios-en-ixtapaluca","status":"publish","type":"post","link":"https:\/\/volcanes.net\/?p=11245","title":{"rendered":"En el marco de la celebraci\u00f3n del D\u00eda de las Madres abren cementerios en Ixtapaluca"},"content":{"rendered":"<div style=\"margin-top: 0px; margin-bottom: 0px;\" class=\"sharethis-inline-share-buttons\" ><\/div><p style=\"text-align: justify;\">Ixtapaluca, Estado de M\u00e9xico.- La Jefatura de Panteones en Ixtapaluca abrir\u00e1 los cementerios durante tres d\u00edas en el marco de la celebraci\u00f3n del D\u00eda de las Madres, luego de que el Estado de M\u00e9xico y en este municipio cambiara a amarillo el sem\u00e1foro epidemiol\u00f3gico.<\/p>\n<p style=\"text-align: justify;\">Luc\u00eda Porras Santos, encargada de la Jefatura de Panteones, dependiente de la Direcci\u00f3n de Servicios P\u00fablicos Ixtapaluca, hizo un llamado a la poblaci\u00f3n para que no se baje la guardia y en todo momento atiendan las medidas de higiene recomendadas, as\u00ed como evitar permanecer mucho tiempo dentro del cementerio.<\/p>\n<p style=\"text-align: justify;\">El horario de atenci\u00f3n en los cementerios ser\u00e1 de 8 de la ma\u00f1ana a 4 de la tarde, durante el 8, 9 y 10 de mayo. Para mayor informaci\u00f3n pueden comunicarse al n\u00famero: 55-35-10-98-55, el cual est\u00e1 disponible las 24 horas del d\u00eda.<\/p>\n<p style=\"text-align: justify;\">Porras Santos pidi\u00f3 a las familias no acudir con ni\u00f1as, ni\u00f1os o personas adultas mayores, a fin de protegerlos por la crisis sanitaria en la que a\u00fan nos encontramos por COVID-19.<\/p>\n<p style=\"text-align: justify;\">Afirm\u00f3 que es necesario que las personas porten de forma permanente el cubre boca, usen guantes, laven sus manos\u00a0 y apliquen gel antibacterial, ello como medidas de prevenci\u00f3n necesarias para evitar m\u00e1s contagios por SARS-CoV-2.<\/p>\n<p style=\"text-align: justify;\">Por otra parte, Porras Santos aclar\u00f3 que posterior a estos d\u00edas los panteones volver\u00e1n a cerrar hasta nuevo aviso, pues solo ser\u00e1n abiertos para alguna inhumaci\u00f3n con las condiciones y recomendaciones sanitarias a seguir por COVID19.<\/p>\n","protected":false},"excerpt":{"rendered":"<p>Ixtapaluca, Estado de M\u00e9xico.- La Jefatura de Panteones en Ixtapaluca abrir\u00e1 los cementerios durante tres<\/p>\n","protected":false},"author":1,"featured_media":11246,"comment_status":"open","ping_status":"open","sticky":false,"template":"","format":"standard","meta":{"footnotes":""},"categories":[1],"tags":[6],"class_list":["post-11245","post","type-post","status-publish","format-standard","has-post-thumbnail","hentry","category-municipales","tag-ixtapaluca"],"yoast_head":"<!-- This site is optimized with the Yoast SEO plugin v25.3 - https:\/\/yoast.com\/wordpress\/plugins\/seo\/ -->\n<title>En el marco de la celebraci\u00f3n del D\u00eda de las Madres abren cementerios en Ixtapaluca - Volcanes<\/title>\n<meta name=\"robots\" content=\"index, follow, max-snippet:-1, max-image-preview:large, max-video-preview:-1\" \/>\n<link rel=\"canonical\" href=\"https:\/\/volcanes.net\/?p=11245\" \/>\n<meta property=\"og:locale\" content=\"es_MX\" \/>\n<meta property=\"og:type\" content=\"article\" \/>\n<meta property=\"og:title\" content=\"En el marco de la celebraci\u00f3n del D\u00eda de las Madres abren cementerios en Ixtapaluca - Volcanes\" \/>\n<meta property=\"og:description\" content=\"Ixtapaluca, Estado de M\u00e9xico.- La Jefatura de Panteones en Ixtapaluca abrir\u00e1 los cementerios durante tres\" \/>\n<meta property=\"og:url\" content=\"https:\/\/volcanes.net\/?p=11245\" \/>\n<meta property=\"og:site_name\" content=\"Volcanes\" \/>\n<meta property=\"article:publisher\" content=\"https:\/\/www.facebook.com\/volcanes.net\/\" \/>\n<meta property=\"article:published_time\" content=\"2021-05-10T18:44:46+00:00\" \/>\n<meta property=\"og:image\" content=\"https:\/\/volcanes.net\/wp-content\/uploads\/2021\/05\/images-1.jpeg\" \/>\n\t<meta property=\"og:image:width\" content=\"448\" \/>\n\t<meta property=\"og:image:height\" content=\"684\" \/>\n\t<meta property=\"og:image:type\" content=\"image\/jpeg\" \/>\n<meta name=\"author\" content=\"admin\" \/>\n<meta name=\"twitter:card\" content=\"summary_large_image\" \/>\n<meta name=\"twitter:label1\" content=\"Escrito por\" \/>\n\t<meta name=\"twitter:data1\" content=\"admin\" \/>\n\t<meta name=\"twitter:label2\" content=\"Tiempo de lectura\" \/>\n\t<meta name=\"twitter:data2\" content=\"1 minuto\" \/>\n<script type=\"application\/ld+json\" class=\"yoast-schema-graph\">{\"@context\":\"https:\/\/schema.org\",\"@graph\":[{\"@type\":\"Article\",\"@id\":\"https:\/\/volcanes.net\/?p=11245#article\",\"isPartOf\":{\"@id\":\"https:\/\/volcanes.net\/?p=11245\"},\"author\":{\"name\":\"admin\",\"@id\":\"https:\/\/volcanes.net\/#\/schema\/person\/4bf0f383940966a4abd53f5048c0e6b9\"},\"headline\":\"En el marco de la celebraci\u00f3n del D\u00eda de las Madres abren cementerios en Ixtapaluca\",\"datePublished\":\"2021-05-10T18:44:46+00:00\",\"mainEntityOfPage\":{\"@id\":\"https:\/\/volcanes.net\/?p=11245\"},\"wordCount\":278,\"commentCount\":0,\"publisher\":{\"@id\":\"https:\/\/volcanes.net\/#organization\"},\"image\":{\"@id\":\"https:\/\/volcanes.net\/?p=11245#primaryimage\"},\"thumbnailUrl\":\"https:\/\/volcanes.net\/wp-content\/uploads\/2021\/05\/images-1.jpeg\",\"keywords\":[\"Ixtapaluca\"],\"articleSection\":[\"Municipales\"],\"inLanguage\":\"es\",\"potentialAction\":[{\"@type\":\"CommentAction\",\"name\":\"Comment\",\"target\":[\"https:\/\/volcanes.net\/?p=11245#respond\"]}]},{\"@type\":\"WebPage\",\"@id\":\"https:\/\/volcanes.net\/?p=11245\",\"url\":\"https:\/\/volcanes.net\/?p=11245\",\"name\":\"En el marco de la celebraci\u00f3n del D\u00eda de las Madres abren cementerios en Ixtapaluca - Volcanes\",\"isPartOf\":{\"@id\":\"https:\/\/volcanes.net\/#website\"},\"primaryImageOfPage\":{\"@id\":\"https:\/\/volcanes.net\/?p=11245#primaryimage\"},\"image\":{\"@id\":\"https:\/\/volcanes.net\/?p=11245#primaryimage\"},\"thumbnailUrl\":\"https:\/\/volcanes.net\/wp-content\/uploads\/2021\/05\/images-1.jpeg\",\"datePublished\":\"2021-05-10T18:44:46+00:00\",\"breadcrumb\":{\"@id\":\"https:\/\/volcanes.net\/?p=11245#breadcrumb\"},\"inLanguage\":\"es\",\"potentialAction\":[{\"@type\":\"ReadAction\",\"target\":[\"https:\/\/volcanes.net\/?p=11245\"]}]},{\"@type\":\"ImageObject\",\"inLanguage\":\"es\",\"@id\":\"https:\/\/volcanes.net\/?p=11245#primaryimage\",\"url\":\"https:\/\/volcanes.net\/wp-content\/uploads\/2021\/05\/images-1.jpeg\",\"contentUrl\":\"https:\/\/volcanes.net\/wp-content\/uploads\/2021\/05\/images-1.jpeg\",\"width\":448,\"height\":684},{\"@type\":\"BreadcrumbList\",\"@id\":\"https:\/\/volcanes.net\/?p=11245#breadcrumb\",\"itemListElement\":[{\"@type\":\"ListItem\",\"position\":1,\"name\":\"Portada\",\"item\":\"https:\/\/volcanes.net\/\"},{\"@type\":\"ListItem\",\"position\":2,\"name\":\"En el marco de la celebraci\u00f3n del D\u00eda de las Madres abren cementerios en Ixtapaluca\"}]},{\"@type\":\"WebSite\",\"@id\":\"https:\/\/volcanes.net\/#website\",\"url\":\"https:\/\/volcanes.net\/\",\"name\":\"Volcanes.Net\",\"description\":\"Periodismo Profesional\",\"publisher\":{\"@id\":\"https:\/\/volcanes.net\/#organization\"},\"potentialAction\":[{\"@type\":\"SearchAction\",\"target\":{\"@type\":\"EntryPoint\",\"urlTemplate\":\"https:\/\/volcanes.net\/?s={search_term_string}\"},\"query-input\":{\"@type\":\"PropertyValueSpecification\",\"valueRequired\":true,\"valueName\":\"search_term_string\"}}],\"inLanguage\":\"es\"},{\"@type\":\"Organization\",\"@id\":\"https:\/\/volcanes.net\/#organization\",\"name\":\"Grupo Volcanes\",\"url\":\"https:\/\/volcanes.net\/\",\"logo\":{\"@type\":\"ImageObject\",\"inLanguage\":\"es\",\"@id\":\"https:\/\/volcanes.net\/#\/schema\/logo\/image\/\",\"url\":\"http:\/\/volcanes.net\/wp-content\/uploads\/2017\/12\/Avatar2.jpg\",\"contentUrl\":\"http:\/\/volcanes.net\/wp-content\/uploads\/2017\/12\/Avatar2.jpg\",\"width\":378,\"height\":378,\"caption\":\"Grupo Volcanes\"},\"image\":{\"@id\":\"https:\/\/volcanes.net\/#\/schema\/logo\/image\/\"},\"sameAs\":[\"https:\/\/www.facebook.com\/volcanes.net\/\"]},{\"@type\":\"Person\",\"@id\":\"https:\/\/volcanes.net\/#\/schema\/person\/4bf0f383940966a4abd53f5048c0e6b9\",\"name\":\"admin\",\"image\":{\"@type\":\"ImageObject\",\"inLanguage\":\"es\",\"@id\":\"https:\/\/volcanes.net\/#\/schema\/person\/image\/\",\"url\":\"https:\/\/secure.gravatar.com\/avatar\/ca004e6cba8462b8cb7abc86e382930c?s=96&d=mm&r=g\",\"contentUrl\":\"https:\/\/secure.gravatar.com\/avatar\/ca004e6cba8462b8cb7abc86e382930c?s=96&d=mm&r=g\",\"caption\":\"admin\"}}]}<\/script>\n<!-- \/ Yoast SEO plugin. -->","yoast_head_json":{"title":"En el marco de la celebraci\u00f3n del D\u00eda de las Madres abren cementerios en Ixtapaluca - Volcanes","robots":{"index":"index","follow":"follow","max-snippet":"max-snippet:-1","max-image-preview":"max-image-preview:large","max-video-preview":"max-video-preview:-1"},"canonical":"https:\/\/volcanes.net\/?p=11245","og_locale":"es_MX","og_type":"article","og_title":"En el marco de la celebraci\u00f3n del D\u00eda de las Madres abren cementerios en Ixtapaluca - Volcanes","og_description":"Ixtapaluca, Estado de M\u00e9xico.- La Jefatura de Panteones en Ixtapaluca abrir\u00e1 los cementerios durante tres","og_url":"https:\/\/volcanes.net\/?p=11245","og_site_name":"Volcanes","article_publisher":"https:\/\/www.facebook.com\/volcanes.net\/","article_published_time":"2021-05-10T18:44:46+00:00","og_image":[{"width":448,"height":684,"url":"https:\/\/volcanes.net\/wp-content\/uploads\/2021\/05\/images-1.jpeg","type":"image\/jpeg"}],"author":"admin","twitter_card":"summary_large_image","twitter_misc":{"Escrito por":"admin","Tiempo de lectura":"1 minuto"},"schema":{"@context":"https:\/\/schema.org","@graph":[{"@type":"Article","@id":"https:\/\/volcanes.net\/?p=11245#article","isPartOf":{"@id":"https:\/\/volcanes.net\/?p=11245"},"author":{"name":"admin","@id":"https:\/\/volcanes.net\/#\/schema\/person\/4bf0f383940966a4abd53f5048c0e6b9"},"headline":"En el marco de la celebraci\u00f3n del D\u00eda de las Madres abren cementerios en Ixtapaluca","datePublished":"2021-05-10T18:44:46+00:00","mainEntityOfPage":{"@id":"https:\/\/volcanes.net\/?p=11245"},"wordCount":278,"commentCount":0,"publisher":{"@id":"https:\/\/volcanes.net\/#organization"},"image":{"@id":"https:\/\/volcanes.net\/?p=11245#primaryimage"},"thumbnailUrl":"https:\/\/volcanes.net\/wp-content\/uploads\/2021\/05\/images-1.jpeg","keywords":["Ixtapaluca"],"articleSection":["Municipales"],"inLanguage":"es","potentialAction":[{"@type":"CommentAction","name":"Comment","target":["https:\/\/volcanes.net\/?p=11245#respond"]}]},{"@type":"WebPage","@id":"https:\/\/volcanes.net\/?p=11245","url":"https:\/\/volcanes.net\/?p=11245","name":"En el marco de la celebraci\u00f3n del D\u00eda de las Madres abren cementerios en Ixtapaluca - Volcanes","isPartOf":{"@id":"https:\/\/volcanes.net\/#website"},"primaryImageOfPage":{"@id":"https:\/\/volcanes.net\/?p=11245#primaryimage"},"image":{"@id":"https:\/\/volcanes.net\/?p=11245#primaryimage"},"thumbnailUrl":"https:\/\/volcanes.net\/wp-content\/uploads\/2021\/05\/images-1.jpeg","datePublished":"2021-05-10T18:44:46+00:00","breadcrumb":{"@id":"https:\/\/volcanes.net\/?p=11245#breadcrumb"},"inLanguage":"es","potentialAction":[{"@type":"ReadAction","target":["https:\/\/volcanes.net\/?p=11245"]}]},{"@type":"ImageObject","inLanguage":"es","@id":"https:\/\/volcanes.net\/?p=11245#primaryimage","url":"https:\/\/volcanes.net\/wp-content\/uploads\/2021\/05\/images-1.jpeg","contentUrl":"https:\/\/volcanes.net\/wp-content\/uploads\/2021\/05\/images-1.jpeg","width":448,"height":684},{"@type":"BreadcrumbList","@id":"https:\/\/volcanes.net\/?p=11245#breadcrumb","itemListElement":[{"@type":"ListItem","position":1,"name":"Portada","item":"https:\/\/volcanes.net\/"},{"@type":"ListItem","position":2,"name":"En el marco de la celebraci\u00f3n del D\u00eda de las Madres abren cementerios en Ixtapaluca"}]},{"@type":"WebSite","@id":"https:\/\/volcanes.net\/#website","url":"https:\/\/volcanes.net\/","name":"Volcanes.Net","description":"Periodismo Profesional","publisher":{"@id":"https:\/\/volcanes.net\/#organization"},"potentialAction":[{"@type":"SearchAction","target":{"@type":"EntryPoint","urlTemplate":"https:\/\/volcanes.net\/?s={search_term_string}"},"query-input":{"@type":"PropertyValueSpecification","valueRequired":true,"valueName":"search_term_string"}}],"inLanguage":"es"},{"@type":"Organization","@id":"https:\/\/volcanes.net\/#organization","name":"Grupo Volcanes","url":"https:\/\/volcanes.net\/","logo":{"@type":"ImageObject","inLanguage":"es","@id":"https:\/\/volcanes.net\/#\/schema\/logo\/image\/","url":"http:\/\/volcanes.net\/wp-content\/uploads\/2017\/12\/Avatar2.jpg","contentUrl":"http:\/\/volcanes.net\/wp-content\/uploads\/2017\/12\/Avatar2.jpg","width":378,"height":378,"caption":"Grupo Volcanes"},"image":{"@id":"https:\/\/volcanes.net\/#\/schema\/logo\/image\/"},"sameAs":["https:\/\/www.facebook.com\/volcanes.net\/"]},{"@type":"Person","@id":"https:\/\/volcanes.net\/#\/schema\/person\/4bf0f383940966a4abd53f5048c0e6b9","name":"admin","image":{"@type":"ImageObject","inLanguage":"es","@id":"https:\/\/volcanes.net\/#\/schema\/person\/image\/","url":"https:\/\/secure.gravatar.com\/avatar\/ca004e6cba8462b8cb7abc86e382930c?s=96&d=mm&r=g","contentUrl":"https:\/\/secure.gravatar.com\/avatar\/ca004e6cba8462b8cb7abc86e382930c?s=96&d=mm&r=g","caption":"admin"}}]}},"_links":{"self":[{"href":"https:\/\/volcanes.net\/index.php?rest_route=\/wp\/v2\/posts\/11245"}],"collection":[{"href":"https:\/\/volcanes.net\/index.php?rest_route=\/wp\/v2\/posts"}],"about":[{"href":"https:\/\/volcanes.net\/index.php?rest_route=\/wp\/v2\/types\/post"}],"author":[{"embeddable":true,"href":"https:\/\/volcanes.net\/index.php?rest_route=\/wp\/v2\/users\/1"}],"replies":[{"embeddable":true,"href":"https:\/\/volcanes.net\/index.php?rest_route=%2Fwp%2Fv2%2Fcomments&post=11245"}],"version-history":[{"count":1,"href":"https:\/\/volcanes.net\/index.php?rest_route=\/wp\/v2\/posts\/11245\/revisions"}],"predecessor-version":[{"id":11247,"href":"https:\/\/volcanes.net\/index.php?rest_route=\/wp\/v2\/posts\/11245\/revisions\/11247"}],"wp:featuredmedia":[{"embeddable":true,"href":"https:\/\/volcanes.net\/index.php?rest_route=\/wp\/v2\/media\/11246"}],"wp:attachment":[{"href":"https:\/\/volcanes.net\/index.php?rest_route=%2Fwp%2Fv2%2Fmedia&parent=11245"}],"wp:term":[{"taxonomy":"category","embeddable":true,"href":"https:\/\/volcanes.net\/index.php?rest_route=%2Fwp%2Fv2%2Fcategories&post=11245"},{"taxonomy":"post_tag","embeddable":true,"href":"https:\/\/volcanes.net\/index.php?rest_route=%2Fwp%2Fv2%2Ftags&post=11245"}],"curies":[{"name":"wp","href":"https:\/\/api.w.org\/{rel}","templated":true}]}}