{"id":11305,"date":"2021-05-13T14:25:04","date_gmt":"2021-05-13T20:25:04","guid":{"rendered":"http:\/\/volcanes.net\/?p=11305"},"modified":"2021-05-13T14:25:04","modified_gmt":"2021-05-13T20:25:04","slug":"valentin-martinez-castillo-habla-sobre-los-hechos-de-violencia","status":"publish","type":"post","link":"https:\/\/volcanes.net\/?p=11305","title":{"rendered":"Valent\u00edn Mart\u00ednez Castillo habla sobre los hechos de violencia"},"content":{"rendered":"<div style=\"margin-top: 0px; margin-bottom: 0px;\" class=\"sharethis-inline-share-buttons\" ><\/div><p style=\"text-align: justify;\">Ozumba, Estado de M\u00e9xico.- Luego de que polic\u00edas municipales de Ozumba fueran alertados la ma\u00f1ana del pasado martes 11 de abril sobre tres cuerpos embolsados, a las afueras del pante\u00f3n municipal ubicado en carretera federal M\u00e9xico-Cuautla a la altura del kil\u00f3metro 41, el candidato a la presidencia municipal, Valent\u00edn Mart\u00ednez Castillo por Morena se pronunci\u00f3 ante los hechos de violencia.<\/p>\n<p style=\"text-align: justify;\">El Morenista lamenta los hechos ocurridos la ma\u00f1ana del martes, sin embargo, se\u00f1ala que Ozumba no es un tiradero, ya que d\u00eda a d\u00eda lucha para que sea un municipio seguro y de paz, por lo que se\u00f1ala que ante la contienda electoral se hizo la invitaci\u00f3n desde un inicio que se lleva a cabo de manera respetuosa, limpia y con propuestas contundentes, evitando circunstancias opuestas.<\/p>\n<p style=\"text-align: justify;\">Por su parte Mart\u00ednez Castillo, comenta ante los medios de comunicaci\u00f3n que cuando realiza sus recorridos por calles y delegaciones del municipio para dar continuidad a su campa\u00f1a proselitista, y habla frente a cientos de familias Ozumbense sobre materia de seguridad; toca temas de esta \u00edndole, pues busca a toda costa evitar e inhibir estas circunstancias tan desgarrantes y alarmantes.<\/p>\n<p style=\"text-align: justify;\">Mart\u00ednez Castillo reconoce que hay muchas personas que buscan la manera de ganar las elecciones y llegar a la presidencia mediante este tipo de acciones, sin embargo, el candidato por la coalici\u00f3n \u201cJuntos Haremos Historia&#8221; se\u00f1ala que en Ozumba no hay cabida para un gobierno criminal, ni para las personas que se dedican a hacer el mal.<\/p>\n<p style=\"text-align: justify;\">&#8220;De manera personal ha interpuesto denuncias ante la Fiscal\u00eda General de Justicia del Estado de M\u00e9xico, por amenazas contra mi familia y un servidor&#8221;, dijo Mart\u00ednez Castillo; por lo anterior, el Morenista se\u00f1ala que el \u00fanico inter\u00e9s es impulsar un mejor municipio, por lo que luchar\u00e1 para evitar estos hechos de violencia.<\/p>\n<p>&nbsp;<\/p>\n","protected":false},"excerpt":{"rendered":"<p>Ozumba, Estado de M\u00e9xico.- Luego de que polic\u00edas municipales de Ozumba fueran alertados la ma\u00f1ana<\/p>\n","protected":false},"author":1,"featured_media":11306,"comment_status":"open","ping_status":"open","sticky":false,"template":"","format":"standard","meta":{"footnotes":""},"categories":[1],"tags":[14],"class_list":["post-11305","post","type-post","status-publish","format-standard","has-post-thumbnail","hentry","category-municipales","tag-ozumba"],"yoast_head":"<!-- This site is optimized with the Yoast SEO plugin v25.3 - https:\/\/yoast.com\/wordpress\/plugins\/seo\/ -->\n<title>Valent\u00edn Mart\u00ednez Castillo habla sobre los hechos de violencia - Volcanes<\/title>\n<meta name=\"robots\" content=\"index, follow, max-snippet:-1, max-image-preview:large, max-video-preview:-1\" \/>\n<link rel=\"canonical\" href=\"https:\/\/volcanes.net\/?p=11305\" \/>\n<meta property=\"og:locale\" content=\"es_MX\" \/>\n<meta property=\"og:type\" content=\"article\" \/>\n<meta property=\"og:title\" content=\"Valent\u00edn Mart\u00ednez Castillo habla sobre los hechos de violencia - Volcanes\" \/>\n<meta property=\"og:description\" content=\"Ozumba, Estado de M\u00e9xico.- Luego de que polic\u00edas municipales de Ozumba fueran alertados la ma\u00f1ana\" \/>\n<meta property=\"og:url\" content=\"https:\/\/volcanes.net\/?p=11305\" \/>\n<meta property=\"og:site_name\" content=\"Volcanes\" \/>\n<meta property=\"article:publisher\" content=\"https:\/\/www.facebook.com\/volcanes.net\/\" \/>\n<meta property=\"article:published_time\" content=\"2021-05-13T20:25:04+00:00\" \/>\n<meta property=\"og:image\" content=\"https:\/\/volcanes.net\/wp-content\/uploads\/2021\/05\/Screenshot_2021-05-13-10-52-44_2.jpg\" \/>\n\t<meta property=\"og:image:width\" content=\"720\" \/>\n\t<meta property=\"og:image:height\" content=\"384\" \/>\n\t<meta property=\"og:image:type\" content=\"image\/jpeg\" \/>\n<meta name=\"author\" content=\"admin\" \/>\n<meta name=\"twitter:card\" content=\"summary_large_image\" \/>\n<meta name=\"twitter:label1\" content=\"Escrito por\" \/>\n\t<meta name=\"twitter:data1\" content=\"admin\" \/>\n\t<meta name=\"twitter:label2\" content=\"Tiempo de lectura\" \/>\n\t<meta name=\"twitter:data2\" content=\"2 minutos\" \/>\n<script type=\"application\/ld+json\" class=\"yoast-schema-graph\">{\"@context\":\"https:\/\/schema.org\",\"@graph\":[{\"@type\":\"Article\",\"@id\":\"https:\/\/volcanes.net\/?p=11305#article\",\"isPartOf\":{\"@id\":\"https:\/\/volcanes.net\/?p=11305\"},\"author\":{\"name\":\"admin\",\"@id\":\"https:\/\/volcanes.net\/#\/schema\/person\/4bf0f383940966a4abd53f5048c0e6b9\"},\"headline\":\"Valent\u00edn Mart\u00ednez Castillo habla sobre los hechos de violencia\",\"datePublished\":\"2021-05-13T20:25:04+00:00\",\"mainEntityOfPage\":{\"@id\":\"https:\/\/volcanes.net\/?p=11305\"},\"wordCount\":331,\"commentCount\":0,\"publisher\":{\"@id\":\"https:\/\/volcanes.net\/#organization\"},\"image\":{\"@id\":\"https:\/\/volcanes.net\/?p=11305#primaryimage\"},\"thumbnailUrl\":\"https:\/\/volcanes.net\/wp-content\/uploads\/2021\/05\/Screenshot_2021-05-13-10-52-44_2.jpg\",\"keywords\":[\"Ozumba\"],\"articleSection\":[\"Municipales\"],\"inLanguage\":\"es\",\"potentialAction\":[{\"@type\":\"CommentAction\",\"name\":\"Comment\",\"target\":[\"https:\/\/volcanes.net\/?p=11305#respond\"]}]},{\"@type\":\"WebPage\",\"@id\":\"https:\/\/volcanes.net\/?p=11305\",\"url\":\"https:\/\/volcanes.net\/?p=11305\",\"name\":\"Valent\u00edn Mart\u00ednez Castillo habla sobre los hechos de violencia - Volcanes\",\"isPartOf\":{\"@id\":\"https:\/\/volcanes.net\/#website\"},\"primaryImageOfPage\":{\"@id\":\"https:\/\/volcanes.net\/?p=11305#primaryimage\"},\"image\":{\"@id\":\"https:\/\/volcanes.net\/?p=11305#primaryimage\"},\"thumbnailUrl\":\"https:\/\/volcanes.net\/wp-content\/uploads\/2021\/05\/Screenshot_2021-05-13-10-52-44_2.jpg\",\"datePublished\":\"2021-05-13T20:25:04+00:00\",\"breadcrumb\":{\"@id\":\"https:\/\/volcanes.net\/?p=11305#breadcrumb\"},\"inLanguage\":\"es\",\"potentialAction\":[{\"@type\":\"ReadAction\",\"target\":[\"https:\/\/volcanes.net\/?p=11305\"]}]},{\"@type\":\"ImageObject\",\"inLanguage\":\"es\",\"@id\":\"https:\/\/volcanes.net\/?p=11305#primaryimage\",\"url\":\"https:\/\/volcanes.net\/wp-content\/uploads\/2021\/05\/Screenshot_2021-05-13-10-52-44_2.jpg\",\"contentUrl\":\"https:\/\/volcanes.net\/wp-content\/uploads\/2021\/05\/Screenshot_2021-05-13-10-52-44_2.jpg\",\"width\":720,\"height\":384},{\"@type\":\"BreadcrumbList\",\"@id\":\"https:\/\/volcanes.net\/?p=11305#breadcrumb\",\"itemListElement\":[{\"@type\":\"ListItem\",\"position\":1,\"name\":\"Portada\",\"item\":\"https:\/\/volcanes.net\/\"},{\"@type\":\"ListItem\",\"position\":2,\"name\":\"Valent\u00edn Mart\u00ednez Castillo habla sobre los hechos de violencia\"}]},{\"@type\":\"WebSite\",\"@id\":\"https:\/\/volcanes.net\/#website\",\"url\":\"https:\/\/volcanes.net\/\",\"name\":\"Volcanes.Net\",\"description\":\"Periodismo Profesional\",\"publisher\":{\"@id\":\"https:\/\/volcanes.net\/#organization\"},\"potentialAction\":[{\"@type\":\"SearchAction\",\"target\":{\"@type\":\"EntryPoint\",\"urlTemplate\":\"https:\/\/volcanes.net\/?s={search_term_string}\"},\"query-input\":{\"@type\":\"PropertyValueSpecification\",\"valueRequired\":true,\"valueName\":\"search_term_string\"}}],\"inLanguage\":\"es\"},{\"@type\":\"Organization\",\"@id\":\"https:\/\/volcanes.net\/#organization\",\"name\":\"Grupo Volcanes\",\"url\":\"https:\/\/volcanes.net\/\",\"logo\":{\"@type\":\"ImageObject\",\"inLanguage\":\"es\",\"@id\":\"https:\/\/volcanes.net\/#\/schema\/logo\/image\/\",\"url\":\"http:\/\/volcanes.net\/wp-content\/uploads\/2017\/12\/Avatar2.jpg\",\"contentUrl\":\"http:\/\/volcanes.net\/wp-content\/uploads\/2017\/12\/Avatar2.jpg\",\"width\":378,\"height\":378,\"caption\":\"Grupo Volcanes\"},\"image\":{\"@id\":\"https:\/\/volcanes.net\/#\/schema\/logo\/image\/\"},\"sameAs\":[\"https:\/\/www.facebook.com\/volcanes.net\/\"]},{\"@type\":\"Person\",\"@id\":\"https:\/\/volcanes.net\/#\/schema\/person\/4bf0f383940966a4abd53f5048c0e6b9\",\"name\":\"admin\",\"image\":{\"@type\":\"ImageObject\",\"inLanguage\":\"es\",\"@id\":\"https:\/\/volcanes.net\/#\/schema\/person\/image\/\",\"url\":\"https:\/\/secure.gravatar.com\/avatar\/ca004e6cba8462b8cb7abc86e382930c?s=96&d=mm&r=g\",\"contentUrl\":\"https:\/\/secure.gravatar.com\/avatar\/ca004e6cba8462b8cb7abc86e382930c?s=96&d=mm&r=g\",\"caption\":\"admin\"}}]}<\/script>\n<!-- \/ Yoast SEO plugin. -->","yoast_head_json":{"title":"Valent\u00edn Mart\u00ednez Castillo habla sobre los hechos de violencia - Volcanes","robots":{"index":"index","follow":"follow","max-snippet":"max-snippet:-1","max-image-preview":"max-image-preview:large","max-video-preview":"max-video-preview:-1"},"canonical":"https:\/\/volcanes.net\/?p=11305","og_locale":"es_MX","og_type":"article","og_title":"Valent\u00edn Mart\u00ednez Castillo habla sobre los hechos de violencia - Volcanes","og_description":"Ozumba, Estado de M\u00e9xico.- Luego de que polic\u00edas municipales de Ozumba fueran alertados la ma\u00f1ana","og_url":"https:\/\/volcanes.net\/?p=11305","og_site_name":"Volcanes","article_publisher":"https:\/\/www.facebook.com\/volcanes.net\/","article_published_time":"2021-05-13T20:25:04+00:00","og_image":[{"width":720,"height":384,"url":"https:\/\/volcanes.net\/wp-content\/uploads\/2021\/05\/Screenshot_2021-05-13-10-52-44_2.jpg","type":"image\/jpeg"}],"author":"admin","twitter_card":"summary_large_image","twitter_misc":{"Escrito por":"admin","Tiempo de lectura":"2 minutos"},"schema":{"@context":"https:\/\/schema.org","@graph":[{"@type":"Article","@id":"https:\/\/volcanes.net\/?p=11305#article","isPartOf":{"@id":"https:\/\/volcanes.net\/?p=11305"},"author":{"name":"admin","@id":"https:\/\/volcanes.net\/#\/schema\/person\/4bf0f383940966a4abd53f5048c0e6b9"},"headline":"Valent\u00edn Mart\u00ednez Castillo habla sobre los hechos de violencia","datePublished":"2021-05-13T20:25:04+00:00","mainEntityOfPage":{"@id":"https:\/\/volcanes.net\/?p=11305"},"wordCount":331,"commentCount":0,"publisher":{"@id":"https:\/\/volcanes.net\/#organization"},"image":{"@id":"https:\/\/volcanes.net\/?p=11305#primaryimage"},"thumbnailUrl":"https:\/\/volcanes.net\/wp-content\/uploads\/2021\/05\/Screenshot_2021-05-13-10-52-44_2.jpg","keywords":["Ozumba"],"articleSection":["Municipales"],"inLanguage":"es","potentialAction":[{"@type":"CommentAction","name":"Comment","target":["https:\/\/volcanes.net\/?p=11305#respond"]}]},{"@type":"WebPage","@id":"https:\/\/volcanes.net\/?p=11305","url":"https:\/\/volcanes.net\/?p=11305","name":"Valent\u00edn Mart\u00ednez Castillo habla sobre los hechos de violencia - Volcanes","isPartOf":{"@id":"https:\/\/volcanes.net\/#website"},"primaryImageOfPage":{"@id":"https:\/\/volcanes.net\/?p=11305#primaryimage"},"image":{"@id":"https:\/\/volcanes.net\/?p=11305#primaryimage"},"thumbnailUrl":"https:\/\/volcanes.net\/wp-content\/uploads\/2021\/05\/Screenshot_2021-05-13-10-52-44_2.jpg","datePublished":"2021-05-13T20:25:04+00:00","breadcrumb":{"@id":"https:\/\/volcanes.net\/?p=11305#breadcrumb"},"inLanguage":"es","potentialAction":[{"@type":"ReadAction","target":["https:\/\/volcanes.net\/?p=11305"]}]},{"@type":"ImageObject","inLanguage":"es","@id":"https:\/\/volcanes.net\/?p=11305#primaryimage","url":"https:\/\/volcanes.net\/wp-content\/uploads\/2021\/05\/Screenshot_2021-05-13-10-52-44_2.jpg","contentUrl":"https:\/\/volcanes.net\/wp-content\/uploads\/2021\/05\/Screenshot_2021-05-13-10-52-44_2.jpg","width":720,"height":384},{"@type":"BreadcrumbList","@id":"https:\/\/volcanes.net\/?p=11305#breadcrumb","itemListElement":[{"@type":"ListItem","position":1,"name":"Portada","item":"https:\/\/volcanes.net\/"},{"@type":"ListItem","position":2,"name":"Valent\u00edn Mart\u00ednez Castillo habla sobre los hechos de violencia"}]},{"@type":"WebSite","@id":"https:\/\/volcanes.net\/#website","url":"https:\/\/volcanes.net\/","name":"Volcanes.Net","description":"Periodismo Profesional","publisher":{"@id":"https:\/\/volcanes.net\/#organization"},"potentialAction":[{"@type":"SearchAction","target":{"@type":"EntryPoint","urlTemplate":"https:\/\/volcanes.net\/?s={search_term_string}"},"query-input":{"@type":"PropertyValueSpecification","valueRequired":true,"valueName":"search_term_string"}}],"inLanguage":"es"},{"@type":"Organization","@id":"https:\/\/volcanes.net\/#organization","name":"Grupo Volcanes","url":"https:\/\/volcanes.net\/","logo":{"@type":"ImageObject","inLanguage":"es","@id":"https:\/\/volcanes.net\/#\/schema\/logo\/image\/","url":"http:\/\/volcanes.net\/wp-content\/uploads\/2017\/12\/Avatar2.jpg","contentUrl":"http:\/\/volcanes.net\/wp-content\/uploads\/2017\/12\/Avatar2.jpg","width":378,"height":378,"caption":"Grupo Volcanes"},"image":{"@id":"https:\/\/volcanes.net\/#\/schema\/logo\/image\/"},"sameAs":["https:\/\/www.facebook.com\/volcanes.net\/"]},{"@type":"Person","@id":"https:\/\/volcanes.net\/#\/schema\/person\/4bf0f383940966a4abd53f5048c0e6b9","name":"admin","image":{"@type":"ImageObject","inLanguage":"es","@id":"https:\/\/volcanes.net\/#\/schema\/person\/image\/","url":"https:\/\/secure.gravatar.com\/avatar\/ca004e6cba8462b8cb7abc86e382930c?s=96&d=mm&r=g","contentUrl":"https:\/\/secure.gravatar.com\/avatar\/ca004e6cba8462b8cb7abc86e382930c?s=96&d=mm&r=g","caption":"admin"}}]}},"_links":{"self":[{"href":"https:\/\/volcanes.net\/index.php?rest_route=\/wp\/v2\/posts\/11305"}],"collection":[{"href":"https:\/\/volcanes.net\/index.php?rest_route=\/wp\/v2\/posts"}],"about":[{"href":"https:\/\/volcanes.net\/index.php?rest_route=\/wp\/v2\/types\/post"}],"author":[{"embeddable":true,"href":"https:\/\/volcanes.net\/index.php?rest_route=\/wp\/v2\/users\/1"}],"replies":[{"embeddable":true,"href":"https:\/\/volcanes.net\/index.php?rest_route=%2Fwp%2Fv2%2Fcomments&post=11305"}],"version-history":[{"count":1,"href":"https:\/\/volcanes.net\/index.php?rest_route=\/wp\/v2\/posts\/11305\/revisions"}],"predecessor-version":[{"id":11307,"href":"https:\/\/volcanes.net\/index.php?rest_route=\/wp\/v2\/posts\/11305\/revisions\/11307"}],"wp:featuredmedia":[{"embeddable":true,"href":"https:\/\/volcanes.net\/index.php?rest_route=\/wp\/v2\/media\/11306"}],"wp:attachment":[{"href":"https:\/\/volcanes.net\/index.php?rest_route=%2Fwp%2Fv2%2Fmedia&parent=11305"}],"wp:term":[{"taxonomy":"category","embeddable":true,"href":"https:\/\/volcanes.net\/index.php?rest_route=%2Fwp%2Fv2%2Fcategories&post=11305"},{"taxonomy":"post_tag","embeddable":true,"href":"https:\/\/volcanes.net\/index.php?rest_route=%2Fwp%2Fv2%2Ftags&post=11305"}],"curies":[{"name":"wp","href":"https:\/\/api.w.org\/{rel}","templated":true}]}}