{"id":11308,"date":"2021-05-13T14:33:04","date_gmt":"2021-05-13T20:33:04","guid":{"rendered":"http:\/\/volcanes.net\/?p=11308"},"modified":"2021-05-13T14:33:04","modified_gmt":"2021-05-13T20:33:04","slug":"victor-espinoza-reprueba-actos-de-violencia","status":"publish","type":"post","link":"https:\/\/volcanes.net\/?p=11308","title":{"rendered":"Victor Espinoza reprueba actos de violencia"},"content":{"rendered":"<div style=\"margin-top: 0px; margin-bottom: 0px;\" class=\"sharethis-inline-share-buttons\" ><\/div><p>Tlalmanalco, Estado de M\u00e9xico.- Luego de que el candidato a la presidencia de este municipio mexiquense, V\u00edctor Espinoza Mendoza por el Partido de la Revoluci\u00f3n Democr\u00e1tica (PRD) denunciar\u00e1 hostigamiento y amenazas por redes sociales para que abandone la contienda electoral 2021, hecho por el que el perredista dijo p\u00fablicamente que interpondr\u00e1 una denuncia de hechos\u00a0 ante la Fiscal\u00eda General de Justicia del Estado de M\u00e9xico.<\/p>\n<p>En entrevista V\u00edctor Espinoza, nos platica que esta es la primera vez que participa en un proceso electoral, sin embargo, ha sido el candidato que m\u00e1s amenazas de muerte directa que ha recibido por integrantes de diversos partidos pol\u00edticos.<\/p>\n<p>Adem\u00e1s se\u00f1ala que lo \u00fanico que ha realizado es escuchar las peticiones de la ciudadan\u00eda, por lo que decidieron hacer p\u00fablico el abuso de autoridad que han recibido todos los integrantes del PRD.<\/p>\n<p>Debido a la situaci\u00f3n que enfrentan, V\u00edctor Espinoza comenta que es un hombre que velar\u00e1 por los intereses de las familias\u00a0 Tlalmanalquenses, por lo que reprueba estos actos de violencia.<\/p>\n","protected":false},"excerpt":{"rendered":"<p>Tlalmanalco, Estado de M\u00e9xico.- Luego de que el candidato a la presidencia de este municipio<\/p>\n","protected":false},"author":1,"featured_media":11309,"comment_status":"open","ping_status":"open","sticky":false,"template":"","format":"standard","meta":{"footnotes":""},"categories":[1],"tags":[81],"class_list":["post-11308","post","type-post","status-publish","format-standard","has-post-thumbnail","hentry","category-municipales","tag-tlalmanalco"],"yoast_head":"<!-- This site is optimized with the Yoast SEO plugin v25.3 - https:\/\/yoast.com\/wordpress\/plugins\/seo\/ -->\n<title>Victor Espinoza reprueba actos de violencia - Volcanes<\/title>\n<meta name=\"robots\" content=\"index, follow, max-snippet:-1, max-image-preview:large, max-video-preview:-1\" \/>\n<link rel=\"canonical\" href=\"https:\/\/volcanes.net\/?p=11308\" \/>\n<meta property=\"og:locale\" content=\"es_MX\" \/>\n<meta property=\"og:type\" content=\"article\" \/>\n<meta property=\"og:title\" content=\"Victor Espinoza reprueba actos de violencia - Volcanes\" \/>\n<meta property=\"og:description\" content=\"Tlalmanalco, Estado de M\u00e9xico.- Luego de que el candidato a la presidencia de este municipio\" \/>\n<meta property=\"og:url\" content=\"https:\/\/volcanes.net\/?p=11308\" \/>\n<meta property=\"og:site_name\" content=\"Volcanes\" \/>\n<meta property=\"article:publisher\" content=\"https:\/\/www.facebook.com\/volcanes.net\/\" \/>\n<meta property=\"article:published_time\" content=\"2021-05-13T20:33:04+00:00\" \/>\n<meta property=\"og:image\" content=\"https:\/\/volcanes.net\/wp-content\/uploads\/2021\/05\/Screenshot_2021-05-13-13-48-21_2.jpg\" \/>\n\t<meta property=\"og:image:width\" content=\"720\" \/>\n\t<meta property=\"og:image:height\" content=\"396\" \/>\n\t<meta property=\"og:image:type\" content=\"image\/jpeg\" \/>\n<meta name=\"author\" content=\"admin\" \/>\n<meta name=\"twitter:card\" content=\"summary_large_image\" \/>\n<meta name=\"twitter:label1\" content=\"Escrito por\" \/>\n\t<meta name=\"twitter:data1\" content=\"admin\" \/>\n\t<meta name=\"twitter:label2\" content=\"Tiempo de lectura\" \/>\n\t<meta name=\"twitter:data2\" content=\"1 minuto\" \/>\n<script type=\"application\/ld+json\" class=\"yoast-schema-graph\">{\"@context\":\"https:\/\/schema.org\",\"@graph\":[{\"@type\":\"Article\",\"@id\":\"https:\/\/volcanes.net\/?p=11308#article\",\"isPartOf\":{\"@id\":\"https:\/\/volcanes.net\/?p=11308\"},\"author\":{\"name\":\"admin\",\"@id\":\"https:\/\/volcanes.net\/#\/schema\/person\/4bf0f383940966a4abd53f5048c0e6b9\"},\"headline\":\"Victor Espinoza reprueba actos de violencia\",\"datePublished\":\"2021-05-13T20:33:04+00:00\",\"mainEntityOfPage\":{\"@id\":\"https:\/\/volcanes.net\/?p=11308\"},\"wordCount\":189,\"commentCount\":0,\"publisher\":{\"@id\":\"https:\/\/volcanes.net\/#organization\"},\"image\":{\"@id\":\"https:\/\/volcanes.net\/?p=11308#primaryimage\"},\"thumbnailUrl\":\"https:\/\/volcanes.net\/wp-content\/uploads\/2021\/05\/Screenshot_2021-05-13-13-48-21_2.jpg\",\"keywords\":[\"Tlalmanalco\"],\"articleSection\":[\"Municipales\"],\"inLanguage\":\"es\",\"potentialAction\":[{\"@type\":\"CommentAction\",\"name\":\"Comment\",\"target\":[\"https:\/\/volcanes.net\/?p=11308#respond\"]}]},{\"@type\":\"WebPage\",\"@id\":\"https:\/\/volcanes.net\/?p=11308\",\"url\":\"https:\/\/volcanes.net\/?p=11308\",\"name\":\"Victor Espinoza reprueba actos de violencia - Volcanes\",\"isPartOf\":{\"@id\":\"https:\/\/volcanes.net\/#website\"},\"primaryImageOfPage\":{\"@id\":\"https:\/\/volcanes.net\/?p=11308#primaryimage\"},\"image\":{\"@id\":\"https:\/\/volcanes.net\/?p=11308#primaryimage\"},\"thumbnailUrl\":\"https:\/\/volcanes.net\/wp-content\/uploads\/2021\/05\/Screenshot_2021-05-13-13-48-21_2.jpg\",\"datePublished\":\"2021-05-13T20:33:04+00:00\",\"breadcrumb\":{\"@id\":\"https:\/\/volcanes.net\/?p=11308#breadcrumb\"},\"inLanguage\":\"es\",\"potentialAction\":[{\"@type\":\"ReadAction\",\"target\":[\"https:\/\/volcanes.net\/?p=11308\"]}]},{\"@type\":\"ImageObject\",\"inLanguage\":\"es\",\"@id\":\"https:\/\/volcanes.net\/?p=11308#primaryimage\",\"url\":\"https:\/\/volcanes.net\/wp-content\/uploads\/2021\/05\/Screenshot_2021-05-13-13-48-21_2.jpg\",\"contentUrl\":\"https:\/\/volcanes.net\/wp-content\/uploads\/2021\/05\/Screenshot_2021-05-13-13-48-21_2.jpg\",\"width\":720,\"height\":396},{\"@type\":\"BreadcrumbList\",\"@id\":\"https:\/\/volcanes.net\/?p=11308#breadcrumb\",\"itemListElement\":[{\"@type\":\"ListItem\",\"position\":1,\"name\":\"Portada\",\"item\":\"https:\/\/volcanes.net\/\"},{\"@type\":\"ListItem\",\"position\":2,\"name\":\"Victor Espinoza reprueba actos de violencia\"}]},{\"@type\":\"WebSite\",\"@id\":\"https:\/\/volcanes.net\/#website\",\"url\":\"https:\/\/volcanes.net\/\",\"name\":\"Volcanes.Net\",\"description\":\"Periodismo Profesional\",\"publisher\":{\"@id\":\"https:\/\/volcanes.net\/#organization\"},\"potentialAction\":[{\"@type\":\"SearchAction\",\"target\":{\"@type\":\"EntryPoint\",\"urlTemplate\":\"https:\/\/volcanes.net\/?s={search_term_string}\"},\"query-input\":{\"@type\":\"PropertyValueSpecification\",\"valueRequired\":true,\"valueName\":\"search_term_string\"}}],\"inLanguage\":\"es\"},{\"@type\":\"Organization\",\"@id\":\"https:\/\/volcanes.net\/#organization\",\"name\":\"Grupo Volcanes\",\"url\":\"https:\/\/volcanes.net\/\",\"logo\":{\"@type\":\"ImageObject\",\"inLanguage\":\"es\",\"@id\":\"https:\/\/volcanes.net\/#\/schema\/logo\/image\/\",\"url\":\"http:\/\/volcanes.net\/wp-content\/uploads\/2017\/12\/Avatar2.jpg\",\"contentUrl\":\"http:\/\/volcanes.net\/wp-content\/uploads\/2017\/12\/Avatar2.jpg\",\"width\":378,\"height\":378,\"caption\":\"Grupo Volcanes\"},\"image\":{\"@id\":\"https:\/\/volcanes.net\/#\/schema\/logo\/image\/\"},\"sameAs\":[\"https:\/\/www.facebook.com\/volcanes.net\/\"]},{\"@type\":\"Person\",\"@id\":\"https:\/\/volcanes.net\/#\/schema\/person\/4bf0f383940966a4abd53f5048c0e6b9\",\"name\":\"admin\",\"image\":{\"@type\":\"ImageObject\",\"inLanguage\":\"es\",\"@id\":\"https:\/\/volcanes.net\/#\/schema\/person\/image\/\",\"url\":\"https:\/\/secure.gravatar.com\/avatar\/ca004e6cba8462b8cb7abc86e382930c?s=96&d=mm&r=g\",\"contentUrl\":\"https:\/\/secure.gravatar.com\/avatar\/ca004e6cba8462b8cb7abc86e382930c?s=96&d=mm&r=g\",\"caption\":\"admin\"}}]}<\/script>\n<!-- \/ Yoast SEO plugin. -->","yoast_head_json":{"title":"Victor Espinoza reprueba actos de violencia - Volcanes","robots":{"index":"index","follow":"follow","max-snippet":"max-snippet:-1","max-image-preview":"max-image-preview:large","max-video-preview":"max-video-preview:-1"},"canonical":"https:\/\/volcanes.net\/?p=11308","og_locale":"es_MX","og_type":"article","og_title":"Victor Espinoza reprueba actos de violencia - Volcanes","og_description":"Tlalmanalco, Estado de M\u00e9xico.- Luego de que el candidato a la presidencia de este municipio","og_url":"https:\/\/volcanes.net\/?p=11308","og_site_name":"Volcanes","article_publisher":"https:\/\/www.facebook.com\/volcanes.net\/","article_published_time":"2021-05-13T20:33:04+00:00","og_image":[{"width":720,"height":396,"url":"https:\/\/volcanes.net\/wp-content\/uploads\/2021\/05\/Screenshot_2021-05-13-13-48-21_2.jpg","type":"image\/jpeg"}],"author":"admin","twitter_card":"summary_large_image","twitter_misc":{"Escrito por":"admin","Tiempo de lectura":"1 minuto"},"schema":{"@context":"https:\/\/schema.org","@graph":[{"@type":"Article","@id":"https:\/\/volcanes.net\/?p=11308#article","isPartOf":{"@id":"https:\/\/volcanes.net\/?p=11308"},"author":{"name":"admin","@id":"https:\/\/volcanes.net\/#\/schema\/person\/4bf0f383940966a4abd53f5048c0e6b9"},"headline":"Victor Espinoza reprueba actos de violencia","datePublished":"2021-05-13T20:33:04+00:00","mainEntityOfPage":{"@id":"https:\/\/volcanes.net\/?p=11308"},"wordCount":189,"commentCount":0,"publisher":{"@id":"https:\/\/volcanes.net\/#organization"},"image":{"@id":"https:\/\/volcanes.net\/?p=11308#primaryimage"},"thumbnailUrl":"https:\/\/volcanes.net\/wp-content\/uploads\/2021\/05\/Screenshot_2021-05-13-13-48-21_2.jpg","keywords":["Tlalmanalco"],"articleSection":["Municipales"],"inLanguage":"es","potentialAction":[{"@type":"CommentAction","name":"Comment","target":["https:\/\/volcanes.net\/?p=11308#respond"]}]},{"@type":"WebPage","@id":"https:\/\/volcanes.net\/?p=11308","url":"https:\/\/volcanes.net\/?p=11308","name":"Victor Espinoza reprueba actos de violencia - Volcanes","isPartOf":{"@id":"https:\/\/volcanes.net\/#website"},"primaryImageOfPage":{"@id":"https:\/\/volcanes.net\/?p=11308#primaryimage"},"image":{"@id":"https:\/\/volcanes.net\/?p=11308#primaryimage"},"thumbnailUrl":"https:\/\/volcanes.net\/wp-content\/uploads\/2021\/05\/Screenshot_2021-05-13-13-48-21_2.jpg","datePublished":"2021-05-13T20:33:04+00:00","breadcrumb":{"@id":"https:\/\/volcanes.net\/?p=11308#breadcrumb"},"inLanguage":"es","potentialAction":[{"@type":"ReadAction","target":["https:\/\/volcanes.net\/?p=11308"]}]},{"@type":"ImageObject","inLanguage":"es","@id":"https:\/\/volcanes.net\/?p=11308#primaryimage","url":"https:\/\/volcanes.net\/wp-content\/uploads\/2021\/05\/Screenshot_2021-05-13-13-48-21_2.jpg","contentUrl":"https:\/\/volcanes.net\/wp-content\/uploads\/2021\/05\/Screenshot_2021-05-13-13-48-21_2.jpg","width":720,"height":396},{"@type":"BreadcrumbList","@id":"https:\/\/volcanes.net\/?p=11308#breadcrumb","itemListElement":[{"@type":"ListItem","position":1,"name":"Portada","item":"https:\/\/volcanes.net\/"},{"@type":"ListItem","position":2,"name":"Victor Espinoza reprueba actos de violencia"}]},{"@type":"WebSite","@id":"https:\/\/volcanes.net\/#website","url":"https:\/\/volcanes.net\/","name":"Volcanes.Net","description":"Periodismo Profesional","publisher":{"@id":"https:\/\/volcanes.net\/#organization"},"potentialAction":[{"@type":"SearchAction","target":{"@type":"EntryPoint","urlTemplate":"https:\/\/volcanes.net\/?s={search_term_string}"},"query-input":{"@type":"PropertyValueSpecification","valueRequired":true,"valueName":"search_term_string"}}],"inLanguage":"es"},{"@type":"Organization","@id":"https:\/\/volcanes.net\/#organization","name":"Grupo Volcanes","url":"https:\/\/volcanes.net\/","logo":{"@type":"ImageObject","inLanguage":"es","@id":"https:\/\/volcanes.net\/#\/schema\/logo\/image\/","url":"http:\/\/volcanes.net\/wp-content\/uploads\/2017\/12\/Avatar2.jpg","contentUrl":"http:\/\/volcanes.net\/wp-content\/uploads\/2017\/12\/Avatar2.jpg","width":378,"height":378,"caption":"Grupo Volcanes"},"image":{"@id":"https:\/\/volcanes.net\/#\/schema\/logo\/image\/"},"sameAs":["https:\/\/www.facebook.com\/volcanes.net\/"]},{"@type":"Person","@id":"https:\/\/volcanes.net\/#\/schema\/person\/4bf0f383940966a4abd53f5048c0e6b9","name":"admin","image":{"@type":"ImageObject","inLanguage":"es","@id":"https:\/\/volcanes.net\/#\/schema\/person\/image\/","url":"https:\/\/secure.gravatar.com\/avatar\/ca004e6cba8462b8cb7abc86e382930c?s=96&d=mm&r=g","contentUrl":"https:\/\/secure.gravatar.com\/avatar\/ca004e6cba8462b8cb7abc86e382930c?s=96&d=mm&r=g","caption":"admin"}}]}},"_links":{"self":[{"href":"https:\/\/volcanes.net\/index.php?rest_route=\/wp\/v2\/posts\/11308"}],"collection":[{"href":"https:\/\/volcanes.net\/index.php?rest_route=\/wp\/v2\/posts"}],"about":[{"href":"https:\/\/volcanes.net\/index.php?rest_route=\/wp\/v2\/types\/post"}],"author":[{"embeddable":true,"href":"https:\/\/volcanes.net\/index.php?rest_route=\/wp\/v2\/users\/1"}],"replies":[{"embeddable":true,"href":"https:\/\/volcanes.net\/index.php?rest_route=%2Fwp%2Fv2%2Fcomments&post=11308"}],"version-history":[{"count":1,"href":"https:\/\/volcanes.net\/index.php?rest_route=\/wp\/v2\/posts\/11308\/revisions"}],"predecessor-version":[{"id":11310,"href":"https:\/\/volcanes.net\/index.php?rest_route=\/wp\/v2\/posts\/11308\/revisions\/11310"}],"wp:featuredmedia":[{"embeddable":true,"href":"https:\/\/volcanes.net\/index.php?rest_route=\/wp\/v2\/media\/11309"}],"wp:attachment":[{"href":"https:\/\/volcanes.net\/index.php?rest_route=%2Fwp%2Fv2%2Fmedia&parent=11308"}],"wp:term":[{"taxonomy":"category","embeddable":true,"href":"https:\/\/volcanes.net\/index.php?rest_route=%2Fwp%2Fv2%2Fcategories&post=11308"},{"taxonomy":"post_tag","embeddable":true,"href":"https:\/\/volcanes.net\/index.php?rest_route=%2Fwp%2Fv2%2Ftags&post=11308"}],"curies":[{"name":"wp","href":"https:\/\/api.w.org\/{rel}","templated":true}]}}