{"id":11338,"date":"2021-05-17T13:53:39","date_gmt":"2021-05-17T19:53:39","guid":{"rendered":"http:\/\/volcanes.net\/?p=11338"},"modified":"2021-05-17T13:53:39","modified_gmt":"2021-05-17T19:53:39","slug":"anais-burgos-exhorto-al-gobierno-del-edomex-implementar-acciones-para-ayudar-a-familias-afectadas-por-inundaciones","status":"publish","type":"post","link":"https:\/\/volcanes.net\/?p=11338","title":{"rendered":"Ana\u00eds Burgos exhort\u00f3 al Gobierno del Edomex implementar acciones para ayudar a familias afectadas por inundaciones"},"content":{"rendered":"<div style=\"margin-top: 0px; margin-bottom: 0px;\" class=\"sharethis-inline-share-buttons\" ><\/div><p style=\"text-align: justify;\">Chalco, Estado de M\u00e9xico.- Luego de las fuerte lluvias registradas en los \u00faltimos d\u00edas, Ana\u00eds Burgos Hern\u00e1ndez, candidata de Morena por el distrito I Local, exhort\u00f3 al Gobierno del Estado de M\u00e9xico, que encabeza Alfredo Del Mazo Maza, a implementar acciones para ayudar a las familias afectadas por inundaciones.<\/p>\n<p style=\"text-align: justify;\">En entrevista para Volcanes Multimedios, Burgos Hern\u00e1ndez coment\u00f3 que ante las inclemencias climatol\u00f3gicas, muchas familias se han visto afectadas en sus pertenencias por las inundaciones, sin embargo, han tratado de ayudar a las familias, pese que como candidatos a la diputaci\u00f3n no les concierne atender esas responsabilidades, ya que su labor es dar la continuidad de los trabajos legislativos en la entidad mexiquense.<\/p>\n<p style=\"text-align: justify;\">Burgos Hern\u00e1ndez, exhort\u00f3 de manera urgente al gobierno mexiquense a instruir a la Comisi\u00f3n del Agua del Estado de M\u00e9xico (CAEM), a que acudan al municipio de Chalco, para realizar trabajos de limpieza en la atenci\u00f3n del drenaje para mitigar encharcamientos.<\/p>\n<p style=\"text-align: justify;\">As\u00ed mismo, se\u00f1al\u00f3 que ante estas situaciones es necesaria una coordinaci\u00f3n con gobierno municipal, pese a que se ha trabajado durante dos a\u00f1os, ha sido insuficiente ya que no se ha podido mejorar el rezago que dejaron las anteriores administraciones, siendo la ciudadan\u00eda la m\u00e1s afectada por las malas decisiones.<\/p>\n<p style=\"text-align: justify;\">Por lo anterior, Burgos Hern\u00e1ndez se\u00f1ala que es necesario ver cu\u00e1les son las necesidades de la ciudadan\u00eda y que estas sean atendidas, pues ayudar\u00e1 a las y los vecinos de Chalco que se vieron severamente afectados.<\/p>\n","protected":false},"excerpt":{"rendered":"<p>Chalco, Estado de M\u00e9xico.- Luego de las fuerte lluvias registradas en los \u00faltimos d\u00edas, Ana\u00eds<\/p>\n","protected":false},"author":1,"featured_media":11339,"comment_status":"open","ping_status":"open","sticky":false,"template":"","format":"standard","meta":{"footnotes":""},"categories":[1],"tags":[9],"class_list":["post-11338","post","type-post","status-publish","format-standard","has-post-thumbnail","hentry","category-municipales","tag-chalco"],"yoast_head":"<!-- This site is optimized with the Yoast SEO plugin v25.3 - https:\/\/yoast.com\/wordpress\/plugins\/seo\/ -->\n<title>Ana\u00eds Burgos exhort\u00f3 al Gobierno del Edomex implementar acciones para ayudar a familias afectadas por inundaciones - Volcanes<\/title>\n<meta name=\"robots\" content=\"index, follow, max-snippet:-1, max-image-preview:large, max-video-preview:-1\" \/>\n<link rel=\"canonical\" href=\"https:\/\/volcanes.net\/?p=11338\" \/>\n<meta property=\"og:locale\" content=\"es_MX\" \/>\n<meta property=\"og:type\" content=\"article\" \/>\n<meta property=\"og:title\" content=\"Ana\u00eds Burgos exhort\u00f3 al Gobierno del Edomex implementar acciones para ayudar a familias afectadas por inundaciones - Volcanes\" \/>\n<meta property=\"og:description\" content=\"Chalco, Estado de M\u00e9xico.- Luego de las fuerte lluvias registradas en los \u00faltimos d\u00edas, Ana\u00eds\" \/>\n<meta property=\"og:url\" content=\"https:\/\/volcanes.net\/?p=11338\" \/>\n<meta property=\"og:site_name\" content=\"Volcanes\" \/>\n<meta property=\"article:publisher\" content=\"https:\/\/www.facebook.com\/volcanes.net\/\" \/>\n<meta property=\"article:published_time\" content=\"2021-05-17T19:53:39+00:00\" \/>\n<meta property=\"og:image\" content=\"https:\/\/volcanes.net\/wp-content\/uploads\/2021\/05\/Screenshot_2021-05-17-09-32-16_2.jpg\" \/>\n\t<meta property=\"og:image:width\" content=\"720\" \/>\n\t<meta property=\"og:image:height\" content=\"392\" \/>\n\t<meta property=\"og:image:type\" content=\"image\/jpeg\" \/>\n<meta name=\"author\" content=\"admin\" \/>\n<meta name=\"twitter:card\" content=\"summary_large_image\" \/>\n<meta name=\"twitter:label1\" content=\"Escrito por\" \/>\n\t<meta name=\"twitter:data1\" content=\"admin\" \/>\n\t<meta name=\"twitter:label2\" content=\"Tiempo de lectura\" \/>\n\t<meta name=\"twitter:data2\" content=\"1 minuto\" \/>\n<script type=\"application\/ld+json\" class=\"yoast-schema-graph\">{\"@context\":\"https:\/\/schema.org\",\"@graph\":[{\"@type\":\"Article\",\"@id\":\"https:\/\/volcanes.net\/?p=11338#article\",\"isPartOf\":{\"@id\":\"https:\/\/volcanes.net\/?p=11338\"},\"author\":{\"name\":\"admin\",\"@id\":\"https:\/\/volcanes.net\/#\/schema\/person\/4bf0f383940966a4abd53f5048c0e6b9\"},\"headline\":\"Ana\u00eds Burgos exhort\u00f3 al Gobierno del Edomex implementar acciones para ayudar a familias afectadas por inundaciones\",\"datePublished\":\"2021-05-17T19:53:39+00:00\",\"mainEntityOfPage\":{\"@id\":\"https:\/\/volcanes.net\/?p=11338\"},\"wordCount\":278,\"commentCount\":0,\"publisher\":{\"@id\":\"https:\/\/volcanes.net\/#organization\"},\"image\":{\"@id\":\"https:\/\/volcanes.net\/?p=11338#primaryimage\"},\"thumbnailUrl\":\"https:\/\/volcanes.net\/wp-content\/uploads\/2021\/05\/Screenshot_2021-05-17-09-32-16_2.jpg\",\"keywords\":[\"Chalco\"],\"articleSection\":[\"Municipales\"],\"inLanguage\":\"es\",\"potentialAction\":[{\"@type\":\"CommentAction\",\"name\":\"Comment\",\"target\":[\"https:\/\/volcanes.net\/?p=11338#respond\"]}]},{\"@type\":\"WebPage\",\"@id\":\"https:\/\/volcanes.net\/?p=11338\",\"url\":\"https:\/\/volcanes.net\/?p=11338\",\"name\":\"Ana\u00eds Burgos exhort\u00f3 al Gobierno del Edomex implementar acciones para ayudar a familias afectadas por inundaciones - Volcanes\",\"isPartOf\":{\"@id\":\"https:\/\/volcanes.net\/#website\"},\"primaryImageOfPage\":{\"@id\":\"https:\/\/volcanes.net\/?p=11338#primaryimage\"},\"image\":{\"@id\":\"https:\/\/volcanes.net\/?p=11338#primaryimage\"},\"thumbnailUrl\":\"https:\/\/volcanes.net\/wp-content\/uploads\/2021\/05\/Screenshot_2021-05-17-09-32-16_2.jpg\",\"datePublished\":\"2021-05-17T19:53:39+00:00\",\"breadcrumb\":{\"@id\":\"https:\/\/volcanes.net\/?p=11338#breadcrumb\"},\"inLanguage\":\"es\",\"potentialAction\":[{\"@type\":\"ReadAction\",\"target\":[\"https:\/\/volcanes.net\/?p=11338\"]}]},{\"@type\":\"ImageObject\",\"inLanguage\":\"es\",\"@id\":\"https:\/\/volcanes.net\/?p=11338#primaryimage\",\"url\":\"https:\/\/volcanes.net\/wp-content\/uploads\/2021\/05\/Screenshot_2021-05-17-09-32-16_2.jpg\",\"contentUrl\":\"https:\/\/volcanes.net\/wp-content\/uploads\/2021\/05\/Screenshot_2021-05-17-09-32-16_2.jpg\",\"width\":720,\"height\":392},{\"@type\":\"BreadcrumbList\",\"@id\":\"https:\/\/volcanes.net\/?p=11338#breadcrumb\",\"itemListElement\":[{\"@type\":\"ListItem\",\"position\":1,\"name\":\"Portada\",\"item\":\"https:\/\/volcanes.net\/\"},{\"@type\":\"ListItem\",\"position\":2,\"name\":\"Ana\u00eds Burgos exhort\u00f3 al Gobierno del Edomex implementar acciones para ayudar a familias afectadas por inundaciones\"}]},{\"@type\":\"WebSite\",\"@id\":\"https:\/\/volcanes.net\/#website\",\"url\":\"https:\/\/volcanes.net\/\",\"name\":\"Volcanes.Net\",\"description\":\"Periodismo Profesional\",\"publisher\":{\"@id\":\"https:\/\/volcanes.net\/#organization\"},\"potentialAction\":[{\"@type\":\"SearchAction\",\"target\":{\"@type\":\"EntryPoint\",\"urlTemplate\":\"https:\/\/volcanes.net\/?s={search_term_string}\"},\"query-input\":{\"@type\":\"PropertyValueSpecification\",\"valueRequired\":true,\"valueName\":\"search_term_string\"}}],\"inLanguage\":\"es\"},{\"@type\":\"Organization\",\"@id\":\"https:\/\/volcanes.net\/#organization\",\"name\":\"Grupo Volcanes\",\"url\":\"https:\/\/volcanes.net\/\",\"logo\":{\"@type\":\"ImageObject\",\"inLanguage\":\"es\",\"@id\":\"https:\/\/volcanes.net\/#\/schema\/logo\/image\/\",\"url\":\"http:\/\/volcanes.net\/wp-content\/uploads\/2017\/12\/Avatar2.jpg\",\"contentUrl\":\"http:\/\/volcanes.net\/wp-content\/uploads\/2017\/12\/Avatar2.jpg\",\"width\":378,\"height\":378,\"caption\":\"Grupo Volcanes\"},\"image\":{\"@id\":\"https:\/\/volcanes.net\/#\/schema\/logo\/image\/\"},\"sameAs\":[\"https:\/\/www.facebook.com\/volcanes.net\/\"]},{\"@type\":\"Person\",\"@id\":\"https:\/\/volcanes.net\/#\/schema\/person\/4bf0f383940966a4abd53f5048c0e6b9\",\"name\":\"admin\",\"image\":{\"@type\":\"ImageObject\",\"inLanguage\":\"es\",\"@id\":\"https:\/\/volcanes.net\/#\/schema\/person\/image\/\",\"url\":\"https:\/\/secure.gravatar.com\/avatar\/ca004e6cba8462b8cb7abc86e382930c?s=96&d=mm&r=g\",\"contentUrl\":\"https:\/\/secure.gravatar.com\/avatar\/ca004e6cba8462b8cb7abc86e382930c?s=96&d=mm&r=g\",\"caption\":\"admin\"}}]}<\/script>\n<!-- \/ Yoast SEO plugin. -->","yoast_head_json":{"title":"Ana\u00eds Burgos exhort\u00f3 al Gobierno del Edomex implementar acciones para ayudar a familias afectadas por inundaciones - Volcanes","robots":{"index":"index","follow":"follow","max-snippet":"max-snippet:-1","max-image-preview":"max-image-preview:large","max-video-preview":"max-video-preview:-1"},"canonical":"https:\/\/volcanes.net\/?p=11338","og_locale":"es_MX","og_type":"article","og_title":"Ana\u00eds Burgos exhort\u00f3 al Gobierno del Edomex implementar acciones para ayudar a familias afectadas por inundaciones - Volcanes","og_description":"Chalco, Estado de M\u00e9xico.- Luego de las fuerte lluvias registradas en los \u00faltimos d\u00edas, Ana\u00eds","og_url":"https:\/\/volcanes.net\/?p=11338","og_site_name":"Volcanes","article_publisher":"https:\/\/www.facebook.com\/volcanes.net\/","article_published_time":"2021-05-17T19:53:39+00:00","og_image":[{"width":720,"height":392,"url":"https:\/\/volcanes.net\/wp-content\/uploads\/2021\/05\/Screenshot_2021-05-17-09-32-16_2.jpg","type":"image\/jpeg"}],"author":"admin","twitter_card":"summary_large_image","twitter_misc":{"Escrito por":"admin","Tiempo de lectura":"1 minuto"},"schema":{"@context":"https:\/\/schema.org","@graph":[{"@type":"Article","@id":"https:\/\/volcanes.net\/?p=11338#article","isPartOf":{"@id":"https:\/\/volcanes.net\/?p=11338"},"author":{"name":"admin","@id":"https:\/\/volcanes.net\/#\/schema\/person\/4bf0f383940966a4abd53f5048c0e6b9"},"headline":"Ana\u00eds Burgos exhort\u00f3 al Gobierno del Edomex implementar acciones para ayudar a familias afectadas por inundaciones","datePublished":"2021-05-17T19:53:39+00:00","mainEntityOfPage":{"@id":"https:\/\/volcanes.net\/?p=11338"},"wordCount":278,"commentCount":0,"publisher":{"@id":"https:\/\/volcanes.net\/#organization"},"image":{"@id":"https:\/\/volcanes.net\/?p=11338#primaryimage"},"thumbnailUrl":"https:\/\/volcanes.net\/wp-content\/uploads\/2021\/05\/Screenshot_2021-05-17-09-32-16_2.jpg","keywords":["Chalco"],"articleSection":["Municipales"],"inLanguage":"es","potentialAction":[{"@type":"CommentAction","name":"Comment","target":["https:\/\/volcanes.net\/?p=11338#respond"]}]},{"@type":"WebPage","@id":"https:\/\/volcanes.net\/?p=11338","url":"https:\/\/volcanes.net\/?p=11338","name":"Ana\u00eds Burgos exhort\u00f3 al Gobierno del Edomex implementar acciones para ayudar a familias afectadas por inundaciones - Volcanes","isPartOf":{"@id":"https:\/\/volcanes.net\/#website"},"primaryImageOfPage":{"@id":"https:\/\/volcanes.net\/?p=11338#primaryimage"},"image":{"@id":"https:\/\/volcanes.net\/?p=11338#primaryimage"},"thumbnailUrl":"https:\/\/volcanes.net\/wp-content\/uploads\/2021\/05\/Screenshot_2021-05-17-09-32-16_2.jpg","datePublished":"2021-05-17T19:53:39+00:00","breadcrumb":{"@id":"https:\/\/volcanes.net\/?p=11338#breadcrumb"},"inLanguage":"es","potentialAction":[{"@type":"ReadAction","target":["https:\/\/volcanes.net\/?p=11338"]}]},{"@type":"ImageObject","inLanguage":"es","@id":"https:\/\/volcanes.net\/?p=11338#primaryimage","url":"https:\/\/volcanes.net\/wp-content\/uploads\/2021\/05\/Screenshot_2021-05-17-09-32-16_2.jpg","contentUrl":"https:\/\/volcanes.net\/wp-content\/uploads\/2021\/05\/Screenshot_2021-05-17-09-32-16_2.jpg","width":720,"height":392},{"@type":"BreadcrumbList","@id":"https:\/\/volcanes.net\/?p=11338#breadcrumb","itemListElement":[{"@type":"ListItem","position":1,"name":"Portada","item":"https:\/\/volcanes.net\/"},{"@type":"ListItem","position":2,"name":"Ana\u00eds Burgos exhort\u00f3 al Gobierno del Edomex implementar acciones para ayudar a familias afectadas por inundaciones"}]},{"@type":"WebSite","@id":"https:\/\/volcanes.net\/#website","url":"https:\/\/volcanes.net\/","name":"Volcanes.Net","description":"Periodismo Profesional","publisher":{"@id":"https:\/\/volcanes.net\/#organization"},"potentialAction":[{"@type":"SearchAction","target":{"@type":"EntryPoint","urlTemplate":"https:\/\/volcanes.net\/?s={search_term_string}"},"query-input":{"@type":"PropertyValueSpecification","valueRequired":true,"valueName":"search_term_string"}}],"inLanguage":"es"},{"@type":"Organization","@id":"https:\/\/volcanes.net\/#organization","name":"Grupo Volcanes","url":"https:\/\/volcanes.net\/","logo":{"@type":"ImageObject","inLanguage":"es","@id":"https:\/\/volcanes.net\/#\/schema\/logo\/image\/","url":"http:\/\/volcanes.net\/wp-content\/uploads\/2017\/12\/Avatar2.jpg","contentUrl":"http:\/\/volcanes.net\/wp-content\/uploads\/2017\/12\/Avatar2.jpg","width":378,"height":378,"caption":"Grupo Volcanes"},"image":{"@id":"https:\/\/volcanes.net\/#\/schema\/logo\/image\/"},"sameAs":["https:\/\/www.facebook.com\/volcanes.net\/"]},{"@type":"Person","@id":"https:\/\/volcanes.net\/#\/schema\/person\/4bf0f383940966a4abd53f5048c0e6b9","name":"admin","image":{"@type":"ImageObject","inLanguage":"es","@id":"https:\/\/volcanes.net\/#\/schema\/person\/image\/","url":"https:\/\/secure.gravatar.com\/avatar\/ca004e6cba8462b8cb7abc86e382930c?s=96&d=mm&r=g","contentUrl":"https:\/\/secure.gravatar.com\/avatar\/ca004e6cba8462b8cb7abc86e382930c?s=96&d=mm&r=g","caption":"admin"}}]}},"_links":{"self":[{"href":"https:\/\/volcanes.net\/index.php?rest_route=\/wp\/v2\/posts\/11338"}],"collection":[{"href":"https:\/\/volcanes.net\/index.php?rest_route=\/wp\/v2\/posts"}],"about":[{"href":"https:\/\/volcanes.net\/index.php?rest_route=\/wp\/v2\/types\/post"}],"author":[{"embeddable":true,"href":"https:\/\/volcanes.net\/index.php?rest_route=\/wp\/v2\/users\/1"}],"replies":[{"embeddable":true,"href":"https:\/\/volcanes.net\/index.php?rest_route=%2Fwp%2Fv2%2Fcomments&post=11338"}],"version-history":[{"count":1,"href":"https:\/\/volcanes.net\/index.php?rest_route=\/wp\/v2\/posts\/11338\/revisions"}],"predecessor-version":[{"id":11340,"href":"https:\/\/volcanes.net\/index.php?rest_route=\/wp\/v2\/posts\/11338\/revisions\/11340"}],"wp:featuredmedia":[{"embeddable":true,"href":"https:\/\/volcanes.net\/index.php?rest_route=\/wp\/v2\/media\/11339"}],"wp:attachment":[{"href":"https:\/\/volcanes.net\/index.php?rest_route=%2Fwp%2Fv2%2Fmedia&parent=11338"}],"wp:term":[{"taxonomy":"category","embeddable":true,"href":"https:\/\/volcanes.net\/index.php?rest_route=%2Fwp%2Fv2%2Fcategories&post=11338"},{"taxonomy":"post_tag","embeddable":true,"href":"https:\/\/volcanes.net\/index.php?rest_route=%2Fwp%2Fv2%2Ftags&post=11338"}],"curies":[{"name":"wp","href":"https:\/\/api.w.org\/{rel}","templated":true}]}}