{"id":11347,"date":"2021-05-18T13:18:19","date_gmt":"2021-05-18T19:18:19","guid":{"rendered":"http:\/\/volcanes.net\/?p=11347"},"modified":"2021-05-18T13:21:04","modified_gmt":"2021-05-18T19:21:04","slug":"aplican-segunda-dosis-a-adultos-mayores-contra-covid-19-en-temamatla","status":"publish","type":"post","link":"https:\/\/volcanes.net\/?p=11347","title":{"rendered":"Aplican segunda dosis a adultos mayores contra Covid-19 en Temamatla"},"content":{"rendered":"<div style=\"margin-top: 0px; margin-bottom: 0px;\" class=\"sharethis-inline-share-buttons\" ><\/div><p style=\"font-weight: 400; text-align: justify;\">Temamatla, Estado de M\u00e9xico.- El pasado lunes \u00a017 de mayo, se llev\u00f3 a cabo la segunda aplicaci\u00f3n de la vacuna contra el virus Covid-19 \u00a0a adultos mayores de 60 a\u00f1os, por lo anterior, Juan Mart\u00edn Orozpe P\u00e9rez presidente constitucional de este municipio mexiquense, asegur\u00f3 en entrevista para Volcanes Multimedios que se enviaron 750 vacunas, mismas que fueron aplicadas de manera r\u00e1pida y sin incidentes a los adultos mayores de la localidad.<\/p>\n<p style=\"font-weight: 400; text-align: justify;\">De acuerdo con Orozpe P\u00e9rez, la inmunizaci\u00f3n fue todo un \u00e9xito y se realiz\u00f3 en coordinaci\u00f3n con los tres niveles de gobierno; federal, estatal y municipal, por lo que con ello, se dio continuidad al esquema de vacunaci\u00f3n ya que este es el sector m\u00e1s vulnerable, \u00a0sin embargo, el gobierno municipal de Temamatla fue el encargado de realizar la log\u00edstica para la aplicaci\u00f3n de la segunda dosis la cual se realiz\u00f3 de manera organizada y sin ning\u00fan contratiempo.<\/p>\n<p style=\"text-align: justify;\">Luego de la primera jornada de vacunaci\u00f3n contra el Covid-19, a la fecha no se han registrado contagios, ni decesos a causa de dicho virus, por lo que el titular del gobierno local asegur\u00f3 que en la localidad continuar\u00e1 con las medidas sanitarias para evitar contagios dentro del municipio, as\u00ed mismo, coment\u00f3 que ya iniciaron con el registro para comenzar con la vacunaci\u00f3n de\u00a0 los hombres y mujeres de 50 a 59, solo est\u00e1n a la espera de que sede fecha para iniciar con la inmunizaci\u00f3n.<\/p>\n<p style=\"font-weight: 400; text-align: justify;\">Por otra parte, est\u00e1n a la espera de las indicaciones de las autoridades para que los estudiantes de Temamatla puedan regresar a las escuelas, por lo que cree que se retomar\u00e1n las actividades a inicios del pr\u00f3ximo ciclo escolar, sin embargo, mantiene comunicaci\u00f3n con directivos de las instituciones.<\/p>\n","protected":false},"excerpt":{"rendered":"<p>Temamatla, Estado de M\u00e9xico.- El pasado lunes \u00a017 de mayo, se llev\u00f3 a cabo la<\/p>\n","protected":false},"author":1,"featured_media":11348,"comment_status":"open","ping_status":"open","sticky":false,"template":"","format":"standard","meta":{"footnotes":""},"categories":[1],"tags":[236],"class_list":["post-11347","post","type-post","status-publish","format-standard","has-post-thumbnail","hentry","category-municipales","tag-temamatla"],"yoast_head":"<!-- This site is optimized with the Yoast SEO plugin v25.3 - https:\/\/yoast.com\/wordpress\/plugins\/seo\/ -->\n<title>Aplican segunda dosis a adultos mayores contra Covid-19 en Temamatla - Volcanes<\/title>\n<meta name=\"robots\" content=\"index, follow, max-snippet:-1, max-image-preview:large, max-video-preview:-1\" \/>\n<link rel=\"canonical\" href=\"https:\/\/volcanes.net\/?p=11347\" \/>\n<meta property=\"og:locale\" content=\"es_MX\" \/>\n<meta property=\"og:type\" content=\"article\" \/>\n<meta property=\"og:title\" content=\"Aplican segunda dosis a adultos mayores contra Covid-19 en Temamatla - Volcanes\" \/>\n<meta property=\"og:description\" content=\"Temamatla, Estado de M\u00e9xico.- El pasado lunes \u00a017 de mayo, se llev\u00f3 a cabo la\" \/>\n<meta property=\"og:url\" content=\"https:\/\/volcanes.net\/?p=11347\" \/>\n<meta property=\"og:site_name\" content=\"Volcanes\" \/>\n<meta property=\"article:publisher\" content=\"https:\/\/www.facebook.com\/volcanes.net\/\" \/>\n<meta property=\"article:published_time\" content=\"2021-05-18T19:18:19+00:00\" \/>\n<meta property=\"article:modified_time\" content=\"2021-05-18T19:21:04+00:00\" \/>\n<meta property=\"og:image\" content=\"https:\/\/volcanes.net\/wp-content\/uploads\/2021\/05\/5e1b5d62-14a6-45ee-91c2-d48c15f7c2fc.jpg\" \/>\n\t<meta property=\"og:image:width\" content=\"719\" \/>\n\t<meta property=\"og:image:height\" content=\"410\" \/>\n\t<meta property=\"og:image:type\" content=\"image\/jpeg\" \/>\n<meta name=\"author\" content=\"admin\" \/>\n<meta name=\"twitter:card\" content=\"summary_large_image\" \/>\n<meta name=\"twitter:label1\" content=\"Escrito por\" \/>\n\t<meta name=\"twitter:data1\" content=\"admin\" \/>\n\t<meta name=\"twitter:label2\" content=\"Tiempo de lectura\" \/>\n\t<meta name=\"twitter:data2\" content=\"2 minutos\" \/>\n<script type=\"application\/ld+json\" class=\"yoast-schema-graph\">{\"@context\":\"https:\/\/schema.org\",\"@graph\":[{\"@type\":\"Article\",\"@id\":\"https:\/\/volcanes.net\/?p=11347#article\",\"isPartOf\":{\"@id\":\"https:\/\/volcanes.net\/?p=11347\"},\"author\":{\"name\":\"admin\",\"@id\":\"https:\/\/volcanes.net\/#\/schema\/person\/4bf0f383940966a4abd53f5048c0e6b9\"},\"headline\":\"Aplican segunda dosis a adultos mayores contra Covid-19 en Temamatla\",\"datePublished\":\"2021-05-18T19:18:19+00:00\",\"dateModified\":\"2021-05-18T19:21:04+00:00\",\"mainEntityOfPage\":{\"@id\":\"https:\/\/volcanes.net\/?p=11347\"},\"wordCount\":311,\"commentCount\":0,\"publisher\":{\"@id\":\"https:\/\/volcanes.net\/#organization\"},\"image\":{\"@id\":\"https:\/\/volcanes.net\/?p=11347#primaryimage\"},\"thumbnailUrl\":\"https:\/\/volcanes.net\/wp-content\/uploads\/2021\/05\/5e1b5d62-14a6-45ee-91c2-d48c15f7c2fc.jpg\",\"keywords\":[\"Temamatla\"],\"articleSection\":[\"Municipales\"],\"inLanguage\":\"es\",\"potentialAction\":[{\"@type\":\"CommentAction\",\"name\":\"Comment\",\"target\":[\"https:\/\/volcanes.net\/?p=11347#respond\"]}]},{\"@type\":\"WebPage\",\"@id\":\"https:\/\/volcanes.net\/?p=11347\",\"url\":\"https:\/\/volcanes.net\/?p=11347\",\"name\":\"Aplican segunda dosis a adultos mayores contra Covid-19 en Temamatla - Volcanes\",\"isPartOf\":{\"@id\":\"https:\/\/volcanes.net\/#website\"},\"primaryImageOfPage\":{\"@id\":\"https:\/\/volcanes.net\/?p=11347#primaryimage\"},\"image\":{\"@id\":\"https:\/\/volcanes.net\/?p=11347#primaryimage\"},\"thumbnailUrl\":\"https:\/\/volcanes.net\/wp-content\/uploads\/2021\/05\/5e1b5d62-14a6-45ee-91c2-d48c15f7c2fc.jpg\",\"datePublished\":\"2021-05-18T19:18:19+00:00\",\"dateModified\":\"2021-05-18T19:21:04+00:00\",\"breadcrumb\":{\"@id\":\"https:\/\/volcanes.net\/?p=11347#breadcrumb\"},\"inLanguage\":\"es\",\"potentialAction\":[{\"@type\":\"ReadAction\",\"target\":[\"https:\/\/volcanes.net\/?p=11347\"]}]},{\"@type\":\"ImageObject\",\"inLanguage\":\"es\",\"@id\":\"https:\/\/volcanes.net\/?p=11347#primaryimage\",\"url\":\"https:\/\/volcanes.net\/wp-content\/uploads\/2021\/05\/5e1b5d62-14a6-45ee-91c2-d48c15f7c2fc.jpg\",\"contentUrl\":\"https:\/\/volcanes.net\/wp-content\/uploads\/2021\/05\/5e1b5d62-14a6-45ee-91c2-d48c15f7c2fc.jpg\",\"width\":719,\"height\":410},{\"@type\":\"BreadcrumbList\",\"@id\":\"https:\/\/volcanes.net\/?p=11347#breadcrumb\",\"itemListElement\":[{\"@type\":\"ListItem\",\"position\":1,\"name\":\"Portada\",\"item\":\"https:\/\/volcanes.net\/\"},{\"@type\":\"ListItem\",\"position\":2,\"name\":\"Aplican segunda dosis a adultos mayores contra Covid-19 en Temamatla\"}]},{\"@type\":\"WebSite\",\"@id\":\"https:\/\/volcanes.net\/#website\",\"url\":\"https:\/\/volcanes.net\/\",\"name\":\"Volcanes.Net\",\"description\":\"Periodismo Profesional\",\"publisher\":{\"@id\":\"https:\/\/volcanes.net\/#organization\"},\"potentialAction\":[{\"@type\":\"SearchAction\",\"target\":{\"@type\":\"EntryPoint\",\"urlTemplate\":\"https:\/\/volcanes.net\/?s={search_term_string}\"},\"query-input\":{\"@type\":\"PropertyValueSpecification\",\"valueRequired\":true,\"valueName\":\"search_term_string\"}}],\"inLanguage\":\"es\"},{\"@type\":\"Organization\",\"@id\":\"https:\/\/volcanes.net\/#organization\",\"name\":\"Grupo Volcanes\",\"url\":\"https:\/\/volcanes.net\/\",\"logo\":{\"@type\":\"ImageObject\",\"inLanguage\":\"es\",\"@id\":\"https:\/\/volcanes.net\/#\/schema\/logo\/image\/\",\"url\":\"http:\/\/volcanes.net\/wp-content\/uploads\/2017\/12\/Avatar2.jpg\",\"contentUrl\":\"http:\/\/volcanes.net\/wp-content\/uploads\/2017\/12\/Avatar2.jpg\",\"width\":378,\"height\":378,\"caption\":\"Grupo Volcanes\"},\"image\":{\"@id\":\"https:\/\/volcanes.net\/#\/schema\/logo\/image\/\"},\"sameAs\":[\"https:\/\/www.facebook.com\/volcanes.net\/\"]},{\"@type\":\"Person\",\"@id\":\"https:\/\/volcanes.net\/#\/schema\/person\/4bf0f383940966a4abd53f5048c0e6b9\",\"name\":\"admin\",\"image\":{\"@type\":\"ImageObject\",\"inLanguage\":\"es\",\"@id\":\"https:\/\/volcanes.net\/#\/schema\/person\/image\/\",\"url\":\"https:\/\/secure.gravatar.com\/avatar\/ca004e6cba8462b8cb7abc86e382930c?s=96&d=mm&r=g\",\"contentUrl\":\"https:\/\/secure.gravatar.com\/avatar\/ca004e6cba8462b8cb7abc86e382930c?s=96&d=mm&r=g\",\"caption\":\"admin\"}}]}<\/script>\n<!-- \/ Yoast SEO plugin. -->","yoast_head_json":{"title":"Aplican segunda dosis a adultos mayores contra Covid-19 en Temamatla - Volcanes","robots":{"index":"index","follow":"follow","max-snippet":"max-snippet:-1","max-image-preview":"max-image-preview:large","max-video-preview":"max-video-preview:-1"},"canonical":"https:\/\/volcanes.net\/?p=11347","og_locale":"es_MX","og_type":"article","og_title":"Aplican segunda dosis a adultos mayores contra Covid-19 en Temamatla - Volcanes","og_description":"Temamatla, Estado de M\u00e9xico.- El pasado lunes \u00a017 de mayo, se llev\u00f3 a cabo la","og_url":"https:\/\/volcanes.net\/?p=11347","og_site_name":"Volcanes","article_publisher":"https:\/\/www.facebook.com\/volcanes.net\/","article_published_time":"2021-05-18T19:18:19+00:00","article_modified_time":"2021-05-18T19:21:04+00:00","og_image":[{"width":719,"height":410,"url":"https:\/\/volcanes.net\/wp-content\/uploads\/2021\/05\/5e1b5d62-14a6-45ee-91c2-d48c15f7c2fc.jpg","type":"image\/jpeg"}],"author":"admin","twitter_card":"summary_large_image","twitter_misc":{"Escrito por":"admin","Tiempo de lectura":"2 minutos"},"schema":{"@context":"https:\/\/schema.org","@graph":[{"@type":"Article","@id":"https:\/\/volcanes.net\/?p=11347#article","isPartOf":{"@id":"https:\/\/volcanes.net\/?p=11347"},"author":{"name":"admin","@id":"https:\/\/volcanes.net\/#\/schema\/person\/4bf0f383940966a4abd53f5048c0e6b9"},"headline":"Aplican segunda dosis a adultos mayores contra Covid-19 en Temamatla","datePublished":"2021-05-18T19:18:19+00:00","dateModified":"2021-05-18T19:21:04+00:00","mainEntityOfPage":{"@id":"https:\/\/volcanes.net\/?p=11347"},"wordCount":311,"commentCount":0,"publisher":{"@id":"https:\/\/volcanes.net\/#organization"},"image":{"@id":"https:\/\/volcanes.net\/?p=11347#primaryimage"},"thumbnailUrl":"https:\/\/volcanes.net\/wp-content\/uploads\/2021\/05\/5e1b5d62-14a6-45ee-91c2-d48c15f7c2fc.jpg","keywords":["Temamatla"],"articleSection":["Municipales"],"inLanguage":"es","potentialAction":[{"@type":"CommentAction","name":"Comment","target":["https:\/\/volcanes.net\/?p=11347#respond"]}]},{"@type":"WebPage","@id":"https:\/\/volcanes.net\/?p=11347","url":"https:\/\/volcanes.net\/?p=11347","name":"Aplican segunda dosis a adultos mayores contra Covid-19 en Temamatla - Volcanes","isPartOf":{"@id":"https:\/\/volcanes.net\/#website"},"primaryImageOfPage":{"@id":"https:\/\/volcanes.net\/?p=11347#primaryimage"},"image":{"@id":"https:\/\/volcanes.net\/?p=11347#primaryimage"},"thumbnailUrl":"https:\/\/volcanes.net\/wp-content\/uploads\/2021\/05\/5e1b5d62-14a6-45ee-91c2-d48c15f7c2fc.jpg","datePublished":"2021-05-18T19:18:19+00:00","dateModified":"2021-05-18T19:21:04+00:00","breadcrumb":{"@id":"https:\/\/volcanes.net\/?p=11347#breadcrumb"},"inLanguage":"es","potentialAction":[{"@type":"ReadAction","target":["https:\/\/volcanes.net\/?p=11347"]}]},{"@type":"ImageObject","inLanguage":"es","@id":"https:\/\/volcanes.net\/?p=11347#primaryimage","url":"https:\/\/volcanes.net\/wp-content\/uploads\/2021\/05\/5e1b5d62-14a6-45ee-91c2-d48c15f7c2fc.jpg","contentUrl":"https:\/\/volcanes.net\/wp-content\/uploads\/2021\/05\/5e1b5d62-14a6-45ee-91c2-d48c15f7c2fc.jpg","width":719,"height":410},{"@type":"BreadcrumbList","@id":"https:\/\/volcanes.net\/?p=11347#breadcrumb","itemListElement":[{"@type":"ListItem","position":1,"name":"Portada","item":"https:\/\/volcanes.net\/"},{"@type":"ListItem","position":2,"name":"Aplican segunda dosis a adultos mayores contra Covid-19 en Temamatla"}]},{"@type":"WebSite","@id":"https:\/\/volcanes.net\/#website","url":"https:\/\/volcanes.net\/","name":"Volcanes.Net","description":"Periodismo Profesional","publisher":{"@id":"https:\/\/volcanes.net\/#organization"},"potentialAction":[{"@type":"SearchAction","target":{"@type":"EntryPoint","urlTemplate":"https:\/\/volcanes.net\/?s={search_term_string}"},"query-input":{"@type":"PropertyValueSpecification","valueRequired":true,"valueName":"search_term_string"}}],"inLanguage":"es"},{"@type":"Organization","@id":"https:\/\/volcanes.net\/#organization","name":"Grupo Volcanes","url":"https:\/\/volcanes.net\/","logo":{"@type":"ImageObject","inLanguage":"es","@id":"https:\/\/volcanes.net\/#\/schema\/logo\/image\/","url":"http:\/\/volcanes.net\/wp-content\/uploads\/2017\/12\/Avatar2.jpg","contentUrl":"http:\/\/volcanes.net\/wp-content\/uploads\/2017\/12\/Avatar2.jpg","width":378,"height":378,"caption":"Grupo Volcanes"},"image":{"@id":"https:\/\/volcanes.net\/#\/schema\/logo\/image\/"},"sameAs":["https:\/\/www.facebook.com\/volcanes.net\/"]},{"@type":"Person","@id":"https:\/\/volcanes.net\/#\/schema\/person\/4bf0f383940966a4abd53f5048c0e6b9","name":"admin","image":{"@type":"ImageObject","inLanguage":"es","@id":"https:\/\/volcanes.net\/#\/schema\/person\/image\/","url":"https:\/\/secure.gravatar.com\/avatar\/ca004e6cba8462b8cb7abc86e382930c?s=96&d=mm&r=g","contentUrl":"https:\/\/secure.gravatar.com\/avatar\/ca004e6cba8462b8cb7abc86e382930c?s=96&d=mm&r=g","caption":"admin"}}]}},"_links":{"self":[{"href":"https:\/\/volcanes.net\/index.php?rest_route=\/wp\/v2\/posts\/11347"}],"collection":[{"href":"https:\/\/volcanes.net\/index.php?rest_route=\/wp\/v2\/posts"}],"about":[{"href":"https:\/\/volcanes.net\/index.php?rest_route=\/wp\/v2\/types\/post"}],"author":[{"embeddable":true,"href":"https:\/\/volcanes.net\/index.php?rest_route=\/wp\/v2\/users\/1"}],"replies":[{"embeddable":true,"href":"https:\/\/volcanes.net\/index.php?rest_route=%2Fwp%2Fv2%2Fcomments&post=11347"}],"version-history":[{"count":2,"href":"https:\/\/volcanes.net\/index.php?rest_route=\/wp\/v2\/posts\/11347\/revisions"}],"predecessor-version":[{"id":11350,"href":"https:\/\/volcanes.net\/index.php?rest_route=\/wp\/v2\/posts\/11347\/revisions\/11350"}],"wp:featuredmedia":[{"embeddable":true,"href":"https:\/\/volcanes.net\/index.php?rest_route=\/wp\/v2\/media\/11348"}],"wp:attachment":[{"href":"https:\/\/volcanes.net\/index.php?rest_route=%2Fwp%2Fv2%2Fmedia&parent=11347"}],"wp:term":[{"taxonomy":"category","embeddable":true,"href":"https:\/\/volcanes.net\/index.php?rest_route=%2Fwp%2Fv2%2Fcategories&post=11347"},{"taxonomy":"post_tag","embeddable":true,"href":"https:\/\/volcanes.net\/index.php?rest_route=%2Fwp%2Fv2%2Ftags&post=11347"}],"curies":[{"name":"wp","href":"https:\/\/api.w.org\/{rel}","templated":true}]}}