{"id":11380,"date":"2021-05-20T11:41:42","date_gmt":"2021-05-20T17:41:42","guid":{"rendered":"http:\/\/volcanes.net\/?p=11380"},"modified":"2021-05-20T11:41:42","modified_gmt":"2021-05-20T17:41:42","slug":"asegura-armando-garcia-una-inversion-historica-en-valle-de-chalco-en-materia-de-seguridad-publica","status":"publish","type":"post","link":"https:\/\/volcanes.net\/?p=11380","title":{"rendered":"Asegura Armando Garc\u00eda una inversi\u00f3n hist\u00f3rica en Valle de Chalco en materia de seguridad p\u00fablica"},"content":{"rendered":"<div style=\"margin-top: 0px; margin-bottom: 0px;\" class=\"sharethis-inline-share-buttons\" ><\/div><p style=\"font-weight: 400; text-align: justify;\">Valle de Chalco, Estado de M\u00e9xico.- Armando Garc\u00eda M\u00e9ndez candidato a la presidencia de este municipio mexiquense por la coalici\u00f3n &#8220;Juntos Haremos Historia&#8221; en el Estado de M\u00e9xico, integrada por los partidos Morena, Partido del Trabajo y Nueva Alianza, realiz\u00f3 un mitin en la colonia del Carmen, invitando a las y los vecinos a sumarse este 6 de junio a vota por Morena para dar continuidad al buen gobierno.<\/p>\n<p style=\"font-weight: 400; text-align: justify;\">Garc\u00eda M\u00e9ndez, alcalde con licencia y candidato de Morena afirm\u00f3 que las obras y las acciones en beneficio de la sociedad no se detendr\u00e1n, durante el evento se comprometi\u00f3 frente a cientos de vecinos vallechalquenses a hacer una inversi\u00f3n hist\u00f3rica en Seguridad para el municipio, adem\u00e1s dijo que tambi\u00e9n trabajar\u00e1 en materia de educaci\u00f3n p\u00fablica, pues realizar\u00e1 las gestiones correspondientes para que todas las escuelas cuenten con arcotechos y sanitarios dignos.<\/p>\n<p style=\"font-weight: 400; text-align: justify;\">Por otra parte coment\u00f3 que se encuentra realizando las gestiones para la construcci\u00f3n de un hospital, sin embargo, a\u00fan no cuentan con el recurso suficiente para la construcci\u00f3n, por lo que trabajar\u00e1 para cumplir con los reclamos y necesidades de la ciudadan\u00eda, acciones que ser\u00e1n posibles con el buen gobierno 2022-2024.<\/p>\n","protected":false},"excerpt":{"rendered":"<p>Valle de Chalco, Estado de M\u00e9xico.- Armando Garc\u00eda M\u00e9ndez candidato a la presidencia de este<\/p>\n","protected":false},"author":1,"featured_media":11381,"comment_status":"open","ping_status":"open","sticky":false,"template":"","format":"standard","meta":{"footnotes":""},"categories":[1],"tags":[5],"class_list":["post-11380","post","type-post","status-publish","format-standard","has-post-thumbnail","hentry","category-municipales","tag-valle-de-chalco"],"yoast_head":"<!-- This site is optimized with the Yoast SEO plugin v25.3 - https:\/\/yoast.com\/wordpress\/plugins\/seo\/ -->\n<title>Asegura Armando Garc\u00eda una inversi\u00f3n hist\u00f3rica en Valle de Chalco en materia de seguridad p\u00fablica - Volcanes<\/title>\n<meta name=\"robots\" content=\"index, follow, max-snippet:-1, max-image-preview:large, max-video-preview:-1\" \/>\n<link rel=\"canonical\" href=\"https:\/\/volcanes.net\/?p=11380\" \/>\n<meta property=\"og:locale\" content=\"es_MX\" \/>\n<meta property=\"og:type\" content=\"article\" \/>\n<meta property=\"og:title\" content=\"Asegura Armando Garc\u00eda una inversi\u00f3n hist\u00f3rica en Valle de Chalco en materia de seguridad p\u00fablica - Volcanes\" \/>\n<meta property=\"og:description\" content=\"Valle de Chalco, Estado de M\u00e9xico.- Armando Garc\u00eda M\u00e9ndez candidato a la presidencia de este\" \/>\n<meta property=\"og:url\" content=\"https:\/\/volcanes.net\/?p=11380\" \/>\n<meta property=\"og:site_name\" content=\"Volcanes\" \/>\n<meta property=\"article:publisher\" content=\"https:\/\/www.facebook.com\/volcanes.net\/\" \/>\n<meta property=\"article:published_time\" content=\"2021-05-20T17:41:42+00:00\" \/>\n<meta property=\"og:image\" content=\"https:\/\/volcanes.net\/wp-content\/uploads\/2021\/05\/43a1faa9-3fb1-43a4-9610-b822652368cb.jpg\" \/>\n\t<meta property=\"og:image:width\" content=\"720\" \/>\n\t<meta property=\"og:image:height\" content=\"380\" \/>\n\t<meta property=\"og:image:type\" content=\"image\/jpeg\" \/>\n<meta name=\"author\" content=\"admin\" \/>\n<meta name=\"twitter:card\" content=\"summary_large_image\" \/>\n<meta name=\"twitter:label1\" content=\"Escrito por\" \/>\n\t<meta name=\"twitter:data1\" content=\"admin\" \/>\n\t<meta name=\"twitter:label2\" content=\"Tiempo de lectura\" \/>\n\t<meta name=\"twitter:data2\" content=\"1 minuto\" \/>\n<script type=\"application\/ld+json\" class=\"yoast-schema-graph\">{\"@context\":\"https:\/\/schema.org\",\"@graph\":[{\"@type\":\"Article\",\"@id\":\"https:\/\/volcanes.net\/?p=11380#article\",\"isPartOf\":{\"@id\":\"https:\/\/volcanes.net\/?p=11380\"},\"author\":{\"name\":\"admin\",\"@id\":\"https:\/\/volcanes.net\/#\/schema\/person\/4bf0f383940966a4abd53f5048c0e6b9\"},\"headline\":\"Asegura Armando Garc\u00eda una inversi\u00f3n hist\u00f3rica en Valle de Chalco en materia de seguridad p\u00fablica\",\"datePublished\":\"2021-05-20T17:41:42+00:00\",\"mainEntityOfPage\":{\"@id\":\"https:\/\/volcanes.net\/?p=11380\"},\"wordCount\":229,\"commentCount\":0,\"publisher\":{\"@id\":\"https:\/\/volcanes.net\/#organization\"},\"image\":{\"@id\":\"https:\/\/volcanes.net\/?p=11380#primaryimage\"},\"thumbnailUrl\":\"https:\/\/volcanes.net\/wp-content\/uploads\/2021\/05\/43a1faa9-3fb1-43a4-9610-b822652368cb.jpg\",\"keywords\":[\"Valle de Chalco\"],\"articleSection\":[\"Municipales\"],\"inLanguage\":\"es\",\"potentialAction\":[{\"@type\":\"CommentAction\",\"name\":\"Comment\",\"target\":[\"https:\/\/volcanes.net\/?p=11380#respond\"]}]},{\"@type\":\"WebPage\",\"@id\":\"https:\/\/volcanes.net\/?p=11380\",\"url\":\"https:\/\/volcanes.net\/?p=11380\",\"name\":\"Asegura Armando Garc\u00eda una inversi\u00f3n hist\u00f3rica en Valle de Chalco en materia de seguridad p\u00fablica - Volcanes\",\"isPartOf\":{\"@id\":\"https:\/\/volcanes.net\/#website\"},\"primaryImageOfPage\":{\"@id\":\"https:\/\/volcanes.net\/?p=11380#primaryimage\"},\"image\":{\"@id\":\"https:\/\/volcanes.net\/?p=11380#primaryimage\"},\"thumbnailUrl\":\"https:\/\/volcanes.net\/wp-content\/uploads\/2021\/05\/43a1faa9-3fb1-43a4-9610-b822652368cb.jpg\",\"datePublished\":\"2021-05-20T17:41:42+00:00\",\"breadcrumb\":{\"@id\":\"https:\/\/volcanes.net\/?p=11380#breadcrumb\"},\"inLanguage\":\"es\",\"potentialAction\":[{\"@type\":\"ReadAction\",\"target\":[\"https:\/\/volcanes.net\/?p=11380\"]}]},{\"@type\":\"ImageObject\",\"inLanguage\":\"es\",\"@id\":\"https:\/\/volcanes.net\/?p=11380#primaryimage\",\"url\":\"https:\/\/volcanes.net\/wp-content\/uploads\/2021\/05\/43a1faa9-3fb1-43a4-9610-b822652368cb.jpg\",\"contentUrl\":\"https:\/\/volcanes.net\/wp-content\/uploads\/2021\/05\/43a1faa9-3fb1-43a4-9610-b822652368cb.jpg\",\"width\":720,\"height\":380},{\"@type\":\"BreadcrumbList\",\"@id\":\"https:\/\/volcanes.net\/?p=11380#breadcrumb\",\"itemListElement\":[{\"@type\":\"ListItem\",\"position\":1,\"name\":\"Portada\",\"item\":\"https:\/\/volcanes.net\/\"},{\"@type\":\"ListItem\",\"position\":2,\"name\":\"Asegura Armando Garc\u00eda una inversi\u00f3n hist\u00f3rica en Valle de Chalco en materia de seguridad p\u00fablica\"}]},{\"@type\":\"WebSite\",\"@id\":\"https:\/\/volcanes.net\/#website\",\"url\":\"https:\/\/volcanes.net\/\",\"name\":\"Volcanes.Net\",\"description\":\"Periodismo Profesional\",\"publisher\":{\"@id\":\"https:\/\/volcanes.net\/#organization\"},\"potentialAction\":[{\"@type\":\"SearchAction\",\"target\":{\"@type\":\"EntryPoint\",\"urlTemplate\":\"https:\/\/volcanes.net\/?s={search_term_string}\"},\"query-input\":{\"@type\":\"PropertyValueSpecification\",\"valueRequired\":true,\"valueName\":\"search_term_string\"}}],\"inLanguage\":\"es\"},{\"@type\":\"Organization\",\"@id\":\"https:\/\/volcanes.net\/#organization\",\"name\":\"Grupo Volcanes\",\"url\":\"https:\/\/volcanes.net\/\",\"logo\":{\"@type\":\"ImageObject\",\"inLanguage\":\"es\",\"@id\":\"https:\/\/volcanes.net\/#\/schema\/logo\/image\/\",\"url\":\"http:\/\/volcanes.net\/wp-content\/uploads\/2017\/12\/Avatar2.jpg\",\"contentUrl\":\"http:\/\/volcanes.net\/wp-content\/uploads\/2017\/12\/Avatar2.jpg\",\"width\":378,\"height\":378,\"caption\":\"Grupo Volcanes\"},\"image\":{\"@id\":\"https:\/\/volcanes.net\/#\/schema\/logo\/image\/\"},\"sameAs\":[\"https:\/\/www.facebook.com\/volcanes.net\/\"]},{\"@type\":\"Person\",\"@id\":\"https:\/\/volcanes.net\/#\/schema\/person\/4bf0f383940966a4abd53f5048c0e6b9\",\"name\":\"admin\",\"image\":{\"@type\":\"ImageObject\",\"inLanguage\":\"es\",\"@id\":\"https:\/\/volcanes.net\/#\/schema\/person\/image\/\",\"url\":\"https:\/\/secure.gravatar.com\/avatar\/ca004e6cba8462b8cb7abc86e382930c?s=96&d=mm&r=g\",\"contentUrl\":\"https:\/\/secure.gravatar.com\/avatar\/ca004e6cba8462b8cb7abc86e382930c?s=96&d=mm&r=g\",\"caption\":\"admin\"}}]}<\/script>\n<!-- \/ Yoast SEO plugin. -->","yoast_head_json":{"title":"Asegura Armando Garc\u00eda una inversi\u00f3n hist\u00f3rica en Valle de Chalco en materia de seguridad p\u00fablica - Volcanes","robots":{"index":"index","follow":"follow","max-snippet":"max-snippet:-1","max-image-preview":"max-image-preview:large","max-video-preview":"max-video-preview:-1"},"canonical":"https:\/\/volcanes.net\/?p=11380","og_locale":"es_MX","og_type":"article","og_title":"Asegura Armando Garc\u00eda una inversi\u00f3n hist\u00f3rica en Valle de Chalco en materia de seguridad p\u00fablica - Volcanes","og_description":"Valle de Chalco, Estado de M\u00e9xico.- Armando Garc\u00eda M\u00e9ndez candidato a la presidencia de este","og_url":"https:\/\/volcanes.net\/?p=11380","og_site_name":"Volcanes","article_publisher":"https:\/\/www.facebook.com\/volcanes.net\/","article_published_time":"2021-05-20T17:41:42+00:00","og_image":[{"width":720,"height":380,"url":"https:\/\/volcanes.net\/wp-content\/uploads\/2021\/05\/43a1faa9-3fb1-43a4-9610-b822652368cb.jpg","type":"image\/jpeg"}],"author":"admin","twitter_card":"summary_large_image","twitter_misc":{"Escrito por":"admin","Tiempo de lectura":"1 minuto"},"schema":{"@context":"https:\/\/schema.org","@graph":[{"@type":"Article","@id":"https:\/\/volcanes.net\/?p=11380#article","isPartOf":{"@id":"https:\/\/volcanes.net\/?p=11380"},"author":{"name":"admin","@id":"https:\/\/volcanes.net\/#\/schema\/person\/4bf0f383940966a4abd53f5048c0e6b9"},"headline":"Asegura Armando Garc\u00eda una inversi\u00f3n hist\u00f3rica en Valle de Chalco en materia de seguridad p\u00fablica","datePublished":"2021-05-20T17:41:42+00:00","mainEntityOfPage":{"@id":"https:\/\/volcanes.net\/?p=11380"},"wordCount":229,"commentCount":0,"publisher":{"@id":"https:\/\/volcanes.net\/#organization"},"image":{"@id":"https:\/\/volcanes.net\/?p=11380#primaryimage"},"thumbnailUrl":"https:\/\/volcanes.net\/wp-content\/uploads\/2021\/05\/43a1faa9-3fb1-43a4-9610-b822652368cb.jpg","keywords":["Valle de Chalco"],"articleSection":["Municipales"],"inLanguage":"es","potentialAction":[{"@type":"CommentAction","name":"Comment","target":["https:\/\/volcanes.net\/?p=11380#respond"]}]},{"@type":"WebPage","@id":"https:\/\/volcanes.net\/?p=11380","url":"https:\/\/volcanes.net\/?p=11380","name":"Asegura Armando Garc\u00eda una inversi\u00f3n hist\u00f3rica en Valle de Chalco en materia de seguridad p\u00fablica - Volcanes","isPartOf":{"@id":"https:\/\/volcanes.net\/#website"},"primaryImageOfPage":{"@id":"https:\/\/volcanes.net\/?p=11380#primaryimage"},"image":{"@id":"https:\/\/volcanes.net\/?p=11380#primaryimage"},"thumbnailUrl":"https:\/\/volcanes.net\/wp-content\/uploads\/2021\/05\/43a1faa9-3fb1-43a4-9610-b822652368cb.jpg","datePublished":"2021-05-20T17:41:42+00:00","breadcrumb":{"@id":"https:\/\/volcanes.net\/?p=11380#breadcrumb"},"inLanguage":"es","potentialAction":[{"@type":"ReadAction","target":["https:\/\/volcanes.net\/?p=11380"]}]},{"@type":"ImageObject","inLanguage":"es","@id":"https:\/\/volcanes.net\/?p=11380#primaryimage","url":"https:\/\/volcanes.net\/wp-content\/uploads\/2021\/05\/43a1faa9-3fb1-43a4-9610-b822652368cb.jpg","contentUrl":"https:\/\/volcanes.net\/wp-content\/uploads\/2021\/05\/43a1faa9-3fb1-43a4-9610-b822652368cb.jpg","width":720,"height":380},{"@type":"BreadcrumbList","@id":"https:\/\/volcanes.net\/?p=11380#breadcrumb","itemListElement":[{"@type":"ListItem","position":1,"name":"Portada","item":"https:\/\/volcanes.net\/"},{"@type":"ListItem","position":2,"name":"Asegura Armando Garc\u00eda una inversi\u00f3n hist\u00f3rica en Valle de Chalco en materia de seguridad p\u00fablica"}]},{"@type":"WebSite","@id":"https:\/\/volcanes.net\/#website","url":"https:\/\/volcanes.net\/","name":"Volcanes.Net","description":"Periodismo Profesional","publisher":{"@id":"https:\/\/volcanes.net\/#organization"},"potentialAction":[{"@type":"SearchAction","target":{"@type":"EntryPoint","urlTemplate":"https:\/\/volcanes.net\/?s={search_term_string}"},"query-input":{"@type":"PropertyValueSpecification","valueRequired":true,"valueName":"search_term_string"}}],"inLanguage":"es"},{"@type":"Organization","@id":"https:\/\/volcanes.net\/#organization","name":"Grupo Volcanes","url":"https:\/\/volcanes.net\/","logo":{"@type":"ImageObject","inLanguage":"es","@id":"https:\/\/volcanes.net\/#\/schema\/logo\/image\/","url":"http:\/\/volcanes.net\/wp-content\/uploads\/2017\/12\/Avatar2.jpg","contentUrl":"http:\/\/volcanes.net\/wp-content\/uploads\/2017\/12\/Avatar2.jpg","width":378,"height":378,"caption":"Grupo Volcanes"},"image":{"@id":"https:\/\/volcanes.net\/#\/schema\/logo\/image\/"},"sameAs":["https:\/\/www.facebook.com\/volcanes.net\/"]},{"@type":"Person","@id":"https:\/\/volcanes.net\/#\/schema\/person\/4bf0f383940966a4abd53f5048c0e6b9","name":"admin","image":{"@type":"ImageObject","inLanguage":"es","@id":"https:\/\/volcanes.net\/#\/schema\/person\/image\/","url":"https:\/\/secure.gravatar.com\/avatar\/ca004e6cba8462b8cb7abc86e382930c?s=96&d=mm&r=g","contentUrl":"https:\/\/secure.gravatar.com\/avatar\/ca004e6cba8462b8cb7abc86e382930c?s=96&d=mm&r=g","caption":"admin"}}]}},"_links":{"self":[{"href":"https:\/\/volcanes.net\/index.php?rest_route=\/wp\/v2\/posts\/11380"}],"collection":[{"href":"https:\/\/volcanes.net\/index.php?rest_route=\/wp\/v2\/posts"}],"about":[{"href":"https:\/\/volcanes.net\/index.php?rest_route=\/wp\/v2\/types\/post"}],"author":[{"embeddable":true,"href":"https:\/\/volcanes.net\/index.php?rest_route=\/wp\/v2\/users\/1"}],"replies":[{"embeddable":true,"href":"https:\/\/volcanes.net\/index.php?rest_route=%2Fwp%2Fv2%2Fcomments&post=11380"}],"version-history":[{"count":1,"href":"https:\/\/volcanes.net\/index.php?rest_route=\/wp\/v2\/posts\/11380\/revisions"}],"predecessor-version":[{"id":11382,"href":"https:\/\/volcanes.net\/index.php?rest_route=\/wp\/v2\/posts\/11380\/revisions\/11382"}],"wp:featuredmedia":[{"embeddable":true,"href":"https:\/\/volcanes.net\/index.php?rest_route=\/wp\/v2\/media\/11381"}],"wp:attachment":[{"href":"https:\/\/volcanes.net\/index.php?rest_route=%2Fwp%2Fv2%2Fmedia&parent=11380"}],"wp:term":[{"taxonomy":"category","embeddable":true,"href":"https:\/\/volcanes.net\/index.php?rest_route=%2Fwp%2Fv2%2Fcategories&post=11380"},{"taxonomy":"post_tag","embeddable":true,"href":"https:\/\/volcanes.net\/index.php?rest_route=%2Fwp%2Fv2%2Ftags&post=11380"}],"curies":[{"name":"wp","href":"https:\/\/api.w.org\/{rel}","templated":true}]}}