{"id":11390,"date":"2021-05-21T14:33:59","date_gmt":"2021-05-21T20:33:59","guid":{"rendered":"http:\/\/volcanes.net\/?p=11390"},"modified":"2021-05-21T14:33:59","modified_gmt":"2021-05-21T20:33:59","slug":"dario-zacarias-capuchino-dirigente-estatal-del-pri-respalda-la-campana-de-lilia-arroyo","status":"publish","type":"post","link":"https:\/\/volcanes.net\/?p=11390","title":{"rendered":"Dar\u00edo Zacar\u00edas Capuchino dirigente estatal del PRI respalda la campa\u00f1a de Lilia Arroyo"},"content":{"rendered":"<div style=\"margin-top: 0px; margin-bottom: 0px;\" class=\"sharethis-inline-share-buttons\" ><\/div><p style=\"font-weight: 400;\">Regi\u00f3n de los Volcanes, Estado de M\u00e9xico.- Durante un recorrido de campa\u00f1a por la Zona de los Volcanes, Dar\u00edo Zacar\u00edas Capuchino, Dirigente Estatal del Partido Revolucionario Institucional (PRI) coment\u00f3 en entrevista para Volcanes Multimedios que buscan un verdadero progreso y desarrollo para los municipios, por lo que desde el pasado 30 de abril en el arranque de campa\u00f1as el partido se ha dado a la tarea de trabajar con la convicci\u00f3n de ganar las elecciones este 6 de junio; \u201cen esta regi\u00f3n de los volcanes, nos estamos consolidando como partido, vamos bien y viene lo mejor, el PRI va a ganar en muchos municipios del Estado de M\u00e9xico\u201d, dijo Zacar\u00edas Capuchino.<\/p>\n<p><span style=\"font-weight: 400;\">Por su parte, Lilia Arroyo candidata a la presidencia municipal de Ozumba, se siente orgullosa de que la Dirigencia Estatal acudiera al municipio pues fortalece sus propuestas de campa\u00f1a adem\u00e1s de que sentirse respaldada y animada por todos los dirigentes que conforman en partido, as\u00ed mismo, esto le da motivos para llegar a la presidencia.<\/p>\n<p><\/span><span style=\"font-weight: 400;\">Por otra parte, coment\u00f3, que al evento se dieron cita militantes y simpatizantes del partido quienes refrendaron su apoyo en estas elecciones con el PRI, al mismo tiempo, la abanderada priista se\u00f1al\u00f3 que a su vez refrenda su compromiso, por lo que de la mano con la ciudadan\u00eda llegar\u00e1n juntos la victoria este 6 de junio.<\/span><\/p>\n","protected":false},"excerpt":{"rendered":"<p>Regi\u00f3n de los Volcanes, Estado de M\u00e9xico.- Durante un recorrido de campa\u00f1a por la Zona<\/p>\n","protected":false},"author":1,"featured_media":11391,"comment_status":"open","ping_status":"open","sticky":false,"template":"","format":"standard","meta":{"footnotes":""},"categories":[1],"tags":[307],"class_list":["post-11390","post","type-post","status-publish","format-standard","has-post-thumbnail","hentry","category-municipales","tag-zona-de-los-volcanes"],"yoast_head":"<!-- This site is optimized with the Yoast SEO plugin v25.3 - https:\/\/yoast.com\/wordpress\/plugins\/seo\/ -->\n<title>Dar\u00edo Zacar\u00edas Capuchino dirigente estatal del PRI respalda la campa\u00f1a de Lilia Arroyo - Volcanes<\/title>\n<meta name=\"robots\" content=\"index, follow, max-snippet:-1, max-image-preview:large, max-video-preview:-1\" \/>\n<link rel=\"canonical\" href=\"https:\/\/volcanes.net\/?p=11390\" \/>\n<meta property=\"og:locale\" content=\"es_MX\" \/>\n<meta property=\"og:type\" content=\"article\" \/>\n<meta property=\"og:title\" content=\"Dar\u00edo Zacar\u00edas Capuchino dirigente estatal del PRI respalda la campa\u00f1a de Lilia Arroyo - Volcanes\" \/>\n<meta property=\"og:description\" content=\"Regi\u00f3n de los Volcanes, Estado de M\u00e9xico.- Durante un recorrido de campa\u00f1a por la Zona\" \/>\n<meta property=\"og:url\" content=\"https:\/\/volcanes.net\/?p=11390\" \/>\n<meta property=\"og:site_name\" content=\"Volcanes\" \/>\n<meta property=\"article:publisher\" content=\"https:\/\/www.facebook.com\/volcanes.net\/\" \/>\n<meta property=\"article:published_time\" content=\"2021-05-21T20:33:59+00:00\" \/>\n<meta property=\"og:image\" content=\"https:\/\/volcanes.net\/wp-content\/uploads\/2021\/05\/2ae5fcef-4f43-469c-8fd0-14e600f8821b.jpg\" \/>\n\t<meta property=\"og:image:width\" content=\"720\" \/>\n\t<meta property=\"og:image:height\" content=\"391\" \/>\n\t<meta property=\"og:image:type\" content=\"image\/jpeg\" \/>\n<meta name=\"author\" content=\"admin\" \/>\n<meta name=\"twitter:card\" content=\"summary_large_image\" \/>\n<meta name=\"twitter:label1\" content=\"Escrito por\" \/>\n\t<meta name=\"twitter:data1\" content=\"admin\" \/>\n\t<meta name=\"twitter:label2\" content=\"Tiempo de lectura\" \/>\n\t<meta name=\"twitter:data2\" content=\"1 minuto\" \/>\n<script type=\"application\/ld+json\" class=\"yoast-schema-graph\">{\"@context\":\"https:\/\/schema.org\",\"@graph\":[{\"@type\":\"Article\",\"@id\":\"https:\/\/volcanes.net\/?p=11390#article\",\"isPartOf\":{\"@id\":\"https:\/\/volcanes.net\/?p=11390\"},\"author\":{\"name\":\"admin\",\"@id\":\"https:\/\/volcanes.net\/#\/schema\/person\/4bf0f383940966a4abd53f5048c0e6b9\"},\"headline\":\"Dar\u00edo Zacar\u00edas Capuchino dirigente estatal del PRI respalda la campa\u00f1a de Lilia Arroyo\",\"datePublished\":\"2021-05-21T20:33:59+00:00\",\"mainEntityOfPage\":{\"@id\":\"https:\/\/volcanes.net\/?p=11390\"},\"wordCount\":251,\"commentCount\":0,\"publisher\":{\"@id\":\"https:\/\/volcanes.net\/#organization\"},\"image\":{\"@id\":\"https:\/\/volcanes.net\/?p=11390#primaryimage\"},\"thumbnailUrl\":\"https:\/\/volcanes.net\/wp-content\/uploads\/2021\/05\/2ae5fcef-4f43-469c-8fd0-14e600f8821b.jpg\",\"keywords\":[\"Zona de los Volcanes\"],\"articleSection\":[\"Municipales\"],\"inLanguage\":\"es\",\"potentialAction\":[{\"@type\":\"CommentAction\",\"name\":\"Comment\",\"target\":[\"https:\/\/volcanes.net\/?p=11390#respond\"]}]},{\"@type\":\"WebPage\",\"@id\":\"https:\/\/volcanes.net\/?p=11390\",\"url\":\"https:\/\/volcanes.net\/?p=11390\",\"name\":\"Dar\u00edo Zacar\u00edas Capuchino dirigente estatal del PRI respalda la campa\u00f1a de Lilia Arroyo - Volcanes\",\"isPartOf\":{\"@id\":\"https:\/\/volcanes.net\/#website\"},\"primaryImageOfPage\":{\"@id\":\"https:\/\/volcanes.net\/?p=11390#primaryimage\"},\"image\":{\"@id\":\"https:\/\/volcanes.net\/?p=11390#primaryimage\"},\"thumbnailUrl\":\"https:\/\/volcanes.net\/wp-content\/uploads\/2021\/05\/2ae5fcef-4f43-469c-8fd0-14e600f8821b.jpg\",\"datePublished\":\"2021-05-21T20:33:59+00:00\",\"breadcrumb\":{\"@id\":\"https:\/\/volcanes.net\/?p=11390#breadcrumb\"},\"inLanguage\":\"es\",\"potentialAction\":[{\"@type\":\"ReadAction\",\"target\":[\"https:\/\/volcanes.net\/?p=11390\"]}]},{\"@type\":\"ImageObject\",\"inLanguage\":\"es\",\"@id\":\"https:\/\/volcanes.net\/?p=11390#primaryimage\",\"url\":\"https:\/\/volcanes.net\/wp-content\/uploads\/2021\/05\/2ae5fcef-4f43-469c-8fd0-14e600f8821b.jpg\",\"contentUrl\":\"https:\/\/volcanes.net\/wp-content\/uploads\/2021\/05\/2ae5fcef-4f43-469c-8fd0-14e600f8821b.jpg\",\"width\":720,\"height\":391},{\"@type\":\"BreadcrumbList\",\"@id\":\"https:\/\/volcanes.net\/?p=11390#breadcrumb\",\"itemListElement\":[{\"@type\":\"ListItem\",\"position\":1,\"name\":\"Portada\",\"item\":\"https:\/\/volcanes.net\/\"},{\"@type\":\"ListItem\",\"position\":2,\"name\":\"Dar\u00edo Zacar\u00edas Capuchino dirigente estatal del PRI respalda la campa\u00f1a de Lilia Arroyo\"}]},{\"@type\":\"WebSite\",\"@id\":\"https:\/\/volcanes.net\/#website\",\"url\":\"https:\/\/volcanes.net\/\",\"name\":\"Volcanes.Net\",\"description\":\"Periodismo Profesional\",\"publisher\":{\"@id\":\"https:\/\/volcanes.net\/#organization\"},\"potentialAction\":[{\"@type\":\"SearchAction\",\"target\":{\"@type\":\"EntryPoint\",\"urlTemplate\":\"https:\/\/volcanes.net\/?s={search_term_string}\"},\"query-input\":{\"@type\":\"PropertyValueSpecification\",\"valueRequired\":true,\"valueName\":\"search_term_string\"}}],\"inLanguage\":\"es\"},{\"@type\":\"Organization\",\"@id\":\"https:\/\/volcanes.net\/#organization\",\"name\":\"Grupo Volcanes\",\"url\":\"https:\/\/volcanes.net\/\",\"logo\":{\"@type\":\"ImageObject\",\"inLanguage\":\"es\",\"@id\":\"https:\/\/volcanes.net\/#\/schema\/logo\/image\/\",\"url\":\"http:\/\/volcanes.net\/wp-content\/uploads\/2017\/12\/Avatar2.jpg\",\"contentUrl\":\"http:\/\/volcanes.net\/wp-content\/uploads\/2017\/12\/Avatar2.jpg\",\"width\":378,\"height\":378,\"caption\":\"Grupo Volcanes\"},\"image\":{\"@id\":\"https:\/\/volcanes.net\/#\/schema\/logo\/image\/\"},\"sameAs\":[\"https:\/\/www.facebook.com\/volcanes.net\/\"]},{\"@type\":\"Person\",\"@id\":\"https:\/\/volcanes.net\/#\/schema\/person\/4bf0f383940966a4abd53f5048c0e6b9\",\"name\":\"admin\",\"image\":{\"@type\":\"ImageObject\",\"inLanguage\":\"es\",\"@id\":\"https:\/\/volcanes.net\/#\/schema\/person\/image\/\",\"url\":\"https:\/\/secure.gravatar.com\/avatar\/ca004e6cba8462b8cb7abc86e382930c?s=96&d=mm&r=g\",\"contentUrl\":\"https:\/\/secure.gravatar.com\/avatar\/ca004e6cba8462b8cb7abc86e382930c?s=96&d=mm&r=g\",\"caption\":\"admin\"}}]}<\/script>\n<!-- \/ Yoast SEO plugin. -->","yoast_head_json":{"title":"Dar\u00edo Zacar\u00edas Capuchino dirigente estatal del PRI respalda la campa\u00f1a de Lilia Arroyo - Volcanes","robots":{"index":"index","follow":"follow","max-snippet":"max-snippet:-1","max-image-preview":"max-image-preview:large","max-video-preview":"max-video-preview:-1"},"canonical":"https:\/\/volcanes.net\/?p=11390","og_locale":"es_MX","og_type":"article","og_title":"Dar\u00edo Zacar\u00edas Capuchino dirigente estatal del PRI respalda la campa\u00f1a de Lilia Arroyo - Volcanes","og_description":"Regi\u00f3n de los Volcanes, Estado de M\u00e9xico.- Durante un recorrido de campa\u00f1a por la Zona","og_url":"https:\/\/volcanes.net\/?p=11390","og_site_name":"Volcanes","article_publisher":"https:\/\/www.facebook.com\/volcanes.net\/","article_published_time":"2021-05-21T20:33:59+00:00","og_image":[{"width":720,"height":391,"url":"https:\/\/volcanes.net\/wp-content\/uploads\/2021\/05\/2ae5fcef-4f43-469c-8fd0-14e600f8821b.jpg","type":"image\/jpeg"}],"author":"admin","twitter_card":"summary_large_image","twitter_misc":{"Escrito por":"admin","Tiempo de lectura":"1 minuto"},"schema":{"@context":"https:\/\/schema.org","@graph":[{"@type":"Article","@id":"https:\/\/volcanes.net\/?p=11390#article","isPartOf":{"@id":"https:\/\/volcanes.net\/?p=11390"},"author":{"name":"admin","@id":"https:\/\/volcanes.net\/#\/schema\/person\/4bf0f383940966a4abd53f5048c0e6b9"},"headline":"Dar\u00edo Zacar\u00edas Capuchino dirigente estatal del PRI respalda la campa\u00f1a de Lilia Arroyo","datePublished":"2021-05-21T20:33:59+00:00","mainEntityOfPage":{"@id":"https:\/\/volcanes.net\/?p=11390"},"wordCount":251,"commentCount":0,"publisher":{"@id":"https:\/\/volcanes.net\/#organization"},"image":{"@id":"https:\/\/volcanes.net\/?p=11390#primaryimage"},"thumbnailUrl":"https:\/\/volcanes.net\/wp-content\/uploads\/2021\/05\/2ae5fcef-4f43-469c-8fd0-14e600f8821b.jpg","keywords":["Zona de los Volcanes"],"articleSection":["Municipales"],"inLanguage":"es","potentialAction":[{"@type":"CommentAction","name":"Comment","target":["https:\/\/volcanes.net\/?p=11390#respond"]}]},{"@type":"WebPage","@id":"https:\/\/volcanes.net\/?p=11390","url":"https:\/\/volcanes.net\/?p=11390","name":"Dar\u00edo Zacar\u00edas Capuchino dirigente estatal del PRI respalda la campa\u00f1a de Lilia Arroyo - Volcanes","isPartOf":{"@id":"https:\/\/volcanes.net\/#website"},"primaryImageOfPage":{"@id":"https:\/\/volcanes.net\/?p=11390#primaryimage"},"image":{"@id":"https:\/\/volcanes.net\/?p=11390#primaryimage"},"thumbnailUrl":"https:\/\/volcanes.net\/wp-content\/uploads\/2021\/05\/2ae5fcef-4f43-469c-8fd0-14e600f8821b.jpg","datePublished":"2021-05-21T20:33:59+00:00","breadcrumb":{"@id":"https:\/\/volcanes.net\/?p=11390#breadcrumb"},"inLanguage":"es","potentialAction":[{"@type":"ReadAction","target":["https:\/\/volcanes.net\/?p=11390"]}]},{"@type":"ImageObject","inLanguage":"es","@id":"https:\/\/volcanes.net\/?p=11390#primaryimage","url":"https:\/\/volcanes.net\/wp-content\/uploads\/2021\/05\/2ae5fcef-4f43-469c-8fd0-14e600f8821b.jpg","contentUrl":"https:\/\/volcanes.net\/wp-content\/uploads\/2021\/05\/2ae5fcef-4f43-469c-8fd0-14e600f8821b.jpg","width":720,"height":391},{"@type":"BreadcrumbList","@id":"https:\/\/volcanes.net\/?p=11390#breadcrumb","itemListElement":[{"@type":"ListItem","position":1,"name":"Portada","item":"https:\/\/volcanes.net\/"},{"@type":"ListItem","position":2,"name":"Dar\u00edo Zacar\u00edas Capuchino dirigente estatal del PRI respalda la campa\u00f1a de Lilia Arroyo"}]},{"@type":"WebSite","@id":"https:\/\/volcanes.net\/#website","url":"https:\/\/volcanes.net\/","name":"Volcanes.Net","description":"Periodismo Profesional","publisher":{"@id":"https:\/\/volcanes.net\/#organization"},"potentialAction":[{"@type":"SearchAction","target":{"@type":"EntryPoint","urlTemplate":"https:\/\/volcanes.net\/?s={search_term_string}"},"query-input":{"@type":"PropertyValueSpecification","valueRequired":true,"valueName":"search_term_string"}}],"inLanguage":"es"},{"@type":"Organization","@id":"https:\/\/volcanes.net\/#organization","name":"Grupo Volcanes","url":"https:\/\/volcanes.net\/","logo":{"@type":"ImageObject","inLanguage":"es","@id":"https:\/\/volcanes.net\/#\/schema\/logo\/image\/","url":"http:\/\/volcanes.net\/wp-content\/uploads\/2017\/12\/Avatar2.jpg","contentUrl":"http:\/\/volcanes.net\/wp-content\/uploads\/2017\/12\/Avatar2.jpg","width":378,"height":378,"caption":"Grupo Volcanes"},"image":{"@id":"https:\/\/volcanes.net\/#\/schema\/logo\/image\/"},"sameAs":["https:\/\/www.facebook.com\/volcanes.net\/"]},{"@type":"Person","@id":"https:\/\/volcanes.net\/#\/schema\/person\/4bf0f383940966a4abd53f5048c0e6b9","name":"admin","image":{"@type":"ImageObject","inLanguage":"es","@id":"https:\/\/volcanes.net\/#\/schema\/person\/image\/","url":"https:\/\/secure.gravatar.com\/avatar\/ca004e6cba8462b8cb7abc86e382930c?s=96&d=mm&r=g","contentUrl":"https:\/\/secure.gravatar.com\/avatar\/ca004e6cba8462b8cb7abc86e382930c?s=96&d=mm&r=g","caption":"admin"}}]}},"_links":{"self":[{"href":"https:\/\/volcanes.net\/index.php?rest_route=\/wp\/v2\/posts\/11390"}],"collection":[{"href":"https:\/\/volcanes.net\/index.php?rest_route=\/wp\/v2\/posts"}],"about":[{"href":"https:\/\/volcanes.net\/index.php?rest_route=\/wp\/v2\/types\/post"}],"author":[{"embeddable":true,"href":"https:\/\/volcanes.net\/index.php?rest_route=\/wp\/v2\/users\/1"}],"replies":[{"embeddable":true,"href":"https:\/\/volcanes.net\/index.php?rest_route=%2Fwp%2Fv2%2Fcomments&post=11390"}],"version-history":[{"count":1,"href":"https:\/\/volcanes.net\/index.php?rest_route=\/wp\/v2\/posts\/11390\/revisions"}],"predecessor-version":[{"id":11392,"href":"https:\/\/volcanes.net\/index.php?rest_route=\/wp\/v2\/posts\/11390\/revisions\/11392"}],"wp:featuredmedia":[{"embeddable":true,"href":"https:\/\/volcanes.net\/index.php?rest_route=\/wp\/v2\/media\/11391"}],"wp:attachment":[{"href":"https:\/\/volcanes.net\/index.php?rest_route=%2Fwp%2Fv2%2Fmedia&parent=11390"}],"wp:term":[{"taxonomy":"category","embeddable":true,"href":"https:\/\/volcanes.net\/index.php?rest_route=%2Fwp%2Fv2%2Fcategories&post=11390"},{"taxonomy":"post_tag","embeddable":true,"href":"https:\/\/volcanes.net\/index.php?rest_route=%2Fwp%2Fv2%2Ftags&post=11390"}],"curies":[{"name":"wp","href":"https:\/\/api.w.org\/{rel}","templated":true}]}}