{"id":11393,"date":"2021-05-21T15:44:59","date_gmt":"2021-05-21T21:44:59","guid":{"rendered":"http:\/\/volcanes.net\/?p=11393"},"modified":"2021-05-21T15:44:59","modified_gmt":"2021-05-21T21:44:59","slug":"valentin-martinez-castillo-refrendo-su-compromiso-con-vecinos-de-los-limones","status":"publish","type":"post","link":"https:\/\/volcanes.net\/?p=11393","title":{"rendered":"Valent\u00edn Mart\u00ednez Castillo refrend\u00f3 su compromiso con vecinos de Los Limones"},"content":{"rendered":"<div style=\"margin-top: 0px; margin-bottom: 0px;\" class=\"sharethis-inline-share-buttons\" ><\/div><p style=\"font-weight: 400; text-align: justify;\">Ozumba, Estado de M\u00e9xico.- Rumbo a las elecciones 2021, Valent\u00edn Mart\u00ednez Castillo candidato a la presidencia de este municipio mexiquense por Morena contin\u00faa con sus recorridos por diversos puntos de la localidad, por lo que en esta ocasi\u00f3n visit\u00f3 a las y los vecinos del barrio Los Limones, quienes escucharon de viva voz las propuestas del abanderado por la coalici\u00f3n \u201cJuntos Haremos Historia&#8221; en el Estado de M\u00e9xico; adem\u00e1s refrend\u00f3 su compromiso en seguir trabajando en la continuidad de su proyecto por el progreso del municipio y con personas que d\u00eda con d\u00eda trabajan por un mejor futuro.<\/p>\n<p style=\"text-align: justify;\">\u201cCada d\u00eda son m\u00e1s las personas que se unen a esta causa y nos dan fuerza para la transformaci\u00f3n de nuestro municipio, es gracias a su iniciativa y uni\u00f3n que manifest\u00f3 con total seguridad que la continuidad en nuestro municipio se lograr\u00e1\u201d, dijo el Morenista.<\/p>\n<p style=\"text-align: justify;\">Mart\u00ednez Castillo coment\u00f3 que trabaja por la continuidad de su trabajo realizado como presidente constitucional, ya que es fundamental vivir en un municipio sin inseguridad, para que ni\u00f1os, ni\u00f1as, j\u00f3venes, hombres y mujeres que salen a realizar distintas actividades puedan transitar por las calles de Ozumba con seguridad y sin miedo a que sean asaltados; sin embargo, reconoci\u00f3 que a\u00fan hacen falta cosas por hacer, como la colocaci\u00f3n de luminarias entre otros proyectos, por lo que pidi\u00f3 el apoyo de la ciudadan\u00eda para dar continuidad al trabajo y apoyos en beneficio de las familias Ozumbenses.<\/p>\n<p style=\"font-weight: 400; text-align: justify;\">Por otra parte, invit\u00f3 a la ciudadan\u00eda a reflexionar sobre quienes se desviven por el progreso del municipio, adem\u00e1s de que pide que no se condicione el voto de la ciudadan\u00eda mediante apoyos.<\/p>\n","protected":false},"excerpt":{"rendered":"<p>Ozumba, Estado de M\u00e9xico.- Rumbo a las elecciones 2021, Valent\u00edn Mart\u00ednez Castillo candidato a la<\/p>\n","protected":false},"author":1,"featured_media":11394,"comment_status":"open","ping_status":"open","sticky":false,"template":"","format":"standard","meta":{"footnotes":""},"categories":[1],"tags":[14],"class_list":["post-11393","post","type-post","status-publish","format-standard","has-post-thumbnail","hentry","category-municipales","tag-ozumba"],"yoast_head":"<!-- This site is optimized with the Yoast SEO plugin v25.3 - https:\/\/yoast.com\/wordpress\/plugins\/seo\/ -->\n<title>Valent\u00edn Mart\u00ednez Castillo refrend\u00f3 su compromiso con vecinos de Los Limones - Volcanes<\/title>\n<meta name=\"robots\" content=\"index, follow, max-snippet:-1, max-image-preview:large, max-video-preview:-1\" \/>\n<link rel=\"canonical\" href=\"https:\/\/volcanes.net\/?p=11393\" \/>\n<meta property=\"og:locale\" content=\"es_MX\" \/>\n<meta property=\"og:type\" content=\"article\" \/>\n<meta property=\"og:title\" content=\"Valent\u00edn Mart\u00ednez Castillo refrend\u00f3 su compromiso con vecinos de Los Limones - Volcanes\" \/>\n<meta property=\"og:description\" content=\"Ozumba, Estado de M\u00e9xico.- Rumbo a las elecciones 2021, Valent\u00edn Mart\u00ednez Castillo candidato a la\" \/>\n<meta property=\"og:url\" content=\"https:\/\/volcanes.net\/?p=11393\" \/>\n<meta property=\"og:site_name\" content=\"Volcanes\" \/>\n<meta property=\"article:publisher\" content=\"https:\/\/www.facebook.com\/volcanes.net\/\" \/>\n<meta property=\"article:published_time\" content=\"2021-05-21T21:44:59+00:00\" \/>\n<meta property=\"og:image\" content=\"https:\/\/volcanes.net\/wp-content\/uploads\/2021\/05\/fd2b7a89-a26b-4666-b06f-8666b9d71641.jpg\" \/>\n\t<meta property=\"og:image:width\" content=\"720\" \/>\n\t<meta property=\"og:image:height\" content=\"540\" \/>\n\t<meta property=\"og:image:type\" content=\"image\/jpeg\" \/>\n<meta name=\"author\" content=\"admin\" \/>\n<meta name=\"twitter:card\" content=\"summary_large_image\" \/>\n<meta name=\"twitter:label1\" content=\"Escrito por\" \/>\n\t<meta name=\"twitter:data1\" content=\"admin\" \/>\n\t<meta name=\"twitter:label2\" content=\"Tiempo de lectura\" \/>\n\t<meta name=\"twitter:data2\" content=\"1 minuto\" \/>\n<script type=\"application\/ld+json\" class=\"yoast-schema-graph\">{\"@context\":\"https:\/\/schema.org\",\"@graph\":[{\"@type\":\"Article\",\"@id\":\"https:\/\/volcanes.net\/?p=11393#article\",\"isPartOf\":{\"@id\":\"https:\/\/volcanes.net\/?p=11393\"},\"author\":{\"name\":\"admin\",\"@id\":\"https:\/\/volcanes.net\/#\/schema\/person\/4bf0f383940966a4abd53f5048c0e6b9\"},\"headline\":\"Valent\u00edn Mart\u00ednez Castillo refrend\u00f3 su compromiso con vecinos de Los Limones\",\"datePublished\":\"2021-05-21T21:44:59+00:00\",\"mainEntityOfPage\":{\"@id\":\"https:\/\/volcanes.net\/?p=11393\"},\"wordCount\":308,\"commentCount\":0,\"publisher\":{\"@id\":\"https:\/\/volcanes.net\/#organization\"},\"image\":{\"@id\":\"https:\/\/volcanes.net\/?p=11393#primaryimage\"},\"thumbnailUrl\":\"https:\/\/volcanes.net\/wp-content\/uploads\/2021\/05\/fd2b7a89-a26b-4666-b06f-8666b9d71641.jpg\",\"keywords\":[\"Ozumba\"],\"articleSection\":[\"Municipales\"],\"inLanguage\":\"es\",\"potentialAction\":[{\"@type\":\"CommentAction\",\"name\":\"Comment\",\"target\":[\"https:\/\/volcanes.net\/?p=11393#respond\"]}]},{\"@type\":\"WebPage\",\"@id\":\"https:\/\/volcanes.net\/?p=11393\",\"url\":\"https:\/\/volcanes.net\/?p=11393\",\"name\":\"Valent\u00edn Mart\u00ednez Castillo refrend\u00f3 su compromiso con vecinos de Los Limones - Volcanes\",\"isPartOf\":{\"@id\":\"https:\/\/volcanes.net\/#website\"},\"primaryImageOfPage\":{\"@id\":\"https:\/\/volcanes.net\/?p=11393#primaryimage\"},\"image\":{\"@id\":\"https:\/\/volcanes.net\/?p=11393#primaryimage\"},\"thumbnailUrl\":\"https:\/\/volcanes.net\/wp-content\/uploads\/2021\/05\/fd2b7a89-a26b-4666-b06f-8666b9d71641.jpg\",\"datePublished\":\"2021-05-21T21:44:59+00:00\",\"breadcrumb\":{\"@id\":\"https:\/\/volcanes.net\/?p=11393#breadcrumb\"},\"inLanguage\":\"es\",\"potentialAction\":[{\"@type\":\"ReadAction\",\"target\":[\"https:\/\/volcanes.net\/?p=11393\"]}]},{\"@type\":\"ImageObject\",\"inLanguage\":\"es\",\"@id\":\"https:\/\/volcanes.net\/?p=11393#primaryimage\",\"url\":\"https:\/\/volcanes.net\/wp-content\/uploads\/2021\/05\/fd2b7a89-a26b-4666-b06f-8666b9d71641.jpg\",\"contentUrl\":\"https:\/\/volcanes.net\/wp-content\/uploads\/2021\/05\/fd2b7a89-a26b-4666-b06f-8666b9d71641.jpg\",\"width\":720,\"height\":540},{\"@type\":\"BreadcrumbList\",\"@id\":\"https:\/\/volcanes.net\/?p=11393#breadcrumb\",\"itemListElement\":[{\"@type\":\"ListItem\",\"position\":1,\"name\":\"Portada\",\"item\":\"https:\/\/volcanes.net\/\"},{\"@type\":\"ListItem\",\"position\":2,\"name\":\"Valent\u00edn Mart\u00ednez Castillo refrend\u00f3 su compromiso con vecinos de Los Limones\"}]},{\"@type\":\"WebSite\",\"@id\":\"https:\/\/volcanes.net\/#website\",\"url\":\"https:\/\/volcanes.net\/\",\"name\":\"Volcanes.Net\",\"description\":\"Periodismo Profesional\",\"publisher\":{\"@id\":\"https:\/\/volcanes.net\/#organization\"},\"potentialAction\":[{\"@type\":\"SearchAction\",\"target\":{\"@type\":\"EntryPoint\",\"urlTemplate\":\"https:\/\/volcanes.net\/?s={search_term_string}\"},\"query-input\":{\"@type\":\"PropertyValueSpecification\",\"valueRequired\":true,\"valueName\":\"search_term_string\"}}],\"inLanguage\":\"es\"},{\"@type\":\"Organization\",\"@id\":\"https:\/\/volcanes.net\/#organization\",\"name\":\"Grupo Volcanes\",\"url\":\"https:\/\/volcanes.net\/\",\"logo\":{\"@type\":\"ImageObject\",\"inLanguage\":\"es\",\"@id\":\"https:\/\/volcanes.net\/#\/schema\/logo\/image\/\",\"url\":\"http:\/\/volcanes.net\/wp-content\/uploads\/2017\/12\/Avatar2.jpg\",\"contentUrl\":\"http:\/\/volcanes.net\/wp-content\/uploads\/2017\/12\/Avatar2.jpg\",\"width\":378,\"height\":378,\"caption\":\"Grupo Volcanes\"},\"image\":{\"@id\":\"https:\/\/volcanes.net\/#\/schema\/logo\/image\/\"},\"sameAs\":[\"https:\/\/www.facebook.com\/volcanes.net\/\"]},{\"@type\":\"Person\",\"@id\":\"https:\/\/volcanes.net\/#\/schema\/person\/4bf0f383940966a4abd53f5048c0e6b9\",\"name\":\"admin\",\"image\":{\"@type\":\"ImageObject\",\"inLanguage\":\"es\",\"@id\":\"https:\/\/volcanes.net\/#\/schema\/person\/image\/\",\"url\":\"https:\/\/secure.gravatar.com\/avatar\/ca004e6cba8462b8cb7abc86e382930c?s=96&d=mm&r=g\",\"contentUrl\":\"https:\/\/secure.gravatar.com\/avatar\/ca004e6cba8462b8cb7abc86e382930c?s=96&d=mm&r=g\",\"caption\":\"admin\"}}]}<\/script>\n<!-- \/ Yoast SEO plugin. -->","yoast_head_json":{"title":"Valent\u00edn Mart\u00ednez Castillo refrend\u00f3 su compromiso con vecinos de Los Limones - Volcanes","robots":{"index":"index","follow":"follow","max-snippet":"max-snippet:-1","max-image-preview":"max-image-preview:large","max-video-preview":"max-video-preview:-1"},"canonical":"https:\/\/volcanes.net\/?p=11393","og_locale":"es_MX","og_type":"article","og_title":"Valent\u00edn Mart\u00ednez Castillo refrend\u00f3 su compromiso con vecinos de Los Limones - Volcanes","og_description":"Ozumba, Estado de M\u00e9xico.- Rumbo a las elecciones 2021, Valent\u00edn Mart\u00ednez Castillo candidato a la","og_url":"https:\/\/volcanes.net\/?p=11393","og_site_name":"Volcanes","article_publisher":"https:\/\/www.facebook.com\/volcanes.net\/","article_published_time":"2021-05-21T21:44:59+00:00","og_image":[{"width":720,"height":540,"url":"https:\/\/volcanes.net\/wp-content\/uploads\/2021\/05\/fd2b7a89-a26b-4666-b06f-8666b9d71641.jpg","type":"image\/jpeg"}],"author":"admin","twitter_card":"summary_large_image","twitter_misc":{"Escrito por":"admin","Tiempo de lectura":"1 minuto"},"schema":{"@context":"https:\/\/schema.org","@graph":[{"@type":"Article","@id":"https:\/\/volcanes.net\/?p=11393#article","isPartOf":{"@id":"https:\/\/volcanes.net\/?p=11393"},"author":{"name":"admin","@id":"https:\/\/volcanes.net\/#\/schema\/person\/4bf0f383940966a4abd53f5048c0e6b9"},"headline":"Valent\u00edn Mart\u00ednez Castillo refrend\u00f3 su compromiso con vecinos de Los Limones","datePublished":"2021-05-21T21:44:59+00:00","mainEntityOfPage":{"@id":"https:\/\/volcanes.net\/?p=11393"},"wordCount":308,"commentCount":0,"publisher":{"@id":"https:\/\/volcanes.net\/#organization"},"image":{"@id":"https:\/\/volcanes.net\/?p=11393#primaryimage"},"thumbnailUrl":"https:\/\/volcanes.net\/wp-content\/uploads\/2021\/05\/fd2b7a89-a26b-4666-b06f-8666b9d71641.jpg","keywords":["Ozumba"],"articleSection":["Municipales"],"inLanguage":"es","potentialAction":[{"@type":"CommentAction","name":"Comment","target":["https:\/\/volcanes.net\/?p=11393#respond"]}]},{"@type":"WebPage","@id":"https:\/\/volcanes.net\/?p=11393","url":"https:\/\/volcanes.net\/?p=11393","name":"Valent\u00edn Mart\u00ednez Castillo refrend\u00f3 su compromiso con vecinos de Los Limones - Volcanes","isPartOf":{"@id":"https:\/\/volcanes.net\/#website"},"primaryImageOfPage":{"@id":"https:\/\/volcanes.net\/?p=11393#primaryimage"},"image":{"@id":"https:\/\/volcanes.net\/?p=11393#primaryimage"},"thumbnailUrl":"https:\/\/volcanes.net\/wp-content\/uploads\/2021\/05\/fd2b7a89-a26b-4666-b06f-8666b9d71641.jpg","datePublished":"2021-05-21T21:44:59+00:00","breadcrumb":{"@id":"https:\/\/volcanes.net\/?p=11393#breadcrumb"},"inLanguage":"es","potentialAction":[{"@type":"ReadAction","target":["https:\/\/volcanes.net\/?p=11393"]}]},{"@type":"ImageObject","inLanguage":"es","@id":"https:\/\/volcanes.net\/?p=11393#primaryimage","url":"https:\/\/volcanes.net\/wp-content\/uploads\/2021\/05\/fd2b7a89-a26b-4666-b06f-8666b9d71641.jpg","contentUrl":"https:\/\/volcanes.net\/wp-content\/uploads\/2021\/05\/fd2b7a89-a26b-4666-b06f-8666b9d71641.jpg","width":720,"height":540},{"@type":"BreadcrumbList","@id":"https:\/\/volcanes.net\/?p=11393#breadcrumb","itemListElement":[{"@type":"ListItem","position":1,"name":"Portada","item":"https:\/\/volcanes.net\/"},{"@type":"ListItem","position":2,"name":"Valent\u00edn Mart\u00ednez Castillo refrend\u00f3 su compromiso con vecinos de Los Limones"}]},{"@type":"WebSite","@id":"https:\/\/volcanes.net\/#website","url":"https:\/\/volcanes.net\/","name":"Volcanes.Net","description":"Periodismo Profesional","publisher":{"@id":"https:\/\/volcanes.net\/#organization"},"potentialAction":[{"@type":"SearchAction","target":{"@type":"EntryPoint","urlTemplate":"https:\/\/volcanes.net\/?s={search_term_string}"},"query-input":{"@type":"PropertyValueSpecification","valueRequired":true,"valueName":"search_term_string"}}],"inLanguage":"es"},{"@type":"Organization","@id":"https:\/\/volcanes.net\/#organization","name":"Grupo Volcanes","url":"https:\/\/volcanes.net\/","logo":{"@type":"ImageObject","inLanguage":"es","@id":"https:\/\/volcanes.net\/#\/schema\/logo\/image\/","url":"http:\/\/volcanes.net\/wp-content\/uploads\/2017\/12\/Avatar2.jpg","contentUrl":"http:\/\/volcanes.net\/wp-content\/uploads\/2017\/12\/Avatar2.jpg","width":378,"height":378,"caption":"Grupo Volcanes"},"image":{"@id":"https:\/\/volcanes.net\/#\/schema\/logo\/image\/"},"sameAs":["https:\/\/www.facebook.com\/volcanes.net\/"]},{"@type":"Person","@id":"https:\/\/volcanes.net\/#\/schema\/person\/4bf0f383940966a4abd53f5048c0e6b9","name":"admin","image":{"@type":"ImageObject","inLanguage":"es","@id":"https:\/\/volcanes.net\/#\/schema\/person\/image\/","url":"https:\/\/secure.gravatar.com\/avatar\/ca004e6cba8462b8cb7abc86e382930c?s=96&d=mm&r=g","contentUrl":"https:\/\/secure.gravatar.com\/avatar\/ca004e6cba8462b8cb7abc86e382930c?s=96&d=mm&r=g","caption":"admin"}}]}},"_links":{"self":[{"href":"https:\/\/volcanes.net\/index.php?rest_route=\/wp\/v2\/posts\/11393"}],"collection":[{"href":"https:\/\/volcanes.net\/index.php?rest_route=\/wp\/v2\/posts"}],"about":[{"href":"https:\/\/volcanes.net\/index.php?rest_route=\/wp\/v2\/types\/post"}],"author":[{"embeddable":true,"href":"https:\/\/volcanes.net\/index.php?rest_route=\/wp\/v2\/users\/1"}],"replies":[{"embeddable":true,"href":"https:\/\/volcanes.net\/index.php?rest_route=%2Fwp%2Fv2%2Fcomments&post=11393"}],"version-history":[{"count":1,"href":"https:\/\/volcanes.net\/index.php?rest_route=\/wp\/v2\/posts\/11393\/revisions"}],"predecessor-version":[{"id":11395,"href":"https:\/\/volcanes.net\/index.php?rest_route=\/wp\/v2\/posts\/11393\/revisions\/11395"}],"wp:featuredmedia":[{"embeddable":true,"href":"https:\/\/volcanes.net\/index.php?rest_route=\/wp\/v2\/media\/11394"}],"wp:attachment":[{"href":"https:\/\/volcanes.net\/index.php?rest_route=%2Fwp%2Fv2%2Fmedia&parent=11393"}],"wp:term":[{"taxonomy":"category","embeddable":true,"href":"https:\/\/volcanes.net\/index.php?rest_route=%2Fwp%2Fv2%2Fcategories&post=11393"},{"taxonomy":"post_tag","embeddable":true,"href":"https:\/\/volcanes.net\/index.php?rest_route=%2Fwp%2Fv2%2Ftags&post=11393"}],"curies":[{"name":"wp","href":"https:\/\/api.w.org\/{rel}","templated":true}]}}