{"id":11396,"date":"2021-05-21T15:47:56","date_gmt":"2021-05-21T21:47:56","guid":{"rendered":"http:\/\/volcanes.net\/?p=11396"},"modified":"2021-05-21T15:47:56","modified_gmt":"2021-05-21T21:47:56","slug":"graciela-sanchez-ortiz-gestionara-mas-presupuesto-para-el-sector-salud","status":"publish","type":"post","link":"https:\/\/volcanes.net\/?p=11396","title":{"rendered":"Graciela S\u00e1nchez Ortiz gestionar\u00e1 m\u00e1s presupuesto para el sector salud"},"content":{"rendered":"<div style=\"margin-top: 0px; margin-bottom: 0px;\" class=\"sharethis-inline-share-buttons\" ><\/div><p style=\"text-align: justify;\">Tenango del Aire, Estado de M\u00e9xico.- Graciela S\u00e1nchez Ortiz, candidata a la Diputaci\u00f3n en el Distrito 21 por Morena, recorri\u00f3 calles de este municipio mexiquense con la convicci\u00f3n de que la ciudadan\u00eda escuchar\u00e1 sus propuestas en materia de salud, educaci\u00f3n y seguridad, adem\u00e1s de que escuch\u00f3 de viva voz las peticiones de la ciudadan\u00eda.<\/p>\n<p style=\"text-align: justify;\">\u201cBuscar\u00e9 desde el congreso impulsar un mayor presupuesto para fortalecer los Ayuntamientos, el campo, seguridad y la salud,\u201d dijo en entrevista la Morenista, adem\u00e1s de que coment\u00f3 que los diputados tienen la labor de servirle a la ciudadan\u00eda, por lo que entre sus propuestas de campa\u00f1a se encuentra brindar apoyo a la ciudadan\u00eda, sin que este tenga que pasar por alg\u00fan intermediario con el fin de que se ayude de manera directa a la persona que lo necesita.<\/p>\n<p style=\"text-align: justify;\">Por otra parte recalc\u00f3 que trabaja en materia de salud, pues gestionar\u00e1 m\u00e1s presupuesto para este sector, a fin de evitar enfermedades cr\u00f3nicas degenerativas, por lo que tiene el prop\u00f3sito y el compromiso de fortalecer el sector salud.<\/p>\n<p style=\"text-align: justify;\">Finalmente aclar\u00f3 que el quehacer de un diputado es no hacer obra p\u00fablica, ni servicio p\u00fablico, ya que su labor es reforman el marco jur\u00eddico que se tiene en el Estado de M\u00e9xico, por lo que la tarea fundamental tambi\u00e9n tiene que ver con la aprobaci\u00f3n de los presupuestos que se dan a las 125 municipios mexiquenses y al gobernador del Estado de M\u00e9xico, para que ellos implementen las pol\u00edticas p\u00fablicas y generen los servicios p\u00fablicos que requiere la ciudadan\u00eda.<\/p>\n","protected":false},"excerpt":{"rendered":"<p>Tenango del Aire, Estado de M\u00e9xico.- Graciela S\u00e1nchez Ortiz, candidata a la Diputaci\u00f3n en el<\/p>\n","protected":false},"author":1,"featured_media":11397,"comment_status":"open","ping_status":"open","sticky":false,"template":"","format":"standard","meta":{"footnotes":""},"categories":[1],"tags":[17],"class_list":["post-11396","post","type-post","status-publish","format-standard","has-post-thumbnail","hentry","category-municipales","tag-tenango-del-aire"],"yoast_head":"<!-- This site is optimized with the Yoast SEO plugin v25.3 - https:\/\/yoast.com\/wordpress\/plugins\/seo\/ -->\n<title>Graciela S\u00e1nchez Ortiz gestionar\u00e1 m\u00e1s presupuesto para el sector salud - Volcanes<\/title>\n<meta name=\"robots\" content=\"index, follow, max-snippet:-1, max-image-preview:large, max-video-preview:-1\" \/>\n<link rel=\"canonical\" href=\"https:\/\/volcanes.net\/?p=11396\" \/>\n<meta property=\"og:locale\" content=\"es_MX\" \/>\n<meta property=\"og:type\" content=\"article\" \/>\n<meta property=\"og:title\" content=\"Graciela S\u00e1nchez Ortiz gestionar\u00e1 m\u00e1s presupuesto para el sector salud - Volcanes\" \/>\n<meta property=\"og:description\" content=\"Tenango del Aire, Estado de M\u00e9xico.- Graciela S\u00e1nchez Ortiz, candidata a la Diputaci\u00f3n en el\" \/>\n<meta property=\"og:url\" content=\"https:\/\/volcanes.net\/?p=11396\" \/>\n<meta property=\"og:site_name\" content=\"Volcanes\" \/>\n<meta property=\"article:publisher\" content=\"https:\/\/www.facebook.com\/volcanes.net\/\" \/>\n<meta property=\"article:published_time\" content=\"2021-05-21T21:47:56+00:00\" \/>\n<meta property=\"og:image\" content=\"https:\/\/volcanes.net\/wp-content\/uploads\/2021\/05\/a064a3e8-34dd-49c5-bac1-7a70a2dc7a0c.jpg\" \/>\n\t<meta property=\"og:image:width\" content=\"720\" \/>\n\t<meta property=\"og:image:height\" content=\"394\" \/>\n\t<meta property=\"og:image:type\" content=\"image\/jpeg\" \/>\n<meta name=\"author\" content=\"admin\" \/>\n<meta name=\"twitter:card\" content=\"summary_large_image\" \/>\n<meta name=\"twitter:label1\" content=\"Escrito por\" \/>\n\t<meta name=\"twitter:data1\" content=\"admin\" \/>\n\t<meta name=\"twitter:label2\" content=\"Tiempo de lectura\" \/>\n\t<meta name=\"twitter:data2\" content=\"1 minuto\" \/>\n<script type=\"application\/ld+json\" class=\"yoast-schema-graph\">{\"@context\":\"https:\/\/schema.org\",\"@graph\":[{\"@type\":\"Article\",\"@id\":\"https:\/\/volcanes.net\/?p=11396#article\",\"isPartOf\":{\"@id\":\"https:\/\/volcanes.net\/?p=11396\"},\"author\":{\"name\":\"admin\",\"@id\":\"https:\/\/volcanes.net\/#\/schema\/person\/4bf0f383940966a4abd53f5048c0e6b9\"},\"headline\":\"Graciela S\u00e1nchez Ortiz gestionar\u00e1 m\u00e1s presupuesto para el sector salud\",\"datePublished\":\"2021-05-21T21:47:56+00:00\",\"mainEntityOfPage\":{\"@id\":\"https:\/\/volcanes.net\/?p=11396\"},\"wordCount\":288,\"commentCount\":0,\"publisher\":{\"@id\":\"https:\/\/volcanes.net\/#organization\"},\"image\":{\"@id\":\"https:\/\/volcanes.net\/?p=11396#primaryimage\"},\"thumbnailUrl\":\"https:\/\/volcanes.net\/wp-content\/uploads\/2021\/05\/a064a3e8-34dd-49c5-bac1-7a70a2dc7a0c.jpg\",\"keywords\":[\"Tenango del Aire\"],\"articleSection\":[\"Municipales\"],\"inLanguage\":\"es\",\"potentialAction\":[{\"@type\":\"CommentAction\",\"name\":\"Comment\",\"target\":[\"https:\/\/volcanes.net\/?p=11396#respond\"]}]},{\"@type\":\"WebPage\",\"@id\":\"https:\/\/volcanes.net\/?p=11396\",\"url\":\"https:\/\/volcanes.net\/?p=11396\",\"name\":\"Graciela S\u00e1nchez Ortiz gestionar\u00e1 m\u00e1s presupuesto para el sector salud - Volcanes\",\"isPartOf\":{\"@id\":\"https:\/\/volcanes.net\/#website\"},\"primaryImageOfPage\":{\"@id\":\"https:\/\/volcanes.net\/?p=11396#primaryimage\"},\"image\":{\"@id\":\"https:\/\/volcanes.net\/?p=11396#primaryimage\"},\"thumbnailUrl\":\"https:\/\/volcanes.net\/wp-content\/uploads\/2021\/05\/a064a3e8-34dd-49c5-bac1-7a70a2dc7a0c.jpg\",\"datePublished\":\"2021-05-21T21:47:56+00:00\",\"breadcrumb\":{\"@id\":\"https:\/\/volcanes.net\/?p=11396#breadcrumb\"},\"inLanguage\":\"es\",\"potentialAction\":[{\"@type\":\"ReadAction\",\"target\":[\"https:\/\/volcanes.net\/?p=11396\"]}]},{\"@type\":\"ImageObject\",\"inLanguage\":\"es\",\"@id\":\"https:\/\/volcanes.net\/?p=11396#primaryimage\",\"url\":\"https:\/\/volcanes.net\/wp-content\/uploads\/2021\/05\/a064a3e8-34dd-49c5-bac1-7a70a2dc7a0c.jpg\",\"contentUrl\":\"https:\/\/volcanes.net\/wp-content\/uploads\/2021\/05\/a064a3e8-34dd-49c5-bac1-7a70a2dc7a0c.jpg\",\"width\":720,\"height\":394},{\"@type\":\"BreadcrumbList\",\"@id\":\"https:\/\/volcanes.net\/?p=11396#breadcrumb\",\"itemListElement\":[{\"@type\":\"ListItem\",\"position\":1,\"name\":\"Portada\",\"item\":\"https:\/\/volcanes.net\/\"},{\"@type\":\"ListItem\",\"position\":2,\"name\":\"Graciela S\u00e1nchez Ortiz gestionar\u00e1 m\u00e1s presupuesto para el sector salud\"}]},{\"@type\":\"WebSite\",\"@id\":\"https:\/\/volcanes.net\/#website\",\"url\":\"https:\/\/volcanes.net\/\",\"name\":\"Volcanes.Net\",\"description\":\"Periodismo Profesional\",\"publisher\":{\"@id\":\"https:\/\/volcanes.net\/#organization\"},\"potentialAction\":[{\"@type\":\"SearchAction\",\"target\":{\"@type\":\"EntryPoint\",\"urlTemplate\":\"https:\/\/volcanes.net\/?s={search_term_string}\"},\"query-input\":{\"@type\":\"PropertyValueSpecification\",\"valueRequired\":true,\"valueName\":\"search_term_string\"}}],\"inLanguage\":\"es\"},{\"@type\":\"Organization\",\"@id\":\"https:\/\/volcanes.net\/#organization\",\"name\":\"Grupo Volcanes\",\"url\":\"https:\/\/volcanes.net\/\",\"logo\":{\"@type\":\"ImageObject\",\"inLanguage\":\"es\",\"@id\":\"https:\/\/volcanes.net\/#\/schema\/logo\/image\/\",\"url\":\"http:\/\/volcanes.net\/wp-content\/uploads\/2017\/12\/Avatar2.jpg\",\"contentUrl\":\"http:\/\/volcanes.net\/wp-content\/uploads\/2017\/12\/Avatar2.jpg\",\"width\":378,\"height\":378,\"caption\":\"Grupo Volcanes\"},\"image\":{\"@id\":\"https:\/\/volcanes.net\/#\/schema\/logo\/image\/\"},\"sameAs\":[\"https:\/\/www.facebook.com\/volcanes.net\/\"]},{\"@type\":\"Person\",\"@id\":\"https:\/\/volcanes.net\/#\/schema\/person\/4bf0f383940966a4abd53f5048c0e6b9\",\"name\":\"admin\",\"image\":{\"@type\":\"ImageObject\",\"inLanguage\":\"es\",\"@id\":\"https:\/\/volcanes.net\/#\/schema\/person\/image\/\",\"url\":\"https:\/\/secure.gravatar.com\/avatar\/ca004e6cba8462b8cb7abc86e382930c?s=96&d=mm&r=g\",\"contentUrl\":\"https:\/\/secure.gravatar.com\/avatar\/ca004e6cba8462b8cb7abc86e382930c?s=96&d=mm&r=g\",\"caption\":\"admin\"}}]}<\/script>\n<!-- \/ Yoast SEO plugin. -->","yoast_head_json":{"title":"Graciela S\u00e1nchez Ortiz gestionar\u00e1 m\u00e1s presupuesto para el sector salud - Volcanes","robots":{"index":"index","follow":"follow","max-snippet":"max-snippet:-1","max-image-preview":"max-image-preview:large","max-video-preview":"max-video-preview:-1"},"canonical":"https:\/\/volcanes.net\/?p=11396","og_locale":"es_MX","og_type":"article","og_title":"Graciela S\u00e1nchez Ortiz gestionar\u00e1 m\u00e1s presupuesto para el sector salud - Volcanes","og_description":"Tenango del Aire, Estado de M\u00e9xico.- Graciela S\u00e1nchez Ortiz, candidata a la Diputaci\u00f3n en el","og_url":"https:\/\/volcanes.net\/?p=11396","og_site_name":"Volcanes","article_publisher":"https:\/\/www.facebook.com\/volcanes.net\/","article_published_time":"2021-05-21T21:47:56+00:00","og_image":[{"width":720,"height":394,"url":"https:\/\/volcanes.net\/wp-content\/uploads\/2021\/05\/a064a3e8-34dd-49c5-bac1-7a70a2dc7a0c.jpg","type":"image\/jpeg"}],"author":"admin","twitter_card":"summary_large_image","twitter_misc":{"Escrito por":"admin","Tiempo de lectura":"1 minuto"},"schema":{"@context":"https:\/\/schema.org","@graph":[{"@type":"Article","@id":"https:\/\/volcanes.net\/?p=11396#article","isPartOf":{"@id":"https:\/\/volcanes.net\/?p=11396"},"author":{"name":"admin","@id":"https:\/\/volcanes.net\/#\/schema\/person\/4bf0f383940966a4abd53f5048c0e6b9"},"headline":"Graciela S\u00e1nchez Ortiz gestionar\u00e1 m\u00e1s presupuesto para el sector salud","datePublished":"2021-05-21T21:47:56+00:00","mainEntityOfPage":{"@id":"https:\/\/volcanes.net\/?p=11396"},"wordCount":288,"commentCount":0,"publisher":{"@id":"https:\/\/volcanes.net\/#organization"},"image":{"@id":"https:\/\/volcanes.net\/?p=11396#primaryimage"},"thumbnailUrl":"https:\/\/volcanes.net\/wp-content\/uploads\/2021\/05\/a064a3e8-34dd-49c5-bac1-7a70a2dc7a0c.jpg","keywords":["Tenango del Aire"],"articleSection":["Municipales"],"inLanguage":"es","potentialAction":[{"@type":"CommentAction","name":"Comment","target":["https:\/\/volcanes.net\/?p=11396#respond"]}]},{"@type":"WebPage","@id":"https:\/\/volcanes.net\/?p=11396","url":"https:\/\/volcanes.net\/?p=11396","name":"Graciela S\u00e1nchez Ortiz gestionar\u00e1 m\u00e1s presupuesto para el sector salud - Volcanes","isPartOf":{"@id":"https:\/\/volcanes.net\/#website"},"primaryImageOfPage":{"@id":"https:\/\/volcanes.net\/?p=11396#primaryimage"},"image":{"@id":"https:\/\/volcanes.net\/?p=11396#primaryimage"},"thumbnailUrl":"https:\/\/volcanes.net\/wp-content\/uploads\/2021\/05\/a064a3e8-34dd-49c5-bac1-7a70a2dc7a0c.jpg","datePublished":"2021-05-21T21:47:56+00:00","breadcrumb":{"@id":"https:\/\/volcanes.net\/?p=11396#breadcrumb"},"inLanguage":"es","potentialAction":[{"@type":"ReadAction","target":["https:\/\/volcanes.net\/?p=11396"]}]},{"@type":"ImageObject","inLanguage":"es","@id":"https:\/\/volcanes.net\/?p=11396#primaryimage","url":"https:\/\/volcanes.net\/wp-content\/uploads\/2021\/05\/a064a3e8-34dd-49c5-bac1-7a70a2dc7a0c.jpg","contentUrl":"https:\/\/volcanes.net\/wp-content\/uploads\/2021\/05\/a064a3e8-34dd-49c5-bac1-7a70a2dc7a0c.jpg","width":720,"height":394},{"@type":"BreadcrumbList","@id":"https:\/\/volcanes.net\/?p=11396#breadcrumb","itemListElement":[{"@type":"ListItem","position":1,"name":"Portada","item":"https:\/\/volcanes.net\/"},{"@type":"ListItem","position":2,"name":"Graciela S\u00e1nchez Ortiz gestionar\u00e1 m\u00e1s presupuesto para el sector salud"}]},{"@type":"WebSite","@id":"https:\/\/volcanes.net\/#website","url":"https:\/\/volcanes.net\/","name":"Volcanes.Net","description":"Periodismo Profesional","publisher":{"@id":"https:\/\/volcanes.net\/#organization"},"potentialAction":[{"@type":"SearchAction","target":{"@type":"EntryPoint","urlTemplate":"https:\/\/volcanes.net\/?s={search_term_string}"},"query-input":{"@type":"PropertyValueSpecification","valueRequired":true,"valueName":"search_term_string"}}],"inLanguage":"es"},{"@type":"Organization","@id":"https:\/\/volcanes.net\/#organization","name":"Grupo Volcanes","url":"https:\/\/volcanes.net\/","logo":{"@type":"ImageObject","inLanguage":"es","@id":"https:\/\/volcanes.net\/#\/schema\/logo\/image\/","url":"http:\/\/volcanes.net\/wp-content\/uploads\/2017\/12\/Avatar2.jpg","contentUrl":"http:\/\/volcanes.net\/wp-content\/uploads\/2017\/12\/Avatar2.jpg","width":378,"height":378,"caption":"Grupo Volcanes"},"image":{"@id":"https:\/\/volcanes.net\/#\/schema\/logo\/image\/"},"sameAs":["https:\/\/www.facebook.com\/volcanes.net\/"]},{"@type":"Person","@id":"https:\/\/volcanes.net\/#\/schema\/person\/4bf0f383940966a4abd53f5048c0e6b9","name":"admin","image":{"@type":"ImageObject","inLanguage":"es","@id":"https:\/\/volcanes.net\/#\/schema\/person\/image\/","url":"https:\/\/secure.gravatar.com\/avatar\/ca004e6cba8462b8cb7abc86e382930c?s=96&d=mm&r=g","contentUrl":"https:\/\/secure.gravatar.com\/avatar\/ca004e6cba8462b8cb7abc86e382930c?s=96&d=mm&r=g","caption":"admin"}}]}},"_links":{"self":[{"href":"https:\/\/volcanes.net\/index.php?rest_route=\/wp\/v2\/posts\/11396"}],"collection":[{"href":"https:\/\/volcanes.net\/index.php?rest_route=\/wp\/v2\/posts"}],"about":[{"href":"https:\/\/volcanes.net\/index.php?rest_route=\/wp\/v2\/types\/post"}],"author":[{"embeddable":true,"href":"https:\/\/volcanes.net\/index.php?rest_route=\/wp\/v2\/users\/1"}],"replies":[{"embeddable":true,"href":"https:\/\/volcanes.net\/index.php?rest_route=%2Fwp%2Fv2%2Fcomments&post=11396"}],"version-history":[{"count":1,"href":"https:\/\/volcanes.net\/index.php?rest_route=\/wp\/v2\/posts\/11396\/revisions"}],"predecessor-version":[{"id":11398,"href":"https:\/\/volcanes.net\/index.php?rest_route=\/wp\/v2\/posts\/11396\/revisions\/11398"}],"wp:featuredmedia":[{"embeddable":true,"href":"https:\/\/volcanes.net\/index.php?rest_route=\/wp\/v2\/media\/11397"}],"wp:attachment":[{"href":"https:\/\/volcanes.net\/index.php?rest_route=%2Fwp%2Fv2%2Fmedia&parent=11396"}],"wp:term":[{"taxonomy":"category","embeddable":true,"href":"https:\/\/volcanes.net\/index.php?rest_route=%2Fwp%2Fv2%2Fcategories&post=11396"},{"taxonomy":"post_tag","embeddable":true,"href":"https:\/\/volcanes.net\/index.php?rest_route=%2Fwp%2Fv2%2Ftags&post=11396"}],"curies":[{"name":"wp","href":"https:\/\/api.w.org\/{rel}","templated":true}]}}