{"id":114,"date":"2017-08-19T01:24:31","date_gmt":"2017-08-19T01:24:31","guid":{"rendered":"http:\/\/volcanes.net\/?p=114"},"modified":"2017-08-19T01:24:31","modified_gmt":"2017-08-19T01:24:31","slug":"%e2%80%8bcomision-estatal-de-procesos-internos-declara-electa-a-la-formula-unica-de-ernesto-nemer-y-brenda-alvarado-como-presidente-y-secretaria-general-del-pri-mexiquense","status":"publish","type":"post","link":"https:\/\/volcanes.net\/?p=114","title":{"rendered":"\u200bComisi\u00f3n Estatal de Procesos Internos declara electa a la f\u00f3rmula \u00fanica de Ernesto Nemer y Brenda Alvarado como presidente y secretaria general del PRI mexiquense"},"content":{"rendered":"<div style=\"margin-top: 0px; margin-bottom: 0px;\" class=\"sharethis-inline-share-buttons\" ><\/div><ul type=\"disc\" style=\"color: rgb(0, 0, 0); font-family: sans-serif; font-size: 13.696px; margin-top: 0cm;\">\n<li class=\"MsoNormal\" style=\"background-image: initial; background-position: initial; background-size: initial; background-repeat: initial; background-origin: initial; background-clip: initial;\"><i><span style=\"font-size: 11pt;\">Una vez que concluy\u00f3 el plazo de registro y que se recibi\u00f3 la solicitud de una sola f\u00f3rmula, se emiti\u00f3 el Dictamen correspondiente que tendr\u00e1 que ser ratificado por el pleno del Consejo Pol\u00edtico Estatal.<\/span><\/i><\/li>\n<li class=\"MsoNormal\" style=\"background-image: initial; background-position: initial; background-size: initial; background-repeat: initial; background-origin: initial; background-clip: initial;\"><i><span style=\"font-size: 11pt;\">El PRI lo que quiere es trabajo, unidad y resultados: Ernesto Nemer.<\/span><\/i><\/li>\n<\/ul>\n<p class=\"MsoNormal\" style=\"color: rgb(0, 0, 0); font-family: sans-serif; font-size: 13.696px; text-align: justify; background-image: initial; background-position: initial; background-size: initial; background-repeat: initial; background-origin: initial; background-clip: initial;\">\n<b>Toluca, Estado de M\u00e9xico; a 18 de agosto de 2017<\/b>.- En cumplimiento de lo establecido en la Convocatoria, y una vez que concluy\u00f3 la jornada de registro de aspirantes para la elecci\u00f3n de los titulares de la dirigencia del Comit\u00e9 Directivo Estatal del PRI del Estado de M\u00e9xico para concluir el periodo estatutario 2015\u20132019, la Comisi\u00f3n Estatal de Procesos Internos (CEPI) emiti\u00f3 el dictamen de procedencia de registro y declar\u00f3 electos a los integrantes de la f\u00f3rmula \u00fanica, compuesta por Ernesto Nemer \u00c1lvarez y Brenda Mar\u00eda Alvarado S\u00e1nchez como presidente y secretaria general de este instituto pol\u00edtico, respectivamente.<\/p>\n<p class=\"MsoNormal\" style=\"color: rgb(0, 0, 0); font-family: sans-serif; font-size: 13.696px; text-align: justify; background-image: initial; background-position: initial; background-size: initial; background-repeat: initial; background-origin: initial; background-clip: initial;\">&nbsp;<\/p>\n<p class=\"MsoNormal\" style=\"color: rgb(0, 0, 0); font-family: sans-serif; font-size: 13.696px; text-align: justify; background-image: initial; background-position: initial; background-size: initial; background-repeat: initial; background-origin: initial; background-clip: initial;\">Despu\u00e9s de que finalizara el plazo para el registro de aspirantes a la dirigencia, y toda vez que s\u00f3lo se recibi\u00f3 la solicitud de una sola planilla para asumir la dirigencia del priismo mexiquense, la CEPI expidi\u00f3 el dictamen de registro \u00fanico y declar\u00f3 electa a dicha planilla, de acuerdo a lo que establece la Convocatoria aprobada por el Comit\u00e9 Ejecutivo Nacional de este partido.<\/p>\n<p class=\"MsoNormal\" style=\"color: rgb(0, 0, 0); font-family: sans-serif; font-size: 13.696px; text-align: justify; background-image: initial; background-position: initial; background-size: initial; background-repeat: initial; background-origin: initial; background-clip: initial;\">\nDicho dictamen ser\u00e1 presentado ante el pleno del Consejo Pol\u00edtico Estatal para su ratificaci\u00f3n y, en su caso, hacer entrega de la constancia y la toma de protesta estatutaria correspondiente.<\/p>\n<p class=\"MsoNormal\" style=\"color: rgb(0, 0, 0); font-family: sans-serif; font-size: 13.696px; text-align: justify; background-image: initial; background-position: initial; background-size: initial; background-repeat: initial; background-origin: initial; background-clip: initial;\">&nbsp;<\/p>\n<p class=\"MsoNormal\" style=\"color: rgb(0, 0, 0); font-family: sans-serif; font-size: 13.696px; text-align: justify; background-image: initial; background-position: initial; background-size: initial; background-repeat: initial; background-origin: initial; background-clip: initial;\">Al hacer uso de la palabra, Ernesto Nemer \u00c1lvarez agradeci\u00f3 el respaldo de los sectores y organizaciones, as\u00ed como de la militancia por el trabajo realizado en la pasada campa\u00f1a electoral, lo que permiti\u00f3 el triunfo de Alfredo del Mazo como gobernador de la entidad y afirm\u00f3 que el PRI requiere escuchar a la sociedad.<\/p>\n<p class=\"MsoNormal\" style=\"color: rgb(0, 0, 0); font-family: sans-serif; font-size: 13.696px; text-align: justify; background-image: initial; background-position: initial; background-size: initial; background-repeat: initial; background-origin: initial; background-clip: initial;\">&nbsp;<\/p>\n<p class=\"MsoNormal\" style=\"color: rgb(0, 0, 0); font-family: sans-serif; font-size: 13.696px; text-align: justify; background-image: initial; background-position: initial; background-size: initial; background-repeat: initial; background-origin: initial; background-clip: initial;\">Ante la presencia del delegado general del Comit\u00e9 Ejecutivo Nacional del PRI en el Estado de M\u00e9xico, Ismael Hern\u00e1ndez Deras, as\u00ed como de integrantes de los sectores y organizaciones de este instituto pol\u00edtico, Nemer \u00c1lvarez destac\u00f3 que el PRI habr\u00e1 de seguir trabajando unido, con propuestas y de la mano con Alfredo Del Mazo, quien ser\u00e1 un gobernador que corresponder\u00e1 a la confianza de la gente.<\/p>\n<p class=\"MsoNormal\" style=\"color: rgb(0, 0, 0); font-family: sans-serif; font-size: 13.696px; text-align: justify; background-image: initial; background-position: initial; background-size: initial; background-repeat: initial; background-origin: initial; background-clip: initial;\">&nbsp;<\/p>\n<p class=\"MsoNormal\" style=\"color: rgb(0, 0, 0); font-family: sans-serif; font-size: 13.696px; text-align: justify; background-image: initial; background-position: initial; background-size: initial; background-repeat: initial; background-origin: initial; background-clip: initial;\">El PRI lo que quiere es trabajo, es unidad, es compromiso y son resultados, puntualiz\u00f3.<\/p>\n","protected":false},"excerpt":{"rendered":"<p>Una vez que concluy\u00f3 el plazo de registro y que se recibi\u00f3 la solicitud de<\/p>\n","protected":false},"author":1,"featured_media":113,"comment_status":"open","ping_status":"open","sticky":false,"template":"","format":"standard","meta":{"footnotes":""},"categories":[3],"tags":[10],"class_list":["post-114","post","type-post","status-publish","format-standard","has-post-thumbnail","hentry","category-estatales","tag-pri"],"yoast_head":"<!-- This site is optimized with the Yoast SEO plugin v25.3 - https:\/\/yoast.com\/wordpress\/plugins\/seo\/ -->\n<title>\u200bComisi\u00f3n Estatal de Procesos Internos declara electa a la f\u00f3rmula \u00fanica de Ernesto Nemer y Brenda Alvarado como presidente y secretaria general del PRI mexiquense - Volcanes<\/title>\n<meta name=\"robots\" content=\"index, follow, max-snippet:-1, max-image-preview:large, max-video-preview:-1\" \/>\n<link rel=\"canonical\" href=\"https:\/\/volcanes.net\/?p=114\" \/>\n<meta property=\"og:locale\" content=\"es_MX\" \/>\n<meta property=\"og:type\" content=\"article\" \/>\n<meta property=\"og:title\" content=\"\u200bComisi\u00f3n Estatal de Procesos Internos declara electa a la f\u00f3rmula \u00fanica de Ernesto Nemer y Brenda Alvarado como presidente y secretaria general del PRI mexiquense - Volcanes\" \/>\n<meta property=\"og:description\" content=\"Una vez que concluy\u00f3 el plazo de registro y que se recibi\u00f3 la solicitud de\" \/>\n<meta property=\"og:url\" content=\"https:\/\/volcanes.net\/?p=114\" \/>\n<meta property=\"og:site_name\" content=\"Volcanes\" \/>\n<meta property=\"article:publisher\" content=\"https:\/\/www.facebook.com\/volcanes.net\/\" \/>\n<meta property=\"article:published_time\" content=\"2017-08-19T01:24:31+00:00\" \/>\n<meta property=\"og:image\" content=\"https:\/\/volcanes.net\/wp-content\/uploads\/2017\/08\/7182017202411.jpg\" \/>\n\t<meta property=\"og:image:width\" content=\"400\" \/>\n\t<meta property=\"og:image:height\" content=\"348\" \/>\n\t<meta property=\"og:image:type\" content=\"image\/jpeg\" \/>\n<meta name=\"author\" content=\"admin\" \/>\n<meta name=\"twitter:card\" content=\"summary_large_image\" \/>\n<meta name=\"twitter:label1\" content=\"Escrito por\" \/>\n\t<meta name=\"twitter:data1\" content=\"admin\" \/>\n\t<meta name=\"twitter:label2\" content=\"Tiempo de lectura\" \/>\n\t<meta name=\"twitter:data2\" content=\"2 minutos\" \/>\n<script type=\"application\/ld+json\" class=\"yoast-schema-graph\">{\"@context\":\"https:\/\/schema.org\",\"@graph\":[{\"@type\":\"Article\",\"@id\":\"https:\/\/volcanes.net\/?p=114#article\",\"isPartOf\":{\"@id\":\"https:\/\/volcanes.net\/?p=114\"},\"author\":{\"name\":\"admin\",\"@id\":\"https:\/\/volcanes.net\/#\/schema\/person\/4bf0f383940966a4abd53f5048c0e6b9\"},\"headline\":\"\u200bComisi\u00f3n Estatal de Procesos Internos declara electa a la f\u00f3rmula \u00fanica de Ernesto Nemer y Brenda Alvarado como presidente y secretaria general del PRI mexiquense\",\"datePublished\":\"2017-08-19T01:24:31+00:00\",\"mainEntityOfPage\":{\"@id\":\"https:\/\/volcanes.net\/?p=114\"},\"wordCount\":423,\"commentCount\":0,\"publisher\":{\"@id\":\"https:\/\/volcanes.net\/#organization\"},\"image\":{\"@id\":\"https:\/\/volcanes.net\/?p=114#primaryimage\"},\"thumbnailUrl\":\"https:\/\/volcanes.net\/wp-content\/uploads\/2017\/08\/7182017202411.jpg\",\"keywords\":[\"PRI\"],\"articleSection\":[\"Estatales\"],\"inLanguage\":\"es\",\"potentialAction\":[{\"@type\":\"CommentAction\",\"name\":\"Comment\",\"target\":[\"https:\/\/volcanes.net\/?p=114#respond\"]}]},{\"@type\":\"WebPage\",\"@id\":\"https:\/\/volcanes.net\/?p=114\",\"url\":\"https:\/\/volcanes.net\/?p=114\",\"name\":\"\u200bComisi\u00f3n Estatal de Procesos Internos declara electa a la f\u00f3rmula \u00fanica de Ernesto Nemer y Brenda Alvarado como presidente y secretaria general del PRI mexiquense - Volcanes\",\"isPartOf\":{\"@id\":\"https:\/\/volcanes.net\/#website\"},\"primaryImageOfPage\":{\"@id\":\"https:\/\/volcanes.net\/?p=114#primaryimage\"},\"image\":{\"@id\":\"https:\/\/volcanes.net\/?p=114#primaryimage\"},\"thumbnailUrl\":\"https:\/\/volcanes.net\/wp-content\/uploads\/2017\/08\/7182017202411.jpg\",\"datePublished\":\"2017-08-19T01:24:31+00:00\",\"breadcrumb\":{\"@id\":\"https:\/\/volcanes.net\/?p=114#breadcrumb\"},\"inLanguage\":\"es\",\"potentialAction\":[{\"@type\":\"ReadAction\",\"target\":[\"https:\/\/volcanes.net\/?p=114\"]}]},{\"@type\":\"ImageObject\",\"inLanguage\":\"es\",\"@id\":\"https:\/\/volcanes.net\/?p=114#primaryimage\",\"url\":\"https:\/\/volcanes.net\/wp-content\/uploads\/2017\/08\/7182017202411.jpg\",\"contentUrl\":\"https:\/\/volcanes.net\/wp-content\/uploads\/2017\/08\/7182017202411.jpg\",\"width\":400,\"height\":348},{\"@type\":\"BreadcrumbList\",\"@id\":\"https:\/\/volcanes.net\/?p=114#breadcrumb\",\"itemListElement\":[{\"@type\":\"ListItem\",\"position\":1,\"name\":\"Portada\",\"item\":\"https:\/\/volcanes.net\/\"},{\"@type\":\"ListItem\",\"position\":2,\"name\":\"\u200bComisi\u00f3n Estatal de Procesos Internos declara electa a la f\u00f3rmula \u00fanica de Ernesto Nemer y Brenda Alvarado como presidente y secretaria general del PRI mexiquense\"}]},{\"@type\":\"WebSite\",\"@id\":\"https:\/\/volcanes.net\/#website\",\"url\":\"https:\/\/volcanes.net\/\",\"name\":\"Volcanes.Net\",\"description\":\"Periodismo Profesional\",\"publisher\":{\"@id\":\"https:\/\/volcanes.net\/#organization\"},\"potentialAction\":[{\"@type\":\"SearchAction\",\"target\":{\"@type\":\"EntryPoint\",\"urlTemplate\":\"https:\/\/volcanes.net\/?s={search_term_string}\"},\"query-input\":{\"@type\":\"PropertyValueSpecification\",\"valueRequired\":true,\"valueName\":\"search_term_string\"}}],\"inLanguage\":\"es\"},{\"@type\":\"Organization\",\"@id\":\"https:\/\/volcanes.net\/#organization\",\"name\":\"Grupo Volcanes\",\"url\":\"https:\/\/volcanes.net\/\",\"logo\":{\"@type\":\"ImageObject\",\"inLanguage\":\"es\",\"@id\":\"https:\/\/volcanes.net\/#\/schema\/logo\/image\/\",\"url\":\"http:\/\/volcanes.net\/wp-content\/uploads\/2017\/12\/Avatar2.jpg\",\"contentUrl\":\"http:\/\/volcanes.net\/wp-content\/uploads\/2017\/12\/Avatar2.jpg\",\"width\":378,\"height\":378,\"caption\":\"Grupo Volcanes\"},\"image\":{\"@id\":\"https:\/\/volcanes.net\/#\/schema\/logo\/image\/\"},\"sameAs\":[\"https:\/\/www.facebook.com\/volcanes.net\/\"]},{\"@type\":\"Person\",\"@id\":\"https:\/\/volcanes.net\/#\/schema\/person\/4bf0f383940966a4abd53f5048c0e6b9\",\"name\":\"admin\",\"image\":{\"@type\":\"ImageObject\",\"inLanguage\":\"es\",\"@id\":\"https:\/\/volcanes.net\/#\/schema\/person\/image\/\",\"url\":\"https:\/\/secure.gravatar.com\/avatar\/ca004e6cba8462b8cb7abc86e382930c?s=96&d=mm&r=g\",\"contentUrl\":\"https:\/\/secure.gravatar.com\/avatar\/ca004e6cba8462b8cb7abc86e382930c?s=96&d=mm&r=g\",\"caption\":\"admin\"}}]}<\/script>\n<!-- \/ Yoast SEO plugin. -->","yoast_head_json":{"title":"\u200bComisi\u00f3n Estatal de Procesos Internos declara electa a la f\u00f3rmula \u00fanica de Ernesto Nemer y Brenda Alvarado como presidente y secretaria general del PRI mexiquense - Volcanes","robots":{"index":"index","follow":"follow","max-snippet":"max-snippet:-1","max-image-preview":"max-image-preview:large","max-video-preview":"max-video-preview:-1"},"canonical":"https:\/\/volcanes.net\/?p=114","og_locale":"es_MX","og_type":"article","og_title":"\u200bComisi\u00f3n Estatal de Procesos Internos declara electa a la f\u00f3rmula \u00fanica de Ernesto Nemer y Brenda Alvarado como presidente y secretaria general del PRI mexiquense - Volcanes","og_description":"Una vez que concluy\u00f3 el plazo de registro y que se recibi\u00f3 la solicitud de","og_url":"https:\/\/volcanes.net\/?p=114","og_site_name":"Volcanes","article_publisher":"https:\/\/www.facebook.com\/volcanes.net\/","article_published_time":"2017-08-19T01:24:31+00:00","og_image":[{"width":400,"height":348,"url":"https:\/\/volcanes.net\/wp-content\/uploads\/2017\/08\/7182017202411.jpg","type":"image\/jpeg"}],"author":"admin","twitter_card":"summary_large_image","twitter_misc":{"Escrito por":"admin","Tiempo de lectura":"2 minutos"},"schema":{"@context":"https:\/\/schema.org","@graph":[{"@type":"Article","@id":"https:\/\/volcanes.net\/?p=114#article","isPartOf":{"@id":"https:\/\/volcanes.net\/?p=114"},"author":{"name":"admin","@id":"https:\/\/volcanes.net\/#\/schema\/person\/4bf0f383940966a4abd53f5048c0e6b9"},"headline":"\u200bComisi\u00f3n Estatal de Procesos Internos declara electa a la f\u00f3rmula \u00fanica de Ernesto Nemer y Brenda Alvarado como presidente y secretaria general del PRI mexiquense","datePublished":"2017-08-19T01:24:31+00:00","mainEntityOfPage":{"@id":"https:\/\/volcanes.net\/?p=114"},"wordCount":423,"commentCount":0,"publisher":{"@id":"https:\/\/volcanes.net\/#organization"},"image":{"@id":"https:\/\/volcanes.net\/?p=114#primaryimage"},"thumbnailUrl":"https:\/\/volcanes.net\/wp-content\/uploads\/2017\/08\/7182017202411.jpg","keywords":["PRI"],"articleSection":["Estatales"],"inLanguage":"es","potentialAction":[{"@type":"CommentAction","name":"Comment","target":["https:\/\/volcanes.net\/?p=114#respond"]}]},{"@type":"WebPage","@id":"https:\/\/volcanes.net\/?p=114","url":"https:\/\/volcanes.net\/?p=114","name":"\u200bComisi\u00f3n Estatal de Procesos Internos declara electa a la f\u00f3rmula \u00fanica de Ernesto Nemer y Brenda Alvarado como presidente y secretaria general del PRI mexiquense - Volcanes","isPartOf":{"@id":"https:\/\/volcanes.net\/#website"},"primaryImageOfPage":{"@id":"https:\/\/volcanes.net\/?p=114#primaryimage"},"image":{"@id":"https:\/\/volcanes.net\/?p=114#primaryimage"},"thumbnailUrl":"https:\/\/volcanes.net\/wp-content\/uploads\/2017\/08\/7182017202411.jpg","datePublished":"2017-08-19T01:24:31+00:00","breadcrumb":{"@id":"https:\/\/volcanes.net\/?p=114#breadcrumb"},"inLanguage":"es","potentialAction":[{"@type":"ReadAction","target":["https:\/\/volcanes.net\/?p=114"]}]},{"@type":"ImageObject","inLanguage":"es","@id":"https:\/\/volcanes.net\/?p=114#primaryimage","url":"https:\/\/volcanes.net\/wp-content\/uploads\/2017\/08\/7182017202411.jpg","contentUrl":"https:\/\/volcanes.net\/wp-content\/uploads\/2017\/08\/7182017202411.jpg","width":400,"height":348},{"@type":"BreadcrumbList","@id":"https:\/\/volcanes.net\/?p=114#breadcrumb","itemListElement":[{"@type":"ListItem","position":1,"name":"Portada","item":"https:\/\/volcanes.net\/"},{"@type":"ListItem","position":2,"name":"\u200bComisi\u00f3n Estatal de Procesos Internos declara electa a la f\u00f3rmula \u00fanica de Ernesto Nemer y Brenda Alvarado como presidente y secretaria general del PRI mexiquense"}]},{"@type":"WebSite","@id":"https:\/\/volcanes.net\/#website","url":"https:\/\/volcanes.net\/","name":"Volcanes.Net","description":"Periodismo Profesional","publisher":{"@id":"https:\/\/volcanes.net\/#organization"},"potentialAction":[{"@type":"SearchAction","target":{"@type":"EntryPoint","urlTemplate":"https:\/\/volcanes.net\/?s={search_term_string}"},"query-input":{"@type":"PropertyValueSpecification","valueRequired":true,"valueName":"search_term_string"}}],"inLanguage":"es"},{"@type":"Organization","@id":"https:\/\/volcanes.net\/#organization","name":"Grupo Volcanes","url":"https:\/\/volcanes.net\/","logo":{"@type":"ImageObject","inLanguage":"es","@id":"https:\/\/volcanes.net\/#\/schema\/logo\/image\/","url":"http:\/\/volcanes.net\/wp-content\/uploads\/2017\/12\/Avatar2.jpg","contentUrl":"http:\/\/volcanes.net\/wp-content\/uploads\/2017\/12\/Avatar2.jpg","width":378,"height":378,"caption":"Grupo Volcanes"},"image":{"@id":"https:\/\/volcanes.net\/#\/schema\/logo\/image\/"},"sameAs":["https:\/\/www.facebook.com\/volcanes.net\/"]},{"@type":"Person","@id":"https:\/\/volcanes.net\/#\/schema\/person\/4bf0f383940966a4abd53f5048c0e6b9","name":"admin","image":{"@type":"ImageObject","inLanguage":"es","@id":"https:\/\/volcanes.net\/#\/schema\/person\/image\/","url":"https:\/\/secure.gravatar.com\/avatar\/ca004e6cba8462b8cb7abc86e382930c?s=96&d=mm&r=g","contentUrl":"https:\/\/secure.gravatar.com\/avatar\/ca004e6cba8462b8cb7abc86e382930c?s=96&d=mm&r=g","caption":"admin"}}]}},"_links":{"self":[{"href":"https:\/\/volcanes.net\/index.php?rest_route=\/wp\/v2\/posts\/114"}],"collection":[{"href":"https:\/\/volcanes.net\/index.php?rest_route=\/wp\/v2\/posts"}],"about":[{"href":"https:\/\/volcanes.net\/index.php?rest_route=\/wp\/v2\/types\/post"}],"author":[{"embeddable":true,"href":"https:\/\/volcanes.net\/index.php?rest_route=\/wp\/v2\/users\/1"}],"replies":[{"embeddable":true,"href":"https:\/\/volcanes.net\/index.php?rest_route=%2Fwp%2Fv2%2Fcomments&post=114"}],"version-history":[{"count":1,"href":"https:\/\/volcanes.net\/index.php?rest_route=\/wp\/v2\/posts\/114\/revisions"}],"predecessor-version":[{"id":115,"href":"https:\/\/volcanes.net\/index.php?rest_route=\/wp\/v2\/posts\/114\/revisions\/115"}],"wp:featuredmedia":[{"embeddable":true,"href":"https:\/\/volcanes.net\/index.php?rest_route=\/wp\/v2\/media\/113"}],"wp:attachment":[{"href":"https:\/\/volcanes.net\/index.php?rest_route=%2Fwp%2Fv2%2Fmedia&parent=114"}],"wp:term":[{"taxonomy":"category","embeddable":true,"href":"https:\/\/volcanes.net\/index.php?rest_route=%2Fwp%2Fv2%2Fcategories&post=114"},{"taxonomy":"post_tag","embeddable":true,"href":"https:\/\/volcanes.net\/index.php?rest_route=%2Fwp%2Fv2%2Ftags&post=114"}],"curies":[{"name":"wp","href":"https:\/\/api.w.org\/{rel}","templated":true}]}}