{"id":11408,"date":"2021-05-22T15:55:17","date_gmt":"2021-05-22T21:55:17","guid":{"rendered":"http:\/\/volcanes.net\/?p=11408"},"modified":"2021-05-22T15:55:17","modified_gmt":"2021-05-22T21:55:17","slug":"miguel-angel-salomon-cortes-continua-cerca-de-la-ciudadania","status":"publish","type":"post","link":"https:\/\/volcanes.net\/?p=11408","title":{"rendered":"Miguel \u00c1ngel Salom\u00f3n Cort\u00e9s contin\u00faa cerca de la ciudadan\u00eda"},"content":{"rendered":"<div style=\"margin-top: 0px; margin-bottom: 0px;\" class=\"sharethis-inline-share-buttons\" ><\/div><p style=\"text-align: justify;\">Amecameca, Estado de M\u00e9xico.- El candidato a la presidencia municipal de Amecameca, Miguel \u00c1ngel Salom\u00f3n Cort\u00e9s, ha continuado con su campa\u00f1a proselitista, en la cual ha mantenido una buena cercan\u00eda con los habitantes de la Delegaci\u00f3n San Francisco Zentlalpan y Cabecera Municipal, donde ha dado a conocer sus diversas propuestas con las cuales dar\u00e1 continuidad al trabajo realizado durante su gesti\u00f3n.<\/p>\n<p style=\"text-align: justify;\">En este recorrido fue recibido con los brazos abiertos y una muy buena aceptaci\u00f3n por parte de los ciudadanos, mismos que indicaron que el candidato tiene su apoyo incondicional. &#8220;Mientras otros candidatos atacan y descalifican por su falta de seriedad, nosotros seguimos trabajando&#8221;, dijo el candidato.<\/p>\n<p style=\"text-align: justify;\">Cabe destacar que gente seguidora de partidos contrarios se han sumado al trabajo del Partido Verde Ecologista, pues creen que las propuestas del candidato Salom\u00f3n Cort\u00e9s son reales, viables y se van a cumplir.<\/p>\n","protected":false},"excerpt":{"rendered":"<p>Amecameca, Estado de M\u00e9xico.- El candidato a la presidencia municipal de Amecameca, Miguel \u00c1ngel Salom\u00f3n<\/p>\n","protected":false},"author":1,"featured_media":11409,"comment_status":"open","ping_status":"open","sticky":false,"template":"","format":"standard","meta":{"footnotes":""},"categories":[1],"tags":[7],"class_list":["post-11408","post","type-post","status-publish","format-standard","has-post-thumbnail","hentry","category-municipales","tag-amecameca"],"yoast_head":"<!-- This site is optimized with the Yoast SEO plugin v25.3 - https:\/\/yoast.com\/wordpress\/plugins\/seo\/ -->\n<title>Miguel \u00c1ngel Salom\u00f3n Cort\u00e9s contin\u00faa cerca de la ciudadan\u00eda - Volcanes<\/title>\n<meta name=\"robots\" content=\"index, follow, max-snippet:-1, max-image-preview:large, max-video-preview:-1\" \/>\n<link rel=\"canonical\" href=\"https:\/\/volcanes.net\/?p=11408\" \/>\n<meta property=\"og:locale\" content=\"es_MX\" \/>\n<meta property=\"og:type\" content=\"article\" \/>\n<meta property=\"og:title\" content=\"Miguel \u00c1ngel Salom\u00f3n Cort\u00e9s contin\u00faa cerca de la ciudadan\u00eda - Volcanes\" \/>\n<meta property=\"og:description\" content=\"Amecameca, Estado de M\u00e9xico.- El candidato a la presidencia municipal de Amecameca, Miguel \u00c1ngel Salom\u00f3n\" \/>\n<meta property=\"og:url\" content=\"https:\/\/volcanes.net\/?p=11408\" \/>\n<meta property=\"og:site_name\" content=\"Volcanes\" \/>\n<meta property=\"article:publisher\" content=\"https:\/\/www.facebook.com\/volcanes.net\/\" \/>\n<meta property=\"article:published_time\" content=\"2021-05-22T21:55:17+00:00\" \/>\n<meta property=\"og:image\" content=\"https:\/\/volcanes.net\/wp-content\/uploads\/2021\/05\/WhatsApp-Image-2021-05-22-at-1.32.19-PM-768x530-1.jpeg\" \/>\n\t<meta property=\"og:image:width\" content=\"768\" \/>\n\t<meta property=\"og:image:height\" content=\"530\" \/>\n\t<meta property=\"og:image:type\" content=\"image\/jpeg\" \/>\n<meta name=\"author\" content=\"admin\" \/>\n<meta name=\"twitter:card\" content=\"summary_large_image\" \/>\n<meta name=\"twitter:label1\" content=\"Escrito por\" \/>\n\t<meta name=\"twitter:data1\" content=\"admin\" \/>\n\t<meta name=\"twitter:label2\" content=\"Tiempo de lectura\" \/>\n\t<meta name=\"twitter:data2\" content=\"1 minuto\" \/>\n<script type=\"application\/ld+json\" class=\"yoast-schema-graph\">{\"@context\":\"https:\/\/schema.org\",\"@graph\":[{\"@type\":\"Article\",\"@id\":\"https:\/\/volcanes.net\/?p=11408#article\",\"isPartOf\":{\"@id\":\"https:\/\/volcanes.net\/?p=11408\"},\"author\":{\"name\":\"admin\",\"@id\":\"https:\/\/volcanes.net\/#\/schema\/person\/4bf0f383940966a4abd53f5048c0e6b9\"},\"headline\":\"Miguel \u00c1ngel Salom\u00f3n Cort\u00e9s contin\u00faa cerca de la ciudadan\u00eda\",\"datePublished\":\"2021-05-22T21:55:17+00:00\",\"mainEntityOfPage\":{\"@id\":\"https:\/\/volcanes.net\/?p=11408\"},\"wordCount\":165,\"commentCount\":0,\"publisher\":{\"@id\":\"https:\/\/volcanes.net\/#organization\"},\"image\":{\"@id\":\"https:\/\/volcanes.net\/?p=11408#primaryimage\"},\"thumbnailUrl\":\"https:\/\/volcanes.net\/wp-content\/uploads\/2021\/05\/WhatsApp-Image-2021-05-22-at-1.32.19-PM-768x530-1.jpeg\",\"keywords\":[\"Amecameca\"],\"articleSection\":[\"Municipales\"],\"inLanguage\":\"es\",\"potentialAction\":[{\"@type\":\"CommentAction\",\"name\":\"Comment\",\"target\":[\"https:\/\/volcanes.net\/?p=11408#respond\"]}]},{\"@type\":\"WebPage\",\"@id\":\"https:\/\/volcanes.net\/?p=11408\",\"url\":\"https:\/\/volcanes.net\/?p=11408\",\"name\":\"Miguel \u00c1ngel Salom\u00f3n Cort\u00e9s contin\u00faa cerca de la ciudadan\u00eda - Volcanes\",\"isPartOf\":{\"@id\":\"https:\/\/volcanes.net\/#website\"},\"primaryImageOfPage\":{\"@id\":\"https:\/\/volcanes.net\/?p=11408#primaryimage\"},\"image\":{\"@id\":\"https:\/\/volcanes.net\/?p=11408#primaryimage\"},\"thumbnailUrl\":\"https:\/\/volcanes.net\/wp-content\/uploads\/2021\/05\/WhatsApp-Image-2021-05-22-at-1.32.19-PM-768x530-1.jpeg\",\"datePublished\":\"2021-05-22T21:55:17+00:00\",\"breadcrumb\":{\"@id\":\"https:\/\/volcanes.net\/?p=11408#breadcrumb\"},\"inLanguage\":\"es\",\"potentialAction\":[{\"@type\":\"ReadAction\",\"target\":[\"https:\/\/volcanes.net\/?p=11408\"]}]},{\"@type\":\"ImageObject\",\"inLanguage\":\"es\",\"@id\":\"https:\/\/volcanes.net\/?p=11408#primaryimage\",\"url\":\"https:\/\/volcanes.net\/wp-content\/uploads\/2021\/05\/WhatsApp-Image-2021-05-22-at-1.32.19-PM-768x530-1.jpeg\",\"contentUrl\":\"https:\/\/volcanes.net\/wp-content\/uploads\/2021\/05\/WhatsApp-Image-2021-05-22-at-1.32.19-PM-768x530-1.jpeg\",\"width\":768,\"height\":530},{\"@type\":\"BreadcrumbList\",\"@id\":\"https:\/\/volcanes.net\/?p=11408#breadcrumb\",\"itemListElement\":[{\"@type\":\"ListItem\",\"position\":1,\"name\":\"Portada\",\"item\":\"https:\/\/volcanes.net\/\"},{\"@type\":\"ListItem\",\"position\":2,\"name\":\"Miguel \u00c1ngel Salom\u00f3n Cort\u00e9s contin\u00faa cerca de la ciudadan\u00eda\"}]},{\"@type\":\"WebSite\",\"@id\":\"https:\/\/volcanes.net\/#website\",\"url\":\"https:\/\/volcanes.net\/\",\"name\":\"Volcanes.Net\",\"description\":\"Periodismo Profesional\",\"publisher\":{\"@id\":\"https:\/\/volcanes.net\/#organization\"},\"potentialAction\":[{\"@type\":\"SearchAction\",\"target\":{\"@type\":\"EntryPoint\",\"urlTemplate\":\"https:\/\/volcanes.net\/?s={search_term_string}\"},\"query-input\":{\"@type\":\"PropertyValueSpecification\",\"valueRequired\":true,\"valueName\":\"search_term_string\"}}],\"inLanguage\":\"es\"},{\"@type\":\"Organization\",\"@id\":\"https:\/\/volcanes.net\/#organization\",\"name\":\"Grupo Volcanes\",\"url\":\"https:\/\/volcanes.net\/\",\"logo\":{\"@type\":\"ImageObject\",\"inLanguage\":\"es\",\"@id\":\"https:\/\/volcanes.net\/#\/schema\/logo\/image\/\",\"url\":\"http:\/\/volcanes.net\/wp-content\/uploads\/2017\/12\/Avatar2.jpg\",\"contentUrl\":\"http:\/\/volcanes.net\/wp-content\/uploads\/2017\/12\/Avatar2.jpg\",\"width\":378,\"height\":378,\"caption\":\"Grupo Volcanes\"},\"image\":{\"@id\":\"https:\/\/volcanes.net\/#\/schema\/logo\/image\/\"},\"sameAs\":[\"https:\/\/www.facebook.com\/volcanes.net\/\"]},{\"@type\":\"Person\",\"@id\":\"https:\/\/volcanes.net\/#\/schema\/person\/4bf0f383940966a4abd53f5048c0e6b9\",\"name\":\"admin\",\"image\":{\"@type\":\"ImageObject\",\"inLanguage\":\"es\",\"@id\":\"https:\/\/volcanes.net\/#\/schema\/person\/image\/\",\"url\":\"https:\/\/secure.gravatar.com\/avatar\/ca004e6cba8462b8cb7abc86e382930c?s=96&d=mm&r=g\",\"contentUrl\":\"https:\/\/secure.gravatar.com\/avatar\/ca004e6cba8462b8cb7abc86e382930c?s=96&d=mm&r=g\",\"caption\":\"admin\"}}]}<\/script>\n<!-- \/ Yoast SEO plugin. -->","yoast_head_json":{"title":"Miguel \u00c1ngel Salom\u00f3n Cort\u00e9s contin\u00faa cerca de la ciudadan\u00eda - Volcanes","robots":{"index":"index","follow":"follow","max-snippet":"max-snippet:-1","max-image-preview":"max-image-preview:large","max-video-preview":"max-video-preview:-1"},"canonical":"https:\/\/volcanes.net\/?p=11408","og_locale":"es_MX","og_type":"article","og_title":"Miguel \u00c1ngel Salom\u00f3n Cort\u00e9s contin\u00faa cerca de la ciudadan\u00eda - Volcanes","og_description":"Amecameca, Estado de M\u00e9xico.- El candidato a la presidencia municipal de Amecameca, Miguel \u00c1ngel Salom\u00f3n","og_url":"https:\/\/volcanes.net\/?p=11408","og_site_name":"Volcanes","article_publisher":"https:\/\/www.facebook.com\/volcanes.net\/","article_published_time":"2021-05-22T21:55:17+00:00","og_image":[{"width":768,"height":530,"url":"https:\/\/volcanes.net\/wp-content\/uploads\/2021\/05\/WhatsApp-Image-2021-05-22-at-1.32.19-PM-768x530-1.jpeg","type":"image\/jpeg"}],"author":"admin","twitter_card":"summary_large_image","twitter_misc":{"Escrito por":"admin","Tiempo de lectura":"1 minuto"},"schema":{"@context":"https:\/\/schema.org","@graph":[{"@type":"Article","@id":"https:\/\/volcanes.net\/?p=11408#article","isPartOf":{"@id":"https:\/\/volcanes.net\/?p=11408"},"author":{"name":"admin","@id":"https:\/\/volcanes.net\/#\/schema\/person\/4bf0f383940966a4abd53f5048c0e6b9"},"headline":"Miguel \u00c1ngel Salom\u00f3n Cort\u00e9s contin\u00faa cerca de la ciudadan\u00eda","datePublished":"2021-05-22T21:55:17+00:00","mainEntityOfPage":{"@id":"https:\/\/volcanes.net\/?p=11408"},"wordCount":165,"commentCount":0,"publisher":{"@id":"https:\/\/volcanes.net\/#organization"},"image":{"@id":"https:\/\/volcanes.net\/?p=11408#primaryimage"},"thumbnailUrl":"https:\/\/volcanes.net\/wp-content\/uploads\/2021\/05\/WhatsApp-Image-2021-05-22-at-1.32.19-PM-768x530-1.jpeg","keywords":["Amecameca"],"articleSection":["Municipales"],"inLanguage":"es","potentialAction":[{"@type":"CommentAction","name":"Comment","target":["https:\/\/volcanes.net\/?p=11408#respond"]}]},{"@type":"WebPage","@id":"https:\/\/volcanes.net\/?p=11408","url":"https:\/\/volcanes.net\/?p=11408","name":"Miguel \u00c1ngel Salom\u00f3n Cort\u00e9s contin\u00faa cerca de la ciudadan\u00eda - Volcanes","isPartOf":{"@id":"https:\/\/volcanes.net\/#website"},"primaryImageOfPage":{"@id":"https:\/\/volcanes.net\/?p=11408#primaryimage"},"image":{"@id":"https:\/\/volcanes.net\/?p=11408#primaryimage"},"thumbnailUrl":"https:\/\/volcanes.net\/wp-content\/uploads\/2021\/05\/WhatsApp-Image-2021-05-22-at-1.32.19-PM-768x530-1.jpeg","datePublished":"2021-05-22T21:55:17+00:00","breadcrumb":{"@id":"https:\/\/volcanes.net\/?p=11408#breadcrumb"},"inLanguage":"es","potentialAction":[{"@type":"ReadAction","target":["https:\/\/volcanes.net\/?p=11408"]}]},{"@type":"ImageObject","inLanguage":"es","@id":"https:\/\/volcanes.net\/?p=11408#primaryimage","url":"https:\/\/volcanes.net\/wp-content\/uploads\/2021\/05\/WhatsApp-Image-2021-05-22-at-1.32.19-PM-768x530-1.jpeg","contentUrl":"https:\/\/volcanes.net\/wp-content\/uploads\/2021\/05\/WhatsApp-Image-2021-05-22-at-1.32.19-PM-768x530-1.jpeg","width":768,"height":530},{"@type":"BreadcrumbList","@id":"https:\/\/volcanes.net\/?p=11408#breadcrumb","itemListElement":[{"@type":"ListItem","position":1,"name":"Portada","item":"https:\/\/volcanes.net\/"},{"@type":"ListItem","position":2,"name":"Miguel \u00c1ngel Salom\u00f3n Cort\u00e9s contin\u00faa cerca de la ciudadan\u00eda"}]},{"@type":"WebSite","@id":"https:\/\/volcanes.net\/#website","url":"https:\/\/volcanes.net\/","name":"Volcanes.Net","description":"Periodismo Profesional","publisher":{"@id":"https:\/\/volcanes.net\/#organization"},"potentialAction":[{"@type":"SearchAction","target":{"@type":"EntryPoint","urlTemplate":"https:\/\/volcanes.net\/?s={search_term_string}"},"query-input":{"@type":"PropertyValueSpecification","valueRequired":true,"valueName":"search_term_string"}}],"inLanguage":"es"},{"@type":"Organization","@id":"https:\/\/volcanes.net\/#organization","name":"Grupo Volcanes","url":"https:\/\/volcanes.net\/","logo":{"@type":"ImageObject","inLanguage":"es","@id":"https:\/\/volcanes.net\/#\/schema\/logo\/image\/","url":"http:\/\/volcanes.net\/wp-content\/uploads\/2017\/12\/Avatar2.jpg","contentUrl":"http:\/\/volcanes.net\/wp-content\/uploads\/2017\/12\/Avatar2.jpg","width":378,"height":378,"caption":"Grupo Volcanes"},"image":{"@id":"https:\/\/volcanes.net\/#\/schema\/logo\/image\/"},"sameAs":["https:\/\/www.facebook.com\/volcanes.net\/"]},{"@type":"Person","@id":"https:\/\/volcanes.net\/#\/schema\/person\/4bf0f383940966a4abd53f5048c0e6b9","name":"admin","image":{"@type":"ImageObject","inLanguage":"es","@id":"https:\/\/volcanes.net\/#\/schema\/person\/image\/","url":"https:\/\/secure.gravatar.com\/avatar\/ca004e6cba8462b8cb7abc86e382930c?s=96&d=mm&r=g","contentUrl":"https:\/\/secure.gravatar.com\/avatar\/ca004e6cba8462b8cb7abc86e382930c?s=96&d=mm&r=g","caption":"admin"}}]}},"_links":{"self":[{"href":"https:\/\/volcanes.net\/index.php?rest_route=\/wp\/v2\/posts\/11408"}],"collection":[{"href":"https:\/\/volcanes.net\/index.php?rest_route=\/wp\/v2\/posts"}],"about":[{"href":"https:\/\/volcanes.net\/index.php?rest_route=\/wp\/v2\/types\/post"}],"author":[{"embeddable":true,"href":"https:\/\/volcanes.net\/index.php?rest_route=\/wp\/v2\/users\/1"}],"replies":[{"embeddable":true,"href":"https:\/\/volcanes.net\/index.php?rest_route=%2Fwp%2Fv2%2Fcomments&post=11408"}],"version-history":[{"count":1,"href":"https:\/\/volcanes.net\/index.php?rest_route=\/wp\/v2\/posts\/11408\/revisions"}],"predecessor-version":[{"id":11410,"href":"https:\/\/volcanes.net\/index.php?rest_route=\/wp\/v2\/posts\/11408\/revisions\/11410"}],"wp:featuredmedia":[{"embeddable":true,"href":"https:\/\/volcanes.net\/index.php?rest_route=\/wp\/v2\/media\/11409"}],"wp:attachment":[{"href":"https:\/\/volcanes.net\/index.php?rest_route=%2Fwp%2Fv2%2Fmedia&parent=11408"}],"wp:term":[{"taxonomy":"category","embeddable":true,"href":"https:\/\/volcanes.net\/index.php?rest_route=%2Fwp%2Fv2%2Fcategories&post=11408"},{"taxonomy":"post_tag","embeddable":true,"href":"https:\/\/volcanes.net\/index.php?rest_route=%2Fwp%2Fv2%2Ftags&post=11408"}],"curies":[{"name":"wp","href":"https:\/\/api.w.org\/{rel}","templated":true}]}}