{"id":11447,"date":"2021-05-25T14:34:54","date_gmt":"2021-05-25T20:34:54","guid":{"rendered":"http:\/\/volcanes.net\/?p=11447"},"modified":"2021-05-25T14:34:54","modified_gmt":"2021-05-25T20:34:54","slug":"el-candidato-miguel-gutierrez-morales-por-morena-en-chalco-sigue-sumando-sectores-sociales-a-su-proyecto","status":"publish","type":"post","link":"https:\/\/volcanes.net\/?p=11447","title":{"rendered":"El candidato Miguel Guti\u00e9rrez Morales por Morena en Chalco sigue sumando sectores sociales a su proyecto"},"content":{"rendered":"<div style=\"margin-top: 0px; margin-bottom: 0px;\" class=\"sharethis-inline-share-buttons\" ><\/div><p style=\"font-weight: 400; text-align: justify;\">Chalco, Estado de M\u00e9xico.- En los \u00faltimos d\u00edas Miguel Guti\u00e9rrez Morales, candidato de la coalici\u00f3n &#8220;Juntos Haremos Historia&#8221; ha venido sumando el \u00e1nimo y adhesi\u00f3n de diversos grupos sociales, en los cuales ha manifestado su agradecimiento a la confianza del proyecto de transformaci\u00f3n del municipio, donde tambi\u00e9n ha refrendado su trabajo y respuesta a todos los sectores sociales.<\/p>\n<p style=\"font-weight: 400; text-align: justify;\">Por lo anterior, han sido l\u00edderes del Partido de la Revoluci\u00f3n Democr\u00e1tica (PRD), maestros, abogados, trabajadores sindicalistas y l\u00edderes sociales los que se han sumado al proyecto del Morenista Guti\u00e9rrez Morales, pues adem\u00e1s avalan el trabajo realizado, por lo que conf\u00eda que el pr\u00f3ximo 6 de junio la poblaci\u00f3n habr\u00e1 de refrendar con su voto esa confianza de poder construir un mejor Chalco.<\/p>\n<p style=\"text-align: justify;\"><span style=\"font-weight: 400;\">De igual forma ha venido recorriendo los pueblos y colonias del municipio, donde ha recibido las peticiones de servicios y obras que requiere la ciudadan\u00eda y a la cual se compromete a realizar.<\/span><\/p>\n","protected":false},"excerpt":{"rendered":"<p>Chalco, Estado de M\u00e9xico.- En los \u00faltimos d\u00edas Miguel Guti\u00e9rrez Morales, candidato de la coalici\u00f3n<\/p>\n","protected":false},"author":1,"featured_media":11448,"comment_status":"open","ping_status":"open","sticky":false,"template":"","format":"standard","meta":{"footnotes":""},"categories":[1],"tags":[9],"class_list":["post-11447","post","type-post","status-publish","format-standard","has-post-thumbnail","hentry","category-municipales","tag-chalco"],"yoast_head":"<!-- This site is optimized with the Yoast SEO plugin v25.3 - https:\/\/yoast.com\/wordpress\/plugins\/seo\/ -->\n<title>El candidato Miguel Guti\u00e9rrez Morales por Morena en Chalco sigue sumando sectores sociales a su proyecto - Volcanes<\/title>\n<meta name=\"robots\" content=\"index, follow, max-snippet:-1, max-image-preview:large, max-video-preview:-1\" \/>\n<link rel=\"canonical\" href=\"https:\/\/volcanes.net\/?p=11447\" \/>\n<meta property=\"og:locale\" content=\"es_MX\" \/>\n<meta property=\"og:type\" content=\"article\" \/>\n<meta property=\"og:title\" content=\"El candidato Miguel Guti\u00e9rrez Morales por Morena en Chalco sigue sumando sectores sociales a su proyecto - Volcanes\" \/>\n<meta property=\"og:description\" content=\"Chalco, Estado de M\u00e9xico.- En los \u00faltimos d\u00edas Miguel Guti\u00e9rrez Morales, candidato de la coalici\u00f3n\" \/>\n<meta property=\"og:url\" content=\"https:\/\/volcanes.net\/?p=11447\" \/>\n<meta property=\"og:site_name\" content=\"Volcanes\" \/>\n<meta property=\"article:publisher\" content=\"https:\/\/www.facebook.com\/volcanes.net\/\" \/>\n<meta property=\"article:published_time\" content=\"2021-05-25T20:34:54+00:00\" \/>\n<meta property=\"og:image\" content=\"https:\/\/volcanes.net\/wp-content\/uploads\/2021\/05\/282131d0-7f7f-428e-82d3-092df0840b5f-1.jpg\" \/>\n\t<meta property=\"og:image:width\" content=\"768\" \/>\n\t<meta property=\"og:image:height\" content=\"355\" \/>\n\t<meta property=\"og:image:type\" content=\"image\/jpeg\" \/>\n<meta name=\"author\" content=\"admin\" \/>\n<meta name=\"twitter:card\" content=\"summary_large_image\" \/>\n<meta name=\"twitter:label1\" content=\"Escrito por\" \/>\n\t<meta name=\"twitter:data1\" content=\"admin\" \/>\n\t<meta name=\"twitter:label2\" content=\"Tiempo de lectura\" \/>\n\t<meta name=\"twitter:data2\" content=\"1 minuto\" \/>\n<script type=\"application\/ld+json\" class=\"yoast-schema-graph\">{\"@context\":\"https:\/\/schema.org\",\"@graph\":[{\"@type\":\"Article\",\"@id\":\"https:\/\/volcanes.net\/?p=11447#article\",\"isPartOf\":{\"@id\":\"https:\/\/volcanes.net\/?p=11447\"},\"author\":{\"name\":\"admin\",\"@id\":\"https:\/\/volcanes.net\/#\/schema\/person\/4bf0f383940966a4abd53f5048c0e6b9\"},\"headline\":\"El candidato Miguel Guti\u00e9rrez Morales por Morena en Chalco sigue sumando sectores sociales a su proyecto\",\"datePublished\":\"2021-05-25T20:34:54+00:00\",\"mainEntityOfPage\":{\"@id\":\"https:\/\/volcanes.net\/?p=11447\"},\"wordCount\":188,\"commentCount\":0,\"publisher\":{\"@id\":\"https:\/\/volcanes.net\/#organization\"},\"image\":{\"@id\":\"https:\/\/volcanes.net\/?p=11447#primaryimage\"},\"thumbnailUrl\":\"https:\/\/volcanes.net\/wp-content\/uploads\/2021\/05\/282131d0-7f7f-428e-82d3-092df0840b5f-1.jpg\",\"keywords\":[\"Chalco\"],\"articleSection\":[\"Municipales\"],\"inLanguage\":\"es\",\"potentialAction\":[{\"@type\":\"CommentAction\",\"name\":\"Comment\",\"target\":[\"https:\/\/volcanes.net\/?p=11447#respond\"]}]},{\"@type\":\"WebPage\",\"@id\":\"https:\/\/volcanes.net\/?p=11447\",\"url\":\"https:\/\/volcanes.net\/?p=11447\",\"name\":\"El candidato Miguel Guti\u00e9rrez Morales por Morena en Chalco sigue sumando sectores sociales a su proyecto - Volcanes\",\"isPartOf\":{\"@id\":\"https:\/\/volcanes.net\/#website\"},\"primaryImageOfPage\":{\"@id\":\"https:\/\/volcanes.net\/?p=11447#primaryimage\"},\"image\":{\"@id\":\"https:\/\/volcanes.net\/?p=11447#primaryimage\"},\"thumbnailUrl\":\"https:\/\/volcanes.net\/wp-content\/uploads\/2021\/05\/282131d0-7f7f-428e-82d3-092df0840b5f-1.jpg\",\"datePublished\":\"2021-05-25T20:34:54+00:00\",\"breadcrumb\":{\"@id\":\"https:\/\/volcanes.net\/?p=11447#breadcrumb\"},\"inLanguage\":\"es\",\"potentialAction\":[{\"@type\":\"ReadAction\",\"target\":[\"https:\/\/volcanes.net\/?p=11447\"]}]},{\"@type\":\"ImageObject\",\"inLanguage\":\"es\",\"@id\":\"https:\/\/volcanes.net\/?p=11447#primaryimage\",\"url\":\"https:\/\/volcanes.net\/wp-content\/uploads\/2021\/05\/282131d0-7f7f-428e-82d3-092df0840b5f-1.jpg\",\"contentUrl\":\"https:\/\/volcanes.net\/wp-content\/uploads\/2021\/05\/282131d0-7f7f-428e-82d3-092df0840b5f-1.jpg\",\"width\":768,\"height\":355},{\"@type\":\"BreadcrumbList\",\"@id\":\"https:\/\/volcanes.net\/?p=11447#breadcrumb\",\"itemListElement\":[{\"@type\":\"ListItem\",\"position\":1,\"name\":\"Portada\",\"item\":\"https:\/\/volcanes.net\/\"},{\"@type\":\"ListItem\",\"position\":2,\"name\":\"El candidato Miguel Guti\u00e9rrez Morales por Morena en Chalco sigue sumando sectores sociales a su proyecto\"}]},{\"@type\":\"WebSite\",\"@id\":\"https:\/\/volcanes.net\/#website\",\"url\":\"https:\/\/volcanes.net\/\",\"name\":\"Volcanes.Net\",\"description\":\"Periodismo Profesional\",\"publisher\":{\"@id\":\"https:\/\/volcanes.net\/#organization\"},\"potentialAction\":[{\"@type\":\"SearchAction\",\"target\":{\"@type\":\"EntryPoint\",\"urlTemplate\":\"https:\/\/volcanes.net\/?s={search_term_string}\"},\"query-input\":{\"@type\":\"PropertyValueSpecification\",\"valueRequired\":true,\"valueName\":\"search_term_string\"}}],\"inLanguage\":\"es\"},{\"@type\":\"Organization\",\"@id\":\"https:\/\/volcanes.net\/#organization\",\"name\":\"Grupo Volcanes\",\"url\":\"https:\/\/volcanes.net\/\",\"logo\":{\"@type\":\"ImageObject\",\"inLanguage\":\"es\",\"@id\":\"https:\/\/volcanes.net\/#\/schema\/logo\/image\/\",\"url\":\"http:\/\/volcanes.net\/wp-content\/uploads\/2017\/12\/Avatar2.jpg\",\"contentUrl\":\"http:\/\/volcanes.net\/wp-content\/uploads\/2017\/12\/Avatar2.jpg\",\"width\":378,\"height\":378,\"caption\":\"Grupo Volcanes\"},\"image\":{\"@id\":\"https:\/\/volcanes.net\/#\/schema\/logo\/image\/\"},\"sameAs\":[\"https:\/\/www.facebook.com\/volcanes.net\/\"]},{\"@type\":\"Person\",\"@id\":\"https:\/\/volcanes.net\/#\/schema\/person\/4bf0f383940966a4abd53f5048c0e6b9\",\"name\":\"admin\",\"image\":{\"@type\":\"ImageObject\",\"inLanguage\":\"es\",\"@id\":\"https:\/\/volcanes.net\/#\/schema\/person\/image\/\",\"url\":\"https:\/\/secure.gravatar.com\/avatar\/ca004e6cba8462b8cb7abc86e382930c?s=96&d=mm&r=g\",\"contentUrl\":\"https:\/\/secure.gravatar.com\/avatar\/ca004e6cba8462b8cb7abc86e382930c?s=96&d=mm&r=g\",\"caption\":\"admin\"}}]}<\/script>\n<!-- \/ Yoast SEO plugin. -->","yoast_head_json":{"title":"El candidato Miguel Guti\u00e9rrez Morales por Morena en Chalco sigue sumando sectores sociales a su proyecto - Volcanes","robots":{"index":"index","follow":"follow","max-snippet":"max-snippet:-1","max-image-preview":"max-image-preview:large","max-video-preview":"max-video-preview:-1"},"canonical":"https:\/\/volcanes.net\/?p=11447","og_locale":"es_MX","og_type":"article","og_title":"El candidato Miguel Guti\u00e9rrez Morales por Morena en Chalco sigue sumando sectores sociales a su proyecto - Volcanes","og_description":"Chalco, Estado de M\u00e9xico.- En los \u00faltimos d\u00edas Miguel Guti\u00e9rrez Morales, candidato de la coalici\u00f3n","og_url":"https:\/\/volcanes.net\/?p=11447","og_site_name":"Volcanes","article_publisher":"https:\/\/www.facebook.com\/volcanes.net\/","article_published_time":"2021-05-25T20:34:54+00:00","og_image":[{"width":768,"height":355,"url":"https:\/\/volcanes.net\/wp-content\/uploads\/2021\/05\/282131d0-7f7f-428e-82d3-092df0840b5f-1.jpg","type":"image\/jpeg"}],"author":"admin","twitter_card":"summary_large_image","twitter_misc":{"Escrito por":"admin","Tiempo de lectura":"1 minuto"},"schema":{"@context":"https:\/\/schema.org","@graph":[{"@type":"Article","@id":"https:\/\/volcanes.net\/?p=11447#article","isPartOf":{"@id":"https:\/\/volcanes.net\/?p=11447"},"author":{"name":"admin","@id":"https:\/\/volcanes.net\/#\/schema\/person\/4bf0f383940966a4abd53f5048c0e6b9"},"headline":"El candidato Miguel Guti\u00e9rrez Morales por Morena en Chalco sigue sumando sectores sociales a su proyecto","datePublished":"2021-05-25T20:34:54+00:00","mainEntityOfPage":{"@id":"https:\/\/volcanes.net\/?p=11447"},"wordCount":188,"commentCount":0,"publisher":{"@id":"https:\/\/volcanes.net\/#organization"},"image":{"@id":"https:\/\/volcanes.net\/?p=11447#primaryimage"},"thumbnailUrl":"https:\/\/volcanes.net\/wp-content\/uploads\/2021\/05\/282131d0-7f7f-428e-82d3-092df0840b5f-1.jpg","keywords":["Chalco"],"articleSection":["Municipales"],"inLanguage":"es","potentialAction":[{"@type":"CommentAction","name":"Comment","target":["https:\/\/volcanes.net\/?p=11447#respond"]}]},{"@type":"WebPage","@id":"https:\/\/volcanes.net\/?p=11447","url":"https:\/\/volcanes.net\/?p=11447","name":"El candidato Miguel Guti\u00e9rrez Morales por Morena en Chalco sigue sumando sectores sociales a su proyecto - Volcanes","isPartOf":{"@id":"https:\/\/volcanes.net\/#website"},"primaryImageOfPage":{"@id":"https:\/\/volcanes.net\/?p=11447#primaryimage"},"image":{"@id":"https:\/\/volcanes.net\/?p=11447#primaryimage"},"thumbnailUrl":"https:\/\/volcanes.net\/wp-content\/uploads\/2021\/05\/282131d0-7f7f-428e-82d3-092df0840b5f-1.jpg","datePublished":"2021-05-25T20:34:54+00:00","breadcrumb":{"@id":"https:\/\/volcanes.net\/?p=11447#breadcrumb"},"inLanguage":"es","potentialAction":[{"@type":"ReadAction","target":["https:\/\/volcanes.net\/?p=11447"]}]},{"@type":"ImageObject","inLanguage":"es","@id":"https:\/\/volcanes.net\/?p=11447#primaryimage","url":"https:\/\/volcanes.net\/wp-content\/uploads\/2021\/05\/282131d0-7f7f-428e-82d3-092df0840b5f-1.jpg","contentUrl":"https:\/\/volcanes.net\/wp-content\/uploads\/2021\/05\/282131d0-7f7f-428e-82d3-092df0840b5f-1.jpg","width":768,"height":355},{"@type":"BreadcrumbList","@id":"https:\/\/volcanes.net\/?p=11447#breadcrumb","itemListElement":[{"@type":"ListItem","position":1,"name":"Portada","item":"https:\/\/volcanes.net\/"},{"@type":"ListItem","position":2,"name":"El candidato Miguel Guti\u00e9rrez Morales por Morena en Chalco sigue sumando sectores sociales a su proyecto"}]},{"@type":"WebSite","@id":"https:\/\/volcanes.net\/#website","url":"https:\/\/volcanes.net\/","name":"Volcanes.Net","description":"Periodismo Profesional","publisher":{"@id":"https:\/\/volcanes.net\/#organization"},"potentialAction":[{"@type":"SearchAction","target":{"@type":"EntryPoint","urlTemplate":"https:\/\/volcanes.net\/?s={search_term_string}"},"query-input":{"@type":"PropertyValueSpecification","valueRequired":true,"valueName":"search_term_string"}}],"inLanguage":"es"},{"@type":"Organization","@id":"https:\/\/volcanes.net\/#organization","name":"Grupo Volcanes","url":"https:\/\/volcanes.net\/","logo":{"@type":"ImageObject","inLanguage":"es","@id":"https:\/\/volcanes.net\/#\/schema\/logo\/image\/","url":"http:\/\/volcanes.net\/wp-content\/uploads\/2017\/12\/Avatar2.jpg","contentUrl":"http:\/\/volcanes.net\/wp-content\/uploads\/2017\/12\/Avatar2.jpg","width":378,"height":378,"caption":"Grupo Volcanes"},"image":{"@id":"https:\/\/volcanes.net\/#\/schema\/logo\/image\/"},"sameAs":["https:\/\/www.facebook.com\/volcanes.net\/"]},{"@type":"Person","@id":"https:\/\/volcanes.net\/#\/schema\/person\/4bf0f383940966a4abd53f5048c0e6b9","name":"admin","image":{"@type":"ImageObject","inLanguage":"es","@id":"https:\/\/volcanes.net\/#\/schema\/person\/image\/","url":"https:\/\/secure.gravatar.com\/avatar\/ca004e6cba8462b8cb7abc86e382930c?s=96&d=mm&r=g","contentUrl":"https:\/\/secure.gravatar.com\/avatar\/ca004e6cba8462b8cb7abc86e382930c?s=96&d=mm&r=g","caption":"admin"}}]}},"_links":{"self":[{"href":"https:\/\/volcanes.net\/index.php?rest_route=\/wp\/v2\/posts\/11447"}],"collection":[{"href":"https:\/\/volcanes.net\/index.php?rest_route=\/wp\/v2\/posts"}],"about":[{"href":"https:\/\/volcanes.net\/index.php?rest_route=\/wp\/v2\/types\/post"}],"author":[{"embeddable":true,"href":"https:\/\/volcanes.net\/index.php?rest_route=\/wp\/v2\/users\/1"}],"replies":[{"embeddable":true,"href":"https:\/\/volcanes.net\/index.php?rest_route=%2Fwp%2Fv2%2Fcomments&post=11447"}],"version-history":[{"count":1,"href":"https:\/\/volcanes.net\/index.php?rest_route=\/wp\/v2\/posts\/11447\/revisions"}],"predecessor-version":[{"id":11449,"href":"https:\/\/volcanes.net\/index.php?rest_route=\/wp\/v2\/posts\/11447\/revisions\/11449"}],"wp:featuredmedia":[{"embeddable":true,"href":"https:\/\/volcanes.net\/index.php?rest_route=\/wp\/v2\/media\/11448"}],"wp:attachment":[{"href":"https:\/\/volcanes.net\/index.php?rest_route=%2Fwp%2Fv2%2Fmedia&parent=11447"}],"wp:term":[{"taxonomy":"category","embeddable":true,"href":"https:\/\/volcanes.net\/index.php?rest_route=%2Fwp%2Fv2%2Fcategories&post=11447"},{"taxonomy":"post_tag","embeddable":true,"href":"https:\/\/volcanes.net\/index.php?rest_route=%2Fwp%2Fv2%2Ftags&post=11447"}],"curies":[{"name":"wp","href":"https:\/\/api.w.org\/{rel}","templated":true}]}}