{"id":1148,"date":"2018-02-15T00:30:08","date_gmt":"2018-02-15T00:30:08","guid":{"rendered":"http:\/\/volcanes.net\/?p=1148"},"modified":"2018-02-15T00:30:08","modified_gmt":"2018-02-15T00:30:08","slug":"inculca-partido-verde-educacion-ecologista-en-estudiantes-jair-garduno","status":"publish","type":"post","link":"https:\/\/volcanes.net\/?p=1148","title":{"rendered":"Inculca Partido Verde Educaci\u00f3n Ecologista en Estudiantes: Jair Gardu\u00f1o"},"content":{"rendered":"<div style=\"margin-top: 0px; margin-bottom: 0px;\" class=\"sharethis-inline-share-buttons\" ><\/div><p>La educaci\u00f3n b\u00e1sica resulta fundamental en la formaci\u00f3n de ciudadan\u00eda, por lo que el Partido Verde Ecologista de M\u00e9xico (PVEM) inculca acciones ambientalistas entre el estudiantado del sistema escolarizado p\u00fablico y privado, inform\u00f3 Jair Gardu\u00f1o Montalvo, Coordinador verdeecologista del Distrito XXXV, que comprende los municipios de Metepec, Mexicaltzingo, Chapultepec y San Mateo Atenco.<\/p>\n<p>El tambi\u00e9n Primer Regidor de Metepec, explic\u00f3 que la dirigencia estatal del PVEM, encabezada por el diputado federal Jos\u00e9 Alberto Couttolenc Buentello, desarrolla un intenso programa de educaci\u00f3n ecologista en las escuelas p\u00fablicas y privadas de los 125 municipios del Estado de M\u00e9xico, con lo que se est\u00e1 dise\u00f1ando, en los hechos, un ambiente saludable para las familias mexiquenses y mejor calidad de vida para sus integrantes.<\/p>\n<p>Al t\u00e9rmino de su participaci\u00f3n en los \u201cJuegos de la Amistad Aristos 2018\u201d, plantel de excelencia educativa en el municipio de Metepec, que cont\u00f3 con la participaci\u00f3n de directivos, docentes, padres de familia, y m\u00e1s de mil 800 alumnos de diferentes instituciones educativas p\u00fablicas y privadas, el edil metepequense reconoci\u00f3 la calidad educativa que la maestra Elena Lino ha establecido en este colegio sede del evento deportivo anual.<\/p>\n<p>Jair Gardu\u00f1o explic\u00f3 que los primeros a\u00f1os de escolaridad son determinantes en la formaci\u00f3n de las personas, de ah\u00ed la importancia de inculcarles una educaci\u00f3n sobre el cuidado del medio ambiente, pero m\u00e1s all\u00e1 del marco te\u00f3rico, con acciones que los involucran directamente en la preservaci\u00f3n de nuestro ecosistema, como la siembra de \u00e1rboles, el cuidado de las especies vegetales y animales, el saneamiento del entorno natural, el tratamiento adecuado de la basura, y el cuidado de la salud personal, grupal y familiar.<\/p>\n<p>El Primer Regidor verdeecologista de Metepec, asegur\u00f3 que los planteles educativos de los 125 municipios mexiquenses se han sumado con un gran entusiasmo a esta gran cruzada educativa por la formaci\u00f3n ambientalista de los estudiantes, en virtud de que les genera una gran conciencia sobre el cuidado de nuestros recursos naturales.<\/p>\n<p>Una acci\u00f3n paralela esencial para el cuidado de la vida y la salud, que promueve el PVEM entre el estudiantado, es el deporte, precis\u00f3 Jair Gardu\u00f1o.<\/p>\n","protected":false},"excerpt":{"rendered":"<p>La educaci\u00f3n b\u00e1sica resulta fundamental en la formaci\u00f3n de ciudadan\u00eda, por lo que el Partido<\/p>\n","protected":false},"author":1,"featured_media":1133,"comment_status":"open","ping_status":"open","sticky":false,"template":"","format":"standard","meta":{"footnotes":""},"categories":[1],"tags":[124,32,123,125,41],"class_list":["post-1148","post","type-post","status-publish","format-standard","has-post-thumbnail","hentry","category-municipales","tag-chapultepec","tag-metepec","tag-mexicaltzingo","tag-san-mateo-atenco","tag-toluca"],"yoast_head":"<!-- This site is optimized with the Yoast SEO plugin v25.3 - https:\/\/yoast.com\/wordpress\/plugins\/seo\/ -->\n<title>Inculca Partido Verde Educaci\u00f3n Ecologista en Estudiantes: Jair Gardu\u00f1o - Volcanes<\/title>\n<meta name=\"robots\" content=\"index, follow, max-snippet:-1, max-image-preview:large, max-video-preview:-1\" \/>\n<link rel=\"canonical\" href=\"https:\/\/volcanes.net\/?p=1148\" \/>\n<meta property=\"og:locale\" content=\"es_MX\" \/>\n<meta property=\"og:type\" content=\"article\" \/>\n<meta property=\"og:title\" content=\"Inculca Partido Verde Educaci\u00f3n Ecologista en Estudiantes: Jair Gardu\u00f1o - Volcanes\" \/>\n<meta property=\"og:description\" content=\"La educaci\u00f3n b\u00e1sica resulta fundamental en la formaci\u00f3n de ciudadan\u00eda, por lo que el Partido\" \/>\n<meta property=\"og:url\" content=\"https:\/\/volcanes.net\/?p=1148\" \/>\n<meta property=\"og:site_name\" content=\"Volcanes\" \/>\n<meta property=\"article:publisher\" content=\"https:\/\/www.facebook.com\/volcanes.net\/\" \/>\n<meta property=\"article:published_time\" content=\"2018-02-15T00:30:08+00:00\" \/>\n<meta property=\"og:image\" content=\"https:\/\/volcanes.net\/wp-content\/uploads\/2018\/02\/jair-garduc3b1o2.jpg\" \/>\n\t<meta property=\"og:image:width\" content=\"400\" \/>\n\t<meta property=\"og:image:height\" content=\"200\" \/>\n\t<meta property=\"og:image:type\" content=\"image\/jpeg\" \/>\n<meta name=\"author\" content=\"admin\" \/>\n<meta name=\"twitter:card\" content=\"summary_large_image\" \/>\n<meta name=\"twitter:label1\" content=\"Escrito por\" \/>\n\t<meta name=\"twitter:data1\" content=\"admin\" \/>\n\t<meta name=\"twitter:label2\" content=\"Tiempo de lectura\" \/>\n\t<meta name=\"twitter:data2\" content=\"2 minutos\" \/>\n<script type=\"application\/ld+json\" class=\"yoast-schema-graph\">{\"@context\":\"https:\/\/schema.org\",\"@graph\":[{\"@type\":\"Article\",\"@id\":\"https:\/\/volcanes.net\/?p=1148#article\",\"isPartOf\":{\"@id\":\"https:\/\/volcanes.net\/?p=1148\"},\"author\":{\"name\":\"admin\",\"@id\":\"https:\/\/volcanes.net\/#\/schema\/person\/4bf0f383940966a4abd53f5048c0e6b9\"},\"headline\":\"Inculca Partido Verde Educaci\u00f3n Ecologista en Estudiantes: Jair Gardu\u00f1o\",\"datePublished\":\"2018-02-15T00:30:08+00:00\",\"mainEntityOfPage\":{\"@id\":\"https:\/\/volcanes.net\/?p=1148\"},\"wordCount\":382,\"commentCount\":0,\"publisher\":{\"@id\":\"https:\/\/volcanes.net\/#organization\"},\"image\":{\"@id\":\"https:\/\/volcanes.net\/?p=1148#primaryimage\"},\"thumbnailUrl\":\"https:\/\/volcanes.net\/wp-content\/uploads\/2018\/02\/jair-garduc3b1o2.jpg\",\"keywords\":[\"Chapultepec\",\"Metepec\",\"Mexicaltzingo\",\"San Mateo Atenco\",\"Toluca\"],\"articleSection\":[\"Municipales\"],\"inLanguage\":\"es\",\"potentialAction\":[{\"@type\":\"CommentAction\",\"name\":\"Comment\",\"target\":[\"https:\/\/volcanes.net\/?p=1148#respond\"]}]},{\"@type\":\"WebPage\",\"@id\":\"https:\/\/volcanes.net\/?p=1148\",\"url\":\"https:\/\/volcanes.net\/?p=1148\",\"name\":\"Inculca Partido Verde Educaci\u00f3n Ecologista en Estudiantes: Jair Gardu\u00f1o - Volcanes\",\"isPartOf\":{\"@id\":\"https:\/\/volcanes.net\/#website\"},\"primaryImageOfPage\":{\"@id\":\"https:\/\/volcanes.net\/?p=1148#primaryimage\"},\"image\":{\"@id\":\"https:\/\/volcanes.net\/?p=1148#primaryimage\"},\"thumbnailUrl\":\"https:\/\/volcanes.net\/wp-content\/uploads\/2018\/02\/jair-garduc3b1o2.jpg\",\"datePublished\":\"2018-02-15T00:30:08+00:00\",\"breadcrumb\":{\"@id\":\"https:\/\/volcanes.net\/?p=1148#breadcrumb\"},\"inLanguage\":\"es\",\"potentialAction\":[{\"@type\":\"ReadAction\",\"target\":[\"https:\/\/volcanes.net\/?p=1148\"]}]},{\"@type\":\"ImageObject\",\"inLanguage\":\"es\",\"@id\":\"https:\/\/volcanes.net\/?p=1148#primaryimage\",\"url\":\"https:\/\/volcanes.net\/wp-content\/uploads\/2018\/02\/jair-garduc3b1o2.jpg\",\"contentUrl\":\"https:\/\/volcanes.net\/wp-content\/uploads\/2018\/02\/jair-garduc3b1o2.jpg\",\"width\":400,\"height\":200},{\"@type\":\"BreadcrumbList\",\"@id\":\"https:\/\/volcanes.net\/?p=1148#breadcrumb\",\"itemListElement\":[{\"@type\":\"ListItem\",\"position\":1,\"name\":\"Portada\",\"item\":\"https:\/\/volcanes.net\/\"},{\"@type\":\"ListItem\",\"position\":2,\"name\":\"Inculca Partido Verde Educaci\u00f3n Ecologista en Estudiantes: Jair Gardu\u00f1o\"}]},{\"@type\":\"WebSite\",\"@id\":\"https:\/\/volcanes.net\/#website\",\"url\":\"https:\/\/volcanes.net\/\",\"name\":\"Volcanes.Net\",\"description\":\"Periodismo Profesional\",\"publisher\":{\"@id\":\"https:\/\/volcanes.net\/#organization\"},\"potentialAction\":[{\"@type\":\"SearchAction\",\"target\":{\"@type\":\"EntryPoint\",\"urlTemplate\":\"https:\/\/volcanes.net\/?s={search_term_string}\"},\"query-input\":{\"@type\":\"PropertyValueSpecification\",\"valueRequired\":true,\"valueName\":\"search_term_string\"}}],\"inLanguage\":\"es\"},{\"@type\":\"Organization\",\"@id\":\"https:\/\/volcanes.net\/#organization\",\"name\":\"Grupo Volcanes\",\"url\":\"https:\/\/volcanes.net\/\",\"logo\":{\"@type\":\"ImageObject\",\"inLanguage\":\"es\",\"@id\":\"https:\/\/volcanes.net\/#\/schema\/logo\/image\/\",\"url\":\"http:\/\/volcanes.net\/wp-content\/uploads\/2017\/12\/Avatar2.jpg\",\"contentUrl\":\"http:\/\/volcanes.net\/wp-content\/uploads\/2017\/12\/Avatar2.jpg\",\"width\":378,\"height\":378,\"caption\":\"Grupo Volcanes\"},\"image\":{\"@id\":\"https:\/\/volcanes.net\/#\/schema\/logo\/image\/\"},\"sameAs\":[\"https:\/\/www.facebook.com\/volcanes.net\/\"]},{\"@type\":\"Person\",\"@id\":\"https:\/\/volcanes.net\/#\/schema\/person\/4bf0f383940966a4abd53f5048c0e6b9\",\"name\":\"admin\",\"image\":{\"@type\":\"ImageObject\",\"inLanguage\":\"es\",\"@id\":\"https:\/\/volcanes.net\/#\/schema\/person\/image\/\",\"url\":\"https:\/\/secure.gravatar.com\/avatar\/ca004e6cba8462b8cb7abc86e382930c?s=96&d=mm&r=g\",\"contentUrl\":\"https:\/\/secure.gravatar.com\/avatar\/ca004e6cba8462b8cb7abc86e382930c?s=96&d=mm&r=g\",\"caption\":\"admin\"}}]}<\/script>\n<!-- \/ Yoast SEO plugin. -->","yoast_head_json":{"title":"Inculca Partido Verde Educaci\u00f3n Ecologista en Estudiantes: Jair Gardu\u00f1o - Volcanes","robots":{"index":"index","follow":"follow","max-snippet":"max-snippet:-1","max-image-preview":"max-image-preview:large","max-video-preview":"max-video-preview:-1"},"canonical":"https:\/\/volcanes.net\/?p=1148","og_locale":"es_MX","og_type":"article","og_title":"Inculca Partido Verde Educaci\u00f3n Ecologista en Estudiantes: Jair Gardu\u00f1o - Volcanes","og_description":"La educaci\u00f3n b\u00e1sica resulta fundamental en la formaci\u00f3n de ciudadan\u00eda, por lo que el Partido","og_url":"https:\/\/volcanes.net\/?p=1148","og_site_name":"Volcanes","article_publisher":"https:\/\/www.facebook.com\/volcanes.net\/","article_published_time":"2018-02-15T00:30:08+00:00","og_image":[{"width":400,"height":200,"url":"https:\/\/volcanes.net\/wp-content\/uploads\/2018\/02\/jair-garduc3b1o2.jpg","type":"image\/jpeg"}],"author":"admin","twitter_card":"summary_large_image","twitter_misc":{"Escrito por":"admin","Tiempo de lectura":"2 minutos"},"schema":{"@context":"https:\/\/schema.org","@graph":[{"@type":"Article","@id":"https:\/\/volcanes.net\/?p=1148#article","isPartOf":{"@id":"https:\/\/volcanes.net\/?p=1148"},"author":{"name":"admin","@id":"https:\/\/volcanes.net\/#\/schema\/person\/4bf0f383940966a4abd53f5048c0e6b9"},"headline":"Inculca Partido Verde Educaci\u00f3n Ecologista en Estudiantes: Jair Gardu\u00f1o","datePublished":"2018-02-15T00:30:08+00:00","mainEntityOfPage":{"@id":"https:\/\/volcanes.net\/?p=1148"},"wordCount":382,"commentCount":0,"publisher":{"@id":"https:\/\/volcanes.net\/#organization"},"image":{"@id":"https:\/\/volcanes.net\/?p=1148#primaryimage"},"thumbnailUrl":"https:\/\/volcanes.net\/wp-content\/uploads\/2018\/02\/jair-garduc3b1o2.jpg","keywords":["Chapultepec","Metepec","Mexicaltzingo","San Mateo Atenco","Toluca"],"articleSection":["Municipales"],"inLanguage":"es","potentialAction":[{"@type":"CommentAction","name":"Comment","target":["https:\/\/volcanes.net\/?p=1148#respond"]}]},{"@type":"WebPage","@id":"https:\/\/volcanes.net\/?p=1148","url":"https:\/\/volcanes.net\/?p=1148","name":"Inculca Partido Verde Educaci\u00f3n Ecologista en Estudiantes: Jair Gardu\u00f1o - Volcanes","isPartOf":{"@id":"https:\/\/volcanes.net\/#website"},"primaryImageOfPage":{"@id":"https:\/\/volcanes.net\/?p=1148#primaryimage"},"image":{"@id":"https:\/\/volcanes.net\/?p=1148#primaryimage"},"thumbnailUrl":"https:\/\/volcanes.net\/wp-content\/uploads\/2018\/02\/jair-garduc3b1o2.jpg","datePublished":"2018-02-15T00:30:08+00:00","breadcrumb":{"@id":"https:\/\/volcanes.net\/?p=1148#breadcrumb"},"inLanguage":"es","potentialAction":[{"@type":"ReadAction","target":["https:\/\/volcanes.net\/?p=1148"]}]},{"@type":"ImageObject","inLanguage":"es","@id":"https:\/\/volcanes.net\/?p=1148#primaryimage","url":"https:\/\/volcanes.net\/wp-content\/uploads\/2018\/02\/jair-garduc3b1o2.jpg","contentUrl":"https:\/\/volcanes.net\/wp-content\/uploads\/2018\/02\/jair-garduc3b1o2.jpg","width":400,"height":200},{"@type":"BreadcrumbList","@id":"https:\/\/volcanes.net\/?p=1148#breadcrumb","itemListElement":[{"@type":"ListItem","position":1,"name":"Portada","item":"https:\/\/volcanes.net\/"},{"@type":"ListItem","position":2,"name":"Inculca Partido Verde Educaci\u00f3n Ecologista en Estudiantes: Jair Gardu\u00f1o"}]},{"@type":"WebSite","@id":"https:\/\/volcanes.net\/#website","url":"https:\/\/volcanes.net\/","name":"Volcanes.Net","description":"Periodismo Profesional","publisher":{"@id":"https:\/\/volcanes.net\/#organization"},"potentialAction":[{"@type":"SearchAction","target":{"@type":"EntryPoint","urlTemplate":"https:\/\/volcanes.net\/?s={search_term_string}"},"query-input":{"@type":"PropertyValueSpecification","valueRequired":true,"valueName":"search_term_string"}}],"inLanguage":"es"},{"@type":"Organization","@id":"https:\/\/volcanes.net\/#organization","name":"Grupo Volcanes","url":"https:\/\/volcanes.net\/","logo":{"@type":"ImageObject","inLanguage":"es","@id":"https:\/\/volcanes.net\/#\/schema\/logo\/image\/","url":"http:\/\/volcanes.net\/wp-content\/uploads\/2017\/12\/Avatar2.jpg","contentUrl":"http:\/\/volcanes.net\/wp-content\/uploads\/2017\/12\/Avatar2.jpg","width":378,"height":378,"caption":"Grupo Volcanes"},"image":{"@id":"https:\/\/volcanes.net\/#\/schema\/logo\/image\/"},"sameAs":["https:\/\/www.facebook.com\/volcanes.net\/"]},{"@type":"Person","@id":"https:\/\/volcanes.net\/#\/schema\/person\/4bf0f383940966a4abd53f5048c0e6b9","name":"admin","image":{"@type":"ImageObject","inLanguage":"es","@id":"https:\/\/volcanes.net\/#\/schema\/person\/image\/","url":"https:\/\/secure.gravatar.com\/avatar\/ca004e6cba8462b8cb7abc86e382930c?s=96&d=mm&r=g","contentUrl":"https:\/\/secure.gravatar.com\/avatar\/ca004e6cba8462b8cb7abc86e382930c?s=96&d=mm&r=g","caption":"admin"}}]}},"_links":{"self":[{"href":"https:\/\/volcanes.net\/index.php?rest_route=\/wp\/v2\/posts\/1148"}],"collection":[{"href":"https:\/\/volcanes.net\/index.php?rest_route=\/wp\/v2\/posts"}],"about":[{"href":"https:\/\/volcanes.net\/index.php?rest_route=\/wp\/v2\/types\/post"}],"author":[{"embeddable":true,"href":"https:\/\/volcanes.net\/index.php?rest_route=\/wp\/v2\/users\/1"}],"replies":[{"embeddable":true,"href":"https:\/\/volcanes.net\/index.php?rest_route=%2Fwp%2Fv2%2Fcomments&post=1148"}],"version-history":[{"count":1,"href":"https:\/\/volcanes.net\/index.php?rest_route=\/wp\/v2\/posts\/1148\/revisions"}],"predecessor-version":[{"id":1149,"href":"https:\/\/volcanes.net\/index.php?rest_route=\/wp\/v2\/posts\/1148\/revisions\/1149"}],"wp:featuredmedia":[{"embeddable":true,"href":"https:\/\/volcanes.net\/index.php?rest_route=\/wp\/v2\/media\/1133"}],"wp:attachment":[{"href":"https:\/\/volcanes.net\/index.php?rest_route=%2Fwp%2Fv2%2Fmedia&parent=1148"}],"wp:term":[{"taxonomy":"category","embeddable":true,"href":"https:\/\/volcanes.net\/index.php?rest_route=%2Fwp%2Fv2%2Fcategories&post=1148"},{"taxonomy":"post_tag","embeddable":true,"href":"https:\/\/volcanes.net\/index.php?rest_route=%2Fwp%2Fv2%2Ftags&post=1148"}],"curies":[{"name":"wp","href":"https:\/\/api.w.org\/{rel}","templated":true}]}}