{"id":1154,"date":"2018-02-15T00:35:30","date_gmt":"2018-02-15T00:35:30","guid":{"rendered":"http:\/\/volcanes.net\/?p=1154"},"modified":"2018-02-15T00:35:30","modified_gmt":"2018-02-15T00:35:30","slug":"actualizacion-de-tarifas-del-isr-favorecera-a-trabajadores","status":"publish","type":"post","link":"https:\/\/volcanes.net\/?p=1154","title":{"rendered":"Actualizaci\u00f3n de tarifas del ISR favorecer\u00e1 a trabajadores"},"content":{"rendered":"<div style=\"margin-top: 0px; margin-bottom: 0px;\" class=\"sharethis-inline-share-buttons\" ><\/div><p>La Confederaci\u00f3n Patronal de la Rep\u00fablica Mexicana (Coparmex) celebr\u00f3 las medidas instrumentadas por la Secretar\u00eda de Hacienda y Cr\u00e9dito P\u00fablico (SHCP) para actualizar la tarifa del Impuesto sobre la Renta (ISR) de los trabajadores.<\/p>\n<p>Lo anterior, destac\u00f3 el organismo a trav\u00e9s de un comunicado, a efecto de que el ISR no se elevara por efectos inflacionarios, lo cual contribuir\u00e1 a mejorar el flujo de la percepci\u00f3n mensual de los asalariados, fortaleciendo su poder adquisitivo.<\/p>\n<p>\u201cCoparmex ha sido uno de los principales impulsores de esta reducci\u00f3n de impuestos, a trav\u00e9s de diferentes encuentros en mesas de trabajo con autoridades de la SHCP, e incluso reuniones con legisladores en el Congreso de la Uni\u00f3n\u201d.<\/p>\n<p>Por ello, a\u00f1adi\u00f3, el sector patronal se congratula de que el gobierno retomara esta petici\u00f3n, ya que constituye un buen ejemplo de los cambios que pueden hacerse, y de all\u00ed la importancia de\u00a0 mantener un dialogo constructivo para implementar mejoras al sistema tributario.<\/p>\n<p>Record\u00f3 que la \u00faltima ocasi\u00f3n en la que dichas tarifas fueron actualizadas fue en diciembre de 2009, por lo que tan s\u00f3lo a diciembre de 2016, la inflaci\u00f3n acumulada fue superior al 28 por ciento.<\/p>\n<p>La nueva Ley del Impuesto Sobre la Renta, que entr\u00f3 en vigor el 1 de enero del 2014, establece que cuando la inflaci\u00f3n acumulada\u00a0supere un 10 por ciento de inflaci\u00f3n, se debe proceder a la actualizaci\u00f3n de las tarifas del ISR.<\/p>\n<p>La actualizaci\u00f3n de las tarifas del Impuesto sobre la Renta vigente a partir del ejercicio fiscal 2018, en los hechos, implican para los trabajadores una disminuci\u00f3n efectiva en el pago de impuestos.<\/p>\n<p>Los mayores beneficios se observan entre los que ganan de 2.0 a 4.5 salarios m\u00ednimos, con porcentajes de reducci\u00f3n que van del 9.05 por ciento al 12.04 por ciento, con respecto de la tarifa del ISR de 2017.<\/p>\n<p>De esta manera, Coparmex refrend\u00f3 su compromiso de explorar mecanismos para mejorar el poder adquisitivo de los trabajadores, como lo plantea su iniciativa por una Nueva Cultura Salarial, con objetivos precisos de largo plazo.<\/p>\n<p>De la misma manera, detall\u00f3 que seguir\u00e1 trabajando con diferentes actores hasta lograr una revisi\u00f3n integral del marco tributario por parte del Congreso de la Uni\u00f3n, con miras a construir un nuevo sistema fiscal m\u00e1s competitivo a partir de 2019.<\/p>\n<p>\u201cReiteramos el llamado para que en el corto plazo pueda implementarse un paquete de est\u00edmulos fiscales en materia de deducci\u00f3n acelerada de inversiones, deducibilidad plena de prestaciones laborales y la ampliaci\u00f3n del r\u00e9gimen de repatriaci\u00f3n de capitales, as\u00ed como del mecanismo para neutralizar el efecto del ISR definitivo por\u00a0pago de dividendos\u201d.<\/p>\n<p>Esa ser\u00e1 la mejor respuesta al reto que enfrenta M\u00e9xico para preservar la competitividad y retener las inversiones, ante el impacto de la reforma fiscal de Estados Unidos que entr\u00f3 en vigor este a\u00f1o, puntualiz\u00f3 la Confederaci\u00f3n Patronal.<\/p>\n","protected":false},"excerpt":{"rendered":"<p>La Confederaci\u00f3n Patronal de la Rep\u00fablica Mexicana (Coparmex) celebr\u00f3 las medidas instrumentadas por la Secretar\u00eda<\/p>\n","protected":false},"author":1,"featured_media":1136,"comment_status":"open","ping_status":"open","sticky":false,"template":"","format":"standard","meta":{"footnotes":""},"categories":[1],"tags":[7,89,80,57,9,73,77,63,15,91,6,85,90,75,21,76,14,126,71,16,22,81,92,41,43,46],"class_list":["post-1154","post","type-post","status-publish","format-standard","has-post-thumbnail","hentry","category-municipales","tag-amecameca","tag-atizapan","tag-atlautla","tag-ayapango","tag-chalco","tag-chimalhuacan","tag-coacalco","tag-ecatepec","tag-ecatzingo","tag-huixquilucan","tag-ixtapaluca","tag-izcalli","tag-la-paz","tag-naucalpan","tag-nezahualcoyotl","tag-nicolas-romero","tag-ozumba","tag-sat","tag-tecamac","tag-tepetlixpa","tag-texcoco","tag-tlalmanalco","tag-tlalnepantla","tag-toluca","tag-tultitlan","tag-volcanes"],"yoast_head":"<!-- This site is optimized with the Yoast SEO plugin v25.3 - https:\/\/yoast.com\/wordpress\/plugins\/seo\/ -->\n<title>Actualizaci\u00f3n de tarifas del ISR favorecer\u00e1 a trabajadores - Volcanes<\/title>\n<meta name=\"robots\" content=\"index, follow, max-snippet:-1, max-image-preview:large, max-video-preview:-1\" \/>\n<link rel=\"canonical\" href=\"https:\/\/volcanes.net\/?p=1154\" \/>\n<meta property=\"og:locale\" content=\"es_MX\" \/>\n<meta property=\"og:type\" content=\"article\" \/>\n<meta property=\"og:title\" content=\"Actualizaci\u00f3n de tarifas del ISR favorecer\u00e1 a trabajadores - Volcanes\" \/>\n<meta property=\"og:description\" content=\"La Confederaci\u00f3n Patronal de la Rep\u00fablica Mexicana (Coparmex) celebr\u00f3 las medidas instrumentadas por la Secretar\u00eda\" \/>\n<meta property=\"og:url\" content=\"https:\/\/volcanes.net\/?p=1154\" \/>\n<meta property=\"og:site_name\" content=\"Volcanes\" \/>\n<meta property=\"article:publisher\" content=\"https:\/\/www.facebook.com\/volcanes.net\/\" \/>\n<meta property=\"article:published_time\" content=\"2018-02-15T00:35:30+00:00\" \/>\n<meta property=\"og:image\" content=\"https:\/\/volcanes.net\/wp-content\/uploads\/2018\/02\/sat.jpg\" \/>\n\t<meta property=\"og:image:width\" content=\"400\" \/>\n\t<meta property=\"og:image:height\" content=\"200\" \/>\n\t<meta property=\"og:image:type\" content=\"image\/jpeg\" \/>\n<meta name=\"author\" content=\"admin\" \/>\n<meta name=\"twitter:card\" content=\"summary_large_image\" \/>\n<meta name=\"twitter:label1\" content=\"Escrito por\" \/>\n\t<meta name=\"twitter:data1\" content=\"admin\" \/>\n\t<meta name=\"twitter:label2\" content=\"Tiempo de lectura\" \/>\n\t<meta name=\"twitter:data2\" content=\"2 minutos\" \/>\n<script type=\"application\/ld+json\" class=\"yoast-schema-graph\">{\"@context\":\"https:\/\/schema.org\",\"@graph\":[{\"@type\":\"Article\",\"@id\":\"https:\/\/volcanes.net\/?p=1154#article\",\"isPartOf\":{\"@id\":\"https:\/\/volcanes.net\/?p=1154\"},\"author\":{\"name\":\"admin\",\"@id\":\"https:\/\/volcanes.net\/#\/schema\/person\/4bf0f383940966a4abd53f5048c0e6b9\"},\"headline\":\"Actualizaci\u00f3n de tarifas del ISR favorecer\u00e1 a trabajadores\",\"datePublished\":\"2018-02-15T00:35:30+00:00\",\"mainEntityOfPage\":{\"@id\":\"https:\/\/volcanes.net\/?p=1154\"},\"wordCount\":495,\"commentCount\":0,\"publisher\":{\"@id\":\"https:\/\/volcanes.net\/#organization\"},\"image\":{\"@id\":\"https:\/\/volcanes.net\/?p=1154#primaryimage\"},\"thumbnailUrl\":\"https:\/\/volcanes.net\/wp-content\/uploads\/2018\/02\/sat.jpg\",\"keywords\":[\"Amecameca\",\"Atizap\u00e1n\",\"Atlautla\",\"Ayapango\",\"Chalco\",\"Chimalhuac\u00e1n\",\"Coacalco\",\"Ecatepec\",\"Ecatzingo\",\"Huixquilucan\",\"Ixtapaluca\",\"Izcalli\",\"La Paz\",\"Naucalpan\",\"Nezahualc\u00f3yotl\",\"Nicol\u00e1s Romero\",\"Ozumba\",\"SAT\",\"Tec\u00e1mac\",\"Tepetlixpa\",\"Texcoco\",\"Tlalmanalco\",\"Tlalnepantla\",\"Toluca\",\"Tultitl\u00e1n\",\"Volcanes\"],\"articleSection\":[\"Municipales\"],\"inLanguage\":\"es\",\"potentialAction\":[{\"@type\":\"CommentAction\",\"name\":\"Comment\",\"target\":[\"https:\/\/volcanes.net\/?p=1154#respond\"]}]},{\"@type\":\"WebPage\",\"@id\":\"https:\/\/volcanes.net\/?p=1154\",\"url\":\"https:\/\/volcanes.net\/?p=1154\",\"name\":\"Actualizaci\u00f3n de tarifas del ISR favorecer\u00e1 a trabajadores - Volcanes\",\"isPartOf\":{\"@id\":\"https:\/\/volcanes.net\/#website\"},\"primaryImageOfPage\":{\"@id\":\"https:\/\/volcanes.net\/?p=1154#primaryimage\"},\"image\":{\"@id\":\"https:\/\/volcanes.net\/?p=1154#primaryimage\"},\"thumbnailUrl\":\"https:\/\/volcanes.net\/wp-content\/uploads\/2018\/02\/sat.jpg\",\"datePublished\":\"2018-02-15T00:35:30+00:00\",\"breadcrumb\":{\"@id\":\"https:\/\/volcanes.net\/?p=1154#breadcrumb\"},\"inLanguage\":\"es\",\"potentialAction\":[{\"@type\":\"ReadAction\",\"target\":[\"https:\/\/volcanes.net\/?p=1154\"]}]},{\"@type\":\"ImageObject\",\"inLanguage\":\"es\",\"@id\":\"https:\/\/volcanes.net\/?p=1154#primaryimage\",\"url\":\"https:\/\/volcanes.net\/wp-content\/uploads\/2018\/02\/sat.jpg\",\"contentUrl\":\"https:\/\/volcanes.net\/wp-content\/uploads\/2018\/02\/sat.jpg\",\"width\":400,\"height\":200,\"caption\":\"31226016. M\u00e9xico, D.F.- El Servicio de Administraci\u00f3n Tributaria (SAT) ampliara tres meses el plazo a personas f\u00edsicas con ingresos anuales de hasta 500 mil pesos para migrar a factura electr\u00f3nica. NOTIMEX\/FOTO\/NICOLAS TAVIRA\/NGT\/EBF\/\"},{\"@type\":\"BreadcrumbList\",\"@id\":\"https:\/\/volcanes.net\/?p=1154#breadcrumb\",\"itemListElement\":[{\"@type\":\"ListItem\",\"position\":1,\"name\":\"Portada\",\"item\":\"https:\/\/volcanes.net\/\"},{\"@type\":\"ListItem\",\"position\":2,\"name\":\"Actualizaci\u00f3n de tarifas del ISR favorecer\u00e1 a trabajadores\"}]},{\"@type\":\"WebSite\",\"@id\":\"https:\/\/volcanes.net\/#website\",\"url\":\"https:\/\/volcanes.net\/\",\"name\":\"Volcanes.Net\",\"description\":\"Periodismo Profesional\",\"publisher\":{\"@id\":\"https:\/\/volcanes.net\/#organization\"},\"potentialAction\":[{\"@type\":\"SearchAction\",\"target\":{\"@type\":\"EntryPoint\",\"urlTemplate\":\"https:\/\/volcanes.net\/?s={search_term_string}\"},\"query-input\":{\"@type\":\"PropertyValueSpecification\",\"valueRequired\":true,\"valueName\":\"search_term_string\"}}],\"inLanguage\":\"es\"},{\"@type\":\"Organization\",\"@id\":\"https:\/\/volcanes.net\/#organization\",\"name\":\"Grupo Volcanes\",\"url\":\"https:\/\/volcanes.net\/\",\"logo\":{\"@type\":\"ImageObject\",\"inLanguage\":\"es\",\"@id\":\"https:\/\/volcanes.net\/#\/schema\/logo\/image\/\",\"url\":\"http:\/\/volcanes.net\/wp-content\/uploads\/2017\/12\/Avatar2.jpg\",\"contentUrl\":\"http:\/\/volcanes.net\/wp-content\/uploads\/2017\/12\/Avatar2.jpg\",\"width\":378,\"height\":378,\"caption\":\"Grupo Volcanes\"},\"image\":{\"@id\":\"https:\/\/volcanes.net\/#\/schema\/logo\/image\/\"},\"sameAs\":[\"https:\/\/www.facebook.com\/volcanes.net\/\"]},{\"@type\":\"Person\",\"@id\":\"https:\/\/volcanes.net\/#\/schema\/person\/4bf0f383940966a4abd53f5048c0e6b9\",\"name\":\"admin\",\"image\":{\"@type\":\"ImageObject\",\"inLanguage\":\"es\",\"@id\":\"https:\/\/volcanes.net\/#\/schema\/person\/image\/\",\"url\":\"https:\/\/secure.gravatar.com\/avatar\/ca004e6cba8462b8cb7abc86e382930c?s=96&d=mm&r=g\",\"contentUrl\":\"https:\/\/secure.gravatar.com\/avatar\/ca004e6cba8462b8cb7abc86e382930c?s=96&d=mm&r=g\",\"caption\":\"admin\"}}]}<\/script>\n<!-- \/ Yoast SEO plugin. -->","yoast_head_json":{"title":"Actualizaci\u00f3n de tarifas del ISR favorecer\u00e1 a trabajadores - Volcanes","robots":{"index":"index","follow":"follow","max-snippet":"max-snippet:-1","max-image-preview":"max-image-preview:large","max-video-preview":"max-video-preview:-1"},"canonical":"https:\/\/volcanes.net\/?p=1154","og_locale":"es_MX","og_type":"article","og_title":"Actualizaci\u00f3n de tarifas del ISR favorecer\u00e1 a trabajadores - Volcanes","og_description":"La Confederaci\u00f3n Patronal de la Rep\u00fablica Mexicana (Coparmex) celebr\u00f3 las medidas instrumentadas por la Secretar\u00eda","og_url":"https:\/\/volcanes.net\/?p=1154","og_site_name":"Volcanes","article_publisher":"https:\/\/www.facebook.com\/volcanes.net\/","article_published_time":"2018-02-15T00:35:30+00:00","og_image":[{"width":400,"height":200,"url":"https:\/\/volcanes.net\/wp-content\/uploads\/2018\/02\/sat.jpg","type":"image\/jpeg"}],"author":"admin","twitter_card":"summary_large_image","twitter_misc":{"Escrito por":"admin","Tiempo de lectura":"2 minutos"},"schema":{"@context":"https:\/\/schema.org","@graph":[{"@type":"Article","@id":"https:\/\/volcanes.net\/?p=1154#article","isPartOf":{"@id":"https:\/\/volcanes.net\/?p=1154"},"author":{"name":"admin","@id":"https:\/\/volcanes.net\/#\/schema\/person\/4bf0f383940966a4abd53f5048c0e6b9"},"headline":"Actualizaci\u00f3n de tarifas del ISR favorecer\u00e1 a trabajadores","datePublished":"2018-02-15T00:35:30+00:00","mainEntityOfPage":{"@id":"https:\/\/volcanes.net\/?p=1154"},"wordCount":495,"commentCount":0,"publisher":{"@id":"https:\/\/volcanes.net\/#organization"},"image":{"@id":"https:\/\/volcanes.net\/?p=1154#primaryimage"},"thumbnailUrl":"https:\/\/volcanes.net\/wp-content\/uploads\/2018\/02\/sat.jpg","keywords":["Amecameca","Atizap\u00e1n","Atlautla","Ayapango","Chalco","Chimalhuac\u00e1n","Coacalco","Ecatepec","Ecatzingo","Huixquilucan","Ixtapaluca","Izcalli","La Paz","Naucalpan","Nezahualc\u00f3yotl","Nicol\u00e1s Romero","Ozumba","SAT","Tec\u00e1mac","Tepetlixpa","Texcoco","Tlalmanalco","Tlalnepantla","Toluca","Tultitl\u00e1n","Volcanes"],"articleSection":["Municipales"],"inLanguage":"es","potentialAction":[{"@type":"CommentAction","name":"Comment","target":["https:\/\/volcanes.net\/?p=1154#respond"]}]},{"@type":"WebPage","@id":"https:\/\/volcanes.net\/?p=1154","url":"https:\/\/volcanes.net\/?p=1154","name":"Actualizaci\u00f3n de tarifas del ISR favorecer\u00e1 a trabajadores - Volcanes","isPartOf":{"@id":"https:\/\/volcanes.net\/#website"},"primaryImageOfPage":{"@id":"https:\/\/volcanes.net\/?p=1154#primaryimage"},"image":{"@id":"https:\/\/volcanes.net\/?p=1154#primaryimage"},"thumbnailUrl":"https:\/\/volcanes.net\/wp-content\/uploads\/2018\/02\/sat.jpg","datePublished":"2018-02-15T00:35:30+00:00","breadcrumb":{"@id":"https:\/\/volcanes.net\/?p=1154#breadcrumb"},"inLanguage":"es","potentialAction":[{"@type":"ReadAction","target":["https:\/\/volcanes.net\/?p=1154"]}]},{"@type":"ImageObject","inLanguage":"es","@id":"https:\/\/volcanes.net\/?p=1154#primaryimage","url":"https:\/\/volcanes.net\/wp-content\/uploads\/2018\/02\/sat.jpg","contentUrl":"https:\/\/volcanes.net\/wp-content\/uploads\/2018\/02\/sat.jpg","width":400,"height":200,"caption":"31226016. M\u00e9xico, D.F.- El Servicio de Administraci\u00f3n Tributaria (SAT) ampliara tres meses el plazo a personas f\u00edsicas con ingresos anuales de hasta 500 mil pesos para migrar a factura electr\u00f3nica. NOTIMEX\/FOTO\/NICOLAS TAVIRA\/NGT\/EBF\/"},{"@type":"BreadcrumbList","@id":"https:\/\/volcanes.net\/?p=1154#breadcrumb","itemListElement":[{"@type":"ListItem","position":1,"name":"Portada","item":"https:\/\/volcanes.net\/"},{"@type":"ListItem","position":2,"name":"Actualizaci\u00f3n de tarifas del ISR favorecer\u00e1 a trabajadores"}]},{"@type":"WebSite","@id":"https:\/\/volcanes.net\/#website","url":"https:\/\/volcanes.net\/","name":"Volcanes.Net","description":"Periodismo Profesional","publisher":{"@id":"https:\/\/volcanes.net\/#organization"},"potentialAction":[{"@type":"SearchAction","target":{"@type":"EntryPoint","urlTemplate":"https:\/\/volcanes.net\/?s={search_term_string}"},"query-input":{"@type":"PropertyValueSpecification","valueRequired":true,"valueName":"search_term_string"}}],"inLanguage":"es"},{"@type":"Organization","@id":"https:\/\/volcanes.net\/#organization","name":"Grupo Volcanes","url":"https:\/\/volcanes.net\/","logo":{"@type":"ImageObject","inLanguage":"es","@id":"https:\/\/volcanes.net\/#\/schema\/logo\/image\/","url":"http:\/\/volcanes.net\/wp-content\/uploads\/2017\/12\/Avatar2.jpg","contentUrl":"http:\/\/volcanes.net\/wp-content\/uploads\/2017\/12\/Avatar2.jpg","width":378,"height":378,"caption":"Grupo Volcanes"},"image":{"@id":"https:\/\/volcanes.net\/#\/schema\/logo\/image\/"},"sameAs":["https:\/\/www.facebook.com\/volcanes.net\/"]},{"@type":"Person","@id":"https:\/\/volcanes.net\/#\/schema\/person\/4bf0f383940966a4abd53f5048c0e6b9","name":"admin","image":{"@type":"ImageObject","inLanguage":"es","@id":"https:\/\/volcanes.net\/#\/schema\/person\/image\/","url":"https:\/\/secure.gravatar.com\/avatar\/ca004e6cba8462b8cb7abc86e382930c?s=96&d=mm&r=g","contentUrl":"https:\/\/secure.gravatar.com\/avatar\/ca004e6cba8462b8cb7abc86e382930c?s=96&d=mm&r=g","caption":"admin"}}]}},"_links":{"self":[{"href":"https:\/\/volcanes.net\/index.php?rest_route=\/wp\/v2\/posts\/1154"}],"collection":[{"href":"https:\/\/volcanes.net\/index.php?rest_route=\/wp\/v2\/posts"}],"about":[{"href":"https:\/\/volcanes.net\/index.php?rest_route=\/wp\/v2\/types\/post"}],"author":[{"embeddable":true,"href":"https:\/\/volcanes.net\/index.php?rest_route=\/wp\/v2\/users\/1"}],"replies":[{"embeddable":true,"href":"https:\/\/volcanes.net\/index.php?rest_route=%2Fwp%2Fv2%2Fcomments&post=1154"}],"version-history":[{"count":1,"href":"https:\/\/volcanes.net\/index.php?rest_route=\/wp\/v2\/posts\/1154\/revisions"}],"predecessor-version":[{"id":1155,"href":"https:\/\/volcanes.net\/index.php?rest_route=\/wp\/v2\/posts\/1154\/revisions\/1155"}],"wp:featuredmedia":[{"embeddable":true,"href":"https:\/\/volcanes.net\/index.php?rest_route=\/wp\/v2\/media\/1136"}],"wp:attachment":[{"href":"https:\/\/volcanes.net\/index.php?rest_route=%2Fwp%2Fv2%2Fmedia&parent=1154"}],"wp:term":[{"taxonomy":"category","embeddable":true,"href":"https:\/\/volcanes.net\/index.php?rest_route=%2Fwp%2Fv2%2Fcategories&post=1154"},{"taxonomy":"post_tag","embeddable":true,"href":"https:\/\/volcanes.net\/index.php?rest_route=%2Fwp%2Fv2%2Ftags&post=1154"}],"curies":[{"name":"wp","href":"https:\/\/api.w.org\/{rel}","templated":true}]}}