{"id":11631,"date":"2021-06-10T15:26:05","date_gmt":"2021-06-10T21:26:05","guid":{"rendered":"http:\/\/volcanes.net\/?p=11631"},"modified":"2021-06-10T15:26:05","modified_gmt":"2021-06-10T21:26:05","slug":"valentin-martinez-castillo-primer-presidente-de-ozumba-en-dar-continuidad-a-su-proyecto","status":"publish","type":"post","link":"https:\/\/volcanes.net\/?p=11631","title":{"rendered":"Valent\u00edn Mart\u00ednez Castillo primer presidente de Ozumba en dar continuidad a su proyecto"},"content":{"rendered":"<div style=\"margin-top: 0px; margin-bottom: 0px;\" class=\"sharethis-inline-share-buttons\" ><\/div><div dir=\"auto\" style=\"text-align: justify;\">Ozumba, Estado de M\u00e9xico.- Luego de la jornada electoral del pasado domingo 6 de junio, Valent\u00edn Mart\u00ednez Castillo, candidato de Morena, recibi\u00f3 su constancia de mayor\u00eda como presidente municipal electo de Ozumba para el per\u00edodo 2022-2024 y con ello refrenda su compromiso de dar continuidad a su proyecto.<\/div>\n<div dir=\"auto\" style=\"text-align: justify;\"><\/div>\n<div dir=\"auto\" style=\"text-align: justify;\">Con ello, el Morenista es el primer presidente de Ozumba con un gobierno de continuidad, por lo que para Mart\u00ednez Castillo es una gran responsabilidad; sin embargo, su compromiso sigue siendo el mismo de: luchar por un mejor desarrollo para la demarcaci\u00f3n y para las familias Ozumbenses, acciones que ser\u00e1n posibles pues cuenta con una gran planilla conformada por la coalici\u00f3n, \u201cJuntos Haremos Historia\u201d.<\/div>\n<div dir=\"auto\" style=\"text-align: justify;\"><\/div>\n<div dir=\"auto\" style=\"text-align: justify;\">Por su parte, Mart\u00ednez Castillo se\u00f1ala que para el 2022, las cosas cambiar\u00e1n, pues para \u00e9l no se trata de cumplir con promesas de campa\u00f1a, pues son compromisos que realizar\u00e1 para el bienestar del pueblo, as\u00ed mismo, coment\u00f3 que esta consiente de la democracia que se realiz\u00f3, por lo que trabajar\u00e1 de manera respetuosa.<\/div>\n","protected":false},"excerpt":{"rendered":"<p>Ozumba, Estado de M\u00e9xico.- Luego de la jornada electoral del pasado domingo 6 de junio,<\/p>\n","protected":false},"author":1,"featured_media":11632,"comment_status":"open","ping_status":"open","sticky":false,"template":"","format":"standard","meta":{"footnotes":""},"categories":[1],"tags":[14],"class_list":["post-11631","post","type-post","status-publish","format-standard","has-post-thumbnail","hentry","category-municipales","tag-ozumba"],"yoast_head":"<!-- This site is optimized with the Yoast SEO plugin v25.3 - https:\/\/yoast.com\/wordpress\/plugins\/seo\/ -->\n<title>Valent\u00edn Mart\u00ednez Castillo primer presidente de Ozumba en dar continuidad a su proyecto - Volcanes<\/title>\n<meta name=\"robots\" content=\"index, follow, max-snippet:-1, max-image-preview:large, max-video-preview:-1\" \/>\n<link rel=\"canonical\" href=\"https:\/\/volcanes.net\/?p=11631\" \/>\n<meta property=\"og:locale\" content=\"es_MX\" \/>\n<meta property=\"og:type\" content=\"article\" \/>\n<meta property=\"og:title\" content=\"Valent\u00edn Mart\u00ednez Castillo primer presidente de Ozumba en dar continuidad a su proyecto - Volcanes\" \/>\n<meta property=\"og:description\" content=\"Ozumba, Estado de M\u00e9xico.- Luego de la jornada electoral del pasado domingo 6 de junio,\" \/>\n<meta property=\"og:url\" content=\"https:\/\/volcanes.net\/?p=11631\" \/>\n<meta property=\"og:site_name\" content=\"Volcanes\" \/>\n<meta property=\"article:publisher\" content=\"https:\/\/www.facebook.com\/volcanes.net\/\" \/>\n<meta property=\"article:published_time\" content=\"2021-06-10T21:26:05+00:00\" \/>\n<meta property=\"og:image\" content=\"https:\/\/volcanes.net\/wp-content\/uploads\/2021\/06\/Screenshot_2021-06-10-14-27-28_2.jpg\" \/>\n\t<meta property=\"og:image:width\" content=\"713\" \/>\n\t<meta property=\"og:image:height\" content=\"393\" \/>\n\t<meta property=\"og:image:type\" content=\"image\/jpeg\" \/>\n<meta name=\"author\" content=\"admin\" \/>\n<meta name=\"twitter:card\" content=\"summary_large_image\" \/>\n<meta name=\"twitter:label1\" content=\"Escrito por\" \/>\n\t<meta name=\"twitter:data1\" content=\"admin\" \/>\n\t<meta name=\"twitter:label2\" content=\"Tiempo de lectura\" \/>\n\t<meta name=\"twitter:data2\" content=\"1 minuto\" \/>\n<script type=\"application\/ld+json\" class=\"yoast-schema-graph\">{\"@context\":\"https:\/\/schema.org\",\"@graph\":[{\"@type\":\"Article\",\"@id\":\"https:\/\/volcanes.net\/?p=11631#article\",\"isPartOf\":{\"@id\":\"https:\/\/volcanes.net\/?p=11631\"},\"author\":{\"name\":\"admin\",\"@id\":\"https:\/\/volcanes.net\/#\/schema\/person\/4bf0f383940966a4abd53f5048c0e6b9\"},\"headline\":\"Valent\u00edn Mart\u00ednez Castillo primer presidente de Ozumba en dar continuidad a su proyecto\",\"datePublished\":\"2021-06-10T21:26:05+00:00\",\"mainEntityOfPage\":{\"@id\":\"https:\/\/volcanes.net\/?p=11631\"},\"wordCount\":193,\"commentCount\":0,\"publisher\":{\"@id\":\"https:\/\/volcanes.net\/#organization\"},\"image\":{\"@id\":\"https:\/\/volcanes.net\/?p=11631#primaryimage\"},\"thumbnailUrl\":\"https:\/\/volcanes.net\/wp-content\/uploads\/2021\/06\/Screenshot_2021-06-10-14-27-28_2.jpg\",\"keywords\":[\"Ozumba\"],\"articleSection\":[\"Municipales\"],\"inLanguage\":\"es\",\"potentialAction\":[{\"@type\":\"CommentAction\",\"name\":\"Comment\",\"target\":[\"https:\/\/volcanes.net\/?p=11631#respond\"]}]},{\"@type\":\"WebPage\",\"@id\":\"https:\/\/volcanes.net\/?p=11631\",\"url\":\"https:\/\/volcanes.net\/?p=11631\",\"name\":\"Valent\u00edn Mart\u00ednez Castillo primer presidente de Ozumba en dar continuidad a su proyecto - Volcanes\",\"isPartOf\":{\"@id\":\"https:\/\/volcanes.net\/#website\"},\"primaryImageOfPage\":{\"@id\":\"https:\/\/volcanes.net\/?p=11631#primaryimage\"},\"image\":{\"@id\":\"https:\/\/volcanes.net\/?p=11631#primaryimage\"},\"thumbnailUrl\":\"https:\/\/volcanes.net\/wp-content\/uploads\/2021\/06\/Screenshot_2021-06-10-14-27-28_2.jpg\",\"datePublished\":\"2021-06-10T21:26:05+00:00\",\"breadcrumb\":{\"@id\":\"https:\/\/volcanes.net\/?p=11631#breadcrumb\"},\"inLanguage\":\"es\",\"potentialAction\":[{\"@type\":\"ReadAction\",\"target\":[\"https:\/\/volcanes.net\/?p=11631\"]}]},{\"@type\":\"ImageObject\",\"inLanguage\":\"es\",\"@id\":\"https:\/\/volcanes.net\/?p=11631#primaryimage\",\"url\":\"https:\/\/volcanes.net\/wp-content\/uploads\/2021\/06\/Screenshot_2021-06-10-14-27-28_2.jpg\",\"contentUrl\":\"https:\/\/volcanes.net\/wp-content\/uploads\/2021\/06\/Screenshot_2021-06-10-14-27-28_2.jpg\",\"width\":713,\"height\":393},{\"@type\":\"BreadcrumbList\",\"@id\":\"https:\/\/volcanes.net\/?p=11631#breadcrumb\",\"itemListElement\":[{\"@type\":\"ListItem\",\"position\":1,\"name\":\"Portada\",\"item\":\"https:\/\/volcanes.net\/\"},{\"@type\":\"ListItem\",\"position\":2,\"name\":\"Valent\u00edn Mart\u00ednez Castillo primer presidente de Ozumba en dar continuidad a su proyecto\"}]},{\"@type\":\"WebSite\",\"@id\":\"https:\/\/volcanes.net\/#website\",\"url\":\"https:\/\/volcanes.net\/\",\"name\":\"Volcanes.Net\",\"description\":\"Periodismo Profesional\",\"publisher\":{\"@id\":\"https:\/\/volcanes.net\/#organization\"},\"potentialAction\":[{\"@type\":\"SearchAction\",\"target\":{\"@type\":\"EntryPoint\",\"urlTemplate\":\"https:\/\/volcanes.net\/?s={search_term_string}\"},\"query-input\":{\"@type\":\"PropertyValueSpecification\",\"valueRequired\":true,\"valueName\":\"search_term_string\"}}],\"inLanguage\":\"es\"},{\"@type\":\"Organization\",\"@id\":\"https:\/\/volcanes.net\/#organization\",\"name\":\"Grupo Volcanes\",\"url\":\"https:\/\/volcanes.net\/\",\"logo\":{\"@type\":\"ImageObject\",\"inLanguage\":\"es\",\"@id\":\"https:\/\/volcanes.net\/#\/schema\/logo\/image\/\",\"url\":\"http:\/\/volcanes.net\/wp-content\/uploads\/2017\/12\/Avatar2.jpg\",\"contentUrl\":\"http:\/\/volcanes.net\/wp-content\/uploads\/2017\/12\/Avatar2.jpg\",\"width\":378,\"height\":378,\"caption\":\"Grupo Volcanes\"},\"image\":{\"@id\":\"https:\/\/volcanes.net\/#\/schema\/logo\/image\/\"},\"sameAs\":[\"https:\/\/www.facebook.com\/volcanes.net\/\"]},{\"@type\":\"Person\",\"@id\":\"https:\/\/volcanes.net\/#\/schema\/person\/4bf0f383940966a4abd53f5048c0e6b9\",\"name\":\"admin\",\"image\":{\"@type\":\"ImageObject\",\"inLanguage\":\"es\",\"@id\":\"https:\/\/volcanes.net\/#\/schema\/person\/image\/\",\"url\":\"https:\/\/secure.gravatar.com\/avatar\/ca004e6cba8462b8cb7abc86e382930c?s=96&d=mm&r=g\",\"contentUrl\":\"https:\/\/secure.gravatar.com\/avatar\/ca004e6cba8462b8cb7abc86e382930c?s=96&d=mm&r=g\",\"caption\":\"admin\"}}]}<\/script>\n<!-- \/ Yoast SEO plugin. -->","yoast_head_json":{"title":"Valent\u00edn Mart\u00ednez Castillo primer presidente de Ozumba en dar continuidad a su proyecto - Volcanes","robots":{"index":"index","follow":"follow","max-snippet":"max-snippet:-1","max-image-preview":"max-image-preview:large","max-video-preview":"max-video-preview:-1"},"canonical":"https:\/\/volcanes.net\/?p=11631","og_locale":"es_MX","og_type":"article","og_title":"Valent\u00edn Mart\u00ednez Castillo primer presidente de Ozumba en dar continuidad a su proyecto - Volcanes","og_description":"Ozumba, Estado de M\u00e9xico.- Luego de la jornada electoral del pasado domingo 6 de junio,","og_url":"https:\/\/volcanes.net\/?p=11631","og_site_name":"Volcanes","article_publisher":"https:\/\/www.facebook.com\/volcanes.net\/","article_published_time":"2021-06-10T21:26:05+00:00","og_image":[{"width":713,"height":393,"url":"https:\/\/volcanes.net\/wp-content\/uploads\/2021\/06\/Screenshot_2021-06-10-14-27-28_2.jpg","type":"image\/jpeg"}],"author":"admin","twitter_card":"summary_large_image","twitter_misc":{"Escrito por":"admin","Tiempo de lectura":"1 minuto"},"schema":{"@context":"https:\/\/schema.org","@graph":[{"@type":"Article","@id":"https:\/\/volcanes.net\/?p=11631#article","isPartOf":{"@id":"https:\/\/volcanes.net\/?p=11631"},"author":{"name":"admin","@id":"https:\/\/volcanes.net\/#\/schema\/person\/4bf0f383940966a4abd53f5048c0e6b9"},"headline":"Valent\u00edn Mart\u00ednez Castillo primer presidente de Ozumba en dar continuidad a su proyecto","datePublished":"2021-06-10T21:26:05+00:00","mainEntityOfPage":{"@id":"https:\/\/volcanes.net\/?p=11631"},"wordCount":193,"commentCount":0,"publisher":{"@id":"https:\/\/volcanes.net\/#organization"},"image":{"@id":"https:\/\/volcanes.net\/?p=11631#primaryimage"},"thumbnailUrl":"https:\/\/volcanes.net\/wp-content\/uploads\/2021\/06\/Screenshot_2021-06-10-14-27-28_2.jpg","keywords":["Ozumba"],"articleSection":["Municipales"],"inLanguage":"es","potentialAction":[{"@type":"CommentAction","name":"Comment","target":["https:\/\/volcanes.net\/?p=11631#respond"]}]},{"@type":"WebPage","@id":"https:\/\/volcanes.net\/?p=11631","url":"https:\/\/volcanes.net\/?p=11631","name":"Valent\u00edn Mart\u00ednez Castillo primer presidente de Ozumba en dar continuidad a su proyecto - Volcanes","isPartOf":{"@id":"https:\/\/volcanes.net\/#website"},"primaryImageOfPage":{"@id":"https:\/\/volcanes.net\/?p=11631#primaryimage"},"image":{"@id":"https:\/\/volcanes.net\/?p=11631#primaryimage"},"thumbnailUrl":"https:\/\/volcanes.net\/wp-content\/uploads\/2021\/06\/Screenshot_2021-06-10-14-27-28_2.jpg","datePublished":"2021-06-10T21:26:05+00:00","breadcrumb":{"@id":"https:\/\/volcanes.net\/?p=11631#breadcrumb"},"inLanguage":"es","potentialAction":[{"@type":"ReadAction","target":["https:\/\/volcanes.net\/?p=11631"]}]},{"@type":"ImageObject","inLanguage":"es","@id":"https:\/\/volcanes.net\/?p=11631#primaryimage","url":"https:\/\/volcanes.net\/wp-content\/uploads\/2021\/06\/Screenshot_2021-06-10-14-27-28_2.jpg","contentUrl":"https:\/\/volcanes.net\/wp-content\/uploads\/2021\/06\/Screenshot_2021-06-10-14-27-28_2.jpg","width":713,"height":393},{"@type":"BreadcrumbList","@id":"https:\/\/volcanes.net\/?p=11631#breadcrumb","itemListElement":[{"@type":"ListItem","position":1,"name":"Portada","item":"https:\/\/volcanes.net\/"},{"@type":"ListItem","position":2,"name":"Valent\u00edn Mart\u00ednez Castillo primer presidente de Ozumba en dar continuidad a su proyecto"}]},{"@type":"WebSite","@id":"https:\/\/volcanes.net\/#website","url":"https:\/\/volcanes.net\/","name":"Volcanes.Net","description":"Periodismo Profesional","publisher":{"@id":"https:\/\/volcanes.net\/#organization"},"potentialAction":[{"@type":"SearchAction","target":{"@type":"EntryPoint","urlTemplate":"https:\/\/volcanes.net\/?s={search_term_string}"},"query-input":{"@type":"PropertyValueSpecification","valueRequired":true,"valueName":"search_term_string"}}],"inLanguage":"es"},{"@type":"Organization","@id":"https:\/\/volcanes.net\/#organization","name":"Grupo Volcanes","url":"https:\/\/volcanes.net\/","logo":{"@type":"ImageObject","inLanguage":"es","@id":"https:\/\/volcanes.net\/#\/schema\/logo\/image\/","url":"http:\/\/volcanes.net\/wp-content\/uploads\/2017\/12\/Avatar2.jpg","contentUrl":"http:\/\/volcanes.net\/wp-content\/uploads\/2017\/12\/Avatar2.jpg","width":378,"height":378,"caption":"Grupo Volcanes"},"image":{"@id":"https:\/\/volcanes.net\/#\/schema\/logo\/image\/"},"sameAs":["https:\/\/www.facebook.com\/volcanes.net\/"]},{"@type":"Person","@id":"https:\/\/volcanes.net\/#\/schema\/person\/4bf0f383940966a4abd53f5048c0e6b9","name":"admin","image":{"@type":"ImageObject","inLanguage":"es","@id":"https:\/\/volcanes.net\/#\/schema\/person\/image\/","url":"https:\/\/secure.gravatar.com\/avatar\/ca004e6cba8462b8cb7abc86e382930c?s=96&d=mm&r=g","contentUrl":"https:\/\/secure.gravatar.com\/avatar\/ca004e6cba8462b8cb7abc86e382930c?s=96&d=mm&r=g","caption":"admin"}}]}},"_links":{"self":[{"href":"https:\/\/volcanes.net\/index.php?rest_route=\/wp\/v2\/posts\/11631"}],"collection":[{"href":"https:\/\/volcanes.net\/index.php?rest_route=\/wp\/v2\/posts"}],"about":[{"href":"https:\/\/volcanes.net\/index.php?rest_route=\/wp\/v2\/types\/post"}],"author":[{"embeddable":true,"href":"https:\/\/volcanes.net\/index.php?rest_route=\/wp\/v2\/users\/1"}],"replies":[{"embeddable":true,"href":"https:\/\/volcanes.net\/index.php?rest_route=%2Fwp%2Fv2%2Fcomments&post=11631"}],"version-history":[{"count":1,"href":"https:\/\/volcanes.net\/index.php?rest_route=\/wp\/v2\/posts\/11631\/revisions"}],"predecessor-version":[{"id":11633,"href":"https:\/\/volcanes.net\/index.php?rest_route=\/wp\/v2\/posts\/11631\/revisions\/11633"}],"wp:featuredmedia":[{"embeddable":true,"href":"https:\/\/volcanes.net\/index.php?rest_route=\/wp\/v2\/media\/11632"}],"wp:attachment":[{"href":"https:\/\/volcanes.net\/index.php?rest_route=%2Fwp%2Fv2%2Fmedia&parent=11631"}],"wp:term":[{"taxonomy":"category","embeddable":true,"href":"https:\/\/volcanes.net\/index.php?rest_route=%2Fwp%2Fv2%2Fcategories&post=11631"},{"taxonomy":"post_tag","embeddable":true,"href":"https:\/\/volcanes.net\/index.php?rest_route=%2Fwp%2Fv2%2Ftags&post=11631"}],"curies":[{"name":"wp","href":"https:\/\/api.w.org\/{rel}","templated":true}]}}