{"id":11643,"date":"2021-06-11T14:49:54","date_gmt":"2021-06-11T20:49:54","guid":{"rendered":"http:\/\/volcanes.net\/?p=11643"},"modified":"2021-06-11T14:49:54","modified_gmt":"2021-06-11T20:49:54","slug":"roberto-avila-ventura-recibe-constancia-de-mayoria-como-presidente-reelecto-en-tenango-del-aire","status":"publish","type":"post","link":"https:\/\/volcanes.net\/?p=11643","title":{"rendered":"Roberto \u00c1vila Ventura recibe constancia de mayor\u00eda como presidente reelecto en Tenango del Aire"},"content":{"rendered":"<div style=\"margin-top: 0px; margin-bottom: 0px;\" class=\"sharethis-inline-share-buttons\" ><\/div><div dir=\"auto\" style=\"text-align: justify;\">Tenango del Aire, Estado de M\u00e9xico.-\u00a0 Roberto \u00c1vila Ventura candidato del Partido Verde, recibi\u00f3 su constancia de mayor\u00eda que lo acredita como ganador para la presidencia municipal de esta localidad para el periodo constitucional 2022-2024.<\/div>\n<div dir=\"auto\" style=\"text-align: justify;\"><\/div>\n<div dir=\"auto\" style=\"text-align: justify;\">El candidato acudi\u00f3 a la junta distrital del Instituto Electoral del Estado de M\u00e9xico (IEEM) para recibir el documento que lo acredita como presidente reelecto en Tenango del Aire y quien adem\u00e1s estuvo acompa\u00f1ado de su esposa Johana Fern\u00e1ndez S\u00e1nchez, regidores electos y vecinos; fue como ingres\u00f3 a la firma de su constancia de mayor\u00eda; recordemos que \u00c1vila Ventura es actualmente presidente municipal con licencia de esta demarcaci\u00f3n.<\/div>\n<div dir=\"auto\" style=\"text-align: justify;\"><\/div>\n<div dir=\"auto\" style=\"text-align: justify;\">\u201cMe siento comprometido a trabajar el doble por ustedes que confiaron en un servidor. Agradezco de todo coraz\u00f3n a todos aquellos que me acompa\u00f1aron en este recorrido electoral\u201d, dijo \u00c1vila Ventura.<\/div>\n<div dir=\"auto\" style=\"text-align: justify;\"><\/div>\n<div dir=\"auto\" style=\"text-align: justify;\">As\u00ed mismo refrend\u00f3 su compromiso y se\u00f1al\u00f3 que sus propuestas de campa\u00f1a se cumplir\u00e1n de manera responsable, con la firme convicci\u00f3n de se trabaje de manera coordinada con la ciudadan\u00eda y gobierno municipal para impulsar un mejor desarrollo en Tenango del Aire.<\/div>\n","protected":false},"excerpt":{"rendered":"<p>Tenango del Aire, Estado de M\u00e9xico.-\u00a0 Roberto \u00c1vila Ventura candidato del Partido Verde, recibi\u00f3 su<\/p>\n","protected":false},"author":1,"featured_media":11644,"comment_status":"open","ping_status":"open","sticky":false,"template":"","format":"standard","meta":{"footnotes":""},"categories":[1],"tags":[17],"class_list":["post-11643","post","type-post","status-publish","format-standard","has-post-thumbnail","hentry","category-municipales","tag-tenango-del-aire"],"yoast_head":"<!-- This site is optimized with the Yoast SEO plugin v25.3 - https:\/\/yoast.com\/wordpress\/plugins\/seo\/ -->\n<title>Roberto \u00c1vila Ventura recibe constancia de mayor\u00eda como presidente reelecto en Tenango del Aire - Volcanes<\/title>\n<meta name=\"robots\" content=\"index, follow, max-snippet:-1, max-image-preview:large, max-video-preview:-1\" \/>\n<link rel=\"canonical\" href=\"https:\/\/volcanes.net\/?p=11643\" \/>\n<meta property=\"og:locale\" content=\"es_MX\" \/>\n<meta property=\"og:type\" content=\"article\" \/>\n<meta property=\"og:title\" content=\"Roberto \u00c1vila Ventura recibe constancia de mayor\u00eda como presidente reelecto en Tenango del Aire - Volcanes\" \/>\n<meta property=\"og:description\" content=\"Tenango del Aire, Estado de M\u00e9xico.-\u00a0 Roberto \u00c1vila Ventura candidato del Partido Verde, recibi\u00f3 su\" \/>\n<meta property=\"og:url\" content=\"https:\/\/volcanes.net\/?p=11643\" \/>\n<meta property=\"og:site_name\" content=\"Volcanes\" \/>\n<meta property=\"article:publisher\" content=\"https:\/\/www.facebook.com\/volcanes.net\/\" \/>\n<meta property=\"article:published_time\" content=\"2021-06-11T20:49:54+00:00\" \/>\n<meta property=\"og:image\" content=\"https:\/\/volcanes.net\/wp-content\/uploads\/2021\/06\/FB_IMG_1623426668717.jpg\" \/>\n\t<meta property=\"og:image:width\" content=\"720\" \/>\n\t<meta property=\"og:image:height\" content=\"1075\" \/>\n\t<meta property=\"og:image:type\" content=\"image\/jpeg\" \/>\n<meta name=\"author\" content=\"admin\" \/>\n<meta name=\"twitter:card\" content=\"summary_large_image\" \/>\n<meta name=\"twitter:label1\" content=\"Escrito por\" \/>\n\t<meta name=\"twitter:data1\" content=\"admin\" \/>\n\t<meta name=\"twitter:label2\" content=\"Tiempo de lectura\" \/>\n\t<meta name=\"twitter:data2\" content=\"1 minuto\" \/>\n<script type=\"application\/ld+json\" class=\"yoast-schema-graph\">{\"@context\":\"https:\/\/schema.org\",\"@graph\":[{\"@type\":\"Article\",\"@id\":\"https:\/\/volcanes.net\/?p=11643#article\",\"isPartOf\":{\"@id\":\"https:\/\/volcanes.net\/?p=11643\"},\"author\":{\"name\":\"admin\",\"@id\":\"https:\/\/volcanes.net\/#\/schema\/person\/4bf0f383940966a4abd53f5048c0e6b9\"},\"headline\":\"Roberto \u00c1vila Ventura recibe constancia de mayor\u00eda como presidente reelecto en Tenango del Aire\",\"datePublished\":\"2021-06-11T20:49:54+00:00\",\"mainEntityOfPage\":{\"@id\":\"https:\/\/volcanes.net\/?p=11643\"},\"wordCount\":208,\"commentCount\":0,\"publisher\":{\"@id\":\"https:\/\/volcanes.net\/#organization\"},\"image\":{\"@id\":\"https:\/\/volcanes.net\/?p=11643#primaryimage\"},\"thumbnailUrl\":\"https:\/\/volcanes.net\/wp-content\/uploads\/2021\/06\/FB_IMG_1623426668717.jpg\",\"keywords\":[\"Tenango del Aire\"],\"articleSection\":[\"Municipales\"],\"inLanguage\":\"es\",\"potentialAction\":[{\"@type\":\"CommentAction\",\"name\":\"Comment\",\"target\":[\"https:\/\/volcanes.net\/?p=11643#respond\"]}]},{\"@type\":\"WebPage\",\"@id\":\"https:\/\/volcanes.net\/?p=11643\",\"url\":\"https:\/\/volcanes.net\/?p=11643\",\"name\":\"Roberto \u00c1vila Ventura recibe constancia de mayor\u00eda como presidente reelecto en Tenango del Aire - Volcanes\",\"isPartOf\":{\"@id\":\"https:\/\/volcanes.net\/#website\"},\"primaryImageOfPage\":{\"@id\":\"https:\/\/volcanes.net\/?p=11643#primaryimage\"},\"image\":{\"@id\":\"https:\/\/volcanes.net\/?p=11643#primaryimage\"},\"thumbnailUrl\":\"https:\/\/volcanes.net\/wp-content\/uploads\/2021\/06\/FB_IMG_1623426668717.jpg\",\"datePublished\":\"2021-06-11T20:49:54+00:00\",\"breadcrumb\":{\"@id\":\"https:\/\/volcanes.net\/?p=11643#breadcrumb\"},\"inLanguage\":\"es\",\"potentialAction\":[{\"@type\":\"ReadAction\",\"target\":[\"https:\/\/volcanes.net\/?p=11643\"]}]},{\"@type\":\"ImageObject\",\"inLanguage\":\"es\",\"@id\":\"https:\/\/volcanes.net\/?p=11643#primaryimage\",\"url\":\"https:\/\/volcanes.net\/wp-content\/uploads\/2021\/06\/FB_IMG_1623426668717.jpg\",\"contentUrl\":\"https:\/\/volcanes.net\/wp-content\/uploads\/2021\/06\/FB_IMG_1623426668717.jpg\",\"width\":720,\"height\":1075},{\"@type\":\"BreadcrumbList\",\"@id\":\"https:\/\/volcanes.net\/?p=11643#breadcrumb\",\"itemListElement\":[{\"@type\":\"ListItem\",\"position\":1,\"name\":\"Portada\",\"item\":\"https:\/\/volcanes.net\/\"},{\"@type\":\"ListItem\",\"position\":2,\"name\":\"Roberto \u00c1vila Ventura recibe constancia de mayor\u00eda como presidente reelecto en Tenango del Aire\"}]},{\"@type\":\"WebSite\",\"@id\":\"https:\/\/volcanes.net\/#website\",\"url\":\"https:\/\/volcanes.net\/\",\"name\":\"Volcanes.Net\",\"description\":\"Periodismo Profesional\",\"publisher\":{\"@id\":\"https:\/\/volcanes.net\/#organization\"},\"potentialAction\":[{\"@type\":\"SearchAction\",\"target\":{\"@type\":\"EntryPoint\",\"urlTemplate\":\"https:\/\/volcanes.net\/?s={search_term_string}\"},\"query-input\":{\"@type\":\"PropertyValueSpecification\",\"valueRequired\":true,\"valueName\":\"search_term_string\"}}],\"inLanguage\":\"es\"},{\"@type\":\"Organization\",\"@id\":\"https:\/\/volcanes.net\/#organization\",\"name\":\"Grupo Volcanes\",\"url\":\"https:\/\/volcanes.net\/\",\"logo\":{\"@type\":\"ImageObject\",\"inLanguage\":\"es\",\"@id\":\"https:\/\/volcanes.net\/#\/schema\/logo\/image\/\",\"url\":\"http:\/\/volcanes.net\/wp-content\/uploads\/2017\/12\/Avatar2.jpg\",\"contentUrl\":\"http:\/\/volcanes.net\/wp-content\/uploads\/2017\/12\/Avatar2.jpg\",\"width\":378,\"height\":378,\"caption\":\"Grupo Volcanes\"},\"image\":{\"@id\":\"https:\/\/volcanes.net\/#\/schema\/logo\/image\/\"},\"sameAs\":[\"https:\/\/www.facebook.com\/volcanes.net\/\"]},{\"@type\":\"Person\",\"@id\":\"https:\/\/volcanes.net\/#\/schema\/person\/4bf0f383940966a4abd53f5048c0e6b9\",\"name\":\"admin\",\"image\":{\"@type\":\"ImageObject\",\"inLanguage\":\"es\",\"@id\":\"https:\/\/volcanes.net\/#\/schema\/person\/image\/\",\"url\":\"https:\/\/secure.gravatar.com\/avatar\/ca004e6cba8462b8cb7abc86e382930c?s=96&d=mm&r=g\",\"contentUrl\":\"https:\/\/secure.gravatar.com\/avatar\/ca004e6cba8462b8cb7abc86e382930c?s=96&d=mm&r=g\",\"caption\":\"admin\"}}]}<\/script>\n<!-- \/ Yoast SEO plugin. -->","yoast_head_json":{"title":"Roberto \u00c1vila Ventura recibe constancia de mayor\u00eda como presidente reelecto en Tenango del Aire - Volcanes","robots":{"index":"index","follow":"follow","max-snippet":"max-snippet:-1","max-image-preview":"max-image-preview:large","max-video-preview":"max-video-preview:-1"},"canonical":"https:\/\/volcanes.net\/?p=11643","og_locale":"es_MX","og_type":"article","og_title":"Roberto \u00c1vila Ventura recibe constancia de mayor\u00eda como presidente reelecto en Tenango del Aire - Volcanes","og_description":"Tenango del Aire, Estado de M\u00e9xico.-\u00a0 Roberto \u00c1vila Ventura candidato del Partido Verde, recibi\u00f3 su","og_url":"https:\/\/volcanes.net\/?p=11643","og_site_name":"Volcanes","article_publisher":"https:\/\/www.facebook.com\/volcanes.net\/","article_published_time":"2021-06-11T20:49:54+00:00","og_image":[{"width":720,"height":1075,"url":"https:\/\/volcanes.net\/wp-content\/uploads\/2021\/06\/FB_IMG_1623426668717.jpg","type":"image\/jpeg"}],"author":"admin","twitter_card":"summary_large_image","twitter_misc":{"Escrito por":"admin","Tiempo de lectura":"1 minuto"},"schema":{"@context":"https:\/\/schema.org","@graph":[{"@type":"Article","@id":"https:\/\/volcanes.net\/?p=11643#article","isPartOf":{"@id":"https:\/\/volcanes.net\/?p=11643"},"author":{"name":"admin","@id":"https:\/\/volcanes.net\/#\/schema\/person\/4bf0f383940966a4abd53f5048c0e6b9"},"headline":"Roberto \u00c1vila Ventura recibe constancia de mayor\u00eda como presidente reelecto en Tenango del Aire","datePublished":"2021-06-11T20:49:54+00:00","mainEntityOfPage":{"@id":"https:\/\/volcanes.net\/?p=11643"},"wordCount":208,"commentCount":0,"publisher":{"@id":"https:\/\/volcanes.net\/#organization"},"image":{"@id":"https:\/\/volcanes.net\/?p=11643#primaryimage"},"thumbnailUrl":"https:\/\/volcanes.net\/wp-content\/uploads\/2021\/06\/FB_IMG_1623426668717.jpg","keywords":["Tenango del Aire"],"articleSection":["Municipales"],"inLanguage":"es","potentialAction":[{"@type":"CommentAction","name":"Comment","target":["https:\/\/volcanes.net\/?p=11643#respond"]}]},{"@type":"WebPage","@id":"https:\/\/volcanes.net\/?p=11643","url":"https:\/\/volcanes.net\/?p=11643","name":"Roberto \u00c1vila Ventura recibe constancia de mayor\u00eda como presidente reelecto en Tenango del Aire - Volcanes","isPartOf":{"@id":"https:\/\/volcanes.net\/#website"},"primaryImageOfPage":{"@id":"https:\/\/volcanes.net\/?p=11643#primaryimage"},"image":{"@id":"https:\/\/volcanes.net\/?p=11643#primaryimage"},"thumbnailUrl":"https:\/\/volcanes.net\/wp-content\/uploads\/2021\/06\/FB_IMG_1623426668717.jpg","datePublished":"2021-06-11T20:49:54+00:00","breadcrumb":{"@id":"https:\/\/volcanes.net\/?p=11643#breadcrumb"},"inLanguage":"es","potentialAction":[{"@type":"ReadAction","target":["https:\/\/volcanes.net\/?p=11643"]}]},{"@type":"ImageObject","inLanguage":"es","@id":"https:\/\/volcanes.net\/?p=11643#primaryimage","url":"https:\/\/volcanes.net\/wp-content\/uploads\/2021\/06\/FB_IMG_1623426668717.jpg","contentUrl":"https:\/\/volcanes.net\/wp-content\/uploads\/2021\/06\/FB_IMG_1623426668717.jpg","width":720,"height":1075},{"@type":"BreadcrumbList","@id":"https:\/\/volcanes.net\/?p=11643#breadcrumb","itemListElement":[{"@type":"ListItem","position":1,"name":"Portada","item":"https:\/\/volcanes.net\/"},{"@type":"ListItem","position":2,"name":"Roberto \u00c1vila Ventura recibe constancia de mayor\u00eda como presidente reelecto en Tenango del Aire"}]},{"@type":"WebSite","@id":"https:\/\/volcanes.net\/#website","url":"https:\/\/volcanes.net\/","name":"Volcanes.Net","description":"Periodismo Profesional","publisher":{"@id":"https:\/\/volcanes.net\/#organization"},"potentialAction":[{"@type":"SearchAction","target":{"@type":"EntryPoint","urlTemplate":"https:\/\/volcanes.net\/?s={search_term_string}"},"query-input":{"@type":"PropertyValueSpecification","valueRequired":true,"valueName":"search_term_string"}}],"inLanguage":"es"},{"@type":"Organization","@id":"https:\/\/volcanes.net\/#organization","name":"Grupo Volcanes","url":"https:\/\/volcanes.net\/","logo":{"@type":"ImageObject","inLanguage":"es","@id":"https:\/\/volcanes.net\/#\/schema\/logo\/image\/","url":"http:\/\/volcanes.net\/wp-content\/uploads\/2017\/12\/Avatar2.jpg","contentUrl":"http:\/\/volcanes.net\/wp-content\/uploads\/2017\/12\/Avatar2.jpg","width":378,"height":378,"caption":"Grupo Volcanes"},"image":{"@id":"https:\/\/volcanes.net\/#\/schema\/logo\/image\/"},"sameAs":["https:\/\/www.facebook.com\/volcanes.net\/"]},{"@type":"Person","@id":"https:\/\/volcanes.net\/#\/schema\/person\/4bf0f383940966a4abd53f5048c0e6b9","name":"admin","image":{"@type":"ImageObject","inLanguage":"es","@id":"https:\/\/volcanes.net\/#\/schema\/person\/image\/","url":"https:\/\/secure.gravatar.com\/avatar\/ca004e6cba8462b8cb7abc86e382930c?s=96&d=mm&r=g","contentUrl":"https:\/\/secure.gravatar.com\/avatar\/ca004e6cba8462b8cb7abc86e382930c?s=96&d=mm&r=g","caption":"admin"}}]}},"_links":{"self":[{"href":"https:\/\/volcanes.net\/index.php?rest_route=\/wp\/v2\/posts\/11643"}],"collection":[{"href":"https:\/\/volcanes.net\/index.php?rest_route=\/wp\/v2\/posts"}],"about":[{"href":"https:\/\/volcanes.net\/index.php?rest_route=\/wp\/v2\/types\/post"}],"author":[{"embeddable":true,"href":"https:\/\/volcanes.net\/index.php?rest_route=\/wp\/v2\/users\/1"}],"replies":[{"embeddable":true,"href":"https:\/\/volcanes.net\/index.php?rest_route=%2Fwp%2Fv2%2Fcomments&post=11643"}],"version-history":[{"count":1,"href":"https:\/\/volcanes.net\/index.php?rest_route=\/wp\/v2\/posts\/11643\/revisions"}],"predecessor-version":[{"id":11645,"href":"https:\/\/volcanes.net\/index.php?rest_route=\/wp\/v2\/posts\/11643\/revisions\/11645"}],"wp:featuredmedia":[{"embeddable":true,"href":"https:\/\/volcanes.net\/index.php?rest_route=\/wp\/v2\/media\/11644"}],"wp:attachment":[{"href":"https:\/\/volcanes.net\/index.php?rest_route=%2Fwp%2Fv2%2Fmedia&parent=11643"}],"wp:term":[{"taxonomy":"category","embeddable":true,"href":"https:\/\/volcanes.net\/index.php?rest_route=%2Fwp%2Fv2%2Fcategories&post=11643"},{"taxonomy":"post_tag","embeddable":true,"href":"https:\/\/volcanes.net\/index.php?rest_route=%2Fwp%2Fv2%2Ftags&post=11643"}],"curies":[{"name":"wp","href":"https:\/\/api.w.org\/{rel}","templated":true}]}}