{"id":11682,"date":"2021-06-17T13:38:44","date_gmt":"2021-06-17T19:38:44","guid":{"rendered":"http:\/\/volcanes.net\/?p=11682"},"modified":"2021-06-17T13:38:44","modified_gmt":"2021-06-17T19:38:44","slug":"centro-regional-de-cultura-de-nepantla-realiza-su-primera-exposicion-de-bonsais","status":"publish","type":"post","link":"https:\/\/volcanes.net\/?p=11682","title":{"rendered":"Centro Regional de Cultura de Nepantla realiza su primera exposici\u00f3n de bons\u00e1is"},"content":{"rendered":"<div style=\"margin-top: 0px; margin-bottom: 0px;\" class=\"sharethis-inline-share-buttons\" ><\/div><div id=\":1dj\" class=\"ii gt\">\n<div id=\":1dk\" class=\"a3s aiL \">\n<div dir=\"auto\">\n<div dir=\"auto\" style=\"text-align: justify;\">Tepetlixpa, Estado de M\u00e9xico.-El Centro Regional de Cultura de Nepantla, ubicado en el municipio de Tepetlixpa, recibi\u00f3 la muestra \u201cLa grandeza de ser peque\u00f1o\u201d, una exhibici\u00f3n de \u00e1rboles bons\u00e1is ejecutada por el Club Bons\u00e1i Texcoco, con motivo del D\u00eda Mundial del Medio Ambiente.<\/div>\n<div dir=\"auto\" style=\"text-align: justify;\"><\/div>\n<div dir=\"auto\" style=\"text-align: justify;\">El objetivo fue que los mexiquenses admiren y conozcan m\u00e1s acerca de las culturas del mundo, fortaleciendo el intercambio cultural y la apreciaci\u00f3n de otras expresiones art\u00edsticas, como este arte ancestral.<\/div>\n<div dir=\"auto\" style=\"text-align: justify;\"><\/div>\n<div dir=\"auto\" style=\"text-align: justify;\">Con una exhibici\u00f3n de piezas \u00fanicas que demuestran el trabajo realizado por los integrantes del Club de Bons\u00e1i Texcoco, sus miembros pudieron dar a conocer este arte, as\u00ed como las t\u00e9cnicas de conservaci\u00f3n para las personas que quieren iniciarse en esta actividad.<\/div>\n<div dir=\"auto\" style=\"text-align: justify;\"><\/div>\n<div dir=\"auto\" style=\"text-align: justify;\">En dicha muestra se exhibieron casi 30 especies de \u00e1rboles como jacaranda, pirul mexicano, green mountain, amate verde, ahuehuete, array\u00e1n, pirul brasile\u00f1o, jun\u00edpero, podocarpus, ficus, tamarix, enredadera de Virginia, olmo chino, palo borracho y palo dulce, entre otros.<\/div>\n<div dir=\"auto\" style=\"text-align: justify;\"><\/div>\n<div dir=\"auto\" style=\"text-align: justify;\">Asimismo, se impartieron talleres donde explicaron a los participantes la historia del bons\u00e1i, la elecci\u00f3n del \u00e1rbol, el prop\u00f3sito y forma que se desea obtener, as\u00ed como las t\u00e9cnicas y cuidados que permiten reducir el tama\u00f1o del \u00e1rbol y moldearlo para integrar un paisaje en miniatura.<\/div>\n<div dir=\"auto\" style=\"text-align: justify;\"><\/div>\n<div dir=\"auto\" style=\"text-align: justify;\">Aunado a ello, hicieron demostraciones para la limpieza y selecci\u00f3n de ramas para modificar los \u00e1rboles por medio de alambrado y dise\u00f1o para plantar en vivero, cuidados, riego, adem\u00e1s de resolver dudas del p\u00fablico.<\/div>\n<div dir=\"auto\" style=\"text-align: justify;\"><\/div>\n<div dir=\"auto\" style=\"text-align: justify;\">El Centro Regional de Cultura de Nepantla es un espacio emblem\u00e1tico, lleno de amplios jardines, una Casa-Museo, biblioteca, teatro al aire libre, vestigios de la antigua hacienda y esculturas que rinden homenaje a Sor Juana In\u00e9s de la Cruz en todas sus facetas.<\/div>\n<div dir=\"auto\" style=\"text-align: justify;\"><\/div>\n<div dir=\"auto\" style=\"text-align: justify;\">Est\u00e1 ubicado en Sor Juana In\u00e9s de la Cruz s\/n, colonia Casco Urbano, Nepantla, Tepetlixpa, Estado de M\u00e9xico. Est\u00e1 abierto al p\u00fablico de martes a s\u00e1bado, de 11:00 a 17:00 horas, y domingo de 10:00 a 15:00 horas.<\/div>\n<\/div>\n<div class=\"yj6qo\"><\/div>\n<div class=\"adL\"><\/div>\n<\/div>\n<\/div>\n<div id=\":19z\" class=\"hq gt a10\">\n<div id=\":19o\" class=\"aQH\">\n<div class=\"aZK\"><\/div>\n<\/div>\n<\/div>\n<div class=\"hi\"><\/div>\n","protected":false},"excerpt":{"rendered":"<p>Tepetlixpa, Estado de M\u00e9xico.-El Centro Regional de Cultura de Nepantla, ubicado en el municipio de<\/p>\n","protected":false},"author":1,"featured_media":11683,"comment_status":"open","ping_status":"open","sticky":false,"template":"","format":"standard","meta":{"footnotes":""},"categories":[1],"tags":[16],"class_list":["post-11682","post","type-post","status-publish","format-standard","has-post-thumbnail","hentry","category-municipales","tag-tepetlixpa"],"yoast_head":"<!-- This site is optimized with the Yoast SEO plugin v25.3 - https:\/\/yoast.com\/wordpress\/plugins\/seo\/ -->\n<title>Centro Regional de Cultura de Nepantla realiza su primera exposici\u00f3n de bons\u00e1is - Volcanes<\/title>\n<meta name=\"robots\" content=\"index, follow, max-snippet:-1, max-image-preview:large, max-video-preview:-1\" \/>\n<link rel=\"canonical\" href=\"https:\/\/volcanes.net\/?p=11682\" \/>\n<meta property=\"og:locale\" content=\"es_MX\" \/>\n<meta property=\"og:type\" content=\"article\" \/>\n<meta property=\"og:title\" content=\"Centro Regional de Cultura de Nepantla realiza su primera exposici\u00f3n de bons\u00e1is - Volcanes\" \/>\n<meta property=\"og:description\" content=\"Tepetlixpa, Estado de M\u00e9xico.-El Centro Regional de Cultura de Nepantla, ubicado en el municipio de\" \/>\n<meta property=\"og:url\" content=\"https:\/\/volcanes.net\/?p=11682\" \/>\n<meta property=\"og:site_name\" content=\"Volcanes\" \/>\n<meta property=\"article:publisher\" content=\"https:\/\/www.facebook.com\/volcanes.net\/\" \/>\n<meta property=\"article:published_time\" content=\"2021-06-17T19:38:44+00:00\" \/>\n<meta property=\"og:image\" content=\"https:\/\/volcanes.net\/wp-content\/uploads\/2021\/06\/FB_IMG_1623938003881.jpg\" \/>\n\t<meta property=\"og:image:width\" content=\"720\" \/>\n\t<meta property=\"og:image:height\" content=\"540\" \/>\n\t<meta property=\"og:image:type\" content=\"image\/jpeg\" \/>\n<meta name=\"author\" content=\"admin\" \/>\n<meta name=\"twitter:card\" content=\"summary_large_image\" \/>\n<meta name=\"twitter:label1\" content=\"Escrito por\" \/>\n\t<meta name=\"twitter:data1\" content=\"admin\" \/>\n\t<meta name=\"twitter:label2\" content=\"Tiempo de lectura\" \/>\n\t<meta name=\"twitter:data2\" content=\"2 minutos\" \/>\n<script type=\"application\/ld+json\" class=\"yoast-schema-graph\">{\"@context\":\"https:\/\/schema.org\",\"@graph\":[{\"@type\":\"Article\",\"@id\":\"https:\/\/volcanes.net\/?p=11682#article\",\"isPartOf\":{\"@id\":\"https:\/\/volcanes.net\/?p=11682\"},\"author\":{\"name\":\"admin\",\"@id\":\"https:\/\/volcanes.net\/#\/schema\/person\/4bf0f383940966a4abd53f5048c0e6b9\"},\"headline\":\"Centro Regional de Cultura de Nepantla realiza su primera exposici\u00f3n de bons\u00e1is\",\"datePublished\":\"2021-06-17T19:38:44+00:00\",\"mainEntityOfPage\":{\"@id\":\"https:\/\/volcanes.net\/?p=11682\"},\"wordCount\":357,\"commentCount\":0,\"publisher\":{\"@id\":\"https:\/\/volcanes.net\/#organization\"},\"image\":{\"@id\":\"https:\/\/volcanes.net\/?p=11682#primaryimage\"},\"thumbnailUrl\":\"https:\/\/volcanes.net\/wp-content\/uploads\/2021\/06\/FB_IMG_1623938003881.jpg\",\"keywords\":[\"Tepetlixpa\"],\"articleSection\":[\"Municipales\"],\"inLanguage\":\"es\",\"potentialAction\":[{\"@type\":\"CommentAction\",\"name\":\"Comment\",\"target\":[\"https:\/\/volcanes.net\/?p=11682#respond\"]}]},{\"@type\":\"WebPage\",\"@id\":\"https:\/\/volcanes.net\/?p=11682\",\"url\":\"https:\/\/volcanes.net\/?p=11682\",\"name\":\"Centro Regional de Cultura de Nepantla realiza su primera exposici\u00f3n de bons\u00e1is - Volcanes\",\"isPartOf\":{\"@id\":\"https:\/\/volcanes.net\/#website\"},\"primaryImageOfPage\":{\"@id\":\"https:\/\/volcanes.net\/?p=11682#primaryimage\"},\"image\":{\"@id\":\"https:\/\/volcanes.net\/?p=11682#primaryimage\"},\"thumbnailUrl\":\"https:\/\/volcanes.net\/wp-content\/uploads\/2021\/06\/FB_IMG_1623938003881.jpg\",\"datePublished\":\"2021-06-17T19:38:44+00:00\",\"breadcrumb\":{\"@id\":\"https:\/\/volcanes.net\/?p=11682#breadcrumb\"},\"inLanguage\":\"es\",\"potentialAction\":[{\"@type\":\"ReadAction\",\"target\":[\"https:\/\/volcanes.net\/?p=11682\"]}]},{\"@type\":\"ImageObject\",\"inLanguage\":\"es\",\"@id\":\"https:\/\/volcanes.net\/?p=11682#primaryimage\",\"url\":\"https:\/\/volcanes.net\/wp-content\/uploads\/2021\/06\/FB_IMG_1623938003881.jpg\",\"contentUrl\":\"https:\/\/volcanes.net\/wp-content\/uploads\/2021\/06\/FB_IMG_1623938003881.jpg\",\"width\":720,\"height\":540},{\"@type\":\"BreadcrumbList\",\"@id\":\"https:\/\/volcanes.net\/?p=11682#breadcrumb\",\"itemListElement\":[{\"@type\":\"ListItem\",\"position\":1,\"name\":\"Portada\",\"item\":\"https:\/\/volcanes.net\/\"},{\"@type\":\"ListItem\",\"position\":2,\"name\":\"Centro Regional de Cultura de Nepantla realiza su primera exposici\u00f3n de bons\u00e1is\"}]},{\"@type\":\"WebSite\",\"@id\":\"https:\/\/volcanes.net\/#website\",\"url\":\"https:\/\/volcanes.net\/\",\"name\":\"Volcanes.Net\",\"description\":\"Periodismo Profesional\",\"publisher\":{\"@id\":\"https:\/\/volcanes.net\/#organization\"},\"potentialAction\":[{\"@type\":\"SearchAction\",\"target\":{\"@type\":\"EntryPoint\",\"urlTemplate\":\"https:\/\/volcanes.net\/?s={search_term_string}\"},\"query-input\":{\"@type\":\"PropertyValueSpecification\",\"valueRequired\":true,\"valueName\":\"search_term_string\"}}],\"inLanguage\":\"es\"},{\"@type\":\"Organization\",\"@id\":\"https:\/\/volcanes.net\/#organization\",\"name\":\"Grupo Volcanes\",\"url\":\"https:\/\/volcanes.net\/\",\"logo\":{\"@type\":\"ImageObject\",\"inLanguage\":\"es\",\"@id\":\"https:\/\/volcanes.net\/#\/schema\/logo\/image\/\",\"url\":\"http:\/\/volcanes.net\/wp-content\/uploads\/2017\/12\/Avatar2.jpg\",\"contentUrl\":\"http:\/\/volcanes.net\/wp-content\/uploads\/2017\/12\/Avatar2.jpg\",\"width\":378,\"height\":378,\"caption\":\"Grupo Volcanes\"},\"image\":{\"@id\":\"https:\/\/volcanes.net\/#\/schema\/logo\/image\/\"},\"sameAs\":[\"https:\/\/www.facebook.com\/volcanes.net\/\"]},{\"@type\":\"Person\",\"@id\":\"https:\/\/volcanes.net\/#\/schema\/person\/4bf0f383940966a4abd53f5048c0e6b9\",\"name\":\"admin\",\"image\":{\"@type\":\"ImageObject\",\"inLanguage\":\"es\",\"@id\":\"https:\/\/volcanes.net\/#\/schema\/person\/image\/\",\"url\":\"https:\/\/secure.gravatar.com\/avatar\/ca004e6cba8462b8cb7abc86e382930c?s=96&d=mm&r=g\",\"contentUrl\":\"https:\/\/secure.gravatar.com\/avatar\/ca004e6cba8462b8cb7abc86e382930c?s=96&d=mm&r=g\",\"caption\":\"admin\"}}]}<\/script>\n<!-- \/ Yoast SEO plugin. -->","yoast_head_json":{"title":"Centro Regional de Cultura de Nepantla realiza su primera exposici\u00f3n de bons\u00e1is - Volcanes","robots":{"index":"index","follow":"follow","max-snippet":"max-snippet:-1","max-image-preview":"max-image-preview:large","max-video-preview":"max-video-preview:-1"},"canonical":"https:\/\/volcanes.net\/?p=11682","og_locale":"es_MX","og_type":"article","og_title":"Centro Regional de Cultura de Nepantla realiza su primera exposici\u00f3n de bons\u00e1is - Volcanes","og_description":"Tepetlixpa, Estado de M\u00e9xico.-El Centro Regional de Cultura de Nepantla, ubicado en el municipio de","og_url":"https:\/\/volcanes.net\/?p=11682","og_site_name":"Volcanes","article_publisher":"https:\/\/www.facebook.com\/volcanes.net\/","article_published_time":"2021-06-17T19:38:44+00:00","og_image":[{"width":720,"height":540,"url":"https:\/\/volcanes.net\/wp-content\/uploads\/2021\/06\/FB_IMG_1623938003881.jpg","type":"image\/jpeg"}],"author":"admin","twitter_card":"summary_large_image","twitter_misc":{"Escrito por":"admin","Tiempo de lectura":"2 minutos"},"schema":{"@context":"https:\/\/schema.org","@graph":[{"@type":"Article","@id":"https:\/\/volcanes.net\/?p=11682#article","isPartOf":{"@id":"https:\/\/volcanes.net\/?p=11682"},"author":{"name":"admin","@id":"https:\/\/volcanes.net\/#\/schema\/person\/4bf0f383940966a4abd53f5048c0e6b9"},"headline":"Centro Regional de Cultura de Nepantla realiza su primera exposici\u00f3n de bons\u00e1is","datePublished":"2021-06-17T19:38:44+00:00","mainEntityOfPage":{"@id":"https:\/\/volcanes.net\/?p=11682"},"wordCount":357,"commentCount":0,"publisher":{"@id":"https:\/\/volcanes.net\/#organization"},"image":{"@id":"https:\/\/volcanes.net\/?p=11682#primaryimage"},"thumbnailUrl":"https:\/\/volcanes.net\/wp-content\/uploads\/2021\/06\/FB_IMG_1623938003881.jpg","keywords":["Tepetlixpa"],"articleSection":["Municipales"],"inLanguage":"es","potentialAction":[{"@type":"CommentAction","name":"Comment","target":["https:\/\/volcanes.net\/?p=11682#respond"]}]},{"@type":"WebPage","@id":"https:\/\/volcanes.net\/?p=11682","url":"https:\/\/volcanes.net\/?p=11682","name":"Centro Regional de Cultura de Nepantla realiza su primera exposici\u00f3n de bons\u00e1is - Volcanes","isPartOf":{"@id":"https:\/\/volcanes.net\/#website"},"primaryImageOfPage":{"@id":"https:\/\/volcanes.net\/?p=11682#primaryimage"},"image":{"@id":"https:\/\/volcanes.net\/?p=11682#primaryimage"},"thumbnailUrl":"https:\/\/volcanes.net\/wp-content\/uploads\/2021\/06\/FB_IMG_1623938003881.jpg","datePublished":"2021-06-17T19:38:44+00:00","breadcrumb":{"@id":"https:\/\/volcanes.net\/?p=11682#breadcrumb"},"inLanguage":"es","potentialAction":[{"@type":"ReadAction","target":["https:\/\/volcanes.net\/?p=11682"]}]},{"@type":"ImageObject","inLanguage":"es","@id":"https:\/\/volcanes.net\/?p=11682#primaryimage","url":"https:\/\/volcanes.net\/wp-content\/uploads\/2021\/06\/FB_IMG_1623938003881.jpg","contentUrl":"https:\/\/volcanes.net\/wp-content\/uploads\/2021\/06\/FB_IMG_1623938003881.jpg","width":720,"height":540},{"@type":"BreadcrumbList","@id":"https:\/\/volcanes.net\/?p=11682#breadcrumb","itemListElement":[{"@type":"ListItem","position":1,"name":"Portada","item":"https:\/\/volcanes.net\/"},{"@type":"ListItem","position":2,"name":"Centro Regional de Cultura de Nepantla realiza su primera exposici\u00f3n de bons\u00e1is"}]},{"@type":"WebSite","@id":"https:\/\/volcanes.net\/#website","url":"https:\/\/volcanes.net\/","name":"Volcanes.Net","description":"Periodismo Profesional","publisher":{"@id":"https:\/\/volcanes.net\/#organization"},"potentialAction":[{"@type":"SearchAction","target":{"@type":"EntryPoint","urlTemplate":"https:\/\/volcanes.net\/?s={search_term_string}"},"query-input":{"@type":"PropertyValueSpecification","valueRequired":true,"valueName":"search_term_string"}}],"inLanguage":"es"},{"@type":"Organization","@id":"https:\/\/volcanes.net\/#organization","name":"Grupo Volcanes","url":"https:\/\/volcanes.net\/","logo":{"@type":"ImageObject","inLanguage":"es","@id":"https:\/\/volcanes.net\/#\/schema\/logo\/image\/","url":"http:\/\/volcanes.net\/wp-content\/uploads\/2017\/12\/Avatar2.jpg","contentUrl":"http:\/\/volcanes.net\/wp-content\/uploads\/2017\/12\/Avatar2.jpg","width":378,"height":378,"caption":"Grupo Volcanes"},"image":{"@id":"https:\/\/volcanes.net\/#\/schema\/logo\/image\/"},"sameAs":["https:\/\/www.facebook.com\/volcanes.net\/"]},{"@type":"Person","@id":"https:\/\/volcanes.net\/#\/schema\/person\/4bf0f383940966a4abd53f5048c0e6b9","name":"admin","image":{"@type":"ImageObject","inLanguage":"es","@id":"https:\/\/volcanes.net\/#\/schema\/person\/image\/","url":"https:\/\/secure.gravatar.com\/avatar\/ca004e6cba8462b8cb7abc86e382930c?s=96&d=mm&r=g","contentUrl":"https:\/\/secure.gravatar.com\/avatar\/ca004e6cba8462b8cb7abc86e382930c?s=96&d=mm&r=g","caption":"admin"}}]}},"_links":{"self":[{"href":"https:\/\/volcanes.net\/index.php?rest_route=\/wp\/v2\/posts\/11682"}],"collection":[{"href":"https:\/\/volcanes.net\/index.php?rest_route=\/wp\/v2\/posts"}],"about":[{"href":"https:\/\/volcanes.net\/index.php?rest_route=\/wp\/v2\/types\/post"}],"author":[{"embeddable":true,"href":"https:\/\/volcanes.net\/index.php?rest_route=\/wp\/v2\/users\/1"}],"replies":[{"embeddable":true,"href":"https:\/\/volcanes.net\/index.php?rest_route=%2Fwp%2Fv2%2Fcomments&post=11682"}],"version-history":[{"count":1,"href":"https:\/\/volcanes.net\/index.php?rest_route=\/wp\/v2\/posts\/11682\/revisions"}],"predecessor-version":[{"id":11684,"href":"https:\/\/volcanes.net\/index.php?rest_route=\/wp\/v2\/posts\/11682\/revisions\/11684"}],"wp:featuredmedia":[{"embeddable":true,"href":"https:\/\/volcanes.net\/index.php?rest_route=\/wp\/v2\/media\/11683"}],"wp:attachment":[{"href":"https:\/\/volcanes.net\/index.php?rest_route=%2Fwp%2Fv2%2Fmedia&parent=11682"}],"wp:term":[{"taxonomy":"category","embeddable":true,"href":"https:\/\/volcanes.net\/index.php?rest_route=%2Fwp%2Fv2%2Fcategories&post=11682"},{"taxonomy":"post_tag","embeddable":true,"href":"https:\/\/volcanes.net\/index.php?rest_route=%2Fwp%2Fv2%2Ftags&post=11682"}],"curies":[{"name":"wp","href":"https:\/\/api.w.org\/{rel}","templated":true}]}}