{"id":11685,"date":"2021-06-17T16:02:33","date_gmt":"2021-06-17T22:02:33","guid":{"rendered":"http:\/\/volcanes.net\/?p=11685"},"modified":"2021-06-17T16:02:33","modified_gmt":"2021-06-17T22:02:33","slug":"promueven-programa-embajadores-culturales-en-el-valle-de-los-volcanes","status":"publish","type":"post","link":"https:\/\/volcanes.net\/?p=11685","title":{"rendered":"Promueven programa &#8220;Embajadores Culturales\u201d en el Valle de los Volcanes"},"content":{"rendered":"<div style=\"margin-top: 0px; margin-bottom: 0px;\" class=\"sharethis-inline-share-buttons\" ><\/div><p style=\"text-align: justify;\">Regi\u00f3n de los Volcanes, Estado de Mexico.-\u00a0Para fomentar la creaci\u00f3n art\u00edstica e impulsar a los artistas de la regi\u00f3n del Valle de Los Volcanes surge el programa \u201cEmbajadores culturales\u201d, en el que se realizar\u00e1n actividades en los Centros Culturales Edom\u00e9x y Casas de Cultura de esa regi\u00f3n.<\/p>\n<p style=\"text-align: justify;\">El Gobierno del Estado de M\u00e9xico, a trav\u00e9s de la Secretar\u00eda de Cultura y Turismo y la Direcci\u00f3n de Patrimonio Cultural del Valle de Los Volcanes, se compromete con la comunidad art\u00edstica mexiquense, al impulsar su trabajo al mismo tiempo que promueven la creaci\u00f3n y el arte por medio de talleres a la poblaci\u00f3n de los municipios de la zona.<\/p>\n<p style=\"text-align: justify;\">Este programa comenzar\u00e1 el 21 de junio en el Centro Cultural Edom\u00e9x Chalco \u201cChimalpah\u00edn\u201d, con la artista Yunuen Ram\u00edrez, que presentar\u00e1 a las 11:00 horas sus obras \u201cEl \u00faltimo grito\u201d y \u201cBolero o tango\u201d, para despu\u00e9s, a las 12:00 horas, impartir el taller infantil y juvenil \u201cUn ser lleno de color\u201d.<\/p>\n<p style=\"text-align: justify;\">M\u00e1s tarde, a las 13:00 horas, ofrecer\u00e1n el taller Globoflexia con el colectivo \u201cCarl\u00edn y sus amigos\u201d, donde las ni\u00f1as y los ni\u00f1os echar\u00e1n a volar su imaginaci\u00f3n utilizando globos.<\/p>\n<p style=\"text-align: justify;\">Para terminar, a las 14:00 horas personal bibliotecario del Centro Cultural Mexiquense Bicentenario ofrecer\u00e1 el taller de fomento a la lectura \u201cUn reto saludable\u201d, en el que descubrir\u00e1n una manera de acercarse a la lectura y vivir nuevas experiencias a trav\u00e9s de los libros.<\/p>\n<p style=\"text-align: justify;\">En todos los recintos culturales del Estado de M\u00e9xico se cuenta con las medidas sanitarias, el uso de cubrebocas es obligatorio y el cupo es limitado.<\/p>\n<p style=\"text-align: justify;\">El Centro Cultural Edom\u00e9x Chalco \u201cChimalpah\u00edn\u201d, est\u00e1 en Av. Cuauht\u00e9moc Pte. 2, Chalco Centro, Chalco, Estado de M\u00e9xico.<\/p>\n","protected":false},"excerpt":{"rendered":"<p>Regi\u00f3n de los Volcanes, Estado de Mexico.-\u00a0Para fomentar la creaci\u00f3n art\u00edstica e impulsar a los<\/p>\n","protected":false},"author":1,"featured_media":11686,"comment_status":"open","ping_status":"open","sticky":false,"template":"","format":"standard","meta":{"footnotes":""},"categories":[1],"tags":[306],"class_list":["post-11685","post","type-post","status-publish","format-standard","has-post-thumbnail","hentry","category-municipales","tag-region-de-los-volcanes"],"yoast_head":"<!-- This site is optimized with the Yoast SEO plugin v25.3 - https:\/\/yoast.com\/wordpress\/plugins\/seo\/ -->\n<title>Promueven programa &quot;Embajadores Culturales\u201d en el Valle de los Volcanes - Volcanes<\/title>\n<meta name=\"robots\" content=\"index, follow, max-snippet:-1, max-image-preview:large, max-video-preview:-1\" \/>\n<link rel=\"canonical\" href=\"https:\/\/volcanes.net\/?p=11685\" \/>\n<meta property=\"og:locale\" content=\"es_MX\" \/>\n<meta property=\"og:type\" content=\"article\" \/>\n<meta property=\"og:title\" content=\"Promueven programa &quot;Embajadores Culturales\u201d en el Valle de los Volcanes - Volcanes\" \/>\n<meta property=\"og:description\" content=\"Regi\u00f3n de los Volcanes, Estado de Mexico.-\u00a0Para fomentar la creaci\u00f3n art\u00edstica e impulsar a los\" \/>\n<meta property=\"og:url\" content=\"https:\/\/volcanes.net\/?p=11685\" \/>\n<meta property=\"og:site_name\" content=\"Volcanes\" \/>\n<meta property=\"article:publisher\" content=\"https:\/\/www.facebook.com\/volcanes.net\/\" \/>\n<meta property=\"article:published_time\" content=\"2021-06-17T22:02:33+00:00\" \/>\n<meta property=\"og:image\" content=\"https:\/\/volcanes.net\/wp-content\/uploads\/2021\/06\/WhatsApp-Image-2021-06-17-at-11.44.10-AM.jpeg\" \/>\n\t<meta property=\"og:image:width\" content=\"768\" \/>\n\t<meta property=\"og:image:height\" content=\"576\" \/>\n\t<meta property=\"og:image:type\" content=\"image\/jpeg\" \/>\n<meta name=\"author\" content=\"admin\" \/>\n<meta name=\"twitter:card\" content=\"summary_large_image\" \/>\n<meta name=\"twitter:label1\" content=\"Escrito por\" \/>\n\t<meta name=\"twitter:data1\" content=\"admin\" \/>\n\t<meta name=\"twitter:label2\" content=\"Tiempo de lectura\" \/>\n\t<meta name=\"twitter:data2\" content=\"2 minutos\" \/>\n<script type=\"application\/ld+json\" class=\"yoast-schema-graph\">{\"@context\":\"https:\/\/schema.org\",\"@graph\":[{\"@type\":\"Article\",\"@id\":\"https:\/\/volcanes.net\/?p=11685#article\",\"isPartOf\":{\"@id\":\"https:\/\/volcanes.net\/?p=11685\"},\"author\":{\"name\":\"admin\",\"@id\":\"https:\/\/volcanes.net\/#\/schema\/person\/4bf0f383940966a4abd53f5048c0e6b9\"},\"headline\":\"Promueven programa &#8220;Embajadores Culturales\u201d en el Valle de los Volcanes\",\"datePublished\":\"2021-06-17T22:02:33+00:00\",\"mainEntityOfPage\":{\"@id\":\"https:\/\/volcanes.net\/?p=11685\"},\"wordCount\":314,\"commentCount\":0,\"publisher\":{\"@id\":\"https:\/\/volcanes.net\/#organization\"},\"image\":{\"@id\":\"https:\/\/volcanes.net\/?p=11685#primaryimage\"},\"thumbnailUrl\":\"https:\/\/volcanes.net\/wp-content\/uploads\/2021\/06\/WhatsApp-Image-2021-06-17-at-11.44.10-AM.jpeg\",\"keywords\":[\"Regi\u00f3n de los volcanes\"],\"articleSection\":[\"Municipales\"],\"inLanguage\":\"es\",\"potentialAction\":[{\"@type\":\"CommentAction\",\"name\":\"Comment\",\"target\":[\"https:\/\/volcanes.net\/?p=11685#respond\"]}]},{\"@type\":\"WebPage\",\"@id\":\"https:\/\/volcanes.net\/?p=11685\",\"url\":\"https:\/\/volcanes.net\/?p=11685\",\"name\":\"Promueven programa \\\"Embajadores Culturales\u201d en el Valle de los Volcanes - Volcanes\",\"isPartOf\":{\"@id\":\"https:\/\/volcanes.net\/#website\"},\"primaryImageOfPage\":{\"@id\":\"https:\/\/volcanes.net\/?p=11685#primaryimage\"},\"image\":{\"@id\":\"https:\/\/volcanes.net\/?p=11685#primaryimage\"},\"thumbnailUrl\":\"https:\/\/volcanes.net\/wp-content\/uploads\/2021\/06\/WhatsApp-Image-2021-06-17-at-11.44.10-AM.jpeg\",\"datePublished\":\"2021-06-17T22:02:33+00:00\",\"breadcrumb\":{\"@id\":\"https:\/\/volcanes.net\/?p=11685#breadcrumb\"},\"inLanguage\":\"es\",\"potentialAction\":[{\"@type\":\"ReadAction\",\"target\":[\"https:\/\/volcanes.net\/?p=11685\"]}]},{\"@type\":\"ImageObject\",\"inLanguage\":\"es\",\"@id\":\"https:\/\/volcanes.net\/?p=11685#primaryimage\",\"url\":\"https:\/\/volcanes.net\/wp-content\/uploads\/2021\/06\/WhatsApp-Image-2021-06-17-at-11.44.10-AM.jpeg\",\"contentUrl\":\"https:\/\/volcanes.net\/wp-content\/uploads\/2021\/06\/WhatsApp-Image-2021-06-17-at-11.44.10-AM.jpeg\",\"width\":768,\"height\":576},{\"@type\":\"BreadcrumbList\",\"@id\":\"https:\/\/volcanes.net\/?p=11685#breadcrumb\",\"itemListElement\":[{\"@type\":\"ListItem\",\"position\":1,\"name\":\"Portada\",\"item\":\"https:\/\/volcanes.net\/\"},{\"@type\":\"ListItem\",\"position\":2,\"name\":\"Promueven programa &#8220;Embajadores Culturales\u201d en el Valle de los Volcanes\"}]},{\"@type\":\"WebSite\",\"@id\":\"https:\/\/volcanes.net\/#website\",\"url\":\"https:\/\/volcanes.net\/\",\"name\":\"Volcanes.Net\",\"description\":\"Periodismo Profesional\",\"publisher\":{\"@id\":\"https:\/\/volcanes.net\/#organization\"},\"potentialAction\":[{\"@type\":\"SearchAction\",\"target\":{\"@type\":\"EntryPoint\",\"urlTemplate\":\"https:\/\/volcanes.net\/?s={search_term_string}\"},\"query-input\":{\"@type\":\"PropertyValueSpecification\",\"valueRequired\":true,\"valueName\":\"search_term_string\"}}],\"inLanguage\":\"es\"},{\"@type\":\"Organization\",\"@id\":\"https:\/\/volcanes.net\/#organization\",\"name\":\"Grupo Volcanes\",\"url\":\"https:\/\/volcanes.net\/\",\"logo\":{\"@type\":\"ImageObject\",\"inLanguage\":\"es\",\"@id\":\"https:\/\/volcanes.net\/#\/schema\/logo\/image\/\",\"url\":\"http:\/\/volcanes.net\/wp-content\/uploads\/2017\/12\/Avatar2.jpg\",\"contentUrl\":\"http:\/\/volcanes.net\/wp-content\/uploads\/2017\/12\/Avatar2.jpg\",\"width\":378,\"height\":378,\"caption\":\"Grupo Volcanes\"},\"image\":{\"@id\":\"https:\/\/volcanes.net\/#\/schema\/logo\/image\/\"},\"sameAs\":[\"https:\/\/www.facebook.com\/volcanes.net\/\"]},{\"@type\":\"Person\",\"@id\":\"https:\/\/volcanes.net\/#\/schema\/person\/4bf0f383940966a4abd53f5048c0e6b9\",\"name\":\"admin\",\"image\":{\"@type\":\"ImageObject\",\"inLanguage\":\"es\",\"@id\":\"https:\/\/volcanes.net\/#\/schema\/person\/image\/\",\"url\":\"https:\/\/secure.gravatar.com\/avatar\/ca004e6cba8462b8cb7abc86e382930c?s=96&d=mm&r=g\",\"contentUrl\":\"https:\/\/secure.gravatar.com\/avatar\/ca004e6cba8462b8cb7abc86e382930c?s=96&d=mm&r=g\",\"caption\":\"admin\"}}]}<\/script>\n<!-- \/ Yoast SEO plugin. -->","yoast_head_json":{"title":"Promueven programa \"Embajadores Culturales\u201d en el Valle de los Volcanes - Volcanes","robots":{"index":"index","follow":"follow","max-snippet":"max-snippet:-1","max-image-preview":"max-image-preview:large","max-video-preview":"max-video-preview:-1"},"canonical":"https:\/\/volcanes.net\/?p=11685","og_locale":"es_MX","og_type":"article","og_title":"Promueven programa \"Embajadores Culturales\u201d en el Valle de los Volcanes - Volcanes","og_description":"Regi\u00f3n de los Volcanes, Estado de Mexico.-\u00a0Para fomentar la creaci\u00f3n art\u00edstica e impulsar a los","og_url":"https:\/\/volcanes.net\/?p=11685","og_site_name":"Volcanes","article_publisher":"https:\/\/www.facebook.com\/volcanes.net\/","article_published_time":"2021-06-17T22:02:33+00:00","og_image":[{"width":768,"height":576,"url":"https:\/\/volcanes.net\/wp-content\/uploads\/2021\/06\/WhatsApp-Image-2021-06-17-at-11.44.10-AM.jpeg","type":"image\/jpeg"}],"author":"admin","twitter_card":"summary_large_image","twitter_misc":{"Escrito por":"admin","Tiempo de lectura":"2 minutos"},"schema":{"@context":"https:\/\/schema.org","@graph":[{"@type":"Article","@id":"https:\/\/volcanes.net\/?p=11685#article","isPartOf":{"@id":"https:\/\/volcanes.net\/?p=11685"},"author":{"name":"admin","@id":"https:\/\/volcanes.net\/#\/schema\/person\/4bf0f383940966a4abd53f5048c0e6b9"},"headline":"Promueven programa &#8220;Embajadores Culturales\u201d en el Valle de los Volcanes","datePublished":"2021-06-17T22:02:33+00:00","mainEntityOfPage":{"@id":"https:\/\/volcanes.net\/?p=11685"},"wordCount":314,"commentCount":0,"publisher":{"@id":"https:\/\/volcanes.net\/#organization"},"image":{"@id":"https:\/\/volcanes.net\/?p=11685#primaryimage"},"thumbnailUrl":"https:\/\/volcanes.net\/wp-content\/uploads\/2021\/06\/WhatsApp-Image-2021-06-17-at-11.44.10-AM.jpeg","keywords":["Regi\u00f3n de los volcanes"],"articleSection":["Municipales"],"inLanguage":"es","potentialAction":[{"@type":"CommentAction","name":"Comment","target":["https:\/\/volcanes.net\/?p=11685#respond"]}]},{"@type":"WebPage","@id":"https:\/\/volcanes.net\/?p=11685","url":"https:\/\/volcanes.net\/?p=11685","name":"Promueven programa \"Embajadores Culturales\u201d en el Valle de los Volcanes - Volcanes","isPartOf":{"@id":"https:\/\/volcanes.net\/#website"},"primaryImageOfPage":{"@id":"https:\/\/volcanes.net\/?p=11685#primaryimage"},"image":{"@id":"https:\/\/volcanes.net\/?p=11685#primaryimage"},"thumbnailUrl":"https:\/\/volcanes.net\/wp-content\/uploads\/2021\/06\/WhatsApp-Image-2021-06-17-at-11.44.10-AM.jpeg","datePublished":"2021-06-17T22:02:33+00:00","breadcrumb":{"@id":"https:\/\/volcanes.net\/?p=11685#breadcrumb"},"inLanguage":"es","potentialAction":[{"@type":"ReadAction","target":["https:\/\/volcanes.net\/?p=11685"]}]},{"@type":"ImageObject","inLanguage":"es","@id":"https:\/\/volcanes.net\/?p=11685#primaryimage","url":"https:\/\/volcanes.net\/wp-content\/uploads\/2021\/06\/WhatsApp-Image-2021-06-17-at-11.44.10-AM.jpeg","contentUrl":"https:\/\/volcanes.net\/wp-content\/uploads\/2021\/06\/WhatsApp-Image-2021-06-17-at-11.44.10-AM.jpeg","width":768,"height":576},{"@type":"BreadcrumbList","@id":"https:\/\/volcanes.net\/?p=11685#breadcrumb","itemListElement":[{"@type":"ListItem","position":1,"name":"Portada","item":"https:\/\/volcanes.net\/"},{"@type":"ListItem","position":2,"name":"Promueven programa &#8220;Embajadores Culturales\u201d en el Valle de los Volcanes"}]},{"@type":"WebSite","@id":"https:\/\/volcanes.net\/#website","url":"https:\/\/volcanes.net\/","name":"Volcanes.Net","description":"Periodismo Profesional","publisher":{"@id":"https:\/\/volcanes.net\/#organization"},"potentialAction":[{"@type":"SearchAction","target":{"@type":"EntryPoint","urlTemplate":"https:\/\/volcanes.net\/?s={search_term_string}"},"query-input":{"@type":"PropertyValueSpecification","valueRequired":true,"valueName":"search_term_string"}}],"inLanguage":"es"},{"@type":"Organization","@id":"https:\/\/volcanes.net\/#organization","name":"Grupo Volcanes","url":"https:\/\/volcanes.net\/","logo":{"@type":"ImageObject","inLanguage":"es","@id":"https:\/\/volcanes.net\/#\/schema\/logo\/image\/","url":"http:\/\/volcanes.net\/wp-content\/uploads\/2017\/12\/Avatar2.jpg","contentUrl":"http:\/\/volcanes.net\/wp-content\/uploads\/2017\/12\/Avatar2.jpg","width":378,"height":378,"caption":"Grupo Volcanes"},"image":{"@id":"https:\/\/volcanes.net\/#\/schema\/logo\/image\/"},"sameAs":["https:\/\/www.facebook.com\/volcanes.net\/"]},{"@type":"Person","@id":"https:\/\/volcanes.net\/#\/schema\/person\/4bf0f383940966a4abd53f5048c0e6b9","name":"admin","image":{"@type":"ImageObject","inLanguage":"es","@id":"https:\/\/volcanes.net\/#\/schema\/person\/image\/","url":"https:\/\/secure.gravatar.com\/avatar\/ca004e6cba8462b8cb7abc86e382930c?s=96&d=mm&r=g","contentUrl":"https:\/\/secure.gravatar.com\/avatar\/ca004e6cba8462b8cb7abc86e382930c?s=96&d=mm&r=g","caption":"admin"}}]}},"_links":{"self":[{"href":"https:\/\/volcanes.net\/index.php?rest_route=\/wp\/v2\/posts\/11685"}],"collection":[{"href":"https:\/\/volcanes.net\/index.php?rest_route=\/wp\/v2\/posts"}],"about":[{"href":"https:\/\/volcanes.net\/index.php?rest_route=\/wp\/v2\/types\/post"}],"author":[{"embeddable":true,"href":"https:\/\/volcanes.net\/index.php?rest_route=\/wp\/v2\/users\/1"}],"replies":[{"embeddable":true,"href":"https:\/\/volcanes.net\/index.php?rest_route=%2Fwp%2Fv2%2Fcomments&post=11685"}],"version-history":[{"count":1,"href":"https:\/\/volcanes.net\/index.php?rest_route=\/wp\/v2\/posts\/11685\/revisions"}],"predecessor-version":[{"id":11687,"href":"https:\/\/volcanes.net\/index.php?rest_route=\/wp\/v2\/posts\/11685\/revisions\/11687"}],"wp:featuredmedia":[{"embeddable":true,"href":"https:\/\/volcanes.net\/index.php?rest_route=\/wp\/v2\/media\/11686"}],"wp:attachment":[{"href":"https:\/\/volcanes.net\/index.php?rest_route=%2Fwp%2Fv2%2Fmedia&parent=11685"}],"wp:term":[{"taxonomy":"category","embeddable":true,"href":"https:\/\/volcanes.net\/index.php?rest_route=%2Fwp%2Fv2%2Fcategories&post=11685"},{"taxonomy":"post_tag","embeddable":true,"href":"https:\/\/volcanes.net\/index.php?rest_route=%2Fwp%2Fv2%2Ftags&post=11685"}],"curies":[{"name":"wp","href":"https:\/\/api.w.org\/{rel}","templated":true}]}}