{"id":11688,"date":"2021-06-18T07:12:16","date_gmt":"2021-06-18T13:12:16","guid":{"rendered":"http:\/\/volcanes.net\/?p=11688"},"modified":"2021-06-18T07:12:16","modified_gmt":"2021-06-18T13:12:16","slug":"continuan-las-capacitaciones-de-elementos-policiacos-en-valle-de-chalco","status":"publish","type":"post","link":"https:\/\/volcanes.net\/?p=11688","title":{"rendered":"Contin\u00faan las capacitaciones de elementos polic\u00edacos en Valle de Chalco"},"content":{"rendered":"<div style=\"margin-top: 0px; margin-bottom: 0px;\" class=\"sharethis-inline-share-buttons\" ><\/div><p style=\"text-align: justify;\">Valle de Chalco, Estado de M\u00e9xico.-El gobierno municipal da continuidad a los programas de capacitaci\u00f3n de los elementos de la Direcci\u00f3n de Seguridad P\u00fablica y Tr\u00e1nsito, en cursos sobre perspectiva de g\u00e9nero y otros, con el prop\u00f3sito de mejorar el servicio y atenci\u00f3n a la ciudadan\u00eda.<\/p>\n<p style=\"text-align: justify;\">Conviene precisar que el programa es supervisado por la licenciada Joahana Arlette Cruz Escamilla, Presidenta Municipal por Ministerio de Ley, y el director de Seguridad P\u00fablica y Tr\u00e1nsito, Enrique L\u00f3pez Mart\u00ednez, ya que el objetivo es contar con una polic\u00eda profesionalizada y eficaz en sus tareas.<\/p>\n<p style=\"text-align: justify;\">A trav\u00e9s de la capacitaci\u00f3n recibida, se facilita la labor de los elementos de la polic\u00eda municipal en beneficio de la comunidad, y se promueve al mismo tiempo, el valor de la \u00e9tica y la responsabilidad.<\/p>\n<p style=\"text-align: justify;\">Por lo tanto, la ense\u00f1anza impartida por docentes de la Academia del Instituto de Formaci\u00f3n Policial del Estado de Chiapas, fortalece el actuar de los polic\u00edas conforme al protocolo de violencia de g\u00e9nero, y tambi\u00e9n, da instrucci\u00f3n con perspectiva de g\u00e9nero, y aplica cursos de capacitaci\u00f3n y permanencia.<\/p>\n<p style=\"text-align: justify;\">Lo que en su conjunto ha ofrecido excelentes resultados, y pone \u00e9nfasis en la protecci\u00f3n y observaci\u00f3n de los derechos humanos y las garant\u00edas individuales.<\/p>\n<p style=\"text-align: justify;\">Sobre la capacitaci\u00f3n con perspectiva de g\u00e9nero, la oficial Andrea L\u00f3pez, opina que \u201ces necesaria la constante capacitaci\u00f3n de estos temas, ya que, en los llamados de auxilio, por estad\u00edstica, se encuentran los de violencia de g\u00e9nero, violencia feminicida, violencia en el noviazgo\u201d.<\/p>\n<p style=\"text-align: justify;\">Adem\u00e1s, el oficial Miranda, exhorta a la ciudadan\u00eda a presentar la denuncia, pues su funci\u00f3n es primordial.<\/p>\n<p style=\"text-align: justify;\">\u201cEl mejor consejo que se le puede dar a la ciudadan\u00eda es que denuncien, porque si ellos fueron v\u00edctimas de la delincuencia y no denuncian lo \u00fanico que sucede es que el delincuente vuelve a quedar en libertad, y con eso nos tiran nuestro trabajo.<\/p>\n<p style=\"text-align: justify;\">Todo se trata de una colaboraci\u00f3n donde cada uno tiene que hacer su parte, nosotros nos encargamos de proteger y servir, y la ciudadan\u00eda debe denunciar\u201d, explic\u00f3.<\/p>\n","protected":false},"excerpt":{"rendered":"<p>Valle de Chalco, Estado de M\u00e9xico.-El gobierno municipal da continuidad a los programas de capacitaci\u00f3n<\/p>\n","protected":false},"author":1,"featured_media":11689,"comment_status":"open","ping_status":"open","sticky":false,"template":"","format":"standard","meta":{"footnotes":""},"categories":[1],"tags":[5],"class_list":["post-11688","post","type-post","status-publish","format-standard","has-post-thumbnail","hentry","category-municipales","tag-valle-de-chalco"],"yoast_head":"<!-- This site is optimized with the Yoast SEO plugin v25.3 - https:\/\/yoast.com\/wordpress\/plugins\/seo\/ -->\n<title>Contin\u00faan las capacitaciones de elementos polic\u00edacos en Valle de Chalco - Volcanes<\/title>\n<meta name=\"robots\" content=\"index, follow, max-snippet:-1, max-image-preview:large, max-video-preview:-1\" \/>\n<link rel=\"canonical\" href=\"https:\/\/volcanes.net\/?p=11688\" \/>\n<meta property=\"og:locale\" content=\"es_MX\" \/>\n<meta property=\"og:type\" content=\"article\" \/>\n<meta property=\"og:title\" content=\"Contin\u00faan las capacitaciones de elementos polic\u00edacos en Valle de Chalco - Volcanes\" \/>\n<meta property=\"og:description\" content=\"Valle de Chalco, Estado de M\u00e9xico.-El gobierno municipal da continuidad a los programas de capacitaci\u00f3n\" \/>\n<meta property=\"og:url\" content=\"https:\/\/volcanes.net\/?p=11688\" \/>\n<meta property=\"og:site_name\" content=\"Volcanes\" \/>\n<meta property=\"article:publisher\" content=\"https:\/\/www.facebook.com\/volcanes.net\/\" \/>\n<meta property=\"article:published_time\" content=\"2021-06-18T13:12:16+00:00\" \/>\n<meta property=\"og:image\" content=\"https:\/\/volcanes.net\/wp-content\/uploads\/2021\/06\/FB_IMG_1624021341725.jpg\" \/>\n\t<meta property=\"og:image:width\" content=\"593\" \/>\n\t<meta property=\"og:image:height\" content=\"414\" \/>\n\t<meta property=\"og:image:type\" content=\"image\/jpeg\" \/>\n<meta name=\"author\" content=\"admin\" \/>\n<meta name=\"twitter:card\" content=\"summary_large_image\" \/>\n<meta name=\"twitter:label1\" content=\"Escrito por\" \/>\n\t<meta name=\"twitter:data1\" content=\"admin\" \/>\n\t<meta name=\"twitter:label2\" content=\"Tiempo de lectura\" \/>\n\t<meta name=\"twitter:data2\" content=\"2 minutos\" \/>\n<script type=\"application\/ld+json\" class=\"yoast-schema-graph\">{\"@context\":\"https:\/\/schema.org\",\"@graph\":[{\"@type\":\"Article\",\"@id\":\"https:\/\/volcanes.net\/?p=11688#article\",\"isPartOf\":{\"@id\":\"https:\/\/volcanes.net\/?p=11688\"},\"author\":{\"name\":\"admin\",\"@id\":\"https:\/\/volcanes.net\/#\/schema\/person\/4bf0f383940966a4abd53f5048c0e6b9\"},\"headline\":\"Contin\u00faan las capacitaciones de elementos polic\u00edacos en Valle de Chalco\",\"datePublished\":\"2021-06-18T13:12:16+00:00\",\"mainEntityOfPage\":{\"@id\":\"https:\/\/volcanes.net\/?p=11688\"},\"wordCount\":387,\"commentCount\":0,\"publisher\":{\"@id\":\"https:\/\/volcanes.net\/#organization\"},\"image\":{\"@id\":\"https:\/\/volcanes.net\/?p=11688#primaryimage\"},\"thumbnailUrl\":\"https:\/\/volcanes.net\/wp-content\/uploads\/2021\/06\/FB_IMG_1624021341725.jpg\",\"keywords\":[\"Valle de Chalco\"],\"articleSection\":[\"Municipales\"],\"inLanguage\":\"es\",\"potentialAction\":[{\"@type\":\"CommentAction\",\"name\":\"Comment\",\"target\":[\"https:\/\/volcanes.net\/?p=11688#respond\"]}]},{\"@type\":\"WebPage\",\"@id\":\"https:\/\/volcanes.net\/?p=11688\",\"url\":\"https:\/\/volcanes.net\/?p=11688\",\"name\":\"Contin\u00faan las capacitaciones de elementos polic\u00edacos en Valle de Chalco - Volcanes\",\"isPartOf\":{\"@id\":\"https:\/\/volcanes.net\/#website\"},\"primaryImageOfPage\":{\"@id\":\"https:\/\/volcanes.net\/?p=11688#primaryimage\"},\"image\":{\"@id\":\"https:\/\/volcanes.net\/?p=11688#primaryimage\"},\"thumbnailUrl\":\"https:\/\/volcanes.net\/wp-content\/uploads\/2021\/06\/FB_IMG_1624021341725.jpg\",\"datePublished\":\"2021-06-18T13:12:16+00:00\",\"breadcrumb\":{\"@id\":\"https:\/\/volcanes.net\/?p=11688#breadcrumb\"},\"inLanguage\":\"es\",\"potentialAction\":[{\"@type\":\"ReadAction\",\"target\":[\"https:\/\/volcanes.net\/?p=11688\"]}]},{\"@type\":\"ImageObject\",\"inLanguage\":\"es\",\"@id\":\"https:\/\/volcanes.net\/?p=11688#primaryimage\",\"url\":\"https:\/\/volcanes.net\/wp-content\/uploads\/2021\/06\/FB_IMG_1624021341725.jpg\",\"contentUrl\":\"https:\/\/volcanes.net\/wp-content\/uploads\/2021\/06\/FB_IMG_1624021341725.jpg\",\"width\":593,\"height\":414},{\"@type\":\"BreadcrumbList\",\"@id\":\"https:\/\/volcanes.net\/?p=11688#breadcrumb\",\"itemListElement\":[{\"@type\":\"ListItem\",\"position\":1,\"name\":\"Portada\",\"item\":\"https:\/\/volcanes.net\/\"},{\"@type\":\"ListItem\",\"position\":2,\"name\":\"Contin\u00faan las capacitaciones de elementos polic\u00edacos en Valle de Chalco\"}]},{\"@type\":\"WebSite\",\"@id\":\"https:\/\/volcanes.net\/#website\",\"url\":\"https:\/\/volcanes.net\/\",\"name\":\"Volcanes.Net\",\"description\":\"Periodismo Profesional\",\"publisher\":{\"@id\":\"https:\/\/volcanes.net\/#organization\"},\"potentialAction\":[{\"@type\":\"SearchAction\",\"target\":{\"@type\":\"EntryPoint\",\"urlTemplate\":\"https:\/\/volcanes.net\/?s={search_term_string}\"},\"query-input\":{\"@type\":\"PropertyValueSpecification\",\"valueRequired\":true,\"valueName\":\"search_term_string\"}}],\"inLanguage\":\"es\"},{\"@type\":\"Organization\",\"@id\":\"https:\/\/volcanes.net\/#organization\",\"name\":\"Grupo Volcanes\",\"url\":\"https:\/\/volcanes.net\/\",\"logo\":{\"@type\":\"ImageObject\",\"inLanguage\":\"es\",\"@id\":\"https:\/\/volcanes.net\/#\/schema\/logo\/image\/\",\"url\":\"http:\/\/volcanes.net\/wp-content\/uploads\/2017\/12\/Avatar2.jpg\",\"contentUrl\":\"http:\/\/volcanes.net\/wp-content\/uploads\/2017\/12\/Avatar2.jpg\",\"width\":378,\"height\":378,\"caption\":\"Grupo Volcanes\"},\"image\":{\"@id\":\"https:\/\/volcanes.net\/#\/schema\/logo\/image\/\"},\"sameAs\":[\"https:\/\/www.facebook.com\/volcanes.net\/\"]},{\"@type\":\"Person\",\"@id\":\"https:\/\/volcanes.net\/#\/schema\/person\/4bf0f383940966a4abd53f5048c0e6b9\",\"name\":\"admin\",\"image\":{\"@type\":\"ImageObject\",\"inLanguage\":\"es\",\"@id\":\"https:\/\/volcanes.net\/#\/schema\/person\/image\/\",\"url\":\"https:\/\/secure.gravatar.com\/avatar\/ca004e6cba8462b8cb7abc86e382930c?s=96&d=mm&r=g\",\"contentUrl\":\"https:\/\/secure.gravatar.com\/avatar\/ca004e6cba8462b8cb7abc86e382930c?s=96&d=mm&r=g\",\"caption\":\"admin\"}}]}<\/script>\n<!-- \/ Yoast SEO plugin. -->","yoast_head_json":{"title":"Contin\u00faan las capacitaciones de elementos polic\u00edacos en Valle de Chalco - Volcanes","robots":{"index":"index","follow":"follow","max-snippet":"max-snippet:-1","max-image-preview":"max-image-preview:large","max-video-preview":"max-video-preview:-1"},"canonical":"https:\/\/volcanes.net\/?p=11688","og_locale":"es_MX","og_type":"article","og_title":"Contin\u00faan las capacitaciones de elementos polic\u00edacos en Valle de Chalco - Volcanes","og_description":"Valle de Chalco, Estado de M\u00e9xico.-El gobierno municipal da continuidad a los programas de capacitaci\u00f3n","og_url":"https:\/\/volcanes.net\/?p=11688","og_site_name":"Volcanes","article_publisher":"https:\/\/www.facebook.com\/volcanes.net\/","article_published_time":"2021-06-18T13:12:16+00:00","og_image":[{"width":593,"height":414,"url":"https:\/\/volcanes.net\/wp-content\/uploads\/2021\/06\/FB_IMG_1624021341725.jpg","type":"image\/jpeg"}],"author":"admin","twitter_card":"summary_large_image","twitter_misc":{"Escrito por":"admin","Tiempo de lectura":"2 minutos"},"schema":{"@context":"https:\/\/schema.org","@graph":[{"@type":"Article","@id":"https:\/\/volcanes.net\/?p=11688#article","isPartOf":{"@id":"https:\/\/volcanes.net\/?p=11688"},"author":{"name":"admin","@id":"https:\/\/volcanes.net\/#\/schema\/person\/4bf0f383940966a4abd53f5048c0e6b9"},"headline":"Contin\u00faan las capacitaciones de elementos polic\u00edacos en Valle de Chalco","datePublished":"2021-06-18T13:12:16+00:00","mainEntityOfPage":{"@id":"https:\/\/volcanes.net\/?p=11688"},"wordCount":387,"commentCount":0,"publisher":{"@id":"https:\/\/volcanes.net\/#organization"},"image":{"@id":"https:\/\/volcanes.net\/?p=11688#primaryimage"},"thumbnailUrl":"https:\/\/volcanes.net\/wp-content\/uploads\/2021\/06\/FB_IMG_1624021341725.jpg","keywords":["Valle de Chalco"],"articleSection":["Municipales"],"inLanguage":"es","potentialAction":[{"@type":"CommentAction","name":"Comment","target":["https:\/\/volcanes.net\/?p=11688#respond"]}]},{"@type":"WebPage","@id":"https:\/\/volcanes.net\/?p=11688","url":"https:\/\/volcanes.net\/?p=11688","name":"Contin\u00faan las capacitaciones de elementos polic\u00edacos en Valle de Chalco - Volcanes","isPartOf":{"@id":"https:\/\/volcanes.net\/#website"},"primaryImageOfPage":{"@id":"https:\/\/volcanes.net\/?p=11688#primaryimage"},"image":{"@id":"https:\/\/volcanes.net\/?p=11688#primaryimage"},"thumbnailUrl":"https:\/\/volcanes.net\/wp-content\/uploads\/2021\/06\/FB_IMG_1624021341725.jpg","datePublished":"2021-06-18T13:12:16+00:00","breadcrumb":{"@id":"https:\/\/volcanes.net\/?p=11688#breadcrumb"},"inLanguage":"es","potentialAction":[{"@type":"ReadAction","target":["https:\/\/volcanes.net\/?p=11688"]}]},{"@type":"ImageObject","inLanguage":"es","@id":"https:\/\/volcanes.net\/?p=11688#primaryimage","url":"https:\/\/volcanes.net\/wp-content\/uploads\/2021\/06\/FB_IMG_1624021341725.jpg","contentUrl":"https:\/\/volcanes.net\/wp-content\/uploads\/2021\/06\/FB_IMG_1624021341725.jpg","width":593,"height":414},{"@type":"BreadcrumbList","@id":"https:\/\/volcanes.net\/?p=11688#breadcrumb","itemListElement":[{"@type":"ListItem","position":1,"name":"Portada","item":"https:\/\/volcanes.net\/"},{"@type":"ListItem","position":2,"name":"Contin\u00faan las capacitaciones de elementos polic\u00edacos en Valle de Chalco"}]},{"@type":"WebSite","@id":"https:\/\/volcanes.net\/#website","url":"https:\/\/volcanes.net\/","name":"Volcanes.Net","description":"Periodismo Profesional","publisher":{"@id":"https:\/\/volcanes.net\/#organization"},"potentialAction":[{"@type":"SearchAction","target":{"@type":"EntryPoint","urlTemplate":"https:\/\/volcanes.net\/?s={search_term_string}"},"query-input":{"@type":"PropertyValueSpecification","valueRequired":true,"valueName":"search_term_string"}}],"inLanguage":"es"},{"@type":"Organization","@id":"https:\/\/volcanes.net\/#organization","name":"Grupo Volcanes","url":"https:\/\/volcanes.net\/","logo":{"@type":"ImageObject","inLanguage":"es","@id":"https:\/\/volcanes.net\/#\/schema\/logo\/image\/","url":"http:\/\/volcanes.net\/wp-content\/uploads\/2017\/12\/Avatar2.jpg","contentUrl":"http:\/\/volcanes.net\/wp-content\/uploads\/2017\/12\/Avatar2.jpg","width":378,"height":378,"caption":"Grupo Volcanes"},"image":{"@id":"https:\/\/volcanes.net\/#\/schema\/logo\/image\/"},"sameAs":["https:\/\/www.facebook.com\/volcanes.net\/"]},{"@type":"Person","@id":"https:\/\/volcanes.net\/#\/schema\/person\/4bf0f383940966a4abd53f5048c0e6b9","name":"admin","image":{"@type":"ImageObject","inLanguage":"es","@id":"https:\/\/volcanes.net\/#\/schema\/person\/image\/","url":"https:\/\/secure.gravatar.com\/avatar\/ca004e6cba8462b8cb7abc86e382930c?s=96&d=mm&r=g","contentUrl":"https:\/\/secure.gravatar.com\/avatar\/ca004e6cba8462b8cb7abc86e382930c?s=96&d=mm&r=g","caption":"admin"}}]}},"_links":{"self":[{"href":"https:\/\/volcanes.net\/index.php?rest_route=\/wp\/v2\/posts\/11688"}],"collection":[{"href":"https:\/\/volcanes.net\/index.php?rest_route=\/wp\/v2\/posts"}],"about":[{"href":"https:\/\/volcanes.net\/index.php?rest_route=\/wp\/v2\/types\/post"}],"author":[{"embeddable":true,"href":"https:\/\/volcanes.net\/index.php?rest_route=\/wp\/v2\/users\/1"}],"replies":[{"embeddable":true,"href":"https:\/\/volcanes.net\/index.php?rest_route=%2Fwp%2Fv2%2Fcomments&post=11688"}],"version-history":[{"count":1,"href":"https:\/\/volcanes.net\/index.php?rest_route=\/wp\/v2\/posts\/11688\/revisions"}],"predecessor-version":[{"id":11690,"href":"https:\/\/volcanes.net\/index.php?rest_route=\/wp\/v2\/posts\/11688\/revisions\/11690"}],"wp:featuredmedia":[{"embeddable":true,"href":"https:\/\/volcanes.net\/index.php?rest_route=\/wp\/v2\/media\/11689"}],"wp:attachment":[{"href":"https:\/\/volcanes.net\/index.php?rest_route=%2Fwp%2Fv2%2Fmedia&parent=11688"}],"wp:term":[{"taxonomy":"category","embeddable":true,"href":"https:\/\/volcanes.net\/index.php?rest_route=%2Fwp%2Fv2%2Fcategories&post=11688"},{"taxonomy":"post_tag","embeddable":true,"href":"https:\/\/volcanes.net\/index.php?rest_route=%2Fwp%2Fv2%2Ftags&post=11688"}],"curies":[{"name":"wp","href":"https:\/\/api.w.org\/{rel}","templated":true}]}}