{"id":11731,"date":"2021-06-22T14:29:47","date_gmt":"2021-06-22T20:29:47","guid":{"rendered":"http:\/\/volcanes.net\/?p=11731"},"modified":"2021-06-22T14:29:47","modified_gmt":"2021-06-22T20:29:47","slug":"rescatan-a-joven-de-16-anos-tras-sufrir-caida-en-una-cascada-en-el-volcan-iztaccihuatl","status":"publish","type":"post","link":"https:\/\/volcanes.net\/?p=11731","title":{"rendered":"Rescatan a joven de 16 a\u00f1os tras sufrir ca\u00edda en una cascada en el volc\u00e1n Iztacc\u00edhuatl"},"content":{"rendered":"<div style=\"margin-top: 0px; margin-bottom: 0px;\" class=\"sharethis-inline-share-buttons\" ><\/div><div dir=\"auto\" style=\"text-align: justify;\">Tlalmanalco, Estado de M\u00e9xico.- Personal de alta monta\u00f1a rescataron a una mujer luego de que sufriera una ca\u00edda en el paraje conocido como Cascada del Negro en el volc\u00e1n Iztacc\u00edhuatl en este municipio mexiquense.<\/div>\n<div dir=\"auto\" style=\"text-align: justify;\"><\/div>\n<div dir=\"auto\" style=\"text-align: justify;\">De acuerdo con los primeros reportes, se trat\u00f3 de una joven de 16 a\u00f1os de edad, quien subi\u00f3 con un grupo de personas, sin embargo, al llegar al paraje ya antes mencionado se resbal\u00f3 y se fractur\u00f3 el tobillo, por lo que la adolescente ya no pudo moverse por si sola.<\/div>\n<div dir=\"auto\" style=\"text-align: justify;\">\u200c<\/div>\n<div dir=\"auto\" style=\"text-align: justify;\">Debido a la lesi\u00f3n, sus acompa\u00f1antes dieron aviso a las autoridades, minutos despu\u00e9s al lugar arribaron voluntarios de Rescate Agreste, quienes estabilizaron a la joven para luego iniciar con su descenso.<\/div>\n<div dir=\"auto\" style=\"text-align: justify;\"><\/div>\n<div dir=\"auto\" style=\"text-align: justify;\">Finalmente la joven fue llevada hasta el paraje Dos Aguas para luego ser trasladada a un hospital en donde recibi\u00f3 atenci\u00f3n m\u00e9dica especializada.<\/div>\n","protected":false},"excerpt":{"rendered":"<p>Tlalmanalco, Estado de M\u00e9xico.- Personal de alta monta\u00f1a rescataron a una mujer luego de que<\/p>\n","protected":false},"author":1,"featured_media":11732,"comment_status":"open","ping_status":"open","sticky":false,"template":"","format":"standard","meta":{"footnotes":""},"categories":[1],"tags":[81],"class_list":["post-11731","post","type-post","status-publish","format-standard","has-post-thumbnail","hentry","category-municipales","tag-tlalmanalco"],"yoast_head":"<!-- This site is optimized with the Yoast SEO plugin v25.3 - https:\/\/yoast.com\/wordpress\/plugins\/seo\/ -->\n<title>Rescatan a joven de 16 a\u00f1os tras sufrir ca\u00edda en una cascada en el volc\u00e1n Iztacc\u00edhuatl - Volcanes<\/title>\n<meta name=\"robots\" content=\"index, follow, max-snippet:-1, max-image-preview:large, max-video-preview:-1\" \/>\n<link rel=\"canonical\" href=\"https:\/\/volcanes.net\/?p=11731\" \/>\n<meta property=\"og:locale\" content=\"es_MX\" \/>\n<meta property=\"og:type\" content=\"article\" \/>\n<meta property=\"og:title\" content=\"Rescatan a joven de 16 a\u00f1os tras sufrir ca\u00edda en una cascada en el volc\u00e1n Iztacc\u00edhuatl - Volcanes\" \/>\n<meta property=\"og:description\" content=\"Tlalmanalco, Estado de M\u00e9xico.- Personal de alta monta\u00f1a rescataron a una mujer luego de que\" \/>\n<meta property=\"og:url\" content=\"https:\/\/volcanes.net\/?p=11731\" \/>\n<meta property=\"og:site_name\" content=\"Volcanes\" \/>\n<meta property=\"article:publisher\" content=\"https:\/\/www.facebook.com\/volcanes.net\/\" \/>\n<meta property=\"article:published_time\" content=\"2021-06-22T20:29:47+00:00\" \/>\n<meta property=\"og:image\" content=\"https:\/\/volcanes.net\/wp-content\/uploads\/2021\/06\/accidente__izta_volcam_jpeg_1624299844463-focus-0-0-983-557.jpg\" \/>\n\t<meta property=\"og:image:width\" content=\"983\" \/>\n\t<meta property=\"og:image:height\" content=\"557\" \/>\n\t<meta property=\"og:image:type\" content=\"image\/jpeg\" \/>\n<meta name=\"author\" content=\"admin\" \/>\n<meta name=\"twitter:card\" content=\"summary_large_image\" \/>\n<meta name=\"twitter:label1\" content=\"Escrito por\" \/>\n\t<meta name=\"twitter:data1\" content=\"admin\" \/>\n\t<meta name=\"twitter:label2\" content=\"Tiempo de lectura\" \/>\n\t<meta name=\"twitter:data2\" content=\"1 minuto\" \/>\n<script type=\"application\/ld+json\" class=\"yoast-schema-graph\">{\"@context\":\"https:\/\/schema.org\",\"@graph\":[{\"@type\":\"Article\",\"@id\":\"https:\/\/volcanes.net\/?p=11731#article\",\"isPartOf\":{\"@id\":\"https:\/\/volcanes.net\/?p=11731\"},\"author\":{\"name\":\"admin\",\"@id\":\"https:\/\/volcanes.net\/#\/schema\/person\/4bf0f383940966a4abd53f5048c0e6b9\"},\"headline\":\"Rescatan a joven de 16 a\u00f1os tras sufrir ca\u00edda en una cascada en el volc\u00e1n Iztacc\u00edhuatl\",\"datePublished\":\"2021-06-22T20:29:47+00:00\",\"mainEntityOfPage\":{\"@id\":\"https:\/\/volcanes.net\/?p=11731\"},\"wordCount\":169,\"commentCount\":0,\"publisher\":{\"@id\":\"https:\/\/volcanes.net\/#organization\"},\"image\":{\"@id\":\"https:\/\/volcanes.net\/?p=11731#primaryimage\"},\"thumbnailUrl\":\"https:\/\/volcanes.net\/wp-content\/uploads\/2021\/06\/accidente__izta_volcam_jpeg_1624299844463-focus-0-0-983-557.jpg\",\"keywords\":[\"Tlalmanalco\"],\"articleSection\":[\"Municipales\"],\"inLanguage\":\"es\",\"potentialAction\":[{\"@type\":\"CommentAction\",\"name\":\"Comment\",\"target\":[\"https:\/\/volcanes.net\/?p=11731#respond\"]}]},{\"@type\":\"WebPage\",\"@id\":\"https:\/\/volcanes.net\/?p=11731\",\"url\":\"https:\/\/volcanes.net\/?p=11731\",\"name\":\"Rescatan a joven de 16 a\u00f1os tras sufrir ca\u00edda en una cascada en el volc\u00e1n Iztacc\u00edhuatl - Volcanes\",\"isPartOf\":{\"@id\":\"https:\/\/volcanes.net\/#website\"},\"primaryImageOfPage\":{\"@id\":\"https:\/\/volcanes.net\/?p=11731#primaryimage\"},\"image\":{\"@id\":\"https:\/\/volcanes.net\/?p=11731#primaryimage\"},\"thumbnailUrl\":\"https:\/\/volcanes.net\/wp-content\/uploads\/2021\/06\/accidente__izta_volcam_jpeg_1624299844463-focus-0-0-983-557.jpg\",\"datePublished\":\"2021-06-22T20:29:47+00:00\",\"breadcrumb\":{\"@id\":\"https:\/\/volcanes.net\/?p=11731#breadcrumb\"},\"inLanguage\":\"es\",\"potentialAction\":[{\"@type\":\"ReadAction\",\"target\":[\"https:\/\/volcanes.net\/?p=11731\"]}]},{\"@type\":\"ImageObject\",\"inLanguage\":\"es\",\"@id\":\"https:\/\/volcanes.net\/?p=11731#primaryimage\",\"url\":\"https:\/\/volcanes.net\/wp-content\/uploads\/2021\/06\/accidente__izta_volcam_jpeg_1624299844463-focus-0-0-983-557.jpg\",\"contentUrl\":\"https:\/\/volcanes.net\/wp-content\/uploads\/2021\/06\/accidente__izta_volcam_jpeg_1624299844463-focus-0-0-983-557.jpg\",\"width\":983,\"height\":557},{\"@type\":\"BreadcrumbList\",\"@id\":\"https:\/\/volcanes.net\/?p=11731#breadcrumb\",\"itemListElement\":[{\"@type\":\"ListItem\",\"position\":1,\"name\":\"Portada\",\"item\":\"https:\/\/volcanes.net\/\"},{\"@type\":\"ListItem\",\"position\":2,\"name\":\"Rescatan a joven de 16 a\u00f1os tras sufrir ca\u00edda en una cascada en el volc\u00e1n Iztacc\u00edhuatl\"}]},{\"@type\":\"WebSite\",\"@id\":\"https:\/\/volcanes.net\/#website\",\"url\":\"https:\/\/volcanes.net\/\",\"name\":\"Volcanes.Net\",\"description\":\"Periodismo Profesional\",\"publisher\":{\"@id\":\"https:\/\/volcanes.net\/#organization\"},\"potentialAction\":[{\"@type\":\"SearchAction\",\"target\":{\"@type\":\"EntryPoint\",\"urlTemplate\":\"https:\/\/volcanes.net\/?s={search_term_string}\"},\"query-input\":{\"@type\":\"PropertyValueSpecification\",\"valueRequired\":true,\"valueName\":\"search_term_string\"}}],\"inLanguage\":\"es\"},{\"@type\":\"Organization\",\"@id\":\"https:\/\/volcanes.net\/#organization\",\"name\":\"Grupo Volcanes\",\"url\":\"https:\/\/volcanes.net\/\",\"logo\":{\"@type\":\"ImageObject\",\"inLanguage\":\"es\",\"@id\":\"https:\/\/volcanes.net\/#\/schema\/logo\/image\/\",\"url\":\"http:\/\/volcanes.net\/wp-content\/uploads\/2017\/12\/Avatar2.jpg\",\"contentUrl\":\"http:\/\/volcanes.net\/wp-content\/uploads\/2017\/12\/Avatar2.jpg\",\"width\":378,\"height\":378,\"caption\":\"Grupo Volcanes\"},\"image\":{\"@id\":\"https:\/\/volcanes.net\/#\/schema\/logo\/image\/\"},\"sameAs\":[\"https:\/\/www.facebook.com\/volcanes.net\/\"]},{\"@type\":\"Person\",\"@id\":\"https:\/\/volcanes.net\/#\/schema\/person\/4bf0f383940966a4abd53f5048c0e6b9\",\"name\":\"admin\",\"image\":{\"@type\":\"ImageObject\",\"inLanguage\":\"es\",\"@id\":\"https:\/\/volcanes.net\/#\/schema\/person\/image\/\",\"url\":\"https:\/\/secure.gravatar.com\/avatar\/ca004e6cba8462b8cb7abc86e382930c?s=96&d=mm&r=g\",\"contentUrl\":\"https:\/\/secure.gravatar.com\/avatar\/ca004e6cba8462b8cb7abc86e382930c?s=96&d=mm&r=g\",\"caption\":\"admin\"}}]}<\/script>\n<!-- \/ Yoast SEO plugin. -->","yoast_head_json":{"title":"Rescatan a joven de 16 a\u00f1os tras sufrir ca\u00edda en una cascada en el volc\u00e1n Iztacc\u00edhuatl - Volcanes","robots":{"index":"index","follow":"follow","max-snippet":"max-snippet:-1","max-image-preview":"max-image-preview:large","max-video-preview":"max-video-preview:-1"},"canonical":"https:\/\/volcanes.net\/?p=11731","og_locale":"es_MX","og_type":"article","og_title":"Rescatan a joven de 16 a\u00f1os tras sufrir ca\u00edda en una cascada en el volc\u00e1n Iztacc\u00edhuatl - Volcanes","og_description":"Tlalmanalco, Estado de M\u00e9xico.- Personal de alta monta\u00f1a rescataron a una mujer luego de que","og_url":"https:\/\/volcanes.net\/?p=11731","og_site_name":"Volcanes","article_publisher":"https:\/\/www.facebook.com\/volcanes.net\/","article_published_time":"2021-06-22T20:29:47+00:00","og_image":[{"width":983,"height":557,"url":"https:\/\/volcanes.net\/wp-content\/uploads\/2021\/06\/accidente__izta_volcam_jpeg_1624299844463-focus-0-0-983-557.jpg","type":"image\/jpeg"}],"author":"admin","twitter_card":"summary_large_image","twitter_misc":{"Escrito por":"admin","Tiempo de lectura":"1 minuto"},"schema":{"@context":"https:\/\/schema.org","@graph":[{"@type":"Article","@id":"https:\/\/volcanes.net\/?p=11731#article","isPartOf":{"@id":"https:\/\/volcanes.net\/?p=11731"},"author":{"name":"admin","@id":"https:\/\/volcanes.net\/#\/schema\/person\/4bf0f383940966a4abd53f5048c0e6b9"},"headline":"Rescatan a joven de 16 a\u00f1os tras sufrir ca\u00edda en una cascada en el volc\u00e1n Iztacc\u00edhuatl","datePublished":"2021-06-22T20:29:47+00:00","mainEntityOfPage":{"@id":"https:\/\/volcanes.net\/?p=11731"},"wordCount":169,"commentCount":0,"publisher":{"@id":"https:\/\/volcanes.net\/#organization"},"image":{"@id":"https:\/\/volcanes.net\/?p=11731#primaryimage"},"thumbnailUrl":"https:\/\/volcanes.net\/wp-content\/uploads\/2021\/06\/accidente__izta_volcam_jpeg_1624299844463-focus-0-0-983-557.jpg","keywords":["Tlalmanalco"],"articleSection":["Municipales"],"inLanguage":"es","potentialAction":[{"@type":"CommentAction","name":"Comment","target":["https:\/\/volcanes.net\/?p=11731#respond"]}]},{"@type":"WebPage","@id":"https:\/\/volcanes.net\/?p=11731","url":"https:\/\/volcanes.net\/?p=11731","name":"Rescatan a joven de 16 a\u00f1os tras sufrir ca\u00edda en una cascada en el volc\u00e1n Iztacc\u00edhuatl - Volcanes","isPartOf":{"@id":"https:\/\/volcanes.net\/#website"},"primaryImageOfPage":{"@id":"https:\/\/volcanes.net\/?p=11731#primaryimage"},"image":{"@id":"https:\/\/volcanes.net\/?p=11731#primaryimage"},"thumbnailUrl":"https:\/\/volcanes.net\/wp-content\/uploads\/2021\/06\/accidente__izta_volcam_jpeg_1624299844463-focus-0-0-983-557.jpg","datePublished":"2021-06-22T20:29:47+00:00","breadcrumb":{"@id":"https:\/\/volcanes.net\/?p=11731#breadcrumb"},"inLanguage":"es","potentialAction":[{"@type":"ReadAction","target":["https:\/\/volcanes.net\/?p=11731"]}]},{"@type":"ImageObject","inLanguage":"es","@id":"https:\/\/volcanes.net\/?p=11731#primaryimage","url":"https:\/\/volcanes.net\/wp-content\/uploads\/2021\/06\/accidente__izta_volcam_jpeg_1624299844463-focus-0-0-983-557.jpg","contentUrl":"https:\/\/volcanes.net\/wp-content\/uploads\/2021\/06\/accidente__izta_volcam_jpeg_1624299844463-focus-0-0-983-557.jpg","width":983,"height":557},{"@type":"BreadcrumbList","@id":"https:\/\/volcanes.net\/?p=11731#breadcrumb","itemListElement":[{"@type":"ListItem","position":1,"name":"Portada","item":"https:\/\/volcanes.net\/"},{"@type":"ListItem","position":2,"name":"Rescatan a joven de 16 a\u00f1os tras sufrir ca\u00edda en una cascada en el volc\u00e1n Iztacc\u00edhuatl"}]},{"@type":"WebSite","@id":"https:\/\/volcanes.net\/#website","url":"https:\/\/volcanes.net\/","name":"Volcanes.Net","description":"Periodismo Profesional","publisher":{"@id":"https:\/\/volcanes.net\/#organization"},"potentialAction":[{"@type":"SearchAction","target":{"@type":"EntryPoint","urlTemplate":"https:\/\/volcanes.net\/?s={search_term_string}"},"query-input":{"@type":"PropertyValueSpecification","valueRequired":true,"valueName":"search_term_string"}}],"inLanguage":"es"},{"@type":"Organization","@id":"https:\/\/volcanes.net\/#organization","name":"Grupo Volcanes","url":"https:\/\/volcanes.net\/","logo":{"@type":"ImageObject","inLanguage":"es","@id":"https:\/\/volcanes.net\/#\/schema\/logo\/image\/","url":"http:\/\/volcanes.net\/wp-content\/uploads\/2017\/12\/Avatar2.jpg","contentUrl":"http:\/\/volcanes.net\/wp-content\/uploads\/2017\/12\/Avatar2.jpg","width":378,"height":378,"caption":"Grupo Volcanes"},"image":{"@id":"https:\/\/volcanes.net\/#\/schema\/logo\/image\/"},"sameAs":["https:\/\/www.facebook.com\/volcanes.net\/"]},{"@type":"Person","@id":"https:\/\/volcanes.net\/#\/schema\/person\/4bf0f383940966a4abd53f5048c0e6b9","name":"admin","image":{"@type":"ImageObject","inLanguage":"es","@id":"https:\/\/volcanes.net\/#\/schema\/person\/image\/","url":"https:\/\/secure.gravatar.com\/avatar\/ca004e6cba8462b8cb7abc86e382930c?s=96&d=mm&r=g","contentUrl":"https:\/\/secure.gravatar.com\/avatar\/ca004e6cba8462b8cb7abc86e382930c?s=96&d=mm&r=g","caption":"admin"}}]}},"_links":{"self":[{"href":"https:\/\/volcanes.net\/index.php?rest_route=\/wp\/v2\/posts\/11731"}],"collection":[{"href":"https:\/\/volcanes.net\/index.php?rest_route=\/wp\/v2\/posts"}],"about":[{"href":"https:\/\/volcanes.net\/index.php?rest_route=\/wp\/v2\/types\/post"}],"author":[{"embeddable":true,"href":"https:\/\/volcanes.net\/index.php?rest_route=\/wp\/v2\/users\/1"}],"replies":[{"embeddable":true,"href":"https:\/\/volcanes.net\/index.php?rest_route=%2Fwp%2Fv2%2Fcomments&post=11731"}],"version-history":[{"count":1,"href":"https:\/\/volcanes.net\/index.php?rest_route=\/wp\/v2\/posts\/11731\/revisions"}],"predecessor-version":[{"id":11733,"href":"https:\/\/volcanes.net\/index.php?rest_route=\/wp\/v2\/posts\/11731\/revisions\/11733"}],"wp:featuredmedia":[{"embeddable":true,"href":"https:\/\/volcanes.net\/index.php?rest_route=\/wp\/v2\/media\/11732"}],"wp:attachment":[{"href":"https:\/\/volcanes.net\/index.php?rest_route=%2Fwp%2Fv2%2Fmedia&parent=11731"}],"wp:term":[{"taxonomy":"category","embeddable":true,"href":"https:\/\/volcanes.net\/index.php?rest_route=%2Fwp%2Fv2%2Fcategories&post=11731"},{"taxonomy":"post_tag","embeddable":true,"href":"https:\/\/volcanes.net\/index.php?rest_route=%2Fwp%2Fv2%2Ftags&post=11731"}],"curies":[{"name":"wp","href":"https:\/\/api.w.org\/{rel}","templated":true}]}}