{"id":1179,"date":"2018-02-17T01:57:20","date_gmt":"2018-02-17T01:57:20","guid":{"rendered":"http:\/\/volcanes.net\/?p=1179"},"modified":"2018-02-17T01:57:20","modified_gmt":"2018-02-17T01:57:20","slug":"presentan-avances-grupos-especializados-de-la-fgjem-en-la-atencion-de-la-alerta-de-genero","status":"publish","type":"post","link":"https:\/\/volcanes.net\/?p=1179","title":{"rendered":"Presentan avances grupos especializados de la FGJEM en la atenci\u00f3n de la alerta de g\u00e9nero"},"content":{"rendered":"<div style=\"margin-top: 0px; margin-bottom: 0px;\" class=\"sharethis-inline-share-buttons\" ><\/div><p class=\"x_MsoNormal\"><span lang=\"ES-MX\">El Grupo Especializado de Revisi\u00f3n de Expedientes y Carpetas de Investigaci\u00f3n de la Fiscal\u00eda General de Justicia del Estado de M\u00e9xico (FGJEM), ha logrado la reactivaci\u00f3n de 25 investigaciones en materia de homicidios dolosos de mujeres y feminicidios que se realizaron entre 2005 y junio de 2015, para llevarlas a cabo con perspectiva de g\u00e9nero.<\/span><\/p>\n<p class=\"x_MsoNormal\"><span lang=\"ES-MX\">\u00a0<\/span><\/p>\n<p class=\"x_MsoNormal\"><span lang=\"ES-MX\">Un total de nueve ministerios p\u00fablicos que han sido capacitados internacionalmente en materia de derechos humanos y perspectiva de g\u00e9nero trabajan en la revisi\u00f3n de los casos.<\/span><\/p>\n<p class=\"x_MsoNormal\"><span lang=\"ES-MX\">\u00a0<\/span><\/p>\n<p class=\"x_MsoNormal\"><span lang=\"ES-MX\">En la mesa interdisciplinaria de atenci\u00f3n de la Alerta de Violencia de G\u00e9nero contra las Mujeres, Javier Silva, Ministerio P\u00fablico Coordinador del Grupo, explic\u00f3 que han logrado crear una base de datos en la cual se clasificaron nombres, edades, estado civil, datos de los probables responsables, datos de las escenas del crimen y las diligencias y dict\u00e1menes faltantes.<\/span><\/p>\n<p class=\"x_MsoNormal\"><span lang=\"ES-MX\">\u00a0<\/span><\/p>\n<p class=\"x_MsoNormal\"><span lang=\"ES-MX\">Con ello, se determin\u00f3 reactivar 25 investigaciones para buscar que fueran considerados y juzgados con perspectiva de g\u00e9nero.<\/span><\/p>\n<p class=\"x_MsoNormal\"><span lang=\"ES-MX\">\u00a0<\/span><\/p>\n<p class=\"x_MsoNormal\"><span lang=\"ES-MX\">Con base en ese trabajo, actualmente se han reactivado dos averiguaciones previas, las cuales ya cuentan con una consignaci\u00f3n y en cinco m\u00e1s ya se han conseguido \u00f3rdenes de aprehensi\u00f3n que est\u00e1n pendientes de cumplimentar.<\/span><\/p>\n<p class=\"x_MsoNormal\"><span lang=\"ES-MX\">\u00a0<\/span><\/p>\n<p class=\"x_MsoNormal\"><span lang=\"ES-MX\">En 10 expedientes se llevan a cabo nuevas diligencias para poder judicializarlos y en ocho se obtuvieron nuevos datos de prueba para realizar las imputaciones correspondientes.<\/span><\/p>\n<p class=\"x_MsoNormal\"><span lang=\"ES-MX\">\u00a0<\/span><\/p>\n<p class=\"x_MsoNormal\"><span lang=\"ES-MX\">\u201cEl grupo especializado se ha concretado a realizar la revisi\u00f3n de esos expedientes y verificar que en las diferentes fiscal\u00edas regionales y de homicidios se est\u00e9n realizando dichas diligencias.<\/span><\/p>\n<p class=\"x_MsoNormal\"><span lang=\"ES-MX\">\u00a0<\/span><\/p>\n<p class=\"x_MsoNormal\"><span lang=\"ES-MX\">\u201cSe ha podido lograr que estos 25 expedientes sean reactivados en sus investigaciones y est\u00e9n debidamente integrados los mismos\u201d, explic\u00f3 Javier SIlva.<\/span><\/p>\n<p class=\"x_MsoNormal\"><span lang=\"ES-MX\">\u00a0<\/span><\/p>\n<p class=\"x_MsoNormal\"><span lang=\"ES-MX\">En tanto, la Unidad de An\u00e1lisis y Contexto colabora con \u00e9sta y todas las \u00e1reas de la Fiscal\u00eda con el fin de apoyar en las investigaciones ministeriales, aportando una perspectiva del entorno y las circunstancias en las que ocurre la violencia de g\u00e9nero y feminicida.<\/span><\/p>\n<p class=\"x_MsoNormal\"><span lang=\"ES-MX\">\u00a0<\/span><\/p>\n<p class=\"x_MsoNormal\"><span lang=\"ES-MX\">Con base en el an\u00e1lisis de casos espec\u00edficos, esta Unidad construye informes de contexto, informes criminol\u00f3gicos y recomendaciones globales y espec\u00edficas.<\/span><\/p>\n<p class=\"x_MsoNormal\"><span lang=\"ES-MX\">\u00a0<\/span><\/p>\n<p class=\"x_MsoNormal\"><span lang=\"ES-MX\">\u201cLa unidad de an\u00e1lisis est\u00e1 hecha para identificar en un espacio y en un tiempo cu\u00e1l es el fen\u00f3meno criminol\u00f3gico en un momento y en un entorno\u201d, detall\u00f3 Dilcya Garc\u00eda, Fiscal Central de Atenci\u00f3n a Delitos vinculados a la Violencia de G\u00e9nero.<\/span><\/p>\n<p class=\"x_MsoNormal\"><span lang=\"ES-MX\">\u00a0<\/span><\/p>\n<p class=\"x_MsoNormal\"><span lang=\"ES-MX\">Actualmente analizan 20 casos se\u00f1alados por colectivos, ONGs y el Observatorio Ciudadano del Feminicidio como casos prioritarios, y apoyan diariamente a los ministerios p\u00fablico y fiscales.<\/span><\/p>\n","protected":false},"excerpt":{"rendered":"<p>El Grupo Especializado de Revisi\u00f3n de Expedientes y Carpetas de Investigaci\u00f3n de la Fiscal\u00eda General<\/p>\n","protected":false},"author":1,"featured_media":1180,"comment_status":"open","ping_status":"open","sticky":false,"template":"","format":"standard","meta":{"footnotes":""},"categories":[1],"tags":[7,89,9,73,77,63,91,6,85,90,75,21,76,71,22,92,41,43],"class_list":["post-1179","post","type-post","status-publish","format-standard","has-post-thumbnail","hentry","category-municipales","tag-amecameca","tag-atizapan","tag-chalco","tag-chimalhuacan","tag-coacalco","tag-ecatepec","tag-huixquilucan","tag-ixtapaluca","tag-izcalli","tag-la-paz","tag-naucalpan","tag-nezahualcoyotl","tag-nicolas-romero","tag-tecamac","tag-texcoco","tag-tlalnepantla","tag-toluca","tag-tultitlan"],"yoast_head":"<!-- This site is optimized with the Yoast SEO plugin v25.3 - https:\/\/yoast.com\/wordpress\/plugins\/seo\/ -->\n<title>Presentan avances grupos especializados de la FGJEM en la atenci\u00f3n de la alerta de g\u00e9nero - Volcanes<\/title>\n<meta name=\"robots\" content=\"index, follow, max-snippet:-1, max-image-preview:large, max-video-preview:-1\" \/>\n<link rel=\"canonical\" href=\"https:\/\/volcanes.net\/?p=1179\" \/>\n<meta property=\"og:locale\" content=\"es_MX\" \/>\n<meta property=\"og:type\" content=\"article\" \/>\n<meta property=\"og:title\" content=\"Presentan avances grupos especializados de la FGJEM en la atenci\u00f3n de la alerta de g\u00e9nero - Volcanes\" \/>\n<meta property=\"og:description\" content=\"El Grupo Especializado de Revisi\u00f3n de Expedientes y Carpetas de Investigaci\u00f3n de la Fiscal\u00eda General\" \/>\n<meta property=\"og:url\" content=\"https:\/\/volcanes.net\/?p=1179\" \/>\n<meta property=\"og:site_name\" content=\"Volcanes\" \/>\n<meta property=\"article:publisher\" content=\"https:\/\/www.facebook.com\/volcanes.net\/\" \/>\n<meta property=\"article:published_time\" content=\"2018-02-17T01:57:20+00:00\" \/>\n<meta property=\"og:image\" content=\"https:\/\/volcanes.net\/wp-content\/uploads\/2018\/02\/alerta-de-genero.jpg\" \/>\n\t<meta property=\"og:image:width\" content=\"554\" \/>\n\t<meta property=\"og:image:height\" content=\"367\" \/>\n\t<meta property=\"og:image:type\" content=\"image\/jpeg\" \/>\n<meta name=\"author\" content=\"admin\" \/>\n<meta name=\"twitter:card\" content=\"summary_large_image\" \/>\n<meta name=\"twitter:label1\" content=\"Escrito por\" \/>\n\t<meta name=\"twitter:data1\" content=\"admin\" \/>\n\t<meta name=\"twitter:label2\" content=\"Tiempo de lectura\" \/>\n\t<meta name=\"twitter:data2\" content=\"2 minutos\" \/>\n<script type=\"application\/ld+json\" class=\"yoast-schema-graph\">{\"@context\":\"https:\/\/schema.org\",\"@graph\":[{\"@type\":\"Article\",\"@id\":\"https:\/\/volcanes.net\/?p=1179#article\",\"isPartOf\":{\"@id\":\"https:\/\/volcanes.net\/?p=1179\"},\"author\":{\"name\":\"admin\",\"@id\":\"https:\/\/volcanes.net\/#\/schema\/person\/4bf0f383940966a4abd53f5048c0e6b9\"},\"headline\":\"Presentan avances grupos especializados de la FGJEM en la atenci\u00f3n de la alerta de g\u00e9nero\",\"datePublished\":\"2018-02-17T01:57:20+00:00\",\"mainEntityOfPage\":{\"@id\":\"https:\/\/volcanes.net\/?p=1179\"},\"wordCount\":452,\"commentCount\":0,\"publisher\":{\"@id\":\"https:\/\/volcanes.net\/#organization\"},\"image\":{\"@id\":\"https:\/\/volcanes.net\/?p=1179#primaryimage\"},\"thumbnailUrl\":\"https:\/\/volcanes.net\/wp-content\/uploads\/2018\/02\/alerta-de-genero.jpg\",\"keywords\":[\"Amecameca\",\"Atizap\u00e1n\",\"Chalco\",\"Chimalhuac\u00e1n\",\"Coacalco\",\"Ecatepec\",\"Huixquilucan\",\"Ixtapaluca\",\"Izcalli\",\"La Paz\",\"Naucalpan\",\"Nezahualc\u00f3yotl\",\"Nicol\u00e1s Romero\",\"Tec\u00e1mac\",\"Texcoco\",\"Tlalnepantla\",\"Toluca\",\"Tultitl\u00e1n\"],\"articleSection\":[\"Municipales\"],\"inLanguage\":\"es\",\"potentialAction\":[{\"@type\":\"CommentAction\",\"name\":\"Comment\",\"target\":[\"https:\/\/volcanes.net\/?p=1179#respond\"]}]},{\"@type\":\"WebPage\",\"@id\":\"https:\/\/volcanes.net\/?p=1179\",\"url\":\"https:\/\/volcanes.net\/?p=1179\",\"name\":\"Presentan avances grupos especializados de la FGJEM en la atenci\u00f3n de la alerta de g\u00e9nero - Volcanes\",\"isPartOf\":{\"@id\":\"https:\/\/volcanes.net\/#website\"},\"primaryImageOfPage\":{\"@id\":\"https:\/\/volcanes.net\/?p=1179#primaryimage\"},\"image\":{\"@id\":\"https:\/\/volcanes.net\/?p=1179#primaryimage\"},\"thumbnailUrl\":\"https:\/\/volcanes.net\/wp-content\/uploads\/2018\/02\/alerta-de-genero.jpg\",\"datePublished\":\"2018-02-17T01:57:20+00:00\",\"breadcrumb\":{\"@id\":\"https:\/\/volcanes.net\/?p=1179#breadcrumb\"},\"inLanguage\":\"es\",\"potentialAction\":[{\"@type\":\"ReadAction\",\"target\":[\"https:\/\/volcanes.net\/?p=1179\"]}]},{\"@type\":\"ImageObject\",\"inLanguage\":\"es\",\"@id\":\"https:\/\/volcanes.net\/?p=1179#primaryimage\",\"url\":\"https:\/\/volcanes.net\/wp-content\/uploads\/2018\/02\/alerta-de-genero.jpg\",\"contentUrl\":\"https:\/\/volcanes.net\/wp-content\/uploads\/2018\/02\/alerta-de-genero.jpg\",\"width\":554,\"height\":367},{\"@type\":\"BreadcrumbList\",\"@id\":\"https:\/\/volcanes.net\/?p=1179#breadcrumb\",\"itemListElement\":[{\"@type\":\"ListItem\",\"position\":1,\"name\":\"Portada\",\"item\":\"https:\/\/volcanes.net\/\"},{\"@type\":\"ListItem\",\"position\":2,\"name\":\"Presentan avances grupos especializados de la FGJEM en la atenci\u00f3n de la alerta de g\u00e9nero\"}]},{\"@type\":\"WebSite\",\"@id\":\"https:\/\/volcanes.net\/#website\",\"url\":\"https:\/\/volcanes.net\/\",\"name\":\"Volcanes.Net\",\"description\":\"Periodismo Profesional\",\"publisher\":{\"@id\":\"https:\/\/volcanes.net\/#organization\"},\"potentialAction\":[{\"@type\":\"SearchAction\",\"target\":{\"@type\":\"EntryPoint\",\"urlTemplate\":\"https:\/\/volcanes.net\/?s={search_term_string}\"},\"query-input\":{\"@type\":\"PropertyValueSpecification\",\"valueRequired\":true,\"valueName\":\"search_term_string\"}}],\"inLanguage\":\"es\"},{\"@type\":\"Organization\",\"@id\":\"https:\/\/volcanes.net\/#organization\",\"name\":\"Grupo Volcanes\",\"url\":\"https:\/\/volcanes.net\/\",\"logo\":{\"@type\":\"ImageObject\",\"inLanguage\":\"es\",\"@id\":\"https:\/\/volcanes.net\/#\/schema\/logo\/image\/\",\"url\":\"http:\/\/volcanes.net\/wp-content\/uploads\/2017\/12\/Avatar2.jpg\",\"contentUrl\":\"http:\/\/volcanes.net\/wp-content\/uploads\/2017\/12\/Avatar2.jpg\",\"width\":378,\"height\":378,\"caption\":\"Grupo Volcanes\"},\"image\":{\"@id\":\"https:\/\/volcanes.net\/#\/schema\/logo\/image\/\"},\"sameAs\":[\"https:\/\/www.facebook.com\/volcanes.net\/\"]},{\"@type\":\"Person\",\"@id\":\"https:\/\/volcanes.net\/#\/schema\/person\/4bf0f383940966a4abd53f5048c0e6b9\",\"name\":\"admin\",\"image\":{\"@type\":\"ImageObject\",\"inLanguage\":\"es\",\"@id\":\"https:\/\/volcanes.net\/#\/schema\/person\/image\/\",\"url\":\"https:\/\/secure.gravatar.com\/avatar\/ca004e6cba8462b8cb7abc86e382930c?s=96&d=mm&r=g\",\"contentUrl\":\"https:\/\/secure.gravatar.com\/avatar\/ca004e6cba8462b8cb7abc86e382930c?s=96&d=mm&r=g\",\"caption\":\"admin\"}}]}<\/script>\n<!-- \/ Yoast SEO plugin. -->","yoast_head_json":{"title":"Presentan avances grupos especializados de la FGJEM en la atenci\u00f3n de la alerta de g\u00e9nero - Volcanes","robots":{"index":"index","follow":"follow","max-snippet":"max-snippet:-1","max-image-preview":"max-image-preview:large","max-video-preview":"max-video-preview:-1"},"canonical":"https:\/\/volcanes.net\/?p=1179","og_locale":"es_MX","og_type":"article","og_title":"Presentan avances grupos especializados de la FGJEM en la atenci\u00f3n de la alerta de g\u00e9nero - Volcanes","og_description":"El Grupo Especializado de Revisi\u00f3n de Expedientes y Carpetas de Investigaci\u00f3n de la Fiscal\u00eda General","og_url":"https:\/\/volcanes.net\/?p=1179","og_site_name":"Volcanes","article_publisher":"https:\/\/www.facebook.com\/volcanes.net\/","article_published_time":"2018-02-17T01:57:20+00:00","og_image":[{"width":554,"height":367,"url":"https:\/\/volcanes.net\/wp-content\/uploads\/2018\/02\/alerta-de-genero.jpg","type":"image\/jpeg"}],"author":"admin","twitter_card":"summary_large_image","twitter_misc":{"Escrito por":"admin","Tiempo de lectura":"2 minutos"},"schema":{"@context":"https:\/\/schema.org","@graph":[{"@type":"Article","@id":"https:\/\/volcanes.net\/?p=1179#article","isPartOf":{"@id":"https:\/\/volcanes.net\/?p=1179"},"author":{"name":"admin","@id":"https:\/\/volcanes.net\/#\/schema\/person\/4bf0f383940966a4abd53f5048c0e6b9"},"headline":"Presentan avances grupos especializados de la FGJEM en la atenci\u00f3n de la alerta de g\u00e9nero","datePublished":"2018-02-17T01:57:20+00:00","mainEntityOfPage":{"@id":"https:\/\/volcanes.net\/?p=1179"},"wordCount":452,"commentCount":0,"publisher":{"@id":"https:\/\/volcanes.net\/#organization"},"image":{"@id":"https:\/\/volcanes.net\/?p=1179#primaryimage"},"thumbnailUrl":"https:\/\/volcanes.net\/wp-content\/uploads\/2018\/02\/alerta-de-genero.jpg","keywords":["Amecameca","Atizap\u00e1n","Chalco","Chimalhuac\u00e1n","Coacalco","Ecatepec","Huixquilucan","Ixtapaluca","Izcalli","La Paz","Naucalpan","Nezahualc\u00f3yotl","Nicol\u00e1s Romero","Tec\u00e1mac","Texcoco","Tlalnepantla","Toluca","Tultitl\u00e1n"],"articleSection":["Municipales"],"inLanguage":"es","potentialAction":[{"@type":"CommentAction","name":"Comment","target":["https:\/\/volcanes.net\/?p=1179#respond"]}]},{"@type":"WebPage","@id":"https:\/\/volcanes.net\/?p=1179","url":"https:\/\/volcanes.net\/?p=1179","name":"Presentan avances grupos especializados de la FGJEM en la atenci\u00f3n de la alerta de g\u00e9nero - Volcanes","isPartOf":{"@id":"https:\/\/volcanes.net\/#website"},"primaryImageOfPage":{"@id":"https:\/\/volcanes.net\/?p=1179#primaryimage"},"image":{"@id":"https:\/\/volcanes.net\/?p=1179#primaryimage"},"thumbnailUrl":"https:\/\/volcanes.net\/wp-content\/uploads\/2018\/02\/alerta-de-genero.jpg","datePublished":"2018-02-17T01:57:20+00:00","breadcrumb":{"@id":"https:\/\/volcanes.net\/?p=1179#breadcrumb"},"inLanguage":"es","potentialAction":[{"@type":"ReadAction","target":["https:\/\/volcanes.net\/?p=1179"]}]},{"@type":"ImageObject","inLanguage":"es","@id":"https:\/\/volcanes.net\/?p=1179#primaryimage","url":"https:\/\/volcanes.net\/wp-content\/uploads\/2018\/02\/alerta-de-genero.jpg","contentUrl":"https:\/\/volcanes.net\/wp-content\/uploads\/2018\/02\/alerta-de-genero.jpg","width":554,"height":367},{"@type":"BreadcrumbList","@id":"https:\/\/volcanes.net\/?p=1179#breadcrumb","itemListElement":[{"@type":"ListItem","position":1,"name":"Portada","item":"https:\/\/volcanes.net\/"},{"@type":"ListItem","position":2,"name":"Presentan avances grupos especializados de la FGJEM en la atenci\u00f3n de la alerta de g\u00e9nero"}]},{"@type":"WebSite","@id":"https:\/\/volcanes.net\/#website","url":"https:\/\/volcanes.net\/","name":"Volcanes.Net","description":"Periodismo Profesional","publisher":{"@id":"https:\/\/volcanes.net\/#organization"},"potentialAction":[{"@type":"SearchAction","target":{"@type":"EntryPoint","urlTemplate":"https:\/\/volcanes.net\/?s={search_term_string}"},"query-input":{"@type":"PropertyValueSpecification","valueRequired":true,"valueName":"search_term_string"}}],"inLanguage":"es"},{"@type":"Organization","@id":"https:\/\/volcanes.net\/#organization","name":"Grupo Volcanes","url":"https:\/\/volcanes.net\/","logo":{"@type":"ImageObject","inLanguage":"es","@id":"https:\/\/volcanes.net\/#\/schema\/logo\/image\/","url":"http:\/\/volcanes.net\/wp-content\/uploads\/2017\/12\/Avatar2.jpg","contentUrl":"http:\/\/volcanes.net\/wp-content\/uploads\/2017\/12\/Avatar2.jpg","width":378,"height":378,"caption":"Grupo Volcanes"},"image":{"@id":"https:\/\/volcanes.net\/#\/schema\/logo\/image\/"},"sameAs":["https:\/\/www.facebook.com\/volcanes.net\/"]},{"@type":"Person","@id":"https:\/\/volcanes.net\/#\/schema\/person\/4bf0f383940966a4abd53f5048c0e6b9","name":"admin","image":{"@type":"ImageObject","inLanguage":"es","@id":"https:\/\/volcanes.net\/#\/schema\/person\/image\/","url":"https:\/\/secure.gravatar.com\/avatar\/ca004e6cba8462b8cb7abc86e382930c?s=96&d=mm&r=g","contentUrl":"https:\/\/secure.gravatar.com\/avatar\/ca004e6cba8462b8cb7abc86e382930c?s=96&d=mm&r=g","caption":"admin"}}]}},"_links":{"self":[{"href":"https:\/\/volcanes.net\/index.php?rest_route=\/wp\/v2\/posts\/1179"}],"collection":[{"href":"https:\/\/volcanes.net\/index.php?rest_route=\/wp\/v2\/posts"}],"about":[{"href":"https:\/\/volcanes.net\/index.php?rest_route=\/wp\/v2\/types\/post"}],"author":[{"embeddable":true,"href":"https:\/\/volcanes.net\/index.php?rest_route=\/wp\/v2\/users\/1"}],"replies":[{"embeddable":true,"href":"https:\/\/volcanes.net\/index.php?rest_route=%2Fwp%2Fv2%2Fcomments&post=1179"}],"version-history":[{"count":1,"href":"https:\/\/volcanes.net\/index.php?rest_route=\/wp\/v2\/posts\/1179\/revisions"}],"predecessor-version":[{"id":1181,"href":"https:\/\/volcanes.net\/index.php?rest_route=\/wp\/v2\/posts\/1179\/revisions\/1181"}],"wp:featuredmedia":[{"embeddable":true,"href":"https:\/\/volcanes.net\/index.php?rest_route=\/wp\/v2\/media\/1180"}],"wp:attachment":[{"href":"https:\/\/volcanes.net\/index.php?rest_route=%2Fwp%2Fv2%2Fmedia&parent=1179"}],"wp:term":[{"taxonomy":"category","embeddable":true,"href":"https:\/\/volcanes.net\/index.php?rest_route=%2Fwp%2Fv2%2Fcategories&post=1179"},{"taxonomy":"post_tag","embeddable":true,"href":"https:\/\/volcanes.net\/index.php?rest_route=%2Fwp%2Fv2%2Ftags&post=1179"}],"curies":[{"name":"wp","href":"https:\/\/api.w.org\/{rel}","templated":true}]}}