{"id":11812,"date":"2021-06-28T15:07:31","date_gmt":"2021-06-28T21:07:31","guid":{"rendered":"http:\/\/volcanes.net\/?p=11812"},"modified":"2021-06-28T15:07:31","modified_gmt":"2021-06-28T21:07:31","slug":"del-28-al-30-de-junio-se-realizara-la-aplicacion-de-la-vacuna-contra-el-covid-19-en-ixtapaluca","status":"publish","type":"post","link":"https:\/\/volcanes.net\/?p=11812","title":{"rendered":"Del 28 al 30 de junio se realizar\u00e1 la aplicaci\u00f3n de la vacuna contra el Covid-19 en Ixtapaluca"},"content":{"rendered":"<div style=\"margin-top: 0px; margin-bottom: 0px;\" class=\"sharethis-inline-share-buttons\" ><\/div><div dir=\"auto\" style=\"text-align: justify;\">Ixtapaluca, Estado de M\u00e9xico.- Este lunes 28 y hasta el mi\u00e9rcoles 30 de junio se llevar\u00e1 a cabo la Jornada de Vacunaci\u00f3n Contra el COVID-19 para adultos de 40 a 49 a\u00f1os de edad en Ixtapaluca, de acuerdo con las autoridades municipales encabezadas por Maricela Serrano Hern\u00e1ndez se\u00f1al\u00f3 que se tiene prevista la aplicaci\u00f3n de 76 mil 169 dosis; adem\u00e1s de que se tiene contempladas a mujeres embarazadas, as\u00ed como personas que por alguna raz\u00f3n no han podido recibir el biol\u00f3gico.<\/div>\n<div dir=\"auto\" style=\"text-align: justify;\"><\/div>\n<div dir=\"auto\" style=\"text-align: justify;\">\n<div dir=\"auto\">Durante una conferencia de prensa conjunta con los tres \u00f3rdenes de gobierno realizada el fin de semana, la alcaldesa de Ixtapaluca Maricela Serano, dijo que la aplicaci\u00f3n de la vacuna entre las tres instancias de gobierno es un acto de unidad, y reiter\u00f3 que todo el personal de la administraci\u00f3n municipal est\u00e1 en la mejor disposici\u00f3n de ayudar. Agradeci\u00f3 a los voluntarios por su importante labor.<\/div>\n<\/div>\n<div dir=\"auto\" style=\"text-align: justify;\"><\/div>\n<div dir=\"auto\" style=\"text-align: justify;\">\n<div dir=\"auto\">Karla Herrera, jefa de la Jurisdicci\u00f3n Sanitaria de Amecameca, precis\u00f3 que la vacuna aplicada ser\u00e1 de la farmac\u00e9utica AstraZeneca y que se llevar\u00e1 a cabo en las cuatro sedes de las campa\u00f1as anteriores.<\/div>\n<\/div>\n<div dir=\"auto\" style=\"text-align: justify;\"><\/div>\n<div dir=\"auto\" style=\"text-align: justify;\">\n<div dir=\"auto\">Ellas son: la explanada municipal, el mercado 20 de noviembre, en Izcalli, el estacionamiento de la ex Comercial Mexicana y la Ciudad Deportiva, \u00e9sta \u00faltima en modalidad vehicular. En el caso de las mujeres embarazadas deben ser mayores de 18 a\u00f1os de edad con nueve semanas de gestaci\u00f3n o m\u00e1s, as\u00ed como personas que por alguna raz\u00f3n no han podido recibir la vacuna.<\/div>\n<\/div>\n<div dir=\"auto\" style=\"text-align: justify;\"><\/div>\n<div dir=\"auto\" style=\"text-align: justify;\">\n<div dir=\"auto\">La funcionaria pidi\u00f3 a la poblaci\u00f3n vacunarse, pues dijo se ha avanzado en la disminuci\u00f3n del n\u00famero de contagios y en la afectaci\u00f3n entre la poblaci\u00f3n de m\u00e1s de 60 a\u00f1os.<\/div>\n<\/div>\n<div dir=\"auto\" style=\"text-align: justify;\"><\/div>\n<div dir=\"auto\" style=\"text-align: justify;\">\n<div dir=\"auto\">Pidi\u00f3 tener confianza de que cuando llegue el tiempo de aplicar las segundas dosis se dar\u00e1 a conocer a la poblaci\u00f3n, y en el caso de la vacuna AstraZeneca para personas de 50-59 a\u00f1os de edad en Ixtapaluca, se debe esperar el tiempo de 56 y 84 d\u00edas posteriores a la primera aplicaci\u00f3n.<\/div>\n<\/div>\n<div dir=\"auto\" style=\"text-align: justify;\"><\/div>\n<div dir=\"auto\" style=\"text-align: justify;\">\n<div dir=\"auto\">Maricela Serrano invit\u00f3 a las y los ixtapaluquenses para que acudan de manera ordenada durante los tres d\u00edas a las cuatro sedes instaladas, pues hay capacidad para atender y garantizar la aplicaci\u00f3n de esta vacuna. Lament\u00f3 que en el municipio hasta hoy 734 personas hayan perdido la vida a causa de esta pandemia.<\/div>\n<\/div>\n<div dir=\"auto\" style=\"text-align: justify;\"><\/div>\n<div dir=\"auto\">\n<div id=\":23\" class=\"ii gt\">\n<div id=\":22\" class=\"a3s aiL \">\n<div dir=\"auto\">\n<div dir=\"auto\" style=\"text-align: justify;\">Jos\u00e9 Antonio V\u00e1zquez, director general del Gobierno de M\u00e9xico y coordinador regional para la Construcci\u00f3n de la Paz, inform\u00f3 que hasta el momento han sido aplicadas 118 mil 240 dosis de la vacuna en este municipio.<\/div>\n<\/div>\n<\/div>\n<\/div>\n<\/div>\n","protected":false},"excerpt":{"rendered":"<p>Ixtapaluca, Estado de M\u00e9xico.- Este lunes 28 y hasta el mi\u00e9rcoles 30 de junio se<\/p>\n","protected":false},"author":1,"featured_media":11813,"comment_status":"open","ping_status":"open","sticky":false,"template":"","format":"standard","meta":{"footnotes":""},"categories":[1],"tags":[6],"class_list":["post-11812","post","type-post","status-publish","format-standard","has-post-thumbnail","hentry","category-municipales","tag-ixtapaluca"],"yoast_head":"<!-- This site is optimized with the Yoast SEO plugin v25.3 - https:\/\/yoast.com\/wordpress\/plugins\/seo\/ -->\n<title>Del 28 al 30 de junio se realizar\u00e1 la aplicaci\u00f3n de la vacuna contra el Covid-19 en Ixtapaluca - Volcanes<\/title>\n<meta name=\"robots\" content=\"index, follow, max-snippet:-1, max-image-preview:large, max-video-preview:-1\" \/>\n<link rel=\"canonical\" href=\"https:\/\/volcanes.net\/?p=11812\" \/>\n<meta property=\"og:locale\" content=\"es_MX\" \/>\n<meta property=\"og:type\" content=\"article\" \/>\n<meta property=\"og:title\" content=\"Del 28 al 30 de junio se realizar\u00e1 la aplicaci\u00f3n de la vacuna contra el Covid-19 en Ixtapaluca - Volcanes\" \/>\n<meta property=\"og:description\" content=\"Ixtapaluca, Estado de M\u00e9xico.- Este lunes 28 y hasta el mi\u00e9rcoles 30 de junio se\" \/>\n<meta property=\"og:url\" content=\"https:\/\/volcanes.net\/?p=11812\" \/>\n<meta property=\"og:site_name\" content=\"Volcanes\" \/>\n<meta property=\"article:publisher\" content=\"https:\/\/www.facebook.com\/volcanes.net\/\" \/>\n<meta property=\"article:published_time\" content=\"2021-06-28T21:07:31+00:00\" \/>\n<meta property=\"og:image\" content=\"https:\/\/volcanes.net\/wp-content\/uploads\/2021\/06\/FB_IMG_1624907920681.jpg\" \/>\n\t<meta property=\"og:image:width\" content=\"720\" \/>\n\t<meta property=\"og:image:height\" content=\"448\" \/>\n\t<meta property=\"og:image:type\" content=\"image\/jpeg\" \/>\n<meta name=\"author\" content=\"admin\" \/>\n<meta name=\"twitter:card\" content=\"summary_large_image\" \/>\n<meta name=\"twitter:label1\" content=\"Escrito por\" \/>\n\t<meta name=\"twitter:data1\" content=\"admin\" \/>\n\t<meta name=\"twitter:label2\" content=\"Tiempo de lectura\" \/>\n\t<meta name=\"twitter:data2\" content=\"2 minutos\" \/>\n<script type=\"application\/ld+json\" class=\"yoast-schema-graph\">{\"@context\":\"https:\/\/schema.org\",\"@graph\":[{\"@type\":\"Article\",\"@id\":\"https:\/\/volcanes.net\/?p=11812#article\",\"isPartOf\":{\"@id\":\"https:\/\/volcanes.net\/?p=11812\"},\"author\":{\"name\":\"admin\",\"@id\":\"https:\/\/volcanes.net\/#\/schema\/person\/4bf0f383940966a4abd53f5048c0e6b9\"},\"headline\":\"Del 28 al 30 de junio se realizar\u00e1 la aplicaci\u00f3n de la vacuna contra el Covid-19 en Ixtapaluca\",\"datePublished\":\"2021-06-28T21:07:31+00:00\",\"mainEntityOfPage\":{\"@id\":\"https:\/\/volcanes.net\/?p=11812\"},\"wordCount\":456,\"commentCount\":0,\"publisher\":{\"@id\":\"https:\/\/volcanes.net\/#organization\"},\"image\":{\"@id\":\"https:\/\/volcanes.net\/?p=11812#primaryimage\"},\"thumbnailUrl\":\"https:\/\/volcanes.net\/wp-content\/uploads\/2021\/06\/FB_IMG_1624907920681.jpg\",\"keywords\":[\"Ixtapaluca\"],\"articleSection\":[\"Municipales\"],\"inLanguage\":\"es\",\"potentialAction\":[{\"@type\":\"CommentAction\",\"name\":\"Comment\",\"target\":[\"https:\/\/volcanes.net\/?p=11812#respond\"]}]},{\"@type\":\"WebPage\",\"@id\":\"https:\/\/volcanes.net\/?p=11812\",\"url\":\"https:\/\/volcanes.net\/?p=11812\",\"name\":\"Del 28 al 30 de junio se realizar\u00e1 la aplicaci\u00f3n de la vacuna contra el Covid-19 en Ixtapaluca - Volcanes\",\"isPartOf\":{\"@id\":\"https:\/\/volcanes.net\/#website\"},\"primaryImageOfPage\":{\"@id\":\"https:\/\/volcanes.net\/?p=11812#primaryimage\"},\"image\":{\"@id\":\"https:\/\/volcanes.net\/?p=11812#primaryimage\"},\"thumbnailUrl\":\"https:\/\/volcanes.net\/wp-content\/uploads\/2021\/06\/FB_IMG_1624907920681.jpg\",\"datePublished\":\"2021-06-28T21:07:31+00:00\",\"breadcrumb\":{\"@id\":\"https:\/\/volcanes.net\/?p=11812#breadcrumb\"},\"inLanguage\":\"es\",\"potentialAction\":[{\"@type\":\"ReadAction\",\"target\":[\"https:\/\/volcanes.net\/?p=11812\"]}]},{\"@type\":\"ImageObject\",\"inLanguage\":\"es\",\"@id\":\"https:\/\/volcanes.net\/?p=11812#primaryimage\",\"url\":\"https:\/\/volcanes.net\/wp-content\/uploads\/2021\/06\/FB_IMG_1624907920681.jpg\",\"contentUrl\":\"https:\/\/volcanes.net\/wp-content\/uploads\/2021\/06\/FB_IMG_1624907920681.jpg\",\"width\":720,\"height\":448},{\"@type\":\"BreadcrumbList\",\"@id\":\"https:\/\/volcanes.net\/?p=11812#breadcrumb\",\"itemListElement\":[{\"@type\":\"ListItem\",\"position\":1,\"name\":\"Portada\",\"item\":\"https:\/\/volcanes.net\/\"},{\"@type\":\"ListItem\",\"position\":2,\"name\":\"Del 28 al 30 de junio se realizar\u00e1 la aplicaci\u00f3n de la vacuna contra el Covid-19 en Ixtapaluca\"}]},{\"@type\":\"WebSite\",\"@id\":\"https:\/\/volcanes.net\/#website\",\"url\":\"https:\/\/volcanes.net\/\",\"name\":\"Volcanes.Net\",\"description\":\"Periodismo Profesional\",\"publisher\":{\"@id\":\"https:\/\/volcanes.net\/#organization\"},\"potentialAction\":[{\"@type\":\"SearchAction\",\"target\":{\"@type\":\"EntryPoint\",\"urlTemplate\":\"https:\/\/volcanes.net\/?s={search_term_string}\"},\"query-input\":{\"@type\":\"PropertyValueSpecification\",\"valueRequired\":true,\"valueName\":\"search_term_string\"}}],\"inLanguage\":\"es\"},{\"@type\":\"Organization\",\"@id\":\"https:\/\/volcanes.net\/#organization\",\"name\":\"Grupo Volcanes\",\"url\":\"https:\/\/volcanes.net\/\",\"logo\":{\"@type\":\"ImageObject\",\"inLanguage\":\"es\",\"@id\":\"https:\/\/volcanes.net\/#\/schema\/logo\/image\/\",\"url\":\"http:\/\/volcanes.net\/wp-content\/uploads\/2017\/12\/Avatar2.jpg\",\"contentUrl\":\"http:\/\/volcanes.net\/wp-content\/uploads\/2017\/12\/Avatar2.jpg\",\"width\":378,\"height\":378,\"caption\":\"Grupo Volcanes\"},\"image\":{\"@id\":\"https:\/\/volcanes.net\/#\/schema\/logo\/image\/\"},\"sameAs\":[\"https:\/\/www.facebook.com\/volcanes.net\/\"]},{\"@type\":\"Person\",\"@id\":\"https:\/\/volcanes.net\/#\/schema\/person\/4bf0f383940966a4abd53f5048c0e6b9\",\"name\":\"admin\",\"image\":{\"@type\":\"ImageObject\",\"inLanguage\":\"es\",\"@id\":\"https:\/\/volcanes.net\/#\/schema\/person\/image\/\",\"url\":\"https:\/\/secure.gravatar.com\/avatar\/ca004e6cba8462b8cb7abc86e382930c?s=96&d=mm&r=g\",\"contentUrl\":\"https:\/\/secure.gravatar.com\/avatar\/ca004e6cba8462b8cb7abc86e382930c?s=96&d=mm&r=g\",\"caption\":\"admin\"}}]}<\/script>\n<!-- \/ Yoast SEO plugin. -->","yoast_head_json":{"title":"Del 28 al 30 de junio se realizar\u00e1 la aplicaci\u00f3n de la vacuna contra el Covid-19 en Ixtapaluca - Volcanes","robots":{"index":"index","follow":"follow","max-snippet":"max-snippet:-1","max-image-preview":"max-image-preview:large","max-video-preview":"max-video-preview:-1"},"canonical":"https:\/\/volcanes.net\/?p=11812","og_locale":"es_MX","og_type":"article","og_title":"Del 28 al 30 de junio se realizar\u00e1 la aplicaci\u00f3n de la vacuna contra el Covid-19 en Ixtapaluca - Volcanes","og_description":"Ixtapaluca, Estado de M\u00e9xico.- Este lunes 28 y hasta el mi\u00e9rcoles 30 de junio se","og_url":"https:\/\/volcanes.net\/?p=11812","og_site_name":"Volcanes","article_publisher":"https:\/\/www.facebook.com\/volcanes.net\/","article_published_time":"2021-06-28T21:07:31+00:00","og_image":[{"width":720,"height":448,"url":"https:\/\/volcanes.net\/wp-content\/uploads\/2021\/06\/FB_IMG_1624907920681.jpg","type":"image\/jpeg"}],"author":"admin","twitter_card":"summary_large_image","twitter_misc":{"Escrito por":"admin","Tiempo de lectura":"2 minutos"},"schema":{"@context":"https:\/\/schema.org","@graph":[{"@type":"Article","@id":"https:\/\/volcanes.net\/?p=11812#article","isPartOf":{"@id":"https:\/\/volcanes.net\/?p=11812"},"author":{"name":"admin","@id":"https:\/\/volcanes.net\/#\/schema\/person\/4bf0f383940966a4abd53f5048c0e6b9"},"headline":"Del 28 al 30 de junio se realizar\u00e1 la aplicaci\u00f3n de la vacuna contra el Covid-19 en Ixtapaluca","datePublished":"2021-06-28T21:07:31+00:00","mainEntityOfPage":{"@id":"https:\/\/volcanes.net\/?p=11812"},"wordCount":456,"commentCount":0,"publisher":{"@id":"https:\/\/volcanes.net\/#organization"},"image":{"@id":"https:\/\/volcanes.net\/?p=11812#primaryimage"},"thumbnailUrl":"https:\/\/volcanes.net\/wp-content\/uploads\/2021\/06\/FB_IMG_1624907920681.jpg","keywords":["Ixtapaluca"],"articleSection":["Municipales"],"inLanguage":"es","potentialAction":[{"@type":"CommentAction","name":"Comment","target":["https:\/\/volcanes.net\/?p=11812#respond"]}]},{"@type":"WebPage","@id":"https:\/\/volcanes.net\/?p=11812","url":"https:\/\/volcanes.net\/?p=11812","name":"Del 28 al 30 de junio se realizar\u00e1 la aplicaci\u00f3n de la vacuna contra el Covid-19 en Ixtapaluca - Volcanes","isPartOf":{"@id":"https:\/\/volcanes.net\/#website"},"primaryImageOfPage":{"@id":"https:\/\/volcanes.net\/?p=11812#primaryimage"},"image":{"@id":"https:\/\/volcanes.net\/?p=11812#primaryimage"},"thumbnailUrl":"https:\/\/volcanes.net\/wp-content\/uploads\/2021\/06\/FB_IMG_1624907920681.jpg","datePublished":"2021-06-28T21:07:31+00:00","breadcrumb":{"@id":"https:\/\/volcanes.net\/?p=11812#breadcrumb"},"inLanguage":"es","potentialAction":[{"@type":"ReadAction","target":["https:\/\/volcanes.net\/?p=11812"]}]},{"@type":"ImageObject","inLanguage":"es","@id":"https:\/\/volcanes.net\/?p=11812#primaryimage","url":"https:\/\/volcanes.net\/wp-content\/uploads\/2021\/06\/FB_IMG_1624907920681.jpg","contentUrl":"https:\/\/volcanes.net\/wp-content\/uploads\/2021\/06\/FB_IMG_1624907920681.jpg","width":720,"height":448},{"@type":"BreadcrumbList","@id":"https:\/\/volcanes.net\/?p=11812#breadcrumb","itemListElement":[{"@type":"ListItem","position":1,"name":"Portada","item":"https:\/\/volcanes.net\/"},{"@type":"ListItem","position":2,"name":"Del 28 al 30 de junio se realizar\u00e1 la aplicaci\u00f3n de la vacuna contra el Covid-19 en Ixtapaluca"}]},{"@type":"WebSite","@id":"https:\/\/volcanes.net\/#website","url":"https:\/\/volcanes.net\/","name":"Volcanes.Net","description":"Periodismo Profesional","publisher":{"@id":"https:\/\/volcanes.net\/#organization"},"potentialAction":[{"@type":"SearchAction","target":{"@type":"EntryPoint","urlTemplate":"https:\/\/volcanes.net\/?s={search_term_string}"},"query-input":{"@type":"PropertyValueSpecification","valueRequired":true,"valueName":"search_term_string"}}],"inLanguage":"es"},{"@type":"Organization","@id":"https:\/\/volcanes.net\/#organization","name":"Grupo Volcanes","url":"https:\/\/volcanes.net\/","logo":{"@type":"ImageObject","inLanguage":"es","@id":"https:\/\/volcanes.net\/#\/schema\/logo\/image\/","url":"http:\/\/volcanes.net\/wp-content\/uploads\/2017\/12\/Avatar2.jpg","contentUrl":"http:\/\/volcanes.net\/wp-content\/uploads\/2017\/12\/Avatar2.jpg","width":378,"height":378,"caption":"Grupo Volcanes"},"image":{"@id":"https:\/\/volcanes.net\/#\/schema\/logo\/image\/"},"sameAs":["https:\/\/www.facebook.com\/volcanes.net\/"]},{"@type":"Person","@id":"https:\/\/volcanes.net\/#\/schema\/person\/4bf0f383940966a4abd53f5048c0e6b9","name":"admin","image":{"@type":"ImageObject","inLanguage":"es","@id":"https:\/\/volcanes.net\/#\/schema\/person\/image\/","url":"https:\/\/secure.gravatar.com\/avatar\/ca004e6cba8462b8cb7abc86e382930c?s=96&d=mm&r=g","contentUrl":"https:\/\/secure.gravatar.com\/avatar\/ca004e6cba8462b8cb7abc86e382930c?s=96&d=mm&r=g","caption":"admin"}}]}},"_links":{"self":[{"href":"https:\/\/volcanes.net\/index.php?rest_route=\/wp\/v2\/posts\/11812"}],"collection":[{"href":"https:\/\/volcanes.net\/index.php?rest_route=\/wp\/v2\/posts"}],"about":[{"href":"https:\/\/volcanes.net\/index.php?rest_route=\/wp\/v2\/types\/post"}],"author":[{"embeddable":true,"href":"https:\/\/volcanes.net\/index.php?rest_route=\/wp\/v2\/users\/1"}],"replies":[{"embeddable":true,"href":"https:\/\/volcanes.net\/index.php?rest_route=%2Fwp%2Fv2%2Fcomments&post=11812"}],"version-history":[{"count":1,"href":"https:\/\/volcanes.net\/index.php?rest_route=\/wp\/v2\/posts\/11812\/revisions"}],"predecessor-version":[{"id":11814,"href":"https:\/\/volcanes.net\/index.php?rest_route=\/wp\/v2\/posts\/11812\/revisions\/11814"}],"wp:featuredmedia":[{"embeddable":true,"href":"https:\/\/volcanes.net\/index.php?rest_route=\/wp\/v2\/media\/11813"}],"wp:attachment":[{"href":"https:\/\/volcanes.net\/index.php?rest_route=%2Fwp%2Fv2%2Fmedia&parent=11812"}],"wp:term":[{"taxonomy":"category","embeddable":true,"href":"https:\/\/volcanes.net\/index.php?rest_route=%2Fwp%2Fv2%2Fcategories&post=11812"},{"taxonomy":"post_tag","embeddable":true,"href":"https:\/\/volcanes.net\/index.php?rest_route=%2Fwp%2Fv2%2Ftags&post=11812"}],"curies":[{"name":"wp","href":"https:\/\/api.w.org\/{rel}","templated":true}]}}