{"id":11818,"date":"2021-06-28T17:36:59","date_gmt":"2021-06-28T23:36:59","guid":{"rendered":"http:\/\/volcanes.net\/?p=11818"},"modified":"2021-06-28T17:36:59","modified_gmt":"2021-06-28T23:36:59","slug":"detienen-a-tres-probables-implicados-en-el-delito-de-robo-de-vehiculo-con-violencia","status":"publish","type":"post","link":"https:\/\/volcanes.net\/?p=11818","title":{"rendered":"Detienen a tres probables implicados en el delito de robo de veh\u00edculo con violencia"},"content":{"rendered":"<div style=\"margin-top: 0px; margin-bottom: 0px;\" class=\"sharethis-inline-share-buttons\" ><\/div><p style=\"text-align: justify;\">Ixtapaluca, Estado de M\u00e9xico.- Los trabajos coordinados entre la Secretar\u00eda de Seguridad (SS) y su hom\u00f3loga en la Ciudad de M\u00e9xico (CDMX), permiti\u00f3 la detenci\u00f3n de tres probables implicados en el delito de robo de veh\u00edculo con violencia; en la acci\u00f3n, se asegur\u00f3 un automotor aparentemente utilizado como muro y se recuper\u00f3 la unidad despojada.<\/p>\n<p style=\"text-align: justify;\">A trav\u00e9s del n\u00famero de emergencias nacional 9-1-1, se atendi\u00f3 una denuncia en la que se inform\u00f3 que en las inmediaciones de la colonia Alfredo del Mazo, en este municipio, dos sujetos armados, amenazaron a una persona, para hurtar su autom\u00f3vil marca Kia, tipo Forte, color rojo; posteriormente, huyeron con direcci\u00f3n a la autopista M\u00e9xico- Puebla.<\/p>\n<p style=\"text-align: justify;\">Con c\u00e1maras aleda\u00f1as de infraestructura estatal, personal del Centro de Control, Comando, Comunicaci\u00f3n, C\u00f3mputo y Calidad (C5) realiz\u00f3 un cerco virtual, visualizando un veh\u00edculo con caracter\u00edsticas similares a las mencionadas, mismo que era seguido por un Audi A4, color negro, el cual visiblemente fung\u00eda como muro.<\/p>\n<p style=\"text-align: justify;\">Mediante los grupos de coordinaci\u00f3n, se inform\u00f3 su ruta en tiempo real a elementos de la Direcci\u00f3n General de Combate al Robo de Veh\u00edculos y Transporte (DGCRVyT), as\u00ed como de la Secretar\u00eda de Seguridad Ciudadana (SSC-CDMX), ya que se detect\u00f3 el posible ingreso de los objetivos en esta demarcaci\u00f3n.<\/p>\n<p style=\"text-align: justify;\">Tras efectuar el despliegue territorial, polic\u00edas capitalinos ubicaron la unidad muro, sobre la avenida Texcoco, Urbana Ejidal, Santa Martha Acatitla, en la alcald\u00eda de Iztapalapa, donde detuvieron a quienes se identificaron como Isa\u00ed &#8220;N&#8221;, Juan &#8220;N&#8221; y Andy &#8220;N&#8221; de 32, 36 y 21 a\u00f1os de edad, respectivamente, en tanto, el autom\u00f3vil robado fue localizado en la colonia San Lorenzo Xicot\u00e9ncatl, en el mismo ayuntamiento.<\/p>\n<p style=\"text-align: justify;\">Luego de leer los derechos que la ley otorga, los individuos fueron trasladados junto con los autom\u00f3viles asegurados, a la Agencia del Ministerio P\u00fablico correspondiente, a fin de iniciar la carpeta de investigaci\u00f3n para determinar su situaci\u00f3n jur\u00eddica.<\/p>\n","protected":false},"excerpt":{"rendered":"<p>Ixtapaluca, Estado de M\u00e9xico.- Los trabajos coordinados entre la Secretar\u00eda de Seguridad (SS) y su<\/p>\n","protected":false},"author":1,"featured_media":11819,"comment_status":"open","ping_status":"open","sticky":false,"template":"","format":"standard","meta":{"footnotes":""},"categories":[1],"tags":[6],"class_list":["post-11818","post","type-post","status-publish","format-standard","has-post-thumbnail","hentry","category-municipales","tag-ixtapaluca"],"yoast_head":"<!-- This site is optimized with the Yoast SEO plugin v25.3 - https:\/\/yoast.com\/wordpress\/plugins\/seo\/ -->\n<title>Detienen a tres probables implicados en el delito de robo de veh\u00edculo con violencia - Volcanes<\/title>\n<meta name=\"robots\" content=\"index, follow, max-snippet:-1, max-image-preview:large, max-video-preview:-1\" \/>\n<link rel=\"canonical\" href=\"https:\/\/volcanes.net\/?p=11818\" \/>\n<meta property=\"og:locale\" content=\"es_MX\" \/>\n<meta property=\"og:type\" content=\"article\" \/>\n<meta property=\"og:title\" content=\"Detienen a tres probables implicados en el delito de robo de veh\u00edculo con violencia - Volcanes\" \/>\n<meta property=\"og:description\" content=\"Ixtapaluca, Estado de M\u00e9xico.- Los trabajos coordinados entre la Secretar\u00eda de Seguridad (SS) y su\" \/>\n<meta property=\"og:url\" content=\"https:\/\/volcanes.net\/?p=11818\" \/>\n<meta property=\"og:site_name\" content=\"Volcanes\" \/>\n<meta property=\"article:publisher\" content=\"https:\/\/www.facebook.com\/volcanes.net\/\" \/>\n<meta property=\"article:published_time\" content=\"2021-06-28T23:36:59+00:00\" \/>\n<meta property=\"og:image\" content=\"https:\/\/volcanes.net\/wp-content\/uploads\/2021\/06\/1-8-768x539-1.jpeg\" \/>\n\t<meta property=\"og:image:width\" content=\"768\" \/>\n\t<meta property=\"og:image:height\" content=\"539\" \/>\n\t<meta property=\"og:image:type\" content=\"image\/jpeg\" \/>\n<meta name=\"author\" content=\"admin\" \/>\n<meta name=\"twitter:card\" content=\"summary_large_image\" \/>\n<meta name=\"twitter:label1\" content=\"Escrito por\" \/>\n\t<meta name=\"twitter:data1\" content=\"admin\" \/>\n\t<meta name=\"twitter:label2\" content=\"Tiempo de lectura\" \/>\n\t<meta name=\"twitter:data2\" content=\"2 minutos\" \/>\n<script type=\"application\/ld+json\" class=\"yoast-schema-graph\">{\"@context\":\"https:\/\/schema.org\",\"@graph\":[{\"@type\":\"Article\",\"@id\":\"https:\/\/volcanes.net\/?p=11818#article\",\"isPartOf\":{\"@id\":\"https:\/\/volcanes.net\/?p=11818\"},\"author\":{\"name\":\"admin\",\"@id\":\"https:\/\/volcanes.net\/#\/schema\/person\/4bf0f383940966a4abd53f5048c0e6b9\"},\"headline\":\"Detienen a tres probables implicados en el delito de robo de veh\u00edculo con violencia\",\"datePublished\":\"2021-06-28T23:36:59+00:00\",\"mainEntityOfPage\":{\"@id\":\"https:\/\/volcanes.net\/?p=11818\"},\"wordCount\":357,\"commentCount\":0,\"publisher\":{\"@id\":\"https:\/\/volcanes.net\/#organization\"},\"image\":{\"@id\":\"https:\/\/volcanes.net\/?p=11818#primaryimage\"},\"thumbnailUrl\":\"https:\/\/volcanes.net\/wp-content\/uploads\/2021\/06\/1-8-768x539-1.jpeg\",\"keywords\":[\"Ixtapaluca\"],\"articleSection\":[\"Municipales\"],\"inLanguage\":\"es\",\"potentialAction\":[{\"@type\":\"CommentAction\",\"name\":\"Comment\",\"target\":[\"https:\/\/volcanes.net\/?p=11818#respond\"]}]},{\"@type\":\"WebPage\",\"@id\":\"https:\/\/volcanes.net\/?p=11818\",\"url\":\"https:\/\/volcanes.net\/?p=11818\",\"name\":\"Detienen a tres probables implicados en el delito de robo de veh\u00edculo con violencia - Volcanes\",\"isPartOf\":{\"@id\":\"https:\/\/volcanes.net\/#website\"},\"primaryImageOfPage\":{\"@id\":\"https:\/\/volcanes.net\/?p=11818#primaryimage\"},\"image\":{\"@id\":\"https:\/\/volcanes.net\/?p=11818#primaryimage\"},\"thumbnailUrl\":\"https:\/\/volcanes.net\/wp-content\/uploads\/2021\/06\/1-8-768x539-1.jpeg\",\"datePublished\":\"2021-06-28T23:36:59+00:00\",\"breadcrumb\":{\"@id\":\"https:\/\/volcanes.net\/?p=11818#breadcrumb\"},\"inLanguage\":\"es\",\"potentialAction\":[{\"@type\":\"ReadAction\",\"target\":[\"https:\/\/volcanes.net\/?p=11818\"]}]},{\"@type\":\"ImageObject\",\"inLanguage\":\"es\",\"@id\":\"https:\/\/volcanes.net\/?p=11818#primaryimage\",\"url\":\"https:\/\/volcanes.net\/wp-content\/uploads\/2021\/06\/1-8-768x539-1.jpeg\",\"contentUrl\":\"https:\/\/volcanes.net\/wp-content\/uploads\/2021\/06\/1-8-768x539-1.jpeg\",\"width\":768,\"height\":539},{\"@type\":\"BreadcrumbList\",\"@id\":\"https:\/\/volcanes.net\/?p=11818#breadcrumb\",\"itemListElement\":[{\"@type\":\"ListItem\",\"position\":1,\"name\":\"Portada\",\"item\":\"https:\/\/volcanes.net\/\"},{\"@type\":\"ListItem\",\"position\":2,\"name\":\"Detienen a tres probables implicados en el delito de robo de veh\u00edculo con violencia\"}]},{\"@type\":\"WebSite\",\"@id\":\"https:\/\/volcanes.net\/#website\",\"url\":\"https:\/\/volcanes.net\/\",\"name\":\"Volcanes.Net\",\"description\":\"Periodismo Profesional\",\"publisher\":{\"@id\":\"https:\/\/volcanes.net\/#organization\"},\"potentialAction\":[{\"@type\":\"SearchAction\",\"target\":{\"@type\":\"EntryPoint\",\"urlTemplate\":\"https:\/\/volcanes.net\/?s={search_term_string}\"},\"query-input\":{\"@type\":\"PropertyValueSpecification\",\"valueRequired\":true,\"valueName\":\"search_term_string\"}}],\"inLanguage\":\"es\"},{\"@type\":\"Organization\",\"@id\":\"https:\/\/volcanes.net\/#organization\",\"name\":\"Grupo Volcanes\",\"url\":\"https:\/\/volcanes.net\/\",\"logo\":{\"@type\":\"ImageObject\",\"inLanguage\":\"es\",\"@id\":\"https:\/\/volcanes.net\/#\/schema\/logo\/image\/\",\"url\":\"http:\/\/volcanes.net\/wp-content\/uploads\/2017\/12\/Avatar2.jpg\",\"contentUrl\":\"http:\/\/volcanes.net\/wp-content\/uploads\/2017\/12\/Avatar2.jpg\",\"width\":378,\"height\":378,\"caption\":\"Grupo Volcanes\"},\"image\":{\"@id\":\"https:\/\/volcanes.net\/#\/schema\/logo\/image\/\"},\"sameAs\":[\"https:\/\/www.facebook.com\/volcanes.net\/\"]},{\"@type\":\"Person\",\"@id\":\"https:\/\/volcanes.net\/#\/schema\/person\/4bf0f383940966a4abd53f5048c0e6b9\",\"name\":\"admin\",\"image\":{\"@type\":\"ImageObject\",\"inLanguage\":\"es\",\"@id\":\"https:\/\/volcanes.net\/#\/schema\/person\/image\/\",\"url\":\"https:\/\/secure.gravatar.com\/avatar\/ca004e6cba8462b8cb7abc86e382930c?s=96&d=mm&r=g\",\"contentUrl\":\"https:\/\/secure.gravatar.com\/avatar\/ca004e6cba8462b8cb7abc86e382930c?s=96&d=mm&r=g\",\"caption\":\"admin\"}}]}<\/script>\n<!-- \/ Yoast SEO plugin. -->","yoast_head_json":{"title":"Detienen a tres probables implicados en el delito de robo de veh\u00edculo con violencia - Volcanes","robots":{"index":"index","follow":"follow","max-snippet":"max-snippet:-1","max-image-preview":"max-image-preview:large","max-video-preview":"max-video-preview:-1"},"canonical":"https:\/\/volcanes.net\/?p=11818","og_locale":"es_MX","og_type":"article","og_title":"Detienen a tres probables implicados en el delito de robo de veh\u00edculo con violencia - Volcanes","og_description":"Ixtapaluca, Estado de M\u00e9xico.- Los trabajos coordinados entre la Secretar\u00eda de Seguridad (SS) y su","og_url":"https:\/\/volcanes.net\/?p=11818","og_site_name":"Volcanes","article_publisher":"https:\/\/www.facebook.com\/volcanes.net\/","article_published_time":"2021-06-28T23:36:59+00:00","og_image":[{"width":768,"height":539,"url":"https:\/\/volcanes.net\/wp-content\/uploads\/2021\/06\/1-8-768x539-1.jpeg","type":"image\/jpeg"}],"author":"admin","twitter_card":"summary_large_image","twitter_misc":{"Escrito por":"admin","Tiempo de lectura":"2 minutos"},"schema":{"@context":"https:\/\/schema.org","@graph":[{"@type":"Article","@id":"https:\/\/volcanes.net\/?p=11818#article","isPartOf":{"@id":"https:\/\/volcanes.net\/?p=11818"},"author":{"name":"admin","@id":"https:\/\/volcanes.net\/#\/schema\/person\/4bf0f383940966a4abd53f5048c0e6b9"},"headline":"Detienen a tres probables implicados en el delito de robo de veh\u00edculo con violencia","datePublished":"2021-06-28T23:36:59+00:00","mainEntityOfPage":{"@id":"https:\/\/volcanes.net\/?p=11818"},"wordCount":357,"commentCount":0,"publisher":{"@id":"https:\/\/volcanes.net\/#organization"},"image":{"@id":"https:\/\/volcanes.net\/?p=11818#primaryimage"},"thumbnailUrl":"https:\/\/volcanes.net\/wp-content\/uploads\/2021\/06\/1-8-768x539-1.jpeg","keywords":["Ixtapaluca"],"articleSection":["Municipales"],"inLanguage":"es","potentialAction":[{"@type":"CommentAction","name":"Comment","target":["https:\/\/volcanes.net\/?p=11818#respond"]}]},{"@type":"WebPage","@id":"https:\/\/volcanes.net\/?p=11818","url":"https:\/\/volcanes.net\/?p=11818","name":"Detienen a tres probables implicados en el delito de robo de veh\u00edculo con violencia - Volcanes","isPartOf":{"@id":"https:\/\/volcanes.net\/#website"},"primaryImageOfPage":{"@id":"https:\/\/volcanes.net\/?p=11818#primaryimage"},"image":{"@id":"https:\/\/volcanes.net\/?p=11818#primaryimage"},"thumbnailUrl":"https:\/\/volcanes.net\/wp-content\/uploads\/2021\/06\/1-8-768x539-1.jpeg","datePublished":"2021-06-28T23:36:59+00:00","breadcrumb":{"@id":"https:\/\/volcanes.net\/?p=11818#breadcrumb"},"inLanguage":"es","potentialAction":[{"@type":"ReadAction","target":["https:\/\/volcanes.net\/?p=11818"]}]},{"@type":"ImageObject","inLanguage":"es","@id":"https:\/\/volcanes.net\/?p=11818#primaryimage","url":"https:\/\/volcanes.net\/wp-content\/uploads\/2021\/06\/1-8-768x539-1.jpeg","contentUrl":"https:\/\/volcanes.net\/wp-content\/uploads\/2021\/06\/1-8-768x539-1.jpeg","width":768,"height":539},{"@type":"BreadcrumbList","@id":"https:\/\/volcanes.net\/?p=11818#breadcrumb","itemListElement":[{"@type":"ListItem","position":1,"name":"Portada","item":"https:\/\/volcanes.net\/"},{"@type":"ListItem","position":2,"name":"Detienen a tres probables implicados en el delito de robo de veh\u00edculo con violencia"}]},{"@type":"WebSite","@id":"https:\/\/volcanes.net\/#website","url":"https:\/\/volcanes.net\/","name":"Volcanes.Net","description":"Periodismo Profesional","publisher":{"@id":"https:\/\/volcanes.net\/#organization"},"potentialAction":[{"@type":"SearchAction","target":{"@type":"EntryPoint","urlTemplate":"https:\/\/volcanes.net\/?s={search_term_string}"},"query-input":{"@type":"PropertyValueSpecification","valueRequired":true,"valueName":"search_term_string"}}],"inLanguage":"es"},{"@type":"Organization","@id":"https:\/\/volcanes.net\/#organization","name":"Grupo Volcanes","url":"https:\/\/volcanes.net\/","logo":{"@type":"ImageObject","inLanguage":"es","@id":"https:\/\/volcanes.net\/#\/schema\/logo\/image\/","url":"http:\/\/volcanes.net\/wp-content\/uploads\/2017\/12\/Avatar2.jpg","contentUrl":"http:\/\/volcanes.net\/wp-content\/uploads\/2017\/12\/Avatar2.jpg","width":378,"height":378,"caption":"Grupo Volcanes"},"image":{"@id":"https:\/\/volcanes.net\/#\/schema\/logo\/image\/"},"sameAs":["https:\/\/www.facebook.com\/volcanes.net\/"]},{"@type":"Person","@id":"https:\/\/volcanes.net\/#\/schema\/person\/4bf0f383940966a4abd53f5048c0e6b9","name":"admin","image":{"@type":"ImageObject","inLanguage":"es","@id":"https:\/\/volcanes.net\/#\/schema\/person\/image\/","url":"https:\/\/secure.gravatar.com\/avatar\/ca004e6cba8462b8cb7abc86e382930c?s=96&d=mm&r=g","contentUrl":"https:\/\/secure.gravatar.com\/avatar\/ca004e6cba8462b8cb7abc86e382930c?s=96&d=mm&r=g","caption":"admin"}}]}},"_links":{"self":[{"href":"https:\/\/volcanes.net\/index.php?rest_route=\/wp\/v2\/posts\/11818"}],"collection":[{"href":"https:\/\/volcanes.net\/index.php?rest_route=\/wp\/v2\/posts"}],"about":[{"href":"https:\/\/volcanes.net\/index.php?rest_route=\/wp\/v2\/types\/post"}],"author":[{"embeddable":true,"href":"https:\/\/volcanes.net\/index.php?rest_route=\/wp\/v2\/users\/1"}],"replies":[{"embeddable":true,"href":"https:\/\/volcanes.net\/index.php?rest_route=%2Fwp%2Fv2%2Fcomments&post=11818"}],"version-history":[{"count":1,"href":"https:\/\/volcanes.net\/index.php?rest_route=\/wp\/v2\/posts\/11818\/revisions"}],"predecessor-version":[{"id":11820,"href":"https:\/\/volcanes.net\/index.php?rest_route=\/wp\/v2\/posts\/11818\/revisions\/11820"}],"wp:featuredmedia":[{"embeddable":true,"href":"https:\/\/volcanes.net\/index.php?rest_route=\/wp\/v2\/media\/11819"}],"wp:attachment":[{"href":"https:\/\/volcanes.net\/index.php?rest_route=%2Fwp%2Fv2%2Fmedia&parent=11818"}],"wp:term":[{"taxonomy":"category","embeddable":true,"href":"https:\/\/volcanes.net\/index.php?rest_route=%2Fwp%2Fv2%2Fcategories&post=11818"},{"taxonomy":"post_tag","embeddable":true,"href":"https:\/\/volcanes.net\/index.php?rest_route=%2Fwp%2Fv2%2Ftags&post=11818"}],"curies":[{"name":"wp","href":"https:\/\/api.w.org\/{rel}","templated":true}]}}