{"id":11866,"date":"2021-07-02T12:56:27","date_gmt":"2021-07-02T18:56:27","guid":{"rendered":"http:\/\/volcanes.net\/?p=11866"},"modified":"2021-07-02T12:56:27","modified_gmt":"2021-07-02T18:56:27","slug":"durante-el-festival-de-las-luciernagas-en-amecameca-participa-en-la-carrera-atletica","status":"publish","type":"post","link":"https:\/\/volcanes.net\/?p=11866","title":{"rendered":"Durante el Festival de las Luci\u00e9rnagas en Amecameca participa en la carrera atl\u00e9tica"},"content":{"rendered":"<div style=\"margin-top: 0px; margin-bottom: 0px;\" class=\"sharethis-inline-share-buttons\" ><\/div><div dir=\"auto\" style=\"text-align: justify;\">Amecameca, Estado de M\u00e9xico.- En el marco del Festival de las Luci\u00e9rnagas Estado M\u00e9xico 2021, que organiza la Secretar\u00eda de Cultura y Turismo en Amecameca, la Direcci\u00f3n General de Cultura F\u00edsica y Deporte llevar\u00e1 a cabo una carrera atl\u00e9tica el pr\u00f3ximo 10 de julio en las distancias de 5 y 10 kil\u00f3metros.<\/div>\n<div dir=\"auto\" style=\"text-align: justify;\"><\/div>\n<div dir=\"auto\" style=\"text-align: justify;\">A trav\u00e9s de este evento, la Secretar\u00eda de Cultura y Turismo busca, adem\u00e1s de reactivar f\u00edsicamente a las y los mexiquenses, generar una derrama econ\u00f3mica en la zona luego del confinamiento, a trav\u00e9s del deporte, el turismo y la cultura, ya que esta zona, denominada el Valle de los Volcanes, ofrece importantes atracciones y actividades.<\/div>\n<div dir=\"auto\" style=\"text-align: justify;\"><\/div>\n<div dir=\"auto\" style=\"text-align: justify;\">Con el objetivo de que las y los amantes del atletismo vivan una experiencia deportiva, enmarcada en un ambiente natural, se efectuar\u00e1 esta carrera recreativa, la cual contar\u00e1 con estrictas normas sanitarias para prevenir los contagios por COVID-19.<\/div>\n<div dir=\"auto\" style=\"text-align: justify;\"><\/div>\n<div dir=\"auto\" style=\"text-align: justify;\">Entre los protocolos a seguir est\u00e1 el n\u00famero reducido de participantes, mantener la sana distancia, utilizar cubrebocas en las \u00e1reas comunes y de convivencia, as\u00ed como por parte de los corredores previa y posteriormente a su participaci\u00f3n, asimismo el uso constante de gel antibacterial.<\/div>\n<div dir=\"auto\" style=\"text-align: justify;\"><\/div>\n<div dir=\"auto\" style=\"text-align: justify;\">La carrera comenzar\u00e1 en punto de las 8:00 horas, con salida en la Unidad Deportiva de Amecameca, en Ayapango #5; la ruta recorrer\u00e1 las principales avenidas de este Pueblo con Encanto y concluir\u00e1 en el mismo punto de arranque.<\/div>\n<div dir=\"auto\" style=\"text-align: justify;\"><\/div>\n<div dir=\"auto\" style=\"text-align: justify;\">Cabe destacar que las inscripciones son gratuitas y podr\u00e1n realizarla de manera presencial este viernes 2 de julio, en el m\u00f3dulo que ser\u00e1 instalado frente al Palacio municipal de Amecameca, en un horario de 11:00 a 17:00 horas.<\/div>\n<div dir=\"auto\" style=\"text-align: justify;\"><\/div>\n<div dir=\"auto\" style=\"text-align: justify;\">Los primeros 250 participantes que se registren tendr\u00e1n su kit de corredor, paquetes que ser\u00e1n entregados el mismo d\u00eda de la carrera, a partir de las 6:30 horas en el lugar de la salida y meta del recorrido.<\/div>\n","protected":false},"excerpt":{"rendered":"<p>Amecameca, Estado de M\u00e9xico.- En el marco del Festival de las Luci\u00e9rnagas Estado M\u00e9xico 2021,<\/p>\n","protected":false},"author":1,"featured_media":11867,"comment_status":"open","ping_status":"open","sticky":false,"template":"","format":"standard","meta":{"footnotes":""},"categories":[1],"tags":[7],"class_list":["post-11866","post","type-post","status-publish","format-standard","has-post-thumbnail","hentry","category-municipales","tag-amecameca"],"yoast_head":"<!-- This site is optimized with the Yoast SEO plugin v25.3 - https:\/\/yoast.com\/wordpress\/plugins\/seo\/ -->\n<title>Durante el Festival de las Luci\u00e9rnagas en Amecameca participa en la carrera atl\u00e9tica - Volcanes<\/title>\n<meta name=\"robots\" content=\"index, follow, max-snippet:-1, max-image-preview:large, max-video-preview:-1\" \/>\n<link rel=\"canonical\" href=\"https:\/\/volcanes.net\/?p=11866\" \/>\n<meta property=\"og:locale\" content=\"es_MX\" \/>\n<meta property=\"og:type\" content=\"article\" \/>\n<meta property=\"og:title\" content=\"Durante el Festival de las Luci\u00e9rnagas en Amecameca participa en la carrera atl\u00e9tica - Volcanes\" \/>\n<meta property=\"og:description\" content=\"Amecameca, Estado de M\u00e9xico.- En el marco del Festival de las Luci\u00e9rnagas Estado M\u00e9xico 2021,\" \/>\n<meta property=\"og:url\" content=\"https:\/\/volcanes.net\/?p=11866\" \/>\n<meta property=\"og:site_name\" content=\"Volcanes\" \/>\n<meta property=\"article:publisher\" content=\"https:\/\/www.facebook.com\/volcanes.net\/\" \/>\n<meta property=\"article:published_time\" content=\"2021-07-02T18:56:27+00:00\" \/>\n<meta property=\"og:image\" content=\"https:\/\/volcanes.net\/wp-content\/uploads\/2021\/07\/FB_IMG_1625244876746.jpg\" \/>\n\t<meta property=\"og:image:width\" content=\"640\" \/>\n\t<meta property=\"og:image:height\" content=\"640\" \/>\n\t<meta property=\"og:image:type\" content=\"image\/jpeg\" \/>\n<meta name=\"author\" content=\"admin\" \/>\n<meta name=\"twitter:card\" content=\"summary_large_image\" \/>\n<meta name=\"twitter:label1\" content=\"Escrito por\" \/>\n\t<meta name=\"twitter:data1\" content=\"admin\" \/>\n\t<meta name=\"twitter:label2\" content=\"Tiempo de lectura\" \/>\n\t<meta name=\"twitter:data2\" content=\"2 minutos\" \/>\n<script type=\"application\/ld+json\" class=\"yoast-schema-graph\">{\"@context\":\"https:\/\/schema.org\",\"@graph\":[{\"@type\":\"Article\",\"@id\":\"https:\/\/volcanes.net\/?p=11866#article\",\"isPartOf\":{\"@id\":\"https:\/\/volcanes.net\/?p=11866\"},\"author\":{\"name\":\"admin\",\"@id\":\"https:\/\/volcanes.net\/#\/schema\/person\/4bf0f383940966a4abd53f5048c0e6b9\"},\"headline\":\"Durante el Festival de las Luci\u00e9rnagas en Amecameca participa en la carrera atl\u00e9tica\",\"datePublished\":\"2021-07-02T18:56:27+00:00\",\"mainEntityOfPage\":{\"@id\":\"https:\/\/volcanes.net\/?p=11866\"},\"wordCount\":331,\"commentCount\":0,\"publisher\":{\"@id\":\"https:\/\/volcanes.net\/#organization\"},\"image\":{\"@id\":\"https:\/\/volcanes.net\/?p=11866#primaryimage\"},\"thumbnailUrl\":\"https:\/\/volcanes.net\/wp-content\/uploads\/2021\/07\/FB_IMG_1625244876746.jpg\",\"keywords\":[\"Amecameca\"],\"articleSection\":[\"Municipales\"],\"inLanguage\":\"es\",\"potentialAction\":[{\"@type\":\"CommentAction\",\"name\":\"Comment\",\"target\":[\"https:\/\/volcanes.net\/?p=11866#respond\"]}]},{\"@type\":\"WebPage\",\"@id\":\"https:\/\/volcanes.net\/?p=11866\",\"url\":\"https:\/\/volcanes.net\/?p=11866\",\"name\":\"Durante el Festival de las Luci\u00e9rnagas en Amecameca participa en la carrera atl\u00e9tica - Volcanes\",\"isPartOf\":{\"@id\":\"https:\/\/volcanes.net\/#website\"},\"primaryImageOfPage\":{\"@id\":\"https:\/\/volcanes.net\/?p=11866#primaryimage\"},\"image\":{\"@id\":\"https:\/\/volcanes.net\/?p=11866#primaryimage\"},\"thumbnailUrl\":\"https:\/\/volcanes.net\/wp-content\/uploads\/2021\/07\/FB_IMG_1625244876746.jpg\",\"datePublished\":\"2021-07-02T18:56:27+00:00\",\"breadcrumb\":{\"@id\":\"https:\/\/volcanes.net\/?p=11866#breadcrumb\"},\"inLanguage\":\"es\",\"potentialAction\":[{\"@type\":\"ReadAction\",\"target\":[\"https:\/\/volcanes.net\/?p=11866\"]}]},{\"@type\":\"ImageObject\",\"inLanguage\":\"es\",\"@id\":\"https:\/\/volcanes.net\/?p=11866#primaryimage\",\"url\":\"https:\/\/volcanes.net\/wp-content\/uploads\/2021\/07\/FB_IMG_1625244876746.jpg\",\"contentUrl\":\"https:\/\/volcanes.net\/wp-content\/uploads\/2021\/07\/FB_IMG_1625244876746.jpg\",\"width\":640,\"height\":640},{\"@type\":\"BreadcrumbList\",\"@id\":\"https:\/\/volcanes.net\/?p=11866#breadcrumb\",\"itemListElement\":[{\"@type\":\"ListItem\",\"position\":1,\"name\":\"Portada\",\"item\":\"https:\/\/volcanes.net\/\"},{\"@type\":\"ListItem\",\"position\":2,\"name\":\"Durante el Festival de las Luci\u00e9rnagas en Amecameca participa en la carrera atl\u00e9tica\"}]},{\"@type\":\"WebSite\",\"@id\":\"https:\/\/volcanes.net\/#website\",\"url\":\"https:\/\/volcanes.net\/\",\"name\":\"Volcanes.Net\",\"description\":\"Periodismo Profesional\",\"publisher\":{\"@id\":\"https:\/\/volcanes.net\/#organization\"},\"potentialAction\":[{\"@type\":\"SearchAction\",\"target\":{\"@type\":\"EntryPoint\",\"urlTemplate\":\"https:\/\/volcanes.net\/?s={search_term_string}\"},\"query-input\":{\"@type\":\"PropertyValueSpecification\",\"valueRequired\":true,\"valueName\":\"search_term_string\"}}],\"inLanguage\":\"es\"},{\"@type\":\"Organization\",\"@id\":\"https:\/\/volcanes.net\/#organization\",\"name\":\"Grupo Volcanes\",\"url\":\"https:\/\/volcanes.net\/\",\"logo\":{\"@type\":\"ImageObject\",\"inLanguage\":\"es\",\"@id\":\"https:\/\/volcanes.net\/#\/schema\/logo\/image\/\",\"url\":\"http:\/\/volcanes.net\/wp-content\/uploads\/2017\/12\/Avatar2.jpg\",\"contentUrl\":\"http:\/\/volcanes.net\/wp-content\/uploads\/2017\/12\/Avatar2.jpg\",\"width\":378,\"height\":378,\"caption\":\"Grupo Volcanes\"},\"image\":{\"@id\":\"https:\/\/volcanes.net\/#\/schema\/logo\/image\/\"},\"sameAs\":[\"https:\/\/www.facebook.com\/volcanes.net\/\"]},{\"@type\":\"Person\",\"@id\":\"https:\/\/volcanes.net\/#\/schema\/person\/4bf0f383940966a4abd53f5048c0e6b9\",\"name\":\"admin\",\"image\":{\"@type\":\"ImageObject\",\"inLanguage\":\"es\",\"@id\":\"https:\/\/volcanes.net\/#\/schema\/person\/image\/\",\"url\":\"https:\/\/secure.gravatar.com\/avatar\/ca004e6cba8462b8cb7abc86e382930c?s=96&d=mm&r=g\",\"contentUrl\":\"https:\/\/secure.gravatar.com\/avatar\/ca004e6cba8462b8cb7abc86e382930c?s=96&d=mm&r=g\",\"caption\":\"admin\"}}]}<\/script>\n<!-- \/ Yoast SEO plugin. -->","yoast_head_json":{"title":"Durante el Festival de las Luci\u00e9rnagas en Amecameca participa en la carrera atl\u00e9tica - Volcanes","robots":{"index":"index","follow":"follow","max-snippet":"max-snippet:-1","max-image-preview":"max-image-preview:large","max-video-preview":"max-video-preview:-1"},"canonical":"https:\/\/volcanes.net\/?p=11866","og_locale":"es_MX","og_type":"article","og_title":"Durante el Festival de las Luci\u00e9rnagas en Amecameca participa en la carrera atl\u00e9tica - Volcanes","og_description":"Amecameca, Estado de M\u00e9xico.- En el marco del Festival de las Luci\u00e9rnagas Estado M\u00e9xico 2021,","og_url":"https:\/\/volcanes.net\/?p=11866","og_site_name":"Volcanes","article_publisher":"https:\/\/www.facebook.com\/volcanes.net\/","article_published_time":"2021-07-02T18:56:27+00:00","og_image":[{"width":640,"height":640,"url":"https:\/\/volcanes.net\/wp-content\/uploads\/2021\/07\/FB_IMG_1625244876746.jpg","type":"image\/jpeg"}],"author":"admin","twitter_card":"summary_large_image","twitter_misc":{"Escrito por":"admin","Tiempo de lectura":"2 minutos"},"schema":{"@context":"https:\/\/schema.org","@graph":[{"@type":"Article","@id":"https:\/\/volcanes.net\/?p=11866#article","isPartOf":{"@id":"https:\/\/volcanes.net\/?p=11866"},"author":{"name":"admin","@id":"https:\/\/volcanes.net\/#\/schema\/person\/4bf0f383940966a4abd53f5048c0e6b9"},"headline":"Durante el Festival de las Luci\u00e9rnagas en Amecameca participa en la carrera atl\u00e9tica","datePublished":"2021-07-02T18:56:27+00:00","mainEntityOfPage":{"@id":"https:\/\/volcanes.net\/?p=11866"},"wordCount":331,"commentCount":0,"publisher":{"@id":"https:\/\/volcanes.net\/#organization"},"image":{"@id":"https:\/\/volcanes.net\/?p=11866#primaryimage"},"thumbnailUrl":"https:\/\/volcanes.net\/wp-content\/uploads\/2021\/07\/FB_IMG_1625244876746.jpg","keywords":["Amecameca"],"articleSection":["Municipales"],"inLanguage":"es","potentialAction":[{"@type":"CommentAction","name":"Comment","target":["https:\/\/volcanes.net\/?p=11866#respond"]}]},{"@type":"WebPage","@id":"https:\/\/volcanes.net\/?p=11866","url":"https:\/\/volcanes.net\/?p=11866","name":"Durante el Festival de las Luci\u00e9rnagas en Amecameca participa en la carrera atl\u00e9tica - Volcanes","isPartOf":{"@id":"https:\/\/volcanes.net\/#website"},"primaryImageOfPage":{"@id":"https:\/\/volcanes.net\/?p=11866#primaryimage"},"image":{"@id":"https:\/\/volcanes.net\/?p=11866#primaryimage"},"thumbnailUrl":"https:\/\/volcanes.net\/wp-content\/uploads\/2021\/07\/FB_IMG_1625244876746.jpg","datePublished":"2021-07-02T18:56:27+00:00","breadcrumb":{"@id":"https:\/\/volcanes.net\/?p=11866#breadcrumb"},"inLanguage":"es","potentialAction":[{"@type":"ReadAction","target":["https:\/\/volcanes.net\/?p=11866"]}]},{"@type":"ImageObject","inLanguage":"es","@id":"https:\/\/volcanes.net\/?p=11866#primaryimage","url":"https:\/\/volcanes.net\/wp-content\/uploads\/2021\/07\/FB_IMG_1625244876746.jpg","contentUrl":"https:\/\/volcanes.net\/wp-content\/uploads\/2021\/07\/FB_IMG_1625244876746.jpg","width":640,"height":640},{"@type":"BreadcrumbList","@id":"https:\/\/volcanes.net\/?p=11866#breadcrumb","itemListElement":[{"@type":"ListItem","position":1,"name":"Portada","item":"https:\/\/volcanes.net\/"},{"@type":"ListItem","position":2,"name":"Durante el Festival de las Luci\u00e9rnagas en Amecameca participa en la carrera atl\u00e9tica"}]},{"@type":"WebSite","@id":"https:\/\/volcanes.net\/#website","url":"https:\/\/volcanes.net\/","name":"Volcanes.Net","description":"Periodismo Profesional","publisher":{"@id":"https:\/\/volcanes.net\/#organization"},"potentialAction":[{"@type":"SearchAction","target":{"@type":"EntryPoint","urlTemplate":"https:\/\/volcanes.net\/?s={search_term_string}"},"query-input":{"@type":"PropertyValueSpecification","valueRequired":true,"valueName":"search_term_string"}}],"inLanguage":"es"},{"@type":"Organization","@id":"https:\/\/volcanes.net\/#organization","name":"Grupo Volcanes","url":"https:\/\/volcanes.net\/","logo":{"@type":"ImageObject","inLanguage":"es","@id":"https:\/\/volcanes.net\/#\/schema\/logo\/image\/","url":"http:\/\/volcanes.net\/wp-content\/uploads\/2017\/12\/Avatar2.jpg","contentUrl":"http:\/\/volcanes.net\/wp-content\/uploads\/2017\/12\/Avatar2.jpg","width":378,"height":378,"caption":"Grupo Volcanes"},"image":{"@id":"https:\/\/volcanes.net\/#\/schema\/logo\/image\/"},"sameAs":["https:\/\/www.facebook.com\/volcanes.net\/"]},{"@type":"Person","@id":"https:\/\/volcanes.net\/#\/schema\/person\/4bf0f383940966a4abd53f5048c0e6b9","name":"admin","image":{"@type":"ImageObject","inLanguage":"es","@id":"https:\/\/volcanes.net\/#\/schema\/person\/image\/","url":"https:\/\/secure.gravatar.com\/avatar\/ca004e6cba8462b8cb7abc86e382930c?s=96&d=mm&r=g","contentUrl":"https:\/\/secure.gravatar.com\/avatar\/ca004e6cba8462b8cb7abc86e382930c?s=96&d=mm&r=g","caption":"admin"}}]}},"_links":{"self":[{"href":"https:\/\/volcanes.net\/index.php?rest_route=\/wp\/v2\/posts\/11866"}],"collection":[{"href":"https:\/\/volcanes.net\/index.php?rest_route=\/wp\/v2\/posts"}],"about":[{"href":"https:\/\/volcanes.net\/index.php?rest_route=\/wp\/v2\/types\/post"}],"author":[{"embeddable":true,"href":"https:\/\/volcanes.net\/index.php?rest_route=\/wp\/v2\/users\/1"}],"replies":[{"embeddable":true,"href":"https:\/\/volcanes.net\/index.php?rest_route=%2Fwp%2Fv2%2Fcomments&post=11866"}],"version-history":[{"count":1,"href":"https:\/\/volcanes.net\/index.php?rest_route=\/wp\/v2\/posts\/11866\/revisions"}],"predecessor-version":[{"id":11868,"href":"https:\/\/volcanes.net\/index.php?rest_route=\/wp\/v2\/posts\/11866\/revisions\/11868"}],"wp:featuredmedia":[{"embeddable":true,"href":"https:\/\/volcanes.net\/index.php?rest_route=\/wp\/v2\/media\/11867"}],"wp:attachment":[{"href":"https:\/\/volcanes.net\/index.php?rest_route=%2Fwp%2Fv2%2Fmedia&parent=11866"}],"wp:term":[{"taxonomy":"category","embeddable":true,"href":"https:\/\/volcanes.net\/index.php?rest_route=%2Fwp%2Fv2%2Fcategories&post=11866"},{"taxonomy":"post_tag","embeddable":true,"href":"https:\/\/volcanes.net\/index.php?rest_route=%2Fwp%2Fv2%2Ftags&post=11866"}],"curies":[{"name":"wp","href":"https:\/\/api.w.org\/{rel}","templated":true}]}}