{"id":11888,"date":"2021-07-05T16:07:47","date_gmt":"2021-07-05T22:07:47","guid":{"rendered":"http:\/\/volcanes.net\/?p=11888"},"modified":"2021-07-05T16:07:47","modified_gmt":"2021-07-05T22:07:47","slug":"inafed-entrega-reconocimiento-en-ixtapaluca-por-buenas-practicas-municipales","status":"publish","type":"post","link":"https:\/\/volcanes.net\/?p=11888","title":{"rendered":"INAFED entrega reconocimiento en Ixtapaluca por buenas pr\u00e1cticas municipales"},"content":{"rendered":"<div style=\"margin-top: 0px; margin-bottom: 0px;\" class=\"sharethis-inline-share-buttons\" ><\/div><div dir=\"auto\" style=\"text-align: justify;\">Ixtapaluca, Estado de M\u00e9xico.- La administraci\u00f3n de Ixtapaluca que encabeza Maricela Serrano, recibi\u00f3 por parte del Instituto Nacional para el Federalismo y el Desarrollo Municipal (INAFED) un reconocimiento m\u00e1s por buenas pr\u00e1cticas municipales, gracias al proyecto \u201cBot\u00f3n de P\u00e1nico\u201d que atiende m\u00e1s eficientemente los llamados de auxilio.<\/div>\n<div dir=\"auto\" style=\"text-align: justify;\"><\/div>\n<div dir=\"auto\" style=\"text-align: justify;\">Serrano Hern\u00e1ndez afirm\u00f3 que la aplicaci\u00f3n m\u00f3vil reconocida por dicho instituto se realiz\u00f3 con la suma de esfuerzos de seguridad p\u00fablica Ixtapaluca y del Instituto para la Protecci\u00f3n de los Derechos de las Mujeres (IPDM), lo que coloca a este municipio dentro de los 10 mejores a nivel nacional, de un universo de dos mil 500.<\/div>\n<div dir=\"auto\" style=\"text-align: justify;\"><\/div>\n<div dir=\"auto\" style=\"text-align: justify;\">Acompa\u00f1ada por integrantes del Cabildo y directores, afirm\u00f3: \u201cAqu\u00ed se ve el resultado de una pol\u00edtica con sentido humano que busca el desarrollo integral de la comunidad; el trabajo de todos lo que hemos estado en la administraci\u00f3n p\u00fablica 2019-2021 para atender y resolver los problemas sociales\u201d.<\/div>\n<div dir=\"auto\" style=\"text-align: justify;\"><\/div>\n<div dir=\"auto\" style=\"text-align: justify;\">Precis\u00f3 que hasta la fecha un total de 103 mil personas han descargado esta aplicaci\u00f3n en sus celulares, a fin de tener a la mano la cercan\u00eda con la polic\u00eda municipal, y cuyas alertas una vez que son recibidas en el centro de mando policiaco de Ixtapaluca son atendidas de manera m\u00e1s \u00e1gil.<\/div>\n<div dir=\"auto\" style=\"text-align: justify;\"><\/div>\n<div dir=\"auto\" style=\"text-align: justify;\">Por ello invit\u00f3 a la poblaci\u00f3n, que a\u00fan no cuenta con ella, a descargarla en sus dispositivos m\u00f3viles, utilizarla para denunciar, pedir auxilio, o conocer otros servicios del gobierno municipal, toda vez que su atenci\u00f3n est\u00e1 garantizada hasta el 31 de diciembre, fecha en que concluye la presente administraci\u00f3n.<\/div>\n<div dir=\"auto\" style=\"text-align: justify;\"><\/div>\n<div dir=\"auto\" style=\"text-align: justify;\">La alcaldesa se\u00f1al\u00f3 que gracias a las reuniones vecinales, pl\u00e1ticas preventivas, sesiones de seguridad, capacitaci\u00f3n permanente de uniformados, entrega de equipo, as\u00ed como una mejor infraestructura policial, ha sido posible reducir los niveles de inseguridad, problem\u00e1tica que aqueja a todo nuestro pa\u00eds.<\/div>\n<div dir=\"auto\" style=\"text-align: justify;\"><\/div>\n<div dir=\"auto\" style=\"text-align: justify;\">El Bot\u00f3n de P\u00e1nico, agreg\u00f3, viene a reforzar todos las acciones que impulsamos a trav\u00e9s del deporte, la cultura, la educaci\u00f3n, as\u00ed como una mejor infraestructura\u00a0 para colocar a Ixtapaluca como uno de los municipios de la zona oriente en los que se han disminuido los \u00edndices delincuenciales.<\/div>\n","protected":false},"excerpt":{"rendered":"<p>Ixtapaluca, Estado de M\u00e9xico.- La administraci\u00f3n de Ixtapaluca que encabeza Maricela Serrano, recibi\u00f3 por parte<\/p>\n","protected":false},"author":1,"featured_media":11889,"comment_status":"open","ping_status":"open","sticky":false,"template":"","format":"standard","meta":{"footnotes":""},"categories":[1],"tags":[6],"class_list":["post-11888","post","type-post","status-publish","format-standard","has-post-thumbnail","hentry","category-municipales","tag-ixtapaluca"],"yoast_head":"<!-- This site is optimized with the Yoast SEO plugin v25.3 - https:\/\/yoast.com\/wordpress\/plugins\/seo\/ -->\n<title>INAFED entrega reconocimiento en Ixtapaluca por buenas pr\u00e1cticas municipales - Volcanes<\/title>\n<meta name=\"robots\" content=\"index, follow, max-snippet:-1, max-image-preview:large, max-video-preview:-1\" \/>\n<link rel=\"canonical\" href=\"https:\/\/volcanes.net\/?p=11888\" \/>\n<meta property=\"og:locale\" content=\"es_MX\" \/>\n<meta property=\"og:type\" content=\"article\" \/>\n<meta property=\"og:title\" content=\"INAFED entrega reconocimiento en Ixtapaluca por buenas pr\u00e1cticas municipales - Volcanes\" \/>\n<meta property=\"og:description\" content=\"Ixtapaluca, Estado de M\u00e9xico.- La administraci\u00f3n de Ixtapaluca que encabeza Maricela Serrano, recibi\u00f3 por parte\" \/>\n<meta property=\"og:url\" content=\"https:\/\/volcanes.net\/?p=11888\" \/>\n<meta property=\"og:site_name\" content=\"Volcanes\" \/>\n<meta property=\"article:publisher\" content=\"https:\/\/www.facebook.com\/volcanes.net\/\" \/>\n<meta property=\"article:published_time\" content=\"2021-07-05T22:07:47+00:00\" \/>\n<meta property=\"og:image\" content=\"https:\/\/volcanes.net\/wp-content\/uploads\/2021\/07\/FB_IMG_1625510401026.jpg\" \/>\n\t<meta property=\"og:image:width\" content=\"640\" \/>\n\t<meta property=\"og:image:height\" content=\"356\" \/>\n\t<meta property=\"og:image:type\" content=\"image\/jpeg\" \/>\n<meta name=\"author\" content=\"admin\" \/>\n<meta name=\"twitter:card\" content=\"summary_large_image\" \/>\n<meta name=\"twitter:label1\" content=\"Escrito por\" \/>\n\t<meta name=\"twitter:data1\" content=\"admin\" \/>\n\t<meta name=\"twitter:label2\" content=\"Tiempo de lectura\" \/>\n\t<meta name=\"twitter:data2\" content=\"2 minutos\" \/>\n<script type=\"application\/ld+json\" class=\"yoast-schema-graph\">{\"@context\":\"https:\/\/schema.org\",\"@graph\":[{\"@type\":\"Article\",\"@id\":\"https:\/\/volcanes.net\/?p=11888#article\",\"isPartOf\":{\"@id\":\"https:\/\/volcanes.net\/?p=11888\"},\"author\":{\"name\":\"admin\",\"@id\":\"https:\/\/volcanes.net\/#\/schema\/person\/4bf0f383940966a4abd53f5048c0e6b9\"},\"headline\":\"INAFED entrega reconocimiento en Ixtapaluca por buenas pr\u00e1cticas municipales\",\"datePublished\":\"2021-07-05T22:07:47+00:00\",\"mainEntityOfPage\":{\"@id\":\"https:\/\/volcanes.net\/?p=11888\"},\"wordCount\":383,\"commentCount\":0,\"publisher\":{\"@id\":\"https:\/\/volcanes.net\/#organization\"},\"image\":{\"@id\":\"https:\/\/volcanes.net\/?p=11888#primaryimage\"},\"thumbnailUrl\":\"https:\/\/volcanes.net\/wp-content\/uploads\/2021\/07\/FB_IMG_1625510401026.jpg\",\"keywords\":[\"Ixtapaluca\"],\"articleSection\":[\"Municipales\"],\"inLanguage\":\"es\",\"potentialAction\":[{\"@type\":\"CommentAction\",\"name\":\"Comment\",\"target\":[\"https:\/\/volcanes.net\/?p=11888#respond\"]}]},{\"@type\":\"WebPage\",\"@id\":\"https:\/\/volcanes.net\/?p=11888\",\"url\":\"https:\/\/volcanes.net\/?p=11888\",\"name\":\"INAFED entrega reconocimiento en Ixtapaluca por buenas pr\u00e1cticas municipales - Volcanes\",\"isPartOf\":{\"@id\":\"https:\/\/volcanes.net\/#website\"},\"primaryImageOfPage\":{\"@id\":\"https:\/\/volcanes.net\/?p=11888#primaryimage\"},\"image\":{\"@id\":\"https:\/\/volcanes.net\/?p=11888#primaryimage\"},\"thumbnailUrl\":\"https:\/\/volcanes.net\/wp-content\/uploads\/2021\/07\/FB_IMG_1625510401026.jpg\",\"datePublished\":\"2021-07-05T22:07:47+00:00\",\"breadcrumb\":{\"@id\":\"https:\/\/volcanes.net\/?p=11888#breadcrumb\"},\"inLanguage\":\"es\",\"potentialAction\":[{\"@type\":\"ReadAction\",\"target\":[\"https:\/\/volcanes.net\/?p=11888\"]}]},{\"@type\":\"ImageObject\",\"inLanguage\":\"es\",\"@id\":\"https:\/\/volcanes.net\/?p=11888#primaryimage\",\"url\":\"https:\/\/volcanes.net\/wp-content\/uploads\/2021\/07\/FB_IMG_1625510401026.jpg\",\"contentUrl\":\"https:\/\/volcanes.net\/wp-content\/uploads\/2021\/07\/FB_IMG_1625510401026.jpg\",\"width\":640,\"height\":356},{\"@type\":\"BreadcrumbList\",\"@id\":\"https:\/\/volcanes.net\/?p=11888#breadcrumb\",\"itemListElement\":[{\"@type\":\"ListItem\",\"position\":1,\"name\":\"Portada\",\"item\":\"https:\/\/volcanes.net\/\"},{\"@type\":\"ListItem\",\"position\":2,\"name\":\"INAFED entrega reconocimiento en Ixtapaluca por buenas pr\u00e1cticas municipales\"}]},{\"@type\":\"WebSite\",\"@id\":\"https:\/\/volcanes.net\/#website\",\"url\":\"https:\/\/volcanes.net\/\",\"name\":\"Volcanes.Net\",\"description\":\"Periodismo Profesional\",\"publisher\":{\"@id\":\"https:\/\/volcanes.net\/#organization\"},\"potentialAction\":[{\"@type\":\"SearchAction\",\"target\":{\"@type\":\"EntryPoint\",\"urlTemplate\":\"https:\/\/volcanes.net\/?s={search_term_string}\"},\"query-input\":{\"@type\":\"PropertyValueSpecification\",\"valueRequired\":true,\"valueName\":\"search_term_string\"}}],\"inLanguage\":\"es\"},{\"@type\":\"Organization\",\"@id\":\"https:\/\/volcanes.net\/#organization\",\"name\":\"Grupo Volcanes\",\"url\":\"https:\/\/volcanes.net\/\",\"logo\":{\"@type\":\"ImageObject\",\"inLanguage\":\"es\",\"@id\":\"https:\/\/volcanes.net\/#\/schema\/logo\/image\/\",\"url\":\"http:\/\/volcanes.net\/wp-content\/uploads\/2017\/12\/Avatar2.jpg\",\"contentUrl\":\"http:\/\/volcanes.net\/wp-content\/uploads\/2017\/12\/Avatar2.jpg\",\"width\":378,\"height\":378,\"caption\":\"Grupo Volcanes\"},\"image\":{\"@id\":\"https:\/\/volcanes.net\/#\/schema\/logo\/image\/\"},\"sameAs\":[\"https:\/\/www.facebook.com\/volcanes.net\/\"]},{\"@type\":\"Person\",\"@id\":\"https:\/\/volcanes.net\/#\/schema\/person\/4bf0f383940966a4abd53f5048c0e6b9\",\"name\":\"admin\",\"image\":{\"@type\":\"ImageObject\",\"inLanguage\":\"es\",\"@id\":\"https:\/\/volcanes.net\/#\/schema\/person\/image\/\",\"url\":\"https:\/\/secure.gravatar.com\/avatar\/ca004e6cba8462b8cb7abc86e382930c?s=96&d=mm&r=g\",\"contentUrl\":\"https:\/\/secure.gravatar.com\/avatar\/ca004e6cba8462b8cb7abc86e382930c?s=96&d=mm&r=g\",\"caption\":\"admin\"}}]}<\/script>\n<!-- \/ Yoast SEO plugin. -->","yoast_head_json":{"title":"INAFED entrega reconocimiento en Ixtapaluca por buenas pr\u00e1cticas municipales - Volcanes","robots":{"index":"index","follow":"follow","max-snippet":"max-snippet:-1","max-image-preview":"max-image-preview:large","max-video-preview":"max-video-preview:-1"},"canonical":"https:\/\/volcanes.net\/?p=11888","og_locale":"es_MX","og_type":"article","og_title":"INAFED entrega reconocimiento en Ixtapaluca por buenas pr\u00e1cticas municipales - Volcanes","og_description":"Ixtapaluca, Estado de M\u00e9xico.- La administraci\u00f3n de Ixtapaluca que encabeza Maricela Serrano, recibi\u00f3 por parte","og_url":"https:\/\/volcanes.net\/?p=11888","og_site_name":"Volcanes","article_publisher":"https:\/\/www.facebook.com\/volcanes.net\/","article_published_time":"2021-07-05T22:07:47+00:00","og_image":[{"width":640,"height":356,"url":"https:\/\/volcanes.net\/wp-content\/uploads\/2021\/07\/FB_IMG_1625510401026.jpg","type":"image\/jpeg"}],"author":"admin","twitter_card":"summary_large_image","twitter_misc":{"Escrito por":"admin","Tiempo de lectura":"2 minutos"},"schema":{"@context":"https:\/\/schema.org","@graph":[{"@type":"Article","@id":"https:\/\/volcanes.net\/?p=11888#article","isPartOf":{"@id":"https:\/\/volcanes.net\/?p=11888"},"author":{"name":"admin","@id":"https:\/\/volcanes.net\/#\/schema\/person\/4bf0f383940966a4abd53f5048c0e6b9"},"headline":"INAFED entrega reconocimiento en Ixtapaluca por buenas pr\u00e1cticas municipales","datePublished":"2021-07-05T22:07:47+00:00","mainEntityOfPage":{"@id":"https:\/\/volcanes.net\/?p=11888"},"wordCount":383,"commentCount":0,"publisher":{"@id":"https:\/\/volcanes.net\/#organization"},"image":{"@id":"https:\/\/volcanes.net\/?p=11888#primaryimage"},"thumbnailUrl":"https:\/\/volcanes.net\/wp-content\/uploads\/2021\/07\/FB_IMG_1625510401026.jpg","keywords":["Ixtapaluca"],"articleSection":["Municipales"],"inLanguage":"es","potentialAction":[{"@type":"CommentAction","name":"Comment","target":["https:\/\/volcanes.net\/?p=11888#respond"]}]},{"@type":"WebPage","@id":"https:\/\/volcanes.net\/?p=11888","url":"https:\/\/volcanes.net\/?p=11888","name":"INAFED entrega reconocimiento en Ixtapaluca por buenas pr\u00e1cticas municipales - Volcanes","isPartOf":{"@id":"https:\/\/volcanes.net\/#website"},"primaryImageOfPage":{"@id":"https:\/\/volcanes.net\/?p=11888#primaryimage"},"image":{"@id":"https:\/\/volcanes.net\/?p=11888#primaryimage"},"thumbnailUrl":"https:\/\/volcanes.net\/wp-content\/uploads\/2021\/07\/FB_IMG_1625510401026.jpg","datePublished":"2021-07-05T22:07:47+00:00","breadcrumb":{"@id":"https:\/\/volcanes.net\/?p=11888#breadcrumb"},"inLanguage":"es","potentialAction":[{"@type":"ReadAction","target":["https:\/\/volcanes.net\/?p=11888"]}]},{"@type":"ImageObject","inLanguage":"es","@id":"https:\/\/volcanes.net\/?p=11888#primaryimage","url":"https:\/\/volcanes.net\/wp-content\/uploads\/2021\/07\/FB_IMG_1625510401026.jpg","contentUrl":"https:\/\/volcanes.net\/wp-content\/uploads\/2021\/07\/FB_IMG_1625510401026.jpg","width":640,"height":356},{"@type":"BreadcrumbList","@id":"https:\/\/volcanes.net\/?p=11888#breadcrumb","itemListElement":[{"@type":"ListItem","position":1,"name":"Portada","item":"https:\/\/volcanes.net\/"},{"@type":"ListItem","position":2,"name":"INAFED entrega reconocimiento en Ixtapaluca por buenas pr\u00e1cticas municipales"}]},{"@type":"WebSite","@id":"https:\/\/volcanes.net\/#website","url":"https:\/\/volcanes.net\/","name":"Volcanes.Net","description":"Periodismo Profesional","publisher":{"@id":"https:\/\/volcanes.net\/#organization"},"potentialAction":[{"@type":"SearchAction","target":{"@type":"EntryPoint","urlTemplate":"https:\/\/volcanes.net\/?s={search_term_string}"},"query-input":{"@type":"PropertyValueSpecification","valueRequired":true,"valueName":"search_term_string"}}],"inLanguage":"es"},{"@type":"Organization","@id":"https:\/\/volcanes.net\/#organization","name":"Grupo Volcanes","url":"https:\/\/volcanes.net\/","logo":{"@type":"ImageObject","inLanguage":"es","@id":"https:\/\/volcanes.net\/#\/schema\/logo\/image\/","url":"http:\/\/volcanes.net\/wp-content\/uploads\/2017\/12\/Avatar2.jpg","contentUrl":"http:\/\/volcanes.net\/wp-content\/uploads\/2017\/12\/Avatar2.jpg","width":378,"height":378,"caption":"Grupo Volcanes"},"image":{"@id":"https:\/\/volcanes.net\/#\/schema\/logo\/image\/"},"sameAs":["https:\/\/www.facebook.com\/volcanes.net\/"]},{"@type":"Person","@id":"https:\/\/volcanes.net\/#\/schema\/person\/4bf0f383940966a4abd53f5048c0e6b9","name":"admin","image":{"@type":"ImageObject","inLanguage":"es","@id":"https:\/\/volcanes.net\/#\/schema\/person\/image\/","url":"https:\/\/secure.gravatar.com\/avatar\/ca004e6cba8462b8cb7abc86e382930c?s=96&d=mm&r=g","contentUrl":"https:\/\/secure.gravatar.com\/avatar\/ca004e6cba8462b8cb7abc86e382930c?s=96&d=mm&r=g","caption":"admin"}}]}},"_links":{"self":[{"href":"https:\/\/volcanes.net\/index.php?rest_route=\/wp\/v2\/posts\/11888"}],"collection":[{"href":"https:\/\/volcanes.net\/index.php?rest_route=\/wp\/v2\/posts"}],"about":[{"href":"https:\/\/volcanes.net\/index.php?rest_route=\/wp\/v2\/types\/post"}],"author":[{"embeddable":true,"href":"https:\/\/volcanes.net\/index.php?rest_route=\/wp\/v2\/users\/1"}],"replies":[{"embeddable":true,"href":"https:\/\/volcanes.net\/index.php?rest_route=%2Fwp%2Fv2%2Fcomments&post=11888"}],"version-history":[{"count":1,"href":"https:\/\/volcanes.net\/index.php?rest_route=\/wp\/v2\/posts\/11888\/revisions"}],"predecessor-version":[{"id":11890,"href":"https:\/\/volcanes.net\/index.php?rest_route=\/wp\/v2\/posts\/11888\/revisions\/11890"}],"wp:featuredmedia":[{"embeddable":true,"href":"https:\/\/volcanes.net\/index.php?rest_route=\/wp\/v2\/media\/11889"}],"wp:attachment":[{"href":"https:\/\/volcanes.net\/index.php?rest_route=%2Fwp%2Fv2%2Fmedia&parent=11888"}],"wp:term":[{"taxonomy":"category","embeddable":true,"href":"https:\/\/volcanes.net\/index.php?rest_route=%2Fwp%2Fv2%2Fcategories&post=11888"},{"taxonomy":"post_tag","embeddable":true,"href":"https:\/\/volcanes.net\/index.php?rest_route=%2Fwp%2Fv2%2Ftags&post=11888"}],"curies":[{"name":"wp","href":"https:\/\/api.w.org\/{rel}","templated":true}]}}