{"id":11891,"date":"2021-07-05T16:22:48","date_gmt":"2021-07-05T22:22:48","guid":{"rendered":"http:\/\/volcanes.net\/?p=11891"},"modified":"2021-07-05T16:22:48","modified_gmt":"2021-07-05T22:22:48","slug":"sentencian-a-46-anos-de-prision-a-sujetos-investigados-por-el-robo-y-homicidio-del-candidato-del-pes-pt-morena-a-la-alcaldia-de-tenango-del-aire","status":"publish","type":"post","link":"https:\/\/volcanes.net\/?p=11891","title":{"rendered":"Sentencian a 46 a\u00f1os de prisi\u00f3n a sujetos investigados por el robo y homicidio del candidato del PES-PT-MORENA a la alcald\u00eda de Tenango del Aire"},"content":{"rendered":"<div style=\"margin-top: 0px; margin-bottom: 0px;\" class=\"sharethis-inline-share-buttons\" ><\/div><p style=\"font-weight: 400; text-align: justify;\">Ixtapaluca, Estado de M\u00e9xico.-\u00a0El Agente del Ministerio P\u00fablico de la Fiscal\u00eda Especializada de Homicidio Zona Oriente de esta Fiscal\u00eda General de Justicia Estatal (FGJEM) obtuvo sentencias condenatorias de 46 a\u00f1os de prisi\u00f3n para Jos\u00e9 Luis Rivera Cede\u00f1o y Cristian David Lorenzo Cortes, tras acreditar su participaci\u00f3n en el asalto y homicidio de Adiel Zermann Miguel, candidato del PES-PT-MORENA a la presidencia municipal de Tenango del Aire, ocurrido en mayo del a\u00f1o 2018, en el municipio de Ixtapaluca.<\/p>\n<p style=\"font-weight: 400; text-align: justify;\">Los elementos de prueba recabados y aportados por esta Representaci\u00f3n Social fueron determinantes para que un Juez con sede en Texcoco dictara esta condena para ambos individuos, adem\u00e1s les fij\u00f3 multas de 76 mil 570 pesos y 225 mil pesos como reparaci\u00f3n del da\u00f1o, aunado a que sus derechos civiles y pol\u00edticos quedaron suspendidos.<\/p>\n<p style=\"font-weight: 400; text-align: justify;\">Ambos sujetos fueron encontrados culpables del delito de robo con la agravante de causar la muerte en agravio de Adiel Zermann Miguel, hechos ocurridos en mayo del a\u00f1o 2018.<\/p>\n<p style=\"font-weight: 400; text-align: justify;\">Las investigaciones realizadas a ra\u00edz de estos hechos, permitieron establecer que los ahora sentenciados fueron contactados por otro sujeto, a quien el candidato conoc\u00eda.<\/p>\n<p style=\"font-weight: 400; text-align: justify;\">Por ello, el d\u00eda 3 de mayo de ese a\u00f1o, la v\u00edctima fue citada en un inmueble de la colonia Geovillas de Jes\u00fas Mar\u00eda, en el municipio de Ixtapaluca, donde al ingresar fue sometido y golpeado por Rivera Cede\u00f1o y Lorenzo Cortes, as\u00ed como tres sujetos m\u00e1s.<\/p>\n<p style=\"font-weight: 400; text-align: justify;\">El candidato falleci\u00f3 a consecuencia de una asfixia por estrangulamiento y despu\u00e9s los involucrados llevaron el cuerpo a calles de la colonia La Era, en el municipio de Ixtapaluca, donde fue hallado un d\u00eda despu\u00e9s, el 4 de mayo. En tanto que los probables part\u00edcipes robaron un veh\u00edculo y tel\u00e9fono celular de la v\u00edctima.<\/p>\n<p style=\"font-weight: 400; text-align: justify;\">Derivado de lo anterior fue integrada la carpeta de investigaci\u00f3n respectiva y con el avance en la indagatoria fue posible establecer que el m\u00f3vil de los hechos fue un robo, aunado a ello fue posible identificar a Jos\u00e9 Luis y Cristian David como probables part\u00edcipes, por ello fue solicitada a un Juez librar una orden de aprehensi\u00f3n en su contra.<\/p>\n<p style=\"font-weight: 400; text-align: justify;\">D\u00edas despu\u00e9s, el d\u00eda 10 de mayo fue aprehendido Jos\u00e9 Luis y el 11 de mayo Cristian David, por lo que fueron presentados ante un Juez, en un Penal estatal, autoridad que previo proceso legal, les dict\u00f3 esta condena.<\/p>\n","protected":false},"excerpt":{"rendered":"<p>Ixtapaluca, Estado de M\u00e9xico.-\u00a0El Agente del Ministerio P\u00fablico de la Fiscal\u00eda Especializada de Homicidio Zona<\/p>\n","protected":false},"author":1,"featured_media":11892,"comment_status":"open","ping_status":"open","sticky":false,"template":"","format":"standard","meta":{"footnotes":""},"categories":[1],"tags":[17],"class_list":["post-11891","post","type-post","status-publish","format-standard","has-post-thumbnail","hentry","category-municipales","tag-tenango-del-aire"],"yoast_head":"<!-- This site is optimized with the Yoast SEO plugin v25.3 - https:\/\/yoast.com\/wordpress\/plugins\/seo\/ -->\n<title>Sentencian a 46 a\u00f1os de prisi\u00f3n a sujetos investigados por el robo y homicidio del candidato del PES-PT-MORENA a la alcald\u00eda de Tenango del Aire - Volcanes<\/title>\n<meta name=\"robots\" content=\"index, follow, max-snippet:-1, max-image-preview:large, max-video-preview:-1\" \/>\n<link rel=\"canonical\" href=\"https:\/\/volcanes.net\/?p=11891\" \/>\n<meta property=\"og:locale\" content=\"es_MX\" \/>\n<meta property=\"og:type\" content=\"article\" \/>\n<meta property=\"og:title\" content=\"Sentencian a 46 a\u00f1os de prisi\u00f3n a sujetos investigados por el robo y homicidio del candidato del PES-PT-MORENA a la alcald\u00eda de Tenango del Aire - Volcanes\" \/>\n<meta property=\"og:description\" content=\"Ixtapaluca, Estado de M\u00e9xico.-\u00a0El Agente del Ministerio P\u00fablico de la Fiscal\u00eda Especializada de Homicidio Zona\" \/>\n<meta property=\"og:url\" content=\"https:\/\/volcanes.net\/?p=11891\" \/>\n<meta property=\"og:site_name\" content=\"Volcanes\" \/>\n<meta property=\"article:publisher\" content=\"https:\/\/www.facebook.com\/volcanes.net\/\" \/>\n<meta property=\"article:published_time\" content=\"2021-07-05T22:22:48+00:00\" \/>\n<meta property=\"og:image\" content=\"https:\/\/volcanes.net\/wp-content\/uploads\/2021\/07\/FOTO-C893.jpg\" \/>\n\t<meta property=\"og:image:width\" content=\"886\" \/>\n\t<meta property=\"og:image:height\" content=\"589\" \/>\n\t<meta property=\"og:image:type\" content=\"image\/jpeg\" \/>\n<meta name=\"author\" content=\"admin\" \/>\n<meta name=\"twitter:card\" content=\"summary_large_image\" \/>\n<meta name=\"twitter:label1\" content=\"Escrito por\" \/>\n\t<meta name=\"twitter:data1\" content=\"admin\" \/>\n\t<meta name=\"twitter:label2\" content=\"Tiempo de lectura\" \/>\n\t<meta name=\"twitter:data2\" content=\"2 minutos\" \/>\n<script type=\"application\/ld+json\" class=\"yoast-schema-graph\">{\"@context\":\"https:\/\/schema.org\",\"@graph\":[{\"@type\":\"Article\",\"@id\":\"https:\/\/volcanes.net\/?p=11891#article\",\"isPartOf\":{\"@id\":\"https:\/\/volcanes.net\/?p=11891\"},\"author\":{\"name\":\"admin\",\"@id\":\"https:\/\/volcanes.net\/#\/schema\/person\/4bf0f383940966a4abd53f5048c0e6b9\"},\"headline\":\"Sentencian a 46 a\u00f1os de prisi\u00f3n a sujetos investigados por el robo y homicidio del candidato del PES-PT-MORENA a la alcald\u00eda de Tenango del Aire\",\"datePublished\":\"2021-07-05T22:22:48+00:00\",\"mainEntityOfPage\":{\"@id\":\"https:\/\/volcanes.net\/?p=11891\"},\"wordCount\":441,\"commentCount\":0,\"publisher\":{\"@id\":\"https:\/\/volcanes.net\/#organization\"},\"image\":{\"@id\":\"https:\/\/volcanes.net\/?p=11891#primaryimage\"},\"thumbnailUrl\":\"https:\/\/volcanes.net\/wp-content\/uploads\/2021\/07\/FOTO-C893.jpg\",\"keywords\":[\"Tenango del Aire\"],\"articleSection\":[\"Municipales\"],\"inLanguage\":\"es\",\"potentialAction\":[{\"@type\":\"CommentAction\",\"name\":\"Comment\",\"target\":[\"https:\/\/volcanes.net\/?p=11891#respond\"]}]},{\"@type\":\"WebPage\",\"@id\":\"https:\/\/volcanes.net\/?p=11891\",\"url\":\"https:\/\/volcanes.net\/?p=11891\",\"name\":\"Sentencian a 46 a\u00f1os de prisi\u00f3n a sujetos investigados por el robo y homicidio del candidato del PES-PT-MORENA a la alcald\u00eda de Tenango del Aire - Volcanes\",\"isPartOf\":{\"@id\":\"https:\/\/volcanes.net\/#website\"},\"primaryImageOfPage\":{\"@id\":\"https:\/\/volcanes.net\/?p=11891#primaryimage\"},\"image\":{\"@id\":\"https:\/\/volcanes.net\/?p=11891#primaryimage\"},\"thumbnailUrl\":\"https:\/\/volcanes.net\/wp-content\/uploads\/2021\/07\/FOTO-C893.jpg\",\"datePublished\":\"2021-07-05T22:22:48+00:00\",\"breadcrumb\":{\"@id\":\"https:\/\/volcanes.net\/?p=11891#breadcrumb\"},\"inLanguage\":\"es\",\"potentialAction\":[{\"@type\":\"ReadAction\",\"target\":[\"https:\/\/volcanes.net\/?p=11891\"]}]},{\"@type\":\"ImageObject\",\"inLanguage\":\"es\",\"@id\":\"https:\/\/volcanes.net\/?p=11891#primaryimage\",\"url\":\"https:\/\/volcanes.net\/wp-content\/uploads\/2021\/07\/FOTO-C893.jpg\",\"contentUrl\":\"https:\/\/volcanes.net\/wp-content\/uploads\/2021\/07\/FOTO-C893.jpg\",\"width\":886,\"height\":589},{\"@type\":\"BreadcrumbList\",\"@id\":\"https:\/\/volcanes.net\/?p=11891#breadcrumb\",\"itemListElement\":[{\"@type\":\"ListItem\",\"position\":1,\"name\":\"Portada\",\"item\":\"https:\/\/volcanes.net\/\"},{\"@type\":\"ListItem\",\"position\":2,\"name\":\"Sentencian a 46 a\u00f1os de prisi\u00f3n a sujetos investigados por el robo y homicidio del candidato del PES-PT-MORENA a la alcald\u00eda de Tenango del Aire\"}]},{\"@type\":\"WebSite\",\"@id\":\"https:\/\/volcanes.net\/#website\",\"url\":\"https:\/\/volcanes.net\/\",\"name\":\"Volcanes.Net\",\"description\":\"Periodismo Profesional\",\"publisher\":{\"@id\":\"https:\/\/volcanes.net\/#organization\"},\"potentialAction\":[{\"@type\":\"SearchAction\",\"target\":{\"@type\":\"EntryPoint\",\"urlTemplate\":\"https:\/\/volcanes.net\/?s={search_term_string}\"},\"query-input\":{\"@type\":\"PropertyValueSpecification\",\"valueRequired\":true,\"valueName\":\"search_term_string\"}}],\"inLanguage\":\"es\"},{\"@type\":\"Organization\",\"@id\":\"https:\/\/volcanes.net\/#organization\",\"name\":\"Grupo Volcanes\",\"url\":\"https:\/\/volcanes.net\/\",\"logo\":{\"@type\":\"ImageObject\",\"inLanguage\":\"es\",\"@id\":\"https:\/\/volcanes.net\/#\/schema\/logo\/image\/\",\"url\":\"http:\/\/volcanes.net\/wp-content\/uploads\/2017\/12\/Avatar2.jpg\",\"contentUrl\":\"http:\/\/volcanes.net\/wp-content\/uploads\/2017\/12\/Avatar2.jpg\",\"width\":378,\"height\":378,\"caption\":\"Grupo Volcanes\"},\"image\":{\"@id\":\"https:\/\/volcanes.net\/#\/schema\/logo\/image\/\"},\"sameAs\":[\"https:\/\/www.facebook.com\/volcanes.net\/\"]},{\"@type\":\"Person\",\"@id\":\"https:\/\/volcanes.net\/#\/schema\/person\/4bf0f383940966a4abd53f5048c0e6b9\",\"name\":\"admin\",\"image\":{\"@type\":\"ImageObject\",\"inLanguage\":\"es\",\"@id\":\"https:\/\/volcanes.net\/#\/schema\/person\/image\/\",\"url\":\"https:\/\/secure.gravatar.com\/avatar\/ca004e6cba8462b8cb7abc86e382930c?s=96&d=mm&r=g\",\"contentUrl\":\"https:\/\/secure.gravatar.com\/avatar\/ca004e6cba8462b8cb7abc86e382930c?s=96&d=mm&r=g\",\"caption\":\"admin\"}}]}<\/script>\n<!-- \/ Yoast SEO plugin. -->","yoast_head_json":{"title":"Sentencian a 46 a\u00f1os de prisi\u00f3n a sujetos investigados por el robo y homicidio del candidato del PES-PT-MORENA a la alcald\u00eda de Tenango del Aire - Volcanes","robots":{"index":"index","follow":"follow","max-snippet":"max-snippet:-1","max-image-preview":"max-image-preview:large","max-video-preview":"max-video-preview:-1"},"canonical":"https:\/\/volcanes.net\/?p=11891","og_locale":"es_MX","og_type":"article","og_title":"Sentencian a 46 a\u00f1os de prisi\u00f3n a sujetos investigados por el robo y homicidio del candidato del PES-PT-MORENA a la alcald\u00eda de Tenango del Aire - Volcanes","og_description":"Ixtapaluca, Estado de M\u00e9xico.-\u00a0El Agente del Ministerio P\u00fablico de la Fiscal\u00eda Especializada de Homicidio Zona","og_url":"https:\/\/volcanes.net\/?p=11891","og_site_name":"Volcanes","article_publisher":"https:\/\/www.facebook.com\/volcanes.net\/","article_published_time":"2021-07-05T22:22:48+00:00","og_image":[{"width":886,"height":589,"url":"https:\/\/volcanes.net\/wp-content\/uploads\/2021\/07\/FOTO-C893.jpg","type":"image\/jpeg"}],"author":"admin","twitter_card":"summary_large_image","twitter_misc":{"Escrito por":"admin","Tiempo de lectura":"2 minutos"},"schema":{"@context":"https:\/\/schema.org","@graph":[{"@type":"Article","@id":"https:\/\/volcanes.net\/?p=11891#article","isPartOf":{"@id":"https:\/\/volcanes.net\/?p=11891"},"author":{"name":"admin","@id":"https:\/\/volcanes.net\/#\/schema\/person\/4bf0f383940966a4abd53f5048c0e6b9"},"headline":"Sentencian a 46 a\u00f1os de prisi\u00f3n a sujetos investigados por el robo y homicidio del candidato del PES-PT-MORENA a la alcald\u00eda de Tenango del Aire","datePublished":"2021-07-05T22:22:48+00:00","mainEntityOfPage":{"@id":"https:\/\/volcanes.net\/?p=11891"},"wordCount":441,"commentCount":0,"publisher":{"@id":"https:\/\/volcanes.net\/#organization"},"image":{"@id":"https:\/\/volcanes.net\/?p=11891#primaryimage"},"thumbnailUrl":"https:\/\/volcanes.net\/wp-content\/uploads\/2021\/07\/FOTO-C893.jpg","keywords":["Tenango del Aire"],"articleSection":["Municipales"],"inLanguage":"es","potentialAction":[{"@type":"CommentAction","name":"Comment","target":["https:\/\/volcanes.net\/?p=11891#respond"]}]},{"@type":"WebPage","@id":"https:\/\/volcanes.net\/?p=11891","url":"https:\/\/volcanes.net\/?p=11891","name":"Sentencian a 46 a\u00f1os de prisi\u00f3n a sujetos investigados por el robo y homicidio del candidato del PES-PT-MORENA a la alcald\u00eda de Tenango del Aire - Volcanes","isPartOf":{"@id":"https:\/\/volcanes.net\/#website"},"primaryImageOfPage":{"@id":"https:\/\/volcanes.net\/?p=11891#primaryimage"},"image":{"@id":"https:\/\/volcanes.net\/?p=11891#primaryimage"},"thumbnailUrl":"https:\/\/volcanes.net\/wp-content\/uploads\/2021\/07\/FOTO-C893.jpg","datePublished":"2021-07-05T22:22:48+00:00","breadcrumb":{"@id":"https:\/\/volcanes.net\/?p=11891#breadcrumb"},"inLanguage":"es","potentialAction":[{"@type":"ReadAction","target":["https:\/\/volcanes.net\/?p=11891"]}]},{"@type":"ImageObject","inLanguage":"es","@id":"https:\/\/volcanes.net\/?p=11891#primaryimage","url":"https:\/\/volcanes.net\/wp-content\/uploads\/2021\/07\/FOTO-C893.jpg","contentUrl":"https:\/\/volcanes.net\/wp-content\/uploads\/2021\/07\/FOTO-C893.jpg","width":886,"height":589},{"@type":"BreadcrumbList","@id":"https:\/\/volcanes.net\/?p=11891#breadcrumb","itemListElement":[{"@type":"ListItem","position":1,"name":"Portada","item":"https:\/\/volcanes.net\/"},{"@type":"ListItem","position":2,"name":"Sentencian a 46 a\u00f1os de prisi\u00f3n a sujetos investigados por el robo y homicidio del candidato del PES-PT-MORENA a la alcald\u00eda de Tenango del Aire"}]},{"@type":"WebSite","@id":"https:\/\/volcanes.net\/#website","url":"https:\/\/volcanes.net\/","name":"Volcanes.Net","description":"Periodismo Profesional","publisher":{"@id":"https:\/\/volcanes.net\/#organization"},"potentialAction":[{"@type":"SearchAction","target":{"@type":"EntryPoint","urlTemplate":"https:\/\/volcanes.net\/?s={search_term_string}"},"query-input":{"@type":"PropertyValueSpecification","valueRequired":true,"valueName":"search_term_string"}}],"inLanguage":"es"},{"@type":"Organization","@id":"https:\/\/volcanes.net\/#organization","name":"Grupo Volcanes","url":"https:\/\/volcanes.net\/","logo":{"@type":"ImageObject","inLanguage":"es","@id":"https:\/\/volcanes.net\/#\/schema\/logo\/image\/","url":"http:\/\/volcanes.net\/wp-content\/uploads\/2017\/12\/Avatar2.jpg","contentUrl":"http:\/\/volcanes.net\/wp-content\/uploads\/2017\/12\/Avatar2.jpg","width":378,"height":378,"caption":"Grupo Volcanes"},"image":{"@id":"https:\/\/volcanes.net\/#\/schema\/logo\/image\/"},"sameAs":["https:\/\/www.facebook.com\/volcanes.net\/"]},{"@type":"Person","@id":"https:\/\/volcanes.net\/#\/schema\/person\/4bf0f383940966a4abd53f5048c0e6b9","name":"admin","image":{"@type":"ImageObject","inLanguage":"es","@id":"https:\/\/volcanes.net\/#\/schema\/person\/image\/","url":"https:\/\/secure.gravatar.com\/avatar\/ca004e6cba8462b8cb7abc86e382930c?s=96&d=mm&r=g","contentUrl":"https:\/\/secure.gravatar.com\/avatar\/ca004e6cba8462b8cb7abc86e382930c?s=96&d=mm&r=g","caption":"admin"}}]}},"_links":{"self":[{"href":"https:\/\/volcanes.net\/index.php?rest_route=\/wp\/v2\/posts\/11891"}],"collection":[{"href":"https:\/\/volcanes.net\/index.php?rest_route=\/wp\/v2\/posts"}],"about":[{"href":"https:\/\/volcanes.net\/index.php?rest_route=\/wp\/v2\/types\/post"}],"author":[{"embeddable":true,"href":"https:\/\/volcanes.net\/index.php?rest_route=\/wp\/v2\/users\/1"}],"replies":[{"embeddable":true,"href":"https:\/\/volcanes.net\/index.php?rest_route=%2Fwp%2Fv2%2Fcomments&post=11891"}],"version-history":[{"count":1,"href":"https:\/\/volcanes.net\/index.php?rest_route=\/wp\/v2\/posts\/11891\/revisions"}],"predecessor-version":[{"id":11893,"href":"https:\/\/volcanes.net\/index.php?rest_route=\/wp\/v2\/posts\/11891\/revisions\/11893"}],"wp:featuredmedia":[{"embeddable":true,"href":"https:\/\/volcanes.net\/index.php?rest_route=\/wp\/v2\/media\/11892"}],"wp:attachment":[{"href":"https:\/\/volcanes.net\/index.php?rest_route=%2Fwp%2Fv2%2Fmedia&parent=11891"}],"wp:term":[{"taxonomy":"category","embeddable":true,"href":"https:\/\/volcanes.net\/index.php?rest_route=%2Fwp%2Fv2%2Fcategories&post=11891"},{"taxonomy":"post_tag","embeddable":true,"href":"https:\/\/volcanes.net\/index.php?rest_route=%2Fwp%2Fv2%2Ftags&post=11891"}],"curies":[{"name":"wp","href":"https:\/\/api.w.org\/{rel}","templated":true}]}}