{"id":11947,"date":"2021-07-09T16:23:19","date_gmt":"2021-07-09T22:23:19","guid":{"rendered":"http:\/\/volcanes.net\/?p=11947"},"modified":"2021-07-09T16:23:19","modified_gmt":"2021-07-09T22:23:19","slug":"hoy-arranco-el-primer-festival-de-las-luciernagas-en-amecameca","status":"publish","type":"post","link":"https:\/\/volcanes.net\/?p=11947","title":{"rendered":"Hoy arranc\u00f3 el primer Festival de las Luci\u00e9rnagas en Amecameca"},"content":{"rendered":"<div style=\"margin-top: 0px; margin-bottom: 0px;\" class=\"sharethis-inline-share-buttons\" ><\/div><p style=\"text-align: justify;\">Amecameca, Estado de M\u00e9xico.- Con la finalidad de atraer m\u00e1s turistas a este municipio mexiquense, este viernes 09 de julio arranc\u00f3 el primer Festival de las Luci\u00e9rnagas, en donde encontrar\u00e1s venta de artesan\u00edas, gastronom\u00eda, actividades culturales, entre otras cosas; recuerda que la ingresar al Bosque Esmeralda se tiene una cuota de recuperaci\u00f3n de 20 pesos y estar\u00e1 vigente hasta el domingo 11 de julio.<\/p>\n<p style=\"text-align: justify;\">Por su parte, la Subsecretaria de Turismo, Denisse Ugalde, coment\u00f3 que se espera la visita de alrededor de mil visitantes en el Bosque Esmeralda, que se encuentra ubicado en el ejido Emiliano Zapata.<\/p>\n<p style=\"text-align: justify;\">\u00a0Adem\u00e1s, la Secretar\u00eda de Cultura y Turismo en Amecameca en coordinaci\u00f3n con la direcci\u00f3n General de Cultura F\u00edsica y Deporte llevar\u00e1n a cabo una carrera atl\u00e9tica con una distancia de 5 y 10 kil\u00f3metros, con la finalidad de reactivar f\u00edsicamente a las y los mexiquenses; la carrera comenzar\u00e1 en punto de las 8:00 horas, con salida en la Unidad Deportiva de este municipio, ubicada en Ayapango #5.<\/p>\n<p style=\"text-align: justify;\">\u00a0La ruta recorrer\u00e1 las principales avenidas de dicho pueblo con encanto, que ofrece importantes atracciones en un ambiente natural, y concluir\u00e1 en el mismo punto de arranque, adem\u00e1s de que este evento contar\u00e1 con las normas sanitarias para prevenir los contagios por el virus Covid-19.<\/p>\n","protected":false},"excerpt":{"rendered":"<p>Amecameca, Estado de M\u00e9xico.- Con la finalidad de atraer m\u00e1s turistas a este municipio mexiquense,<\/p>\n","protected":false},"author":1,"featured_media":11948,"comment_status":"open","ping_status":"open","sticky":false,"template":"","format":"standard","meta":{"footnotes":""},"categories":[1],"tags":[7],"class_list":["post-11947","post","type-post","status-publish","format-standard","has-post-thumbnail","hentry","category-municipales","tag-amecameca"],"yoast_head":"<!-- This site is optimized with the Yoast SEO plugin v25.3 - https:\/\/yoast.com\/wordpress\/plugins\/seo\/ -->\n<title>Hoy arranc\u00f3 el primer Festival de las Luci\u00e9rnagas en Amecameca - Volcanes<\/title>\n<meta name=\"robots\" content=\"index, follow, max-snippet:-1, max-image-preview:large, max-video-preview:-1\" \/>\n<link rel=\"canonical\" href=\"https:\/\/volcanes.net\/?p=11947\" \/>\n<meta property=\"og:locale\" content=\"es_MX\" \/>\n<meta property=\"og:type\" content=\"article\" \/>\n<meta property=\"og:title\" content=\"Hoy arranc\u00f3 el primer Festival de las Luci\u00e9rnagas en Amecameca - Volcanes\" \/>\n<meta property=\"og:description\" content=\"Amecameca, Estado de M\u00e9xico.- Con la finalidad de atraer m\u00e1s turistas a este municipio mexiquense,\" \/>\n<meta property=\"og:url\" content=\"https:\/\/volcanes.net\/?p=11947\" \/>\n<meta property=\"og:site_name\" content=\"Volcanes\" \/>\n<meta property=\"article:publisher\" content=\"https:\/\/www.facebook.com\/volcanes.net\/\" \/>\n<meta property=\"article:published_time\" content=\"2021-07-09T22:23:19+00:00\" \/>\n<meta property=\"og:image\" content=\"https:\/\/volcanes.net\/wp-content\/uploads\/2021\/07\/FB_IMG_1625863176171.jpg\" \/>\n\t<meta property=\"og:image:width\" content=\"720\" \/>\n\t<meta property=\"og:image:height\" content=\"540\" \/>\n\t<meta property=\"og:image:type\" content=\"image\/jpeg\" \/>\n<meta name=\"author\" content=\"admin\" \/>\n<meta name=\"twitter:card\" content=\"summary_large_image\" \/>\n<meta name=\"twitter:label1\" content=\"Escrito por\" \/>\n\t<meta name=\"twitter:data1\" content=\"admin\" \/>\n\t<meta name=\"twitter:label2\" content=\"Tiempo de lectura\" \/>\n\t<meta name=\"twitter:data2\" content=\"1 minuto\" \/>\n<script type=\"application\/ld+json\" class=\"yoast-schema-graph\">{\"@context\":\"https:\/\/schema.org\",\"@graph\":[{\"@type\":\"Article\",\"@id\":\"https:\/\/volcanes.net\/?p=11947#article\",\"isPartOf\":{\"@id\":\"https:\/\/volcanes.net\/?p=11947\"},\"author\":{\"name\":\"admin\",\"@id\":\"https:\/\/volcanes.net\/#\/schema\/person\/4bf0f383940966a4abd53f5048c0e6b9\"},\"headline\":\"Hoy arranc\u00f3 el primer Festival de las Luci\u00e9rnagas en Amecameca\",\"datePublished\":\"2021-07-09T22:23:19+00:00\",\"mainEntityOfPage\":{\"@id\":\"https:\/\/volcanes.net\/?p=11947\"},\"wordCount\":231,\"commentCount\":0,\"publisher\":{\"@id\":\"https:\/\/volcanes.net\/#organization\"},\"image\":{\"@id\":\"https:\/\/volcanes.net\/?p=11947#primaryimage\"},\"thumbnailUrl\":\"https:\/\/volcanes.net\/wp-content\/uploads\/2021\/07\/FB_IMG_1625863176171.jpg\",\"keywords\":[\"Amecameca\"],\"articleSection\":[\"Municipales\"],\"inLanguage\":\"es\",\"potentialAction\":[{\"@type\":\"CommentAction\",\"name\":\"Comment\",\"target\":[\"https:\/\/volcanes.net\/?p=11947#respond\"]}]},{\"@type\":\"WebPage\",\"@id\":\"https:\/\/volcanes.net\/?p=11947\",\"url\":\"https:\/\/volcanes.net\/?p=11947\",\"name\":\"Hoy arranc\u00f3 el primer Festival de las Luci\u00e9rnagas en Amecameca - Volcanes\",\"isPartOf\":{\"@id\":\"https:\/\/volcanes.net\/#website\"},\"primaryImageOfPage\":{\"@id\":\"https:\/\/volcanes.net\/?p=11947#primaryimage\"},\"image\":{\"@id\":\"https:\/\/volcanes.net\/?p=11947#primaryimage\"},\"thumbnailUrl\":\"https:\/\/volcanes.net\/wp-content\/uploads\/2021\/07\/FB_IMG_1625863176171.jpg\",\"datePublished\":\"2021-07-09T22:23:19+00:00\",\"breadcrumb\":{\"@id\":\"https:\/\/volcanes.net\/?p=11947#breadcrumb\"},\"inLanguage\":\"es\",\"potentialAction\":[{\"@type\":\"ReadAction\",\"target\":[\"https:\/\/volcanes.net\/?p=11947\"]}]},{\"@type\":\"ImageObject\",\"inLanguage\":\"es\",\"@id\":\"https:\/\/volcanes.net\/?p=11947#primaryimage\",\"url\":\"https:\/\/volcanes.net\/wp-content\/uploads\/2021\/07\/FB_IMG_1625863176171.jpg\",\"contentUrl\":\"https:\/\/volcanes.net\/wp-content\/uploads\/2021\/07\/FB_IMG_1625863176171.jpg\",\"width\":720,\"height\":540},{\"@type\":\"BreadcrumbList\",\"@id\":\"https:\/\/volcanes.net\/?p=11947#breadcrumb\",\"itemListElement\":[{\"@type\":\"ListItem\",\"position\":1,\"name\":\"Portada\",\"item\":\"https:\/\/volcanes.net\/\"},{\"@type\":\"ListItem\",\"position\":2,\"name\":\"Hoy arranc\u00f3 el primer Festival de las Luci\u00e9rnagas en Amecameca\"}]},{\"@type\":\"WebSite\",\"@id\":\"https:\/\/volcanes.net\/#website\",\"url\":\"https:\/\/volcanes.net\/\",\"name\":\"Volcanes.Net\",\"description\":\"Periodismo Profesional\",\"publisher\":{\"@id\":\"https:\/\/volcanes.net\/#organization\"},\"potentialAction\":[{\"@type\":\"SearchAction\",\"target\":{\"@type\":\"EntryPoint\",\"urlTemplate\":\"https:\/\/volcanes.net\/?s={search_term_string}\"},\"query-input\":{\"@type\":\"PropertyValueSpecification\",\"valueRequired\":true,\"valueName\":\"search_term_string\"}}],\"inLanguage\":\"es\"},{\"@type\":\"Organization\",\"@id\":\"https:\/\/volcanes.net\/#organization\",\"name\":\"Grupo Volcanes\",\"url\":\"https:\/\/volcanes.net\/\",\"logo\":{\"@type\":\"ImageObject\",\"inLanguage\":\"es\",\"@id\":\"https:\/\/volcanes.net\/#\/schema\/logo\/image\/\",\"url\":\"http:\/\/volcanes.net\/wp-content\/uploads\/2017\/12\/Avatar2.jpg\",\"contentUrl\":\"http:\/\/volcanes.net\/wp-content\/uploads\/2017\/12\/Avatar2.jpg\",\"width\":378,\"height\":378,\"caption\":\"Grupo Volcanes\"},\"image\":{\"@id\":\"https:\/\/volcanes.net\/#\/schema\/logo\/image\/\"},\"sameAs\":[\"https:\/\/www.facebook.com\/volcanes.net\/\"]},{\"@type\":\"Person\",\"@id\":\"https:\/\/volcanes.net\/#\/schema\/person\/4bf0f383940966a4abd53f5048c0e6b9\",\"name\":\"admin\",\"image\":{\"@type\":\"ImageObject\",\"inLanguage\":\"es\",\"@id\":\"https:\/\/volcanes.net\/#\/schema\/person\/image\/\",\"url\":\"https:\/\/secure.gravatar.com\/avatar\/ca004e6cba8462b8cb7abc86e382930c?s=96&d=mm&r=g\",\"contentUrl\":\"https:\/\/secure.gravatar.com\/avatar\/ca004e6cba8462b8cb7abc86e382930c?s=96&d=mm&r=g\",\"caption\":\"admin\"}}]}<\/script>\n<!-- \/ Yoast SEO plugin. -->","yoast_head_json":{"title":"Hoy arranc\u00f3 el primer Festival de las Luci\u00e9rnagas en Amecameca - Volcanes","robots":{"index":"index","follow":"follow","max-snippet":"max-snippet:-1","max-image-preview":"max-image-preview:large","max-video-preview":"max-video-preview:-1"},"canonical":"https:\/\/volcanes.net\/?p=11947","og_locale":"es_MX","og_type":"article","og_title":"Hoy arranc\u00f3 el primer Festival de las Luci\u00e9rnagas en Amecameca - Volcanes","og_description":"Amecameca, Estado de M\u00e9xico.- Con la finalidad de atraer m\u00e1s turistas a este municipio mexiquense,","og_url":"https:\/\/volcanes.net\/?p=11947","og_site_name":"Volcanes","article_publisher":"https:\/\/www.facebook.com\/volcanes.net\/","article_published_time":"2021-07-09T22:23:19+00:00","og_image":[{"width":720,"height":540,"url":"https:\/\/volcanes.net\/wp-content\/uploads\/2021\/07\/FB_IMG_1625863176171.jpg","type":"image\/jpeg"}],"author":"admin","twitter_card":"summary_large_image","twitter_misc":{"Escrito por":"admin","Tiempo de lectura":"1 minuto"},"schema":{"@context":"https:\/\/schema.org","@graph":[{"@type":"Article","@id":"https:\/\/volcanes.net\/?p=11947#article","isPartOf":{"@id":"https:\/\/volcanes.net\/?p=11947"},"author":{"name":"admin","@id":"https:\/\/volcanes.net\/#\/schema\/person\/4bf0f383940966a4abd53f5048c0e6b9"},"headline":"Hoy arranc\u00f3 el primer Festival de las Luci\u00e9rnagas en Amecameca","datePublished":"2021-07-09T22:23:19+00:00","mainEntityOfPage":{"@id":"https:\/\/volcanes.net\/?p=11947"},"wordCount":231,"commentCount":0,"publisher":{"@id":"https:\/\/volcanes.net\/#organization"},"image":{"@id":"https:\/\/volcanes.net\/?p=11947#primaryimage"},"thumbnailUrl":"https:\/\/volcanes.net\/wp-content\/uploads\/2021\/07\/FB_IMG_1625863176171.jpg","keywords":["Amecameca"],"articleSection":["Municipales"],"inLanguage":"es","potentialAction":[{"@type":"CommentAction","name":"Comment","target":["https:\/\/volcanes.net\/?p=11947#respond"]}]},{"@type":"WebPage","@id":"https:\/\/volcanes.net\/?p=11947","url":"https:\/\/volcanes.net\/?p=11947","name":"Hoy arranc\u00f3 el primer Festival de las Luci\u00e9rnagas en Amecameca - Volcanes","isPartOf":{"@id":"https:\/\/volcanes.net\/#website"},"primaryImageOfPage":{"@id":"https:\/\/volcanes.net\/?p=11947#primaryimage"},"image":{"@id":"https:\/\/volcanes.net\/?p=11947#primaryimage"},"thumbnailUrl":"https:\/\/volcanes.net\/wp-content\/uploads\/2021\/07\/FB_IMG_1625863176171.jpg","datePublished":"2021-07-09T22:23:19+00:00","breadcrumb":{"@id":"https:\/\/volcanes.net\/?p=11947#breadcrumb"},"inLanguage":"es","potentialAction":[{"@type":"ReadAction","target":["https:\/\/volcanes.net\/?p=11947"]}]},{"@type":"ImageObject","inLanguage":"es","@id":"https:\/\/volcanes.net\/?p=11947#primaryimage","url":"https:\/\/volcanes.net\/wp-content\/uploads\/2021\/07\/FB_IMG_1625863176171.jpg","contentUrl":"https:\/\/volcanes.net\/wp-content\/uploads\/2021\/07\/FB_IMG_1625863176171.jpg","width":720,"height":540},{"@type":"BreadcrumbList","@id":"https:\/\/volcanes.net\/?p=11947#breadcrumb","itemListElement":[{"@type":"ListItem","position":1,"name":"Portada","item":"https:\/\/volcanes.net\/"},{"@type":"ListItem","position":2,"name":"Hoy arranc\u00f3 el primer Festival de las Luci\u00e9rnagas en Amecameca"}]},{"@type":"WebSite","@id":"https:\/\/volcanes.net\/#website","url":"https:\/\/volcanes.net\/","name":"Volcanes.Net","description":"Periodismo Profesional","publisher":{"@id":"https:\/\/volcanes.net\/#organization"},"potentialAction":[{"@type":"SearchAction","target":{"@type":"EntryPoint","urlTemplate":"https:\/\/volcanes.net\/?s={search_term_string}"},"query-input":{"@type":"PropertyValueSpecification","valueRequired":true,"valueName":"search_term_string"}}],"inLanguage":"es"},{"@type":"Organization","@id":"https:\/\/volcanes.net\/#organization","name":"Grupo Volcanes","url":"https:\/\/volcanes.net\/","logo":{"@type":"ImageObject","inLanguage":"es","@id":"https:\/\/volcanes.net\/#\/schema\/logo\/image\/","url":"http:\/\/volcanes.net\/wp-content\/uploads\/2017\/12\/Avatar2.jpg","contentUrl":"http:\/\/volcanes.net\/wp-content\/uploads\/2017\/12\/Avatar2.jpg","width":378,"height":378,"caption":"Grupo Volcanes"},"image":{"@id":"https:\/\/volcanes.net\/#\/schema\/logo\/image\/"},"sameAs":["https:\/\/www.facebook.com\/volcanes.net\/"]},{"@type":"Person","@id":"https:\/\/volcanes.net\/#\/schema\/person\/4bf0f383940966a4abd53f5048c0e6b9","name":"admin","image":{"@type":"ImageObject","inLanguage":"es","@id":"https:\/\/volcanes.net\/#\/schema\/person\/image\/","url":"https:\/\/secure.gravatar.com\/avatar\/ca004e6cba8462b8cb7abc86e382930c?s=96&d=mm&r=g","contentUrl":"https:\/\/secure.gravatar.com\/avatar\/ca004e6cba8462b8cb7abc86e382930c?s=96&d=mm&r=g","caption":"admin"}}]}},"_links":{"self":[{"href":"https:\/\/volcanes.net\/index.php?rest_route=\/wp\/v2\/posts\/11947"}],"collection":[{"href":"https:\/\/volcanes.net\/index.php?rest_route=\/wp\/v2\/posts"}],"about":[{"href":"https:\/\/volcanes.net\/index.php?rest_route=\/wp\/v2\/types\/post"}],"author":[{"embeddable":true,"href":"https:\/\/volcanes.net\/index.php?rest_route=\/wp\/v2\/users\/1"}],"replies":[{"embeddable":true,"href":"https:\/\/volcanes.net\/index.php?rest_route=%2Fwp%2Fv2%2Fcomments&post=11947"}],"version-history":[{"count":1,"href":"https:\/\/volcanes.net\/index.php?rest_route=\/wp\/v2\/posts\/11947\/revisions"}],"predecessor-version":[{"id":11949,"href":"https:\/\/volcanes.net\/index.php?rest_route=\/wp\/v2\/posts\/11947\/revisions\/11949"}],"wp:featuredmedia":[{"embeddable":true,"href":"https:\/\/volcanes.net\/index.php?rest_route=\/wp\/v2\/media\/11948"}],"wp:attachment":[{"href":"https:\/\/volcanes.net\/index.php?rest_route=%2Fwp%2Fv2%2Fmedia&parent=11947"}],"wp:term":[{"taxonomy":"category","embeddable":true,"href":"https:\/\/volcanes.net\/index.php?rest_route=%2Fwp%2Fv2%2Fcategories&post=11947"},{"taxonomy":"post_tag","embeddable":true,"href":"https:\/\/volcanes.net\/index.php?rest_route=%2Fwp%2Fv2%2Ftags&post=11947"}],"curies":[{"name":"wp","href":"https:\/\/api.w.org\/{rel}","templated":true}]}}