{"id":11954,"date":"2021-07-15T07:26:21","date_gmt":"2021-07-15T13:26:21","guid":{"rendered":"http:\/\/volcanes.net\/?p=11954"},"modified":"2021-07-15T07:26:21","modified_gmt":"2021-07-15T13:26:21","slug":"entregan-paquetes-de-laminas-a-familias-de-vulnerables-en-ozumba","status":"publish","type":"post","link":"https:\/\/volcanes.net\/?p=11954","title":{"rendered":"Entregan paquetes de l\u00e1minas a familias de vulnerables en Ozumba"},"content":{"rendered":"<div style=\"margin-top: 0px; margin-bottom: 0px;\" class=\"sharethis-inline-share-buttons\" ><\/div><p>Ozumba, Estado de M\u00e9xico.- Gracias al buen trabajo y gesti\u00f3n por parte del Sistema Municipal DIF de Ozumba\u00a0 a cargo de\u00a0 Edith Castillo Enr\u00edquez, culmin\u00f3 con\u00a0 la entrega de paquetes de l\u00e1minas a familias de vulnerables que no cuentan con los recursos econ\u00f3micos para adquirir material que les permita realizar mejoras en sus viviendas y resguardarse de las inclemencias climatol\u00f3gicas.<\/p>\n<p>Por su parte,\u00a0 la titular del Sistema DIF municipal, comento que este apoyo se realiz\u00f3 con el presupuesto y recursos del sistema DIF municipal de Ozumba, esto con la finalidad de apoyar a la poblaci\u00f3n m\u00e1s vulnerable en estas temporadas de lluvias y en donde 150 familias fueron las beneficiadas, por lo que con ello,\u00a0 las y los Ozumbeses podr\u00e1n hacer uso de dicho material para colocarlos en sus cuartos habitaci\u00f3n, cocina o ba\u00f1o a fin de mejorar sus viviendas. \u201cSin lugar a dudas, es una gran oportunidad de servir a quienes m\u00e1s lo necesitan\u201d dijo\u00a0 Castillo Enr\u00edquez.<\/p>\n<p>Por otra parte, agradeci\u00f3 el apoyo del personal de servicios p\u00fablicos, quienes son los encargados de recorrer\u00a0 a lo largo y ancho del municipio, es decir que visitan las diferentes Delegaciones y obviamente la cabecera municipal, llevando bienestar a los habitantes que m\u00e1s lo necesitan, pues de esta forma es como llegan a al sector m\u00e1s vulnerable, gracias a los trabajos de campo que realiza el personal del SMDIF.<\/p>\n<p>Las l\u00e1minas fueron otorgadas de manera personal en los domicilios de las familias de escasos recursos, por lo que las y los beneficiarios,\u00a0 agradecieron\u00a0 el apoyo por parte de las autoridades del DIF, pues se\u00f1alan que sus l\u00e1minas ya estaban da\u00f1adas, por lo que con la entrega de este apoyo se refrenda el compromiso en brindar atenci\u00f3n a este sector poblacional.<\/p>\n","protected":false},"excerpt":{"rendered":"<p>Ozumba, Estado de M\u00e9xico.- Gracias al buen trabajo y gesti\u00f3n por parte del Sistema Municipal<\/p>\n","protected":false},"author":1,"featured_media":11955,"comment_status":"open","ping_status":"open","sticky":false,"template":"","format":"standard","meta":{"footnotes":""},"categories":[1],"tags":[14],"class_list":["post-11954","post","type-post","status-publish","format-standard","has-post-thumbnail","hentry","category-municipales","tag-ozumba"],"yoast_head":"<!-- This site is optimized with the Yoast SEO plugin v25.3 - https:\/\/yoast.com\/wordpress\/plugins\/seo\/ -->\n<title>Entregan paquetes de l\u00e1minas a familias de vulnerables en Ozumba - Volcanes<\/title>\n<meta name=\"robots\" content=\"index, follow, max-snippet:-1, max-image-preview:large, max-video-preview:-1\" \/>\n<link rel=\"canonical\" href=\"https:\/\/volcanes.net\/?p=11954\" \/>\n<meta property=\"og:locale\" content=\"es_MX\" \/>\n<meta property=\"og:type\" content=\"article\" \/>\n<meta property=\"og:title\" content=\"Entregan paquetes de l\u00e1minas a familias de vulnerables en Ozumba - Volcanes\" \/>\n<meta property=\"og:description\" content=\"Ozumba, Estado de M\u00e9xico.- Gracias al buen trabajo y gesti\u00f3n por parte del Sistema Municipal\" \/>\n<meta property=\"og:url\" content=\"https:\/\/volcanes.net\/?p=11954\" \/>\n<meta property=\"og:site_name\" content=\"Volcanes\" \/>\n<meta property=\"article:publisher\" content=\"https:\/\/www.facebook.com\/volcanes.net\/\" \/>\n<meta property=\"article:published_time\" content=\"2021-07-15T13:26:21+00:00\" \/>\n<meta property=\"og:image\" content=\"https:\/\/volcanes.net\/wp-content\/uploads\/2021\/07\/Screenshot_2021-07-13-18-05-492-1024x699-1.jpg\" \/>\n\t<meta property=\"og:image:width\" content=\"1024\" \/>\n\t<meta property=\"og:image:height\" content=\"699\" \/>\n\t<meta property=\"og:image:type\" content=\"image\/jpeg\" \/>\n<meta name=\"author\" content=\"admin\" \/>\n<meta name=\"twitter:card\" content=\"summary_large_image\" \/>\n<meta name=\"twitter:label1\" content=\"Escrito por\" \/>\n\t<meta name=\"twitter:data1\" content=\"admin\" \/>\n\t<meta name=\"twitter:label2\" content=\"Tiempo de lectura\" \/>\n\t<meta name=\"twitter:data2\" content=\"2 minutos\" \/>\n<script type=\"application\/ld+json\" class=\"yoast-schema-graph\">{\"@context\":\"https:\/\/schema.org\",\"@graph\":[{\"@type\":\"Article\",\"@id\":\"https:\/\/volcanes.net\/?p=11954#article\",\"isPartOf\":{\"@id\":\"https:\/\/volcanes.net\/?p=11954\"},\"author\":{\"name\":\"admin\",\"@id\":\"https:\/\/volcanes.net\/#\/schema\/person\/4bf0f383940966a4abd53f5048c0e6b9\"},\"headline\":\"Entregan paquetes de l\u00e1minas a familias de vulnerables en Ozumba\",\"datePublished\":\"2021-07-15T13:26:21+00:00\",\"mainEntityOfPage\":{\"@id\":\"https:\/\/volcanes.net\/?p=11954\"},\"wordCount\":320,\"commentCount\":0,\"publisher\":{\"@id\":\"https:\/\/volcanes.net\/#organization\"},\"image\":{\"@id\":\"https:\/\/volcanes.net\/?p=11954#primaryimage\"},\"thumbnailUrl\":\"https:\/\/volcanes.net\/wp-content\/uploads\/2021\/07\/Screenshot_2021-07-13-18-05-492-1024x699-1.jpg\",\"keywords\":[\"Ozumba\"],\"articleSection\":[\"Municipales\"],\"inLanguage\":\"es\",\"potentialAction\":[{\"@type\":\"CommentAction\",\"name\":\"Comment\",\"target\":[\"https:\/\/volcanes.net\/?p=11954#respond\"]}]},{\"@type\":\"WebPage\",\"@id\":\"https:\/\/volcanes.net\/?p=11954\",\"url\":\"https:\/\/volcanes.net\/?p=11954\",\"name\":\"Entregan paquetes de l\u00e1minas a familias de vulnerables en Ozumba - Volcanes\",\"isPartOf\":{\"@id\":\"https:\/\/volcanes.net\/#website\"},\"primaryImageOfPage\":{\"@id\":\"https:\/\/volcanes.net\/?p=11954#primaryimage\"},\"image\":{\"@id\":\"https:\/\/volcanes.net\/?p=11954#primaryimage\"},\"thumbnailUrl\":\"https:\/\/volcanes.net\/wp-content\/uploads\/2021\/07\/Screenshot_2021-07-13-18-05-492-1024x699-1.jpg\",\"datePublished\":\"2021-07-15T13:26:21+00:00\",\"breadcrumb\":{\"@id\":\"https:\/\/volcanes.net\/?p=11954#breadcrumb\"},\"inLanguage\":\"es\",\"potentialAction\":[{\"@type\":\"ReadAction\",\"target\":[\"https:\/\/volcanes.net\/?p=11954\"]}]},{\"@type\":\"ImageObject\",\"inLanguage\":\"es\",\"@id\":\"https:\/\/volcanes.net\/?p=11954#primaryimage\",\"url\":\"https:\/\/volcanes.net\/wp-content\/uploads\/2021\/07\/Screenshot_2021-07-13-18-05-492-1024x699-1.jpg\",\"contentUrl\":\"https:\/\/volcanes.net\/wp-content\/uploads\/2021\/07\/Screenshot_2021-07-13-18-05-492-1024x699-1.jpg\",\"width\":1024,\"height\":699},{\"@type\":\"BreadcrumbList\",\"@id\":\"https:\/\/volcanes.net\/?p=11954#breadcrumb\",\"itemListElement\":[{\"@type\":\"ListItem\",\"position\":1,\"name\":\"Portada\",\"item\":\"https:\/\/volcanes.net\/\"},{\"@type\":\"ListItem\",\"position\":2,\"name\":\"Entregan paquetes de l\u00e1minas a familias de vulnerables en Ozumba\"}]},{\"@type\":\"WebSite\",\"@id\":\"https:\/\/volcanes.net\/#website\",\"url\":\"https:\/\/volcanes.net\/\",\"name\":\"Volcanes.Net\",\"description\":\"Periodismo Profesional\",\"publisher\":{\"@id\":\"https:\/\/volcanes.net\/#organization\"},\"potentialAction\":[{\"@type\":\"SearchAction\",\"target\":{\"@type\":\"EntryPoint\",\"urlTemplate\":\"https:\/\/volcanes.net\/?s={search_term_string}\"},\"query-input\":{\"@type\":\"PropertyValueSpecification\",\"valueRequired\":true,\"valueName\":\"search_term_string\"}}],\"inLanguage\":\"es\"},{\"@type\":\"Organization\",\"@id\":\"https:\/\/volcanes.net\/#organization\",\"name\":\"Grupo Volcanes\",\"url\":\"https:\/\/volcanes.net\/\",\"logo\":{\"@type\":\"ImageObject\",\"inLanguage\":\"es\",\"@id\":\"https:\/\/volcanes.net\/#\/schema\/logo\/image\/\",\"url\":\"http:\/\/volcanes.net\/wp-content\/uploads\/2017\/12\/Avatar2.jpg\",\"contentUrl\":\"http:\/\/volcanes.net\/wp-content\/uploads\/2017\/12\/Avatar2.jpg\",\"width\":378,\"height\":378,\"caption\":\"Grupo Volcanes\"},\"image\":{\"@id\":\"https:\/\/volcanes.net\/#\/schema\/logo\/image\/\"},\"sameAs\":[\"https:\/\/www.facebook.com\/volcanes.net\/\"]},{\"@type\":\"Person\",\"@id\":\"https:\/\/volcanes.net\/#\/schema\/person\/4bf0f383940966a4abd53f5048c0e6b9\",\"name\":\"admin\",\"image\":{\"@type\":\"ImageObject\",\"inLanguage\":\"es\",\"@id\":\"https:\/\/volcanes.net\/#\/schema\/person\/image\/\",\"url\":\"https:\/\/secure.gravatar.com\/avatar\/ca004e6cba8462b8cb7abc86e382930c?s=96&d=mm&r=g\",\"contentUrl\":\"https:\/\/secure.gravatar.com\/avatar\/ca004e6cba8462b8cb7abc86e382930c?s=96&d=mm&r=g\",\"caption\":\"admin\"}}]}<\/script>\n<!-- \/ Yoast SEO plugin. -->","yoast_head_json":{"title":"Entregan paquetes de l\u00e1minas a familias de vulnerables en Ozumba - Volcanes","robots":{"index":"index","follow":"follow","max-snippet":"max-snippet:-1","max-image-preview":"max-image-preview:large","max-video-preview":"max-video-preview:-1"},"canonical":"https:\/\/volcanes.net\/?p=11954","og_locale":"es_MX","og_type":"article","og_title":"Entregan paquetes de l\u00e1minas a familias de vulnerables en Ozumba - Volcanes","og_description":"Ozumba, Estado de M\u00e9xico.- Gracias al buen trabajo y gesti\u00f3n por parte del Sistema Municipal","og_url":"https:\/\/volcanes.net\/?p=11954","og_site_name":"Volcanes","article_publisher":"https:\/\/www.facebook.com\/volcanes.net\/","article_published_time":"2021-07-15T13:26:21+00:00","og_image":[{"width":1024,"height":699,"url":"https:\/\/volcanes.net\/wp-content\/uploads\/2021\/07\/Screenshot_2021-07-13-18-05-492-1024x699-1.jpg","type":"image\/jpeg"}],"author":"admin","twitter_card":"summary_large_image","twitter_misc":{"Escrito por":"admin","Tiempo de lectura":"2 minutos"},"schema":{"@context":"https:\/\/schema.org","@graph":[{"@type":"Article","@id":"https:\/\/volcanes.net\/?p=11954#article","isPartOf":{"@id":"https:\/\/volcanes.net\/?p=11954"},"author":{"name":"admin","@id":"https:\/\/volcanes.net\/#\/schema\/person\/4bf0f383940966a4abd53f5048c0e6b9"},"headline":"Entregan paquetes de l\u00e1minas a familias de vulnerables en Ozumba","datePublished":"2021-07-15T13:26:21+00:00","mainEntityOfPage":{"@id":"https:\/\/volcanes.net\/?p=11954"},"wordCount":320,"commentCount":0,"publisher":{"@id":"https:\/\/volcanes.net\/#organization"},"image":{"@id":"https:\/\/volcanes.net\/?p=11954#primaryimage"},"thumbnailUrl":"https:\/\/volcanes.net\/wp-content\/uploads\/2021\/07\/Screenshot_2021-07-13-18-05-492-1024x699-1.jpg","keywords":["Ozumba"],"articleSection":["Municipales"],"inLanguage":"es","potentialAction":[{"@type":"CommentAction","name":"Comment","target":["https:\/\/volcanes.net\/?p=11954#respond"]}]},{"@type":"WebPage","@id":"https:\/\/volcanes.net\/?p=11954","url":"https:\/\/volcanes.net\/?p=11954","name":"Entregan paquetes de l\u00e1minas a familias de vulnerables en Ozumba - Volcanes","isPartOf":{"@id":"https:\/\/volcanes.net\/#website"},"primaryImageOfPage":{"@id":"https:\/\/volcanes.net\/?p=11954#primaryimage"},"image":{"@id":"https:\/\/volcanes.net\/?p=11954#primaryimage"},"thumbnailUrl":"https:\/\/volcanes.net\/wp-content\/uploads\/2021\/07\/Screenshot_2021-07-13-18-05-492-1024x699-1.jpg","datePublished":"2021-07-15T13:26:21+00:00","breadcrumb":{"@id":"https:\/\/volcanes.net\/?p=11954#breadcrumb"},"inLanguage":"es","potentialAction":[{"@type":"ReadAction","target":["https:\/\/volcanes.net\/?p=11954"]}]},{"@type":"ImageObject","inLanguage":"es","@id":"https:\/\/volcanes.net\/?p=11954#primaryimage","url":"https:\/\/volcanes.net\/wp-content\/uploads\/2021\/07\/Screenshot_2021-07-13-18-05-492-1024x699-1.jpg","contentUrl":"https:\/\/volcanes.net\/wp-content\/uploads\/2021\/07\/Screenshot_2021-07-13-18-05-492-1024x699-1.jpg","width":1024,"height":699},{"@type":"BreadcrumbList","@id":"https:\/\/volcanes.net\/?p=11954#breadcrumb","itemListElement":[{"@type":"ListItem","position":1,"name":"Portada","item":"https:\/\/volcanes.net\/"},{"@type":"ListItem","position":2,"name":"Entregan paquetes de l\u00e1minas a familias de vulnerables en Ozumba"}]},{"@type":"WebSite","@id":"https:\/\/volcanes.net\/#website","url":"https:\/\/volcanes.net\/","name":"Volcanes.Net","description":"Periodismo Profesional","publisher":{"@id":"https:\/\/volcanes.net\/#organization"},"potentialAction":[{"@type":"SearchAction","target":{"@type":"EntryPoint","urlTemplate":"https:\/\/volcanes.net\/?s={search_term_string}"},"query-input":{"@type":"PropertyValueSpecification","valueRequired":true,"valueName":"search_term_string"}}],"inLanguage":"es"},{"@type":"Organization","@id":"https:\/\/volcanes.net\/#organization","name":"Grupo Volcanes","url":"https:\/\/volcanes.net\/","logo":{"@type":"ImageObject","inLanguage":"es","@id":"https:\/\/volcanes.net\/#\/schema\/logo\/image\/","url":"http:\/\/volcanes.net\/wp-content\/uploads\/2017\/12\/Avatar2.jpg","contentUrl":"http:\/\/volcanes.net\/wp-content\/uploads\/2017\/12\/Avatar2.jpg","width":378,"height":378,"caption":"Grupo Volcanes"},"image":{"@id":"https:\/\/volcanes.net\/#\/schema\/logo\/image\/"},"sameAs":["https:\/\/www.facebook.com\/volcanes.net\/"]},{"@type":"Person","@id":"https:\/\/volcanes.net\/#\/schema\/person\/4bf0f383940966a4abd53f5048c0e6b9","name":"admin","image":{"@type":"ImageObject","inLanguage":"es","@id":"https:\/\/volcanes.net\/#\/schema\/person\/image\/","url":"https:\/\/secure.gravatar.com\/avatar\/ca004e6cba8462b8cb7abc86e382930c?s=96&d=mm&r=g","contentUrl":"https:\/\/secure.gravatar.com\/avatar\/ca004e6cba8462b8cb7abc86e382930c?s=96&d=mm&r=g","caption":"admin"}}]}},"_links":{"self":[{"href":"https:\/\/volcanes.net\/index.php?rest_route=\/wp\/v2\/posts\/11954"}],"collection":[{"href":"https:\/\/volcanes.net\/index.php?rest_route=\/wp\/v2\/posts"}],"about":[{"href":"https:\/\/volcanes.net\/index.php?rest_route=\/wp\/v2\/types\/post"}],"author":[{"embeddable":true,"href":"https:\/\/volcanes.net\/index.php?rest_route=\/wp\/v2\/users\/1"}],"replies":[{"embeddable":true,"href":"https:\/\/volcanes.net\/index.php?rest_route=%2Fwp%2Fv2%2Fcomments&post=11954"}],"version-history":[{"count":1,"href":"https:\/\/volcanes.net\/index.php?rest_route=\/wp\/v2\/posts\/11954\/revisions"}],"predecessor-version":[{"id":11956,"href":"https:\/\/volcanes.net\/index.php?rest_route=\/wp\/v2\/posts\/11954\/revisions\/11956"}],"wp:featuredmedia":[{"embeddable":true,"href":"https:\/\/volcanes.net\/index.php?rest_route=\/wp\/v2\/media\/11955"}],"wp:attachment":[{"href":"https:\/\/volcanes.net\/index.php?rest_route=%2Fwp%2Fv2%2Fmedia&parent=11954"}],"wp:term":[{"taxonomy":"category","embeddable":true,"href":"https:\/\/volcanes.net\/index.php?rest_route=%2Fwp%2Fv2%2Fcategories&post=11954"},{"taxonomy":"post_tag","embeddable":true,"href":"https:\/\/volcanes.net\/index.php?rest_route=%2Fwp%2Fv2%2Ftags&post=11954"}],"curies":[{"name":"wp","href":"https:\/\/api.w.org\/{rel}","templated":true}]}}