{"id":11958,"date":"2021-07-15T07:32:21","date_gmt":"2021-07-15T13:32:21","guid":{"rendered":"http:\/\/volcanes.net\/?p=11958"},"modified":"2021-07-15T07:32:21","modified_gmt":"2021-07-15T13:32:21","slug":"ya-fue-vinculado-a-proceso-por-la-muerte-de-su-nieta","status":"publish","type":"post","link":"https:\/\/volcanes.net\/?p=11958","title":{"rendered":"Ya fue vinculado a proceso por la muerte de su nieta"},"content":{"rendered":"<div style=\"margin-top: 0px; margin-bottom: 0px;\" class=\"sharethis-inline-share-buttons\" ><\/div><p>Amecameca, Estado de M\u00e9xico.- El Ministerio P\u00fablico de la Fiscal\u00eda Especializada de Feminicidio de esta Fiscal\u00eda General de Justicia Estatal (FGJEM) consigui\u00f3 la vinculaci\u00f3n a proceso de Lucio Antonio \u201cN\u201d, de 53 a\u00f1os de edad, tras acreditar su probable participaci\u00f3n en el asesinato de su nieta de siete a\u00f1os de edad.<\/p>\n<p>Por lo anterior, la Autoridad Judicial revis\u00f3 los elementos de prueba recabados y aportados por esta Representaci\u00f3n Social, por lo que determin\u00f3 iniciar un proceso legal en contra de este este individuo, adem\u00e1s estableci\u00f3 un plazo de tres meses para el cierre de investigaci\u00f3n complementaria y una medida cautelar de prisi\u00f3n preventiva.<\/p>\n<p>Recordemos que este sujeto fue detenido derivado de una investigaci\u00f3n iniciada por la Fiscal\u00eda Estatal, luego de que el pasado 5 de julio, fue realizado el hallazgo del cuerpo de la v\u00edctima, dentro de una construcci\u00f3n ubicada en el rancho El Ocotal, en el poblado de San Pedro Nexapa, en el municipio de Amecameca.<\/p>\n<p>Horas antes del hallazgo los padres de la peque\u00f1a salieron de su domicilio y dejaron a la v\u00edctima junto con sus otros hijos en su vivienda ubicada en la calle Emiliano Zapata, en la colonia El Ocotal. Posteriormente la v\u00edctima no fue hallada en el domicilio, por lo que vecinos comenzaron a buscarla.<\/p>\n<p>La menor de edad fue encontrada sin vida dentro de una construcci\u00f3n delimitada con malla cicl\u00f3nica; el cuerpo presentaba una lesi\u00f3n producida por un objeto punzocortante.<\/p>\n<p>Por estos hechos fue iniciada la carpeta de investigaci\u00f3n respectiva por el il\u00edcito de feminicidio y con el avance en la indagatoria fue detenido Lucio Antonio \u201cN\u201d, abuelo de la v\u00edctima y quien al parecer aprovech\u00f3 la ausencia de su hijo y su nuera para sacar del domicilio a la v\u00edctima, a quien traslad\u00f3 hasta la construcci\u00f3n referida, donde la habr\u00eda asesinado.<\/p>\n<p>Por ello, el probable part\u00edcipe fue presentado ante el Agente del Ministerio P\u00fablico, quien luego lo remiti\u00f3 ante un Juez en el Centro Penitenciarlo y de Reinserci\u00f3n Social de Chalco, autoridad que determin\u00f3 procesarlo por este il\u00edcito, sin embargo, se le debe considerar inocente hasta que sea dictada una sentencia condenatoria en su contra.<\/p>\n","protected":false},"excerpt":{"rendered":"<p>Amecameca, Estado de M\u00e9xico.- El Ministerio P\u00fablico de la Fiscal\u00eda Especializada de Feminicidio de esta<\/p>\n","protected":false},"author":1,"featured_media":11921,"comment_status":"open","ping_status":"open","sticky":false,"template":"","format":"standard","meta":{"footnotes":""},"categories":[1],"tags":[7],"class_list":["post-11958","post","type-post","status-publish","format-standard","has-post-thumbnail","hentry","category-municipales","tag-amecameca"],"yoast_head":"<!-- This site is optimized with the Yoast SEO plugin v25.3 - https:\/\/yoast.com\/wordpress\/plugins\/seo\/ -->\n<title>Ya fue vinculado a proceso por la muerte de su nieta - Volcanes<\/title>\n<meta name=\"robots\" content=\"index, follow, max-snippet:-1, max-image-preview:large, max-video-preview:-1\" \/>\n<link rel=\"canonical\" href=\"https:\/\/volcanes.net\/?p=11958\" \/>\n<meta property=\"og:locale\" content=\"es_MX\" \/>\n<meta property=\"og:type\" content=\"article\" \/>\n<meta property=\"og:title\" content=\"Ya fue vinculado a proceso por la muerte de su nieta - Volcanes\" \/>\n<meta property=\"og:description\" content=\"Amecameca, Estado de M\u00e9xico.- El Ministerio P\u00fablico de la Fiscal\u00eda Especializada de Feminicidio de esta\" \/>\n<meta property=\"og:url\" content=\"https:\/\/volcanes.net\/?p=11958\" \/>\n<meta property=\"og:site_name\" content=\"Volcanes\" \/>\n<meta property=\"article:publisher\" content=\"https:\/\/www.facebook.com\/volcanes.net\/\" \/>\n<meta property=\"article:published_time\" content=\"2021-07-15T13:32:21+00:00\" \/>\n<meta property=\"og:image\" content=\"https:\/\/volcanes.net\/wp-content\/uploads\/2021\/07\/FOTO-C901.jpg\" \/>\n\t<meta property=\"og:image:width\" content=\"500\" \/>\n\t<meta property=\"og:image:height\" content=\"685\" \/>\n\t<meta property=\"og:image:type\" content=\"image\/jpeg\" \/>\n<meta name=\"author\" content=\"admin\" \/>\n<meta name=\"twitter:card\" content=\"summary_large_image\" \/>\n<meta name=\"twitter:label1\" content=\"Escrito por\" \/>\n\t<meta name=\"twitter:data1\" content=\"admin\" \/>\n\t<meta name=\"twitter:label2\" content=\"Tiempo de lectura\" \/>\n\t<meta name=\"twitter:data2\" content=\"2 minutos\" \/>\n<script type=\"application\/ld+json\" class=\"yoast-schema-graph\">{\"@context\":\"https:\/\/schema.org\",\"@graph\":[{\"@type\":\"Article\",\"@id\":\"https:\/\/volcanes.net\/?p=11958#article\",\"isPartOf\":{\"@id\":\"https:\/\/volcanes.net\/?p=11958\"},\"author\":{\"name\":\"admin\",\"@id\":\"https:\/\/volcanes.net\/#\/schema\/person\/4bf0f383940966a4abd53f5048c0e6b9\"},\"headline\":\"Ya fue vinculado a proceso por la muerte de su nieta\",\"datePublished\":\"2021-07-15T13:32:21+00:00\",\"mainEntityOfPage\":{\"@id\":\"https:\/\/volcanes.net\/?p=11958\"},\"wordCount\":394,\"commentCount\":0,\"publisher\":{\"@id\":\"https:\/\/volcanes.net\/#organization\"},\"image\":{\"@id\":\"https:\/\/volcanes.net\/?p=11958#primaryimage\"},\"thumbnailUrl\":\"https:\/\/volcanes.net\/wp-content\/uploads\/2021\/07\/FOTO-C901.jpg\",\"keywords\":[\"Amecameca\"],\"articleSection\":[\"Municipales\"],\"inLanguage\":\"es\",\"potentialAction\":[{\"@type\":\"CommentAction\",\"name\":\"Comment\",\"target\":[\"https:\/\/volcanes.net\/?p=11958#respond\"]}]},{\"@type\":\"WebPage\",\"@id\":\"https:\/\/volcanes.net\/?p=11958\",\"url\":\"https:\/\/volcanes.net\/?p=11958\",\"name\":\"Ya fue vinculado a proceso por la muerte de su nieta - Volcanes\",\"isPartOf\":{\"@id\":\"https:\/\/volcanes.net\/#website\"},\"primaryImageOfPage\":{\"@id\":\"https:\/\/volcanes.net\/?p=11958#primaryimage\"},\"image\":{\"@id\":\"https:\/\/volcanes.net\/?p=11958#primaryimage\"},\"thumbnailUrl\":\"https:\/\/volcanes.net\/wp-content\/uploads\/2021\/07\/FOTO-C901.jpg\",\"datePublished\":\"2021-07-15T13:32:21+00:00\",\"breadcrumb\":{\"@id\":\"https:\/\/volcanes.net\/?p=11958#breadcrumb\"},\"inLanguage\":\"es\",\"potentialAction\":[{\"@type\":\"ReadAction\",\"target\":[\"https:\/\/volcanes.net\/?p=11958\"]}]},{\"@type\":\"ImageObject\",\"inLanguage\":\"es\",\"@id\":\"https:\/\/volcanes.net\/?p=11958#primaryimage\",\"url\":\"https:\/\/volcanes.net\/wp-content\/uploads\/2021\/07\/FOTO-C901.jpg\",\"contentUrl\":\"https:\/\/volcanes.net\/wp-content\/uploads\/2021\/07\/FOTO-C901.jpg\",\"width\":500,\"height\":685},{\"@type\":\"BreadcrumbList\",\"@id\":\"https:\/\/volcanes.net\/?p=11958#breadcrumb\",\"itemListElement\":[{\"@type\":\"ListItem\",\"position\":1,\"name\":\"Portada\",\"item\":\"https:\/\/volcanes.net\/\"},{\"@type\":\"ListItem\",\"position\":2,\"name\":\"Ya fue vinculado a proceso por la muerte de su nieta\"}]},{\"@type\":\"WebSite\",\"@id\":\"https:\/\/volcanes.net\/#website\",\"url\":\"https:\/\/volcanes.net\/\",\"name\":\"Volcanes.Net\",\"description\":\"Periodismo Profesional\",\"publisher\":{\"@id\":\"https:\/\/volcanes.net\/#organization\"},\"potentialAction\":[{\"@type\":\"SearchAction\",\"target\":{\"@type\":\"EntryPoint\",\"urlTemplate\":\"https:\/\/volcanes.net\/?s={search_term_string}\"},\"query-input\":{\"@type\":\"PropertyValueSpecification\",\"valueRequired\":true,\"valueName\":\"search_term_string\"}}],\"inLanguage\":\"es\"},{\"@type\":\"Organization\",\"@id\":\"https:\/\/volcanes.net\/#organization\",\"name\":\"Grupo Volcanes\",\"url\":\"https:\/\/volcanes.net\/\",\"logo\":{\"@type\":\"ImageObject\",\"inLanguage\":\"es\",\"@id\":\"https:\/\/volcanes.net\/#\/schema\/logo\/image\/\",\"url\":\"http:\/\/volcanes.net\/wp-content\/uploads\/2017\/12\/Avatar2.jpg\",\"contentUrl\":\"http:\/\/volcanes.net\/wp-content\/uploads\/2017\/12\/Avatar2.jpg\",\"width\":378,\"height\":378,\"caption\":\"Grupo Volcanes\"},\"image\":{\"@id\":\"https:\/\/volcanes.net\/#\/schema\/logo\/image\/\"},\"sameAs\":[\"https:\/\/www.facebook.com\/volcanes.net\/\"]},{\"@type\":\"Person\",\"@id\":\"https:\/\/volcanes.net\/#\/schema\/person\/4bf0f383940966a4abd53f5048c0e6b9\",\"name\":\"admin\",\"image\":{\"@type\":\"ImageObject\",\"inLanguage\":\"es\",\"@id\":\"https:\/\/volcanes.net\/#\/schema\/person\/image\/\",\"url\":\"https:\/\/secure.gravatar.com\/avatar\/ca004e6cba8462b8cb7abc86e382930c?s=96&d=mm&r=g\",\"contentUrl\":\"https:\/\/secure.gravatar.com\/avatar\/ca004e6cba8462b8cb7abc86e382930c?s=96&d=mm&r=g\",\"caption\":\"admin\"}}]}<\/script>\n<!-- \/ Yoast SEO plugin. -->","yoast_head_json":{"title":"Ya fue vinculado a proceso por la muerte de su nieta - Volcanes","robots":{"index":"index","follow":"follow","max-snippet":"max-snippet:-1","max-image-preview":"max-image-preview:large","max-video-preview":"max-video-preview:-1"},"canonical":"https:\/\/volcanes.net\/?p=11958","og_locale":"es_MX","og_type":"article","og_title":"Ya fue vinculado a proceso por la muerte de su nieta - Volcanes","og_description":"Amecameca, Estado de M\u00e9xico.- El Ministerio P\u00fablico de la Fiscal\u00eda Especializada de Feminicidio de esta","og_url":"https:\/\/volcanes.net\/?p=11958","og_site_name":"Volcanes","article_publisher":"https:\/\/www.facebook.com\/volcanes.net\/","article_published_time":"2021-07-15T13:32:21+00:00","og_image":[{"width":500,"height":685,"url":"https:\/\/volcanes.net\/wp-content\/uploads\/2021\/07\/FOTO-C901.jpg","type":"image\/jpeg"}],"author":"admin","twitter_card":"summary_large_image","twitter_misc":{"Escrito por":"admin","Tiempo de lectura":"2 minutos"},"schema":{"@context":"https:\/\/schema.org","@graph":[{"@type":"Article","@id":"https:\/\/volcanes.net\/?p=11958#article","isPartOf":{"@id":"https:\/\/volcanes.net\/?p=11958"},"author":{"name":"admin","@id":"https:\/\/volcanes.net\/#\/schema\/person\/4bf0f383940966a4abd53f5048c0e6b9"},"headline":"Ya fue vinculado a proceso por la muerte de su nieta","datePublished":"2021-07-15T13:32:21+00:00","mainEntityOfPage":{"@id":"https:\/\/volcanes.net\/?p=11958"},"wordCount":394,"commentCount":0,"publisher":{"@id":"https:\/\/volcanes.net\/#organization"},"image":{"@id":"https:\/\/volcanes.net\/?p=11958#primaryimage"},"thumbnailUrl":"https:\/\/volcanes.net\/wp-content\/uploads\/2021\/07\/FOTO-C901.jpg","keywords":["Amecameca"],"articleSection":["Municipales"],"inLanguage":"es","potentialAction":[{"@type":"CommentAction","name":"Comment","target":["https:\/\/volcanes.net\/?p=11958#respond"]}]},{"@type":"WebPage","@id":"https:\/\/volcanes.net\/?p=11958","url":"https:\/\/volcanes.net\/?p=11958","name":"Ya fue vinculado a proceso por la muerte de su nieta - Volcanes","isPartOf":{"@id":"https:\/\/volcanes.net\/#website"},"primaryImageOfPage":{"@id":"https:\/\/volcanes.net\/?p=11958#primaryimage"},"image":{"@id":"https:\/\/volcanes.net\/?p=11958#primaryimage"},"thumbnailUrl":"https:\/\/volcanes.net\/wp-content\/uploads\/2021\/07\/FOTO-C901.jpg","datePublished":"2021-07-15T13:32:21+00:00","breadcrumb":{"@id":"https:\/\/volcanes.net\/?p=11958#breadcrumb"},"inLanguage":"es","potentialAction":[{"@type":"ReadAction","target":["https:\/\/volcanes.net\/?p=11958"]}]},{"@type":"ImageObject","inLanguage":"es","@id":"https:\/\/volcanes.net\/?p=11958#primaryimage","url":"https:\/\/volcanes.net\/wp-content\/uploads\/2021\/07\/FOTO-C901.jpg","contentUrl":"https:\/\/volcanes.net\/wp-content\/uploads\/2021\/07\/FOTO-C901.jpg","width":500,"height":685},{"@type":"BreadcrumbList","@id":"https:\/\/volcanes.net\/?p=11958#breadcrumb","itemListElement":[{"@type":"ListItem","position":1,"name":"Portada","item":"https:\/\/volcanes.net\/"},{"@type":"ListItem","position":2,"name":"Ya fue vinculado a proceso por la muerte de su nieta"}]},{"@type":"WebSite","@id":"https:\/\/volcanes.net\/#website","url":"https:\/\/volcanes.net\/","name":"Volcanes.Net","description":"Periodismo Profesional","publisher":{"@id":"https:\/\/volcanes.net\/#organization"},"potentialAction":[{"@type":"SearchAction","target":{"@type":"EntryPoint","urlTemplate":"https:\/\/volcanes.net\/?s={search_term_string}"},"query-input":{"@type":"PropertyValueSpecification","valueRequired":true,"valueName":"search_term_string"}}],"inLanguage":"es"},{"@type":"Organization","@id":"https:\/\/volcanes.net\/#organization","name":"Grupo Volcanes","url":"https:\/\/volcanes.net\/","logo":{"@type":"ImageObject","inLanguage":"es","@id":"https:\/\/volcanes.net\/#\/schema\/logo\/image\/","url":"http:\/\/volcanes.net\/wp-content\/uploads\/2017\/12\/Avatar2.jpg","contentUrl":"http:\/\/volcanes.net\/wp-content\/uploads\/2017\/12\/Avatar2.jpg","width":378,"height":378,"caption":"Grupo Volcanes"},"image":{"@id":"https:\/\/volcanes.net\/#\/schema\/logo\/image\/"},"sameAs":["https:\/\/www.facebook.com\/volcanes.net\/"]},{"@type":"Person","@id":"https:\/\/volcanes.net\/#\/schema\/person\/4bf0f383940966a4abd53f5048c0e6b9","name":"admin","image":{"@type":"ImageObject","inLanguage":"es","@id":"https:\/\/volcanes.net\/#\/schema\/person\/image\/","url":"https:\/\/secure.gravatar.com\/avatar\/ca004e6cba8462b8cb7abc86e382930c?s=96&d=mm&r=g","contentUrl":"https:\/\/secure.gravatar.com\/avatar\/ca004e6cba8462b8cb7abc86e382930c?s=96&d=mm&r=g","caption":"admin"}}]}},"_links":{"self":[{"href":"https:\/\/volcanes.net\/index.php?rest_route=\/wp\/v2\/posts\/11958"}],"collection":[{"href":"https:\/\/volcanes.net\/index.php?rest_route=\/wp\/v2\/posts"}],"about":[{"href":"https:\/\/volcanes.net\/index.php?rest_route=\/wp\/v2\/types\/post"}],"author":[{"embeddable":true,"href":"https:\/\/volcanes.net\/index.php?rest_route=\/wp\/v2\/users\/1"}],"replies":[{"embeddable":true,"href":"https:\/\/volcanes.net\/index.php?rest_route=%2Fwp%2Fv2%2Fcomments&post=11958"}],"version-history":[{"count":1,"href":"https:\/\/volcanes.net\/index.php?rest_route=\/wp\/v2\/posts\/11958\/revisions"}],"predecessor-version":[{"id":11959,"href":"https:\/\/volcanes.net\/index.php?rest_route=\/wp\/v2\/posts\/11958\/revisions\/11959"}],"wp:featuredmedia":[{"embeddable":true,"href":"https:\/\/volcanes.net\/index.php?rest_route=\/wp\/v2\/media\/11921"}],"wp:attachment":[{"href":"https:\/\/volcanes.net\/index.php?rest_route=%2Fwp%2Fv2%2Fmedia&parent=11958"}],"wp:term":[{"taxonomy":"category","embeddable":true,"href":"https:\/\/volcanes.net\/index.php?rest_route=%2Fwp%2Fv2%2Fcategories&post=11958"},{"taxonomy":"post_tag","embeddable":true,"href":"https:\/\/volcanes.net\/index.php?rest_route=%2Fwp%2Fv2%2Ftags&post=11958"}],"curies":[{"name":"wp","href":"https:\/\/api.w.org\/{rel}","templated":true}]}}