{"id":11989,"date":"2021-07-29T09:18:57","date_gmt":"2021-07-29T15:18:57","guid":{"rendered":"http:\/\/volcanes.net\/?p=11989"},"modified":"2021-07-29T09:18:57","modified_gmt":"2021-07-29T15:18:57","slug":"eleccion-de-titular-de-la-codhem-sera-por-consulta-publica","status":"publish","type":"post","link":"https:\/\/volcanes.net\/?p=11989","title":{"rendered":"Elecci\u00f3n de titular de la CODHEM ser\u00e1 por consulta p\u00fablica"},"content":{"rendered":"<div style=\"margin-top: 0px; margin-bottom: 0px;\" class=\"sharethis-inline-share-buttons\" ><\/div><p>El Congreso estatal convoc\u00f3 a una consulta p\u00fablica con la sociedad civil y organismos p\u00fablicos y privados que tengan por objeto la protecci\u00f3n y defensa de los derechos humanos, para elegir o reelegir a la o el presidente de la Comisi\u00f3n de Derechos Humanos del Estado de M\u00e9xico (Codhem) para el periodo de cuatro a\u00f1os que inicia el 4 de agosto de 2021.<br \/>\nConforme al Acuerdo propuesto al Pleno de la LX Legislatura por la Junta de Coordinaci\u00f3n Pol\u00edtica (Jucopo), aprobado por unanimidad, al que dio lectura el diputado Juan Maccise Naime, la persona titular de la Codhem, ser\u00e1 elegida o ratificada por el voto de las dos terceras partes de los miembros presentes de la Legislatura, mediante un proceso de consulta p\u00fablica transparente, de m\u00e1xima publicidad y que se apegar\u00e1 a los t\u00e9rminos y condiciones que determina la ley.<br \/>\nEl proceso consigna que las y los aspirantes deber\u00e1n cumplir y acreditar ante la Jucopo los nueve requisitos legales para ocupar el cargo, entre estos ser mexicano en pleno goce y ejercicio de sus derechos pol\u00edticos y civiles; tener residencia efectiva en el territorio del Estado de M\u00e9xico no menor de cinco a\u00f1os anteriores al d\u00eda de su elecci\u00f3n; tener preferentemente t\u00edtulo de licenciado en derecho, as\u00ed como experiencia o estudios en materia de derechos humanos y tener treinta y cinco a\u00f1os cumplidos el d\u00eda de su elecci\u00f3n.<br \/>\nAdem\u00e1s, har\u00e1n llegar la documentaci\u00f3n correspondiente los d\u00edas 30 y 31de julio en la oficina de la Secretar\u00eda T\u00e9cnica de la Jucopo en el recinto del Poder Legislativo, acompa\u00f1ada de carta firmada por el o la aspirante, en donde manifiesten su voluntad de participar en el proceso; Curr\u00edculum Vitae que se\u00f1ale su experiencia laboral; formaci\u00f3n acad\u00e9mica; especializaci\u00f3n en derechos humanos; experiencia profesional en el \u00e1mbito de la protecci\u00f3n, promoci\u00f3n, estudio y divulgaci\u00f3n de los derechos humanos; y, en su caso, publicaciones en materias relacionadas con los derechos humanos.<br \/>\nAsimismo, propuesta de programa de trabajo y una descripci\u00f3n de las razones que justifican su idoneidad para ocupar la titularidad de la Codhem y copias certificadas de los documentos con los que acredite su nacionalidad, ciudadan\u00eda y edad, as\u00ed como de t\u00edtulo(s) o grados acad\u00e9micos.<br \/>\nAgrega el proceso que las y los aspirantes ser\u00e1n convocados a entrevista el d\u00eda 3 de agosto por integrantes de la Jucopo, para que hagan una exposici\u00f3n de su plan o programa de trabajo y, en su caso, den respuesta a preguntas que se les podr\u00e1n formular. La Jucopo determinar\u00e1 si las entrevistas se realizan de manera virtual lo que se notificar\u00e1 a las personas aspirantes.<br \/>\nLa convocatoria precia que, si el actual titular aspira a la reelecci\u00f3n, ser\u00e1 tratado por igual y deber\u00e1 cumplir con los mismos requisitos.<br \/>\nCon base en la evaluaci\u00f3n documental, las entrevistas, la propuesta del programa de trabajo, la experiencia en materia de derechos humanos, o actividades afines, la Jucopo analizar\u00e1 las propuestas y las remitir\u00e1 a la Comisi\u00f3n Legislativa de Derechos Humanos, que integrar\u00e1 el dictamen correspondiente y formular\u00e1 la propuesta de terna para el cargo, someti\u00e9ndolo a la consideraci\u00f3n de la Legislatura.<\/p>\n","protected":false},"excerpt":{"rendered":"<p>El Congreso estatal convoc\u00f3 a una consulta p\u00fablica con la sociedad civil y organismos p\u00fablicos<\/p>\n","protected":false},"author":1,"featured_media":11990,"comment_status":"open","ping_status":"open","sticky":false,"template":"","format":"standard","meta":{"footnotes":""},"categories":[3],"tags":[304],"class_list":["post-11989","post","type-post","status-publish","format-standard","has-post-thumbnail","hentry","category-estatales","tag-lx-legislatura-mexiquense"],"yoast_head":"<!-- This site is optimized with the Yoast SEO plugin v25.3 - https:\/\/yoast.com\/wordpress\/plugins\/seo\/ -->\n<title>Elecci\u00f3n de titular de la CODHEM ser\u00e1 por consulta p\u00fablica - Volcanes<\/title>\n<meta name=\"robots\" content=\"index, follow, max-snippet:-1, max-image-preview:large, max-video-preview:-1\" \/>\n<link rel=\"canonical\" href=\"https:\/\/volcanes.net\/?p=11989\" \/>\n<meta property=\"og:locale\" content=\"es_MX\" \/>\n<meta property=\"og:type\" content=\"article\" \/>\n<meta property=\"og:title\" content=\"Elecci\u00f3n de titular de la CODHEM ser\u00e1 por consulta p\u00fablica - Volcanes\" \/>\n<meta property=\"og:description\" content=\"El Congreso estatal convoc\u00f3 a una consulta p\u00fablica con la sociedad civil y organismos p\u00fablicos\" \/>\n<meta property=\"og:url\" content=\"https:\/\/volcanes.net\/?p=11989\" \/>\n<meta property=\"og:site_name\" content=\"Volcanes\" \/>\n<meta property=\"article:publisher\" content=\"https:\/\/www.facebook.com\/volcanes.net\/\" \/>\n<meta property=\"article:published_time\" content=\"2021-07-29T15:18:57+00:00\" \/>\n<meta property=\"og:image\" content=\"https:\/\/volcanes.net\/wp-content\/uploads\/2021\/07\/227310361_3651323524968456_6940804359843390794_n.jpg\" \/>\n\t<meta property=\"og:image:width\" content=\"810\" \/>\n\t<meta property=\"og:image:height\" content=\"540\" \/>\n\t<meta property=\"og:image:type\" content=\"image\/jpeg\" \/>\n<meta name=\"author\" content=\"admin\" \/>\n<meta name=\"twitter:card\" content=\"summary_large_image\" \/>\n<meta name=\"twitter:label1\" content=\"Escrito por\" \/>\n\t<meta name=\"twitter:data1\" content=\"admin\" \/>\n\t<meta name=\"twitter:label2\" content=\"Tiempo de lectura\" \/>\n\t<meta name=\"twitter:data2\" content=\"3 minutos\" \/>\n<script type=\"application\/ld+json\" class=\"yoast-schema-graph\">{\"@context\":\"https:\/\/schema.org\",\"@graph\":[{\"@type\":\"Article\",\"@id\":\"https:\/\/volcanes.net\/?p=11989#article\",\"isPartOf\":{\"@id\":\"https:\/\/volcanes.net\/?p=11989\"},\"author\":{\"name\":\"admin\",\"@id\":\"https:\/\/volcanes.net\/#\/schema\/person\/4bf0f383940966a4abd53f5048c0e6b9\"},\"headline\":\"Elecci\u00f3n de titular de la CODHEM ser\u00e1 por consulta p\u00fablica\",\"datePublished\":\"2021-07-29T15:18:57+00:00\",\"mainEntityOfPage\":{\"@id\":\"https:\/\/volcanes.net\/?p=11989\"},\"wordCount\":568,\"commentCount\":0,\"publisher\":{\"@id\":\"https:\/\/volcanes.net\/#organization\"},\"image\":{\"@id\":\"https:\/\/volcanes.net\/?p=11989#primaryimage\"},\"thumbnailUrl\":\"https:\/\/volcanes.net\/wp-content\/uploads\/2021\/07\/227310361_3651323524968456_6940804359843390794_n.jpg\",\"keywords\":[\"LX Legislatura Mexiquense\"],\"articleSection\":[\"Estatales\"],\"inLanguage\":\"es\",\"potentialAction\":[{\"@type\":\"CommentAction\",\"name\":\"Comment\",\"target\":[\"https:\/\/volcanes.net\/?p=11989#respond\"]}]},{\"@type\":\"WebPage\",\"@id\":\"https:\/\/volcanes.net\/?p=11989\",\"url\":\"https:\/\/volcanes.net\/?p=11989\",\"name\":\"Elecci\u00f3n de titular de la CODHEM ser\u00e1 por consulta p\u00fablica - Volcanes\",\"isPartOf\":{\"@id\":\"https:\/\/volcanes.net\/#website\"},\"primaryImageOfPage\":{\"@id\":\"https:\/\/volcanes.net\/?p=11989#primaryimage\"},\"image\":{\"@id\":\"https:\/\/volcanes.net\/?p=11989#primaryimage\"},\"thumbnailUrl\":\"https:\/\/volcanes.net\/wp-content\/uploads\/2021\/07\/227310361_3651323524968456_6940804359843390794_n.jpg\",\"datePublished\":\"2021-07-29T15:18:57+00:00\",\"breadcrumb\":{\"@id\":\"https:\/\/volcanes.net\/?p=11989#breadcrumb\"},\"inLanguage\":\"es\",\"potentialAction\":[{\"@type\":\"ReadAction\",\"target\":[\"https:\/\/volcanes.net\/?p=11989\"]}]},{\"@type\":\"ImageObject\",\"inLanguage\":\"es\",\"@id\":\"https:\/\/volcanes.net\/?p=11989#primaryimage\",\"url\":\"https:\/\/volcanes.net\/wp-content\/uploads\/2021\/07\/227310361_3651323524968456_6940804359843390794_n.jpg\",\"contentUrl\":\"https:\/\/volcanes.net\/wp-content\/uploads\/2021\/07\/227310361_3651323524968456_6940804359843390794_n.jpg\",\"width\":810,\"height\":540},{\"@type\":\"BreadcrumbList\",\"@id\":\"https:\/\/volcanes.net\/?p=11989#breadcrumb\",\"itemListElement\":[{\"@type\":\"ListItem\",\"position\":1,\"name\":\"Portada\",\"item\":\"https:\/\/volcanes.net\/\"},{\"@type\":\"ListItem\",\"position\":2,\"name\":\"Elecci\u00f3n de titular de la CODHEM ser\u00e1 por consulta p\u00fablica\"}]},{\"@type\":\"WebSite\",\"@id\":\"https:\/\/volcanes.net\/#website\",\"url\":\"https:\/\/volcanes.net\/\",\"name\":\"Volcanes.Net\",\"description\":\"Periodismo Profesional\",\"publisher\":{\"@id\":\"https:\/\/volcanes.net\/#organization\"},\"potentialAction\":[{\"@type\":\"SearchAction\",\"target\":{\"@type\":\"EntryPoint\",\"urlTemplate\":\"https:\/\/volcanes.net\/?s={search_term_string}\"},\"query-input\":{\"@type\":\"PropertyValueSpecification\",\"valueRequired\":true,\"valueName\":\"search_term_string\"}}],\"inLanguage\":\"es\"},{\"@type\":\"Organization\",\"@id\":\"https:\/\/volcanes.net\/#organization\",\"name\":\"Grupo Volcanes\",\"url\":\"https:\/\/volcanes.net\/\",\"logo\":{\"@type\":\"ImageObject\",\"inLanguage\":\"es\",\"@id\":\"https:\/\/volcanes.net\/#\/schema\/logo\/image\/\",\"url\":\"http:\/\/volcanes.net\/wp-content\/uploads\/2017\/12\/Avatar2.jpg\",\"contentUrl\":\"http:\/\/volcanes.net\/wp-content\/uploads\/2017\/12\/Avatar2.jpg\",\"width\":378,\"height\":378,\"caption\":\"Grupo Volcanes\"},\"image\":{\"@id\":\"https:\/\/volcanes.net\/#\/schema\/logo\/image\/\"},\"sameAs\":[\"https:\/\/www.facebook.com\/volcanes.net\/\"]},{\"@type\":\"Person\",\"@id\":\"https:\/\/volcanes.net\/#\/schema\/person\/4bf0f383940966a4abd53f5048c0e6b9\",\"name\":\"admin\",\"image\":{\"@type\":\"ImageObject\",\"inLanguage\":\"es\",\"@id\":\"https:\/\/volcanes.net\/#\/schema\/person\/image\/\",\"url\":\"https:\/\/secure.gravatar.com\/avatar\/ca004e6cba8462b8cb7abc86e382930c?s=96&d=mm&r=g\",\"contentUrl\":\"https:\/\/secure.gravatar.com\/avatar\/ca004e6cba8462b8cb7abc86e382930c?s=96&d=mm&r=g\",\"caption\":\"admin\"}}]}<\/script>\n<!-- \/ Yoast SEO plugin. -->","yoast_head_json":{"title":"Elecci\u00f3n de titular de la CODHEM ser\u00e1 por consulta p\u00fablica - Volcanes","robots":{"index":"index","follow":"follow","max-snippet":"max-snippet:-1","max-image-preview":"max-image-preview:large","max-video-preview":"max-video-preview:-1"},"canonical":"https:\/\/volcanes.net\/?p=11989","og_locale":"es_MX","og_type":"article","og_title":"Elecci\u00f3n de titular de la CODHEM ser\u00e1 por consulta p\u00fablica - Volcanes","og_description":"El Congreso estatal convoc\u00f3 a una consulta p\u00fablica con la sociedad civil y organismos p\u00fablicos","og_url":"https:\/\/volcanes.net\/?p=11989","og_site_name":"Volcanes","article_publisher":"https:\/\/www.facebook.com\/volcanes.net\/","article_published_time":"2021-07-29T15:18:57+00:00","og_image":[{"width":810,"height":540,"url":"https:\/\/volcanes.net\/wp-content\/uploads\/2021\/07\/227310361_3651323524968456_6940804359843390794_n.jpg","type":"image\/jpeg"}],"author":"admin","twitter_card":"summary_large_image","twitter_misc":{"Escrito por":"admin","Tiempo de lectura":"3 minutos"},"schema":{"@context":"https:\/\/schema.org","@graph":[{"@type":"Article","@id":"https:\/\/volcanes.net\/?p=11989#article","isPartOf":{"@id":"https:\/\/volcanes.net\/?p=11989"},"author":{"name":"admin","@id":"https:\/\/volcanes.net\/#\/schema\/person\/4bf0f383940966a4abd53f5048c0e6b9"},"headline":"Elecci\u00f3n de titular de la CODHEM ser\u00e1 por consulta p\u00fablica","datePublished":"2021-07-29T15:18:57+00:00","mainEntityOfPage":{"@id":"https:\/\/volcanes.net\/?p=11989"},"wordCount":568,"commentCount":0,"publisher":{"@id":"https:\/\/volcanes.net\/#organization"},"image":{"@id":"https:\/\/volcanes.net\/?p=11989#primaryimage"},"thumbnailUrl":"https:\/\/volcanes.net\/wp-content\/uploads\/2021\/07\/227310361_3651323524968456_6940804359843390794_n.jpg","keywords":["LX Legislatura Mexiquense"],"articleSection":["Estatales"],"inLanguage":"es","potentialAction":[{"@type":"CommentAction","name":"Comment","target":["https:\/\/volcanes.net\/?p=11989#respond"]}]},{"@type":"WebPage","@id":"https:\/\/volcanes.net\/?p=11989","url":"https:\/\/volcanes.net\/?p=11989","name":"Elecci\u00f3n de titular de la CODHEM ser\u00e1 por consulta p\u00fablica - Volcanes","isPartOf":{"@id":"https:\/\/volcanes.net\/#website"},"primaryImageOfPage":{"@id":"https:\/\/volcanes.net\/?p=11989#primaryimage"},"image":{"@id":"https:\/\/volcanes.net\/?p=11989#primaryimage"},"thumbnailUrl":"https:\/\/volcanes.net\/wp-content\/uploads\/2021\/07\/227310361_3651323524968456_6940804359843390794_n.jpg","datePublished":"2021-07-29T15:18:57+00:00","breadcrumb":{"@id":"https:\/\/volcanes.net\/?p=11989#breadcrumb"},"inLanguage":"es","potentialAction":[{"@type":"ReadAction","target":["https:\/\/volcanes.net\/?p=11989"]}]},{"@type":"ImageObject","inLanguage":"es","@id":"https:\/\/volcanes.net\/?p=11989#primaryimage","url":"https:\/\/volcanes.net\/wp-content\/uploads\/2021\/07\/227310361_3651323524968456_6940804359843390794_n.jpg","contentUrl":"https:\/\/volcanes.net\/wp-content\/uploads\/2021\/07\/227310361_3651323524968456_6940804359843390794_n.jpg","width":810,"height":540},{"@type":"BreadcrumbList","@id":"https:\/\/volcanes.net\/?p=11989#breadcrumb","itemListElement":[{"@type":"ListItem","position":1,"name":"Portada","item":"https:\/\/volcanes.net\/"},{"@type":"ListItem","position":2,"name":"Elecci\u00f3n de titular de la CODHEM ser\u00e1 por consulta p\u00fablica"}]},{"@type":"WebSite","@id":"https:\/\/volcanes.net\/#website","url":"https:\/\/volcanes.net\/","name":"Volcanes.Net","description":"Periodismo Profesional","publisher":{"@id":"https:\/\/volcanes.net\/#organization"},"potentialAction":[{"@type":"SearchAction","target":{"@type":"EntryPoint","urlTemplate":"https:\/\/volcanes.net\/?s={search_term_string}"},"query-input":{"@type":"PropertyValueSpecification","valueRequired":true,"valueName":"search_term_string"}}],"inLanguage":"es"},{"@type":"Organization","@id":"https:\/\/volcanes.net\/#organization","name":"Grupo Volcanes","url":"https:\/\/volcanes.net\/","logo":{"@type":"ImageObject","inLanguage":"es","@id":"https:\/\/volcanes.net\/#\/schema\/logo\/image\/","url":"http:\/\/volcanes.net\/wp-content\/uploads\/2017\/12\/Avatar2.jpg","contentUrl":"http:\/\/volcanes.net\/wp-content\/uploads\/2017\/12\/Avatar2.jpg","width":378,"height":378,"caption":"Grupo Volcanes"},"image":{"@id":"https:\/\/volcanes.net\/#\/schema\/logo\/image\/"},"sameAs":["https:\/\/www.facebook.com\/volcanes.net\/"]},{"@type":"Person","@id":"https:\/\/volcanes.net\/#\/schema\/person\/4bf0f383940966a4abd53f5048c0e6b9","name":"admin","image":{"@type":"ImageObject","inLanguage":"es","@id":"https:\/\/volcanes.net\/#\/schema\/person\/image\/","url":"https:\/\/secure.gravatar.com\/avatar\/ca004e6cba8462b8cb7abc86e382930c?s=96&d=mm&r=g","contentUrl":"https:\/\/secure.gravatar.com\/avatar\/ca004e6cba8462b8cb7abc86e382930c?s=96&d=mm&r=g","caption":"admin"}}]}},"_links":{"self":[{"href":"https:\/\/volcanes.net\/index.php?rest_route=\/wp\/v2\/posts\/11989"}],"collection":[{"href":"https:\/\/volcanes.net\/index.php?rest_route=\/wp\/v2\/posts"}],"about":[{"href":"https:\/\/volcanes.net\/index.php?rest_route=\/wp\/v2\/types\/post"}],"author":[{"embeddable":true,"href":"https:\/\/volcanes.net\/index.php?rest_route=\/wp\/v2\/users\/1"}],"replies":[{"embeddable":true,"href":"https:\/\/volcanes.net\/index.php?rest_route=%2Fwp%2Fv2%2Fcomments&post=11989"}],"version-history":[{"count":1,"href":"https:\/\/volcanes.net\/index.php?rest_route=\/wp\/v2\/posts\/11989\/revisions"}],"predecessor-version":[{"id":11991,"href":"https:\/\/volcanes.net\/index.php?rest_route=\/wp\/v2\/posts\/11989\/revisions\/11991"}],"wp:featuredmedia":[{"embeddable":true,"href":"https:\/\/volcanes.net\/index.php?rest_route=\/wp\/v2\/media\/11990"}],"wp:attachment":[{"href":"https:\/\/volcanes.net\/index.php?rest_route=%2Fwp%2Fv2%2Fmedia&parent=11989"}],"wp:term":[{"taxonomy":"category","embeddable":true,"href":"https:\/\/volcanes.net\/index.php?rest_route=%2Fwp%2Fv2%2Fcategories&post=11989"},{"taxonomy":"post_tag","embeddable":true,"href":"https:\/\/volcanes.net\/index.php?rest_route=%2Fwp%2Fv2%2Ftags&post=11989"}],"curies":[{"name":"wp","href":"https:\/\/api.w.org\/{rel}","templated":true}]}}