{"id":11993,"date":"2021-07-29T10:05:13","date_gmt":"2021-07-29T16:05:13","guid":{"rendered":"http:\/\/volcanes.net\/?p=11993"},"modified":"2021-07-29T10:17:39","modified_gmt":"2021-07-29T16:17:39","slug":"vacunarse-es-un-acto-de-responsabilidad-juan-martin-orozpe","status":"publish","type":"post","link":"https:\/\/volcanes.net\/?p=11993","title":{"rendered":"Vacunarse es un acto de responsabilidad: Juan Mart\u00edn Orozpe"},"content":{"rendered":"<div style=\"margin-top: 0px; margin-bottom: 0px;\" class=\"sharethis-inline-share-buttons\" ><\/div><p>En el municipio de Temamatla se aplic\u00f3 la segunda dosis de la vacuna contra COVID-19 a la poblaci\u00f3n entre las edades de 40 a 49 a\u00f1os, el presidente municipal, Juan Mart\u00edn Orozpe P\u00e9rez, acudi\u00f3 a la vacunaci\u00f3n pues es parte de este grupo.<\/p>\n<p>El Alcalde dijo que era importante el vacunarse de manera responsable, aprovech\u00f3 para exhortar a la poblaci\u00f3n a vacunarse de acuerdo a las convocatorias que el gobierno federal emite para cada uno de los municipios.<\/p>\n<p>Se\u00f1al\u00f3 la importancia de la inoculaci\u00f3n, luego de que las autoridades sanitarias han informado de un repunte en los casos de COVID-19 que causa el virus SARS-Cov2.<\/p>\n<p>Orozpe P\u00e9rez dijo que se ten\u00edan previstas 1200 dosis, sin embargo solamente acudieron un aproximado de mil personas a aplicarse la vacuna contra COVID-19.<\/p>\n<p>En este municipio ya se han vacunado a los adultos mayores con dos dosis, a los de 50 a\u00f1os a 59 a\u00f1os se les ha aplicado la primera dosis y a los de 40 a\u00f1os a 49 a\u00f1os se ha aplicado tambi\u00e9n las dos dosis.<\/p>\n<p>Aclar\u00f3 el municipe que la segunda dosis para lo de 50 a\u00f1os a 49 a\u00f1os ser\u00e1 en dias pr\u00f3ximos, e inform\u00f3 que personal de salud le dio a conocer que esto se debe a la marca de la vacuna.<\/p>\n<p>Cabe se\u00f1alar que el gobierno federal es quien asigna los dias de vacunaci\u00f3n con base a los lotes que va recibiendo el pa\u00eds.<\/p>\n<p>El presidente municipal inform\u00f3 que se tiene conocimiento de que en el CEAPS de esta localidad se han aplicado m\u00e1s pruebas, lo que dej\u00f3 de manifiesto que se tiene un repunte controlado, dijo que se mantienen reuniones permanentes con la jurisdicc\u00f3n sanitaria para tomar acciones y as\u00ed disminuir los casos de contagio.<\/p>\n<p>Dijo que ante esta situaci\u00f3n se seguir\u00e1 trabajando en la concientiaci\u00f3n de la poblaci\u00f3n para no bajar la guardia ante esta nueva ola de contagios en el pa\u00eds. pidi\u00f3 a la poblaci\u00f3n a no bajar la guardia a pesar de que se ha avanzado en las jornadas de vacunaci\u00f3n.<\/p>\n","protected":false},"excerpt":{"rendered":"<p>En el municipio de Temamatla se aplic\u00f3 la segunda dosis de la vacuna contra COVID-19<\/p>\n","protected":false},"author":1,"featured_media":11996,"comment_status":"open","ping_status":"open","sticky":false,"template":"","format":"standard","meta":{"footnotes":""},"categories":[1],"tags":[236],"class_list":["post-11993","post","type-post","status-publish","format-standard","has-post-thumbnail","hentry","category-municipales","tag-temamatla"],"yoast_head":"<!-- This site is optimized with the Yoast SEO plugin v25.3 - https:\/\/yoast.com\/wordpress\/plugins\/seo\/ -->\n<title>Vacunarse es un acto de responsabilidad: Juan Mart\u00edn Orozpe - Volcanes<\/title>\n<meta name=\"robots\" content=\"index, follow, max-snippet:-1, max-image-preview:large, max-video-preview:-1\" \/>\n<link rel=\"canonical\" href=\"https:\/\/volcanes.net\/?p=11993\" \/>\n<meta property=\"og:locale\" content=\"es_MX\" \/>\n<meta property=\"og:type\" content=\"article\" \/>\n<meta property=\"og:title\" content=\"Vacunarse es un acto de responsabilidad: Juan Mart\u00edn Orozpe - Volcanes\" \/>\n<meta property=\"og:description\" content=\"En el municipio de Temamatla se aplic\u00f3 la segunda dosis de la vacuna contra COVID-19\" \/>\n<meta property=\"og:url\" content=\"https:\/\/volcanes.net\/?p=11993\" \/>\n<meta property=\"og:site_name\" content=\"Volcanes\" \/>\n<meta property=\"article:publisher\" content=\"https:\/\/www.facebook.com\/volcanes.net\/\" \/>\n<meta property=\"article:published_time\" content=\"2021-07-29T16:05:13+00:00\" \/>\n<meta property=\"article:modified_time\" content=\"2021-07-29T16:17:39+00:00\" \/>\n<meta property=\"og:image\" content=\"https:\/\/volcanes.net\/wp-content\/uploads\/2021\/07\/202194679_3857906074319973_6562149024194649566_n.jpg\" \/>\n\t<meta property=\"og:image:width\" content=\"960\" \/>\n\t<meta property=\"og:image:height\" content=\"540\" \/>\n\t<meta property=\"og:image:type\" content=\"image\/jpeg\" \/>\n<meta name=\"author\" content=\"admin\" \/>\n<meta name=\"twitter:card\" content=\"summary_large_image\" \/>\n<meta name=\"twitter:label1\" content=\"Escrito por\" \/>\n\t<meta name=\"twitter:data1\" content=\"admin\" \/>\n\t<meta name=\"twitter:label2\" content=\"Tiempo de lectura\" \/>\n\t<meta name=\"twitter:data2\" content=\"2 minutos\" \/>\n<script type=\"application\/ld+json\" class=\"yoast-schema-graph\">{\"@context\":\"https:\/\/schema.org\",\"@graph\":[{\"@type\":\"Article\",\"@id\":\"https:\/\/volcanes.net\/?p=11993#article\",\"isPartOf\":{\"@id\":\"https:\/\/volcanes.net\/?p=11993\"},\"author\":{\"name\":\"admin\",\"@id\":\"https:\/\/volcanes.net\/#\/schema\/person\/4bf0f383940966a4abd53f5048c0e6b9\"},\"headline\":\"Vacunarse es un acto de responsabilidad: Juan Mart\u00edn Orozpe\",\"datePublished\":\"2021-07-29T16:05:13+00:00\",\"dateModified\":\"2021-07-29T16:17:39+00:00\",\"mainEntityOfPage\":{\"@id\":\"https:\/\/volcanes.net\/?p=11993\"},\"wordCount\":367,\"commentCount\":0,\"publisher\":{\"@id\":\"https:\/\/volcanes.net\/#organization\"},\"image\":{\"@id\":\"https:\/\/volcanes.net\/?p=11993#primaryimage\"},\"thumbnailUrl\":\"https:\/\/volcanes.net\/wp-content\/uploads\/2021\/07\/202194679_3857906074319973_6562149024194649566_n.jpg\",\"keywords\":[\"Temamatla\"],\"articleSection\":[\"Municipales\"],\"inLanguage\":\"es\",\"potentialAction\":[{\"@type\":\"CommentAction\",\"name\":\"Comment\",\"target\":[\"https:\/\/volcanes.net\/?p=11993#respond\"]}]},{\"@type\":\"WebPage\",\"@id\":\"https:\/\/volcanes.net\/?p=11993\",\"url\":\"https:\/\/volcanes.net\/?p=11993\",\"name\":\"Vacunarse es un acto de responsabilidad: Juan Mart\u00edn Orozpe - Volcanes\",\"isPartOf\":{\"@id\":\"https:\/\/volcanes.net\/#website\"},\"primaryImageOfPage\":{\"@id\":\"https:\/\/volcanes.net\/?p=11993#primaryimage\"},\"image\":{\"@id\":\"https:\/\/volcanes.net\/?p=11993#primaryimage\"},\"thumbnailUrl\":\"https:\/\/volcanes.net\/wp-content\/uploads\/2021\/07\/202194679_3857906074319973_6562149024194649566_n.jpg\",\"datePublished\":\"2021-07-29T16:05:13+00:00\",\"dateModified\":\"2021-07-29T16:17:39+00:00\",\"breadcrumb\":{\"@id\":\"https:\/\/volcanes.net\/?p=11993#breadcrumb\"},\"inLanguage\":\"es\",\"potentialAction\":[{\"@type\":\"ReadAction\",\"target\":[\"https:\/\/volcanes.net\/?p=11993\"]}]},{\"@type\":\"ImageObject\",\"inLanguage\":\"es\",\"@id\":\"https:\/\/volcanes.net\/?p=11993#primaryimage\",\"url\":\"https:\/\/volcanes.net\/wp-content\/uploads\/2021\/07\/202194679_3857906074319973_6562149024194649566_n.jpg\",\"contentUrl\":\"https:\/\/volcanes.net\/wp-content\/uploads\/2021\/07\/202194679_3857906074319973_6562149024194649566_n.jpg\",\"width\":960,\"height\":540},{\"@type\":\"BreadcrumbList\",\"@id\":\"https:\/\/volcanes.net\/?p=11993#breadcrumb\",\"itemListElement\":[{\"@type\":\"ListItem\",\"position\":1,\"name\":\"Portada\",\"item\":\"https:\/\/volcanes.net\/\"},{\"@type\":\"ListItem\",\"position\":2,\"name\":\"Vacunarse es un acto de responsabilidad: Juan Mart\u00edn Orozpe\"}]},{\"@type\":\"WebSite\",\"@id\":\"https:\/\/volcanes.net\/#website\",\"url\":\"https:\/\/volcanes.net\/\",\"name\":\"Volcanes.Net\",\"description\":\"Periodismo Profesional\",\"publisher\":{\"@id\":\"https:\/\/volcanes.net\/#organization\"},\"potentialAction\":[{\"@type\":\"SearchAction\",\"target\":{\"@type\":\"EntryPoint\",\"urlTemplate\":\"https:\/\/volcanes.net\/?s={search_term_string}\"},\"query-input\":{\"@type\":\"PropertyValueSpecification\",\"valueRequired\":true,\"valueName\":\"search_term_string\"}}],\"inLanguage\":\"es\"},{\"@type\":\"Organization\",\"@id\":\"https:\/\/volcanes.net\/#organization\",\"name\":\"Grupo Volcanes\",\"url\":\"https:\/\/volcanes.net\/\",\"logo\":{\"@type\":\"ImageObject\",\"inLanguage\":\"es\",\"@id\":\"https:\/\/volcanes.net\/#\/schema\/logo\/image\/\",\"url\":\"http:\/\/volcanes.net\/wp-content\/uploads\/2017\/12\/Avatar2.jpg\",\"contentUrl\":\"http:\/\/volcanes.net\/wp-content\/uploads\/2017\/12\/Avatar2.jpg\",\"width\":378,\"height\":378,\"caption\":\"Grupo Volcanes\"},\"image\":{\"@id\":\"https:\/\/volcanes.net\/#\/schema\/logo\/image\/\"},\"sameAs\":[\"https:\/\/www.facebook.com\/volcanes.net\/\"]},{\"@type\":\"Person\",\"@id\":\"https:\/\/volcanes.net\/#\/schema\/person\/4bf0f383940966a4abd53f5048c0e6b9\",\"name\":\"admin\",\"image\":{\"@type\":\"ImageObject\",\"inLanguage\":\"es\",\"@id\":\"https:\/\/volcanes.net\/#\/schema\/person\/image\/\",\"url\":\"https:\/\/secure.gravatar.com\/avatar\/ca004e6cba8462b8cb7abc86e382930c?s=96&d=mm&r=g\",\"contentUrl\":\"https:\/\/secure.gravatar.com\/avatar\/ca004e6cba8462b8cb7abc86e382930c?s=96&d=mm&r=g\",\"caption\":\"admin\"}}]}<\/script>\n<!-- \/ Yoast SEO plugin. -->","yoast_head_json":{"title":"Vacunarse es un acto de responsabilidad: Juan Mart\u00edn Orozpe - Volcanes","robots":{"index":"index","follow":"follow","max-snippet":"max-snippet:-1","max-image-preview":"max-image-preview:large","max-video-preview":"max-video-preview:-1"},"canonical":"https:\/\/volcanes.net\/?p=11993","og_locale":"es_MX","og_type":"article","og_title":"Vacunarse es un acto de responsabilidad: Juan Mart\u00edn Orozpe - Volcanes","og_description":"En el municipio de Temamatla se aplic\u00f3 la segunda dosis de la vacuna contra COVID-19","og_url":"https:\/\/volcanes.net\/?p=11993","og_site_name":"Volcanes","article_publisher":"https:\/\/www.facebook.com\/volcanes.net\/","article_published_time":"2021-07-29T16:05:13+00:00","article_modified_time":"2021-07-29T16:17:39+00:00","og_image":[{"width":960,"height":540,"url":"https:\/\/volcanes.net\/wp-content\/uploads\/2021\/07\/202194679_3857906074319973_6562149024194649566_n.jpg","type":"image\/jpeg"}],"author":"admin","twitter_card":"summary_large_image","twitter_misc":{"Escrito por":"admin","Tiempo de lectura":"2 minutos"},"schema":{"@context":"https:\/\/schema.org","@graph":[{"@type":"Article","@id":"https:\/\/volcanes.net\/?p=11993#article","isPartOf":{"@id":"https:\/\/volcanes.net\/?p=11993"},"author":{"name":"admin","@id":"https:\/\/volcanes.net\/#\/schema\/person\/4bf0f383940966a4abd53f5048c0e6b9"},"headline":"Vacunarse es un acto de responsabilidad: Juan Mart\u00edn Orozpe","datePublished":"2021-07-29T16:05:13+00:00","dateModified":"2021-07-29T16:17:39+00:00","mainEntityOfPage":{"@id":"https:\/\/volcanes.net\/?p=11993"},"wordCount":367,"commentCount":0,"publisher":{"@id":"https:\/\/volcanes.net\/#organization"},"image":{"@id":"https:\/\/volcanes.net\/?p=11993#primaryimage"},"thumbnailUrl":"https:\/\/volcanes.net\/wp-content\/uploads\/2021\/07\/202194679_3857906074319973_6562149024194649566_n.jpg","keywords":["Temamatla"],"articleSection":["Municipales"],"inLanguage":"es","potentialAction":[{"@type":"CommentAction","name":"Comment","target":["https:\/\/volcanes.net\/?p=11993#respond"]}]},{"@type":"WebPage","@id":"https:\/\/volcanes.net\/?p=11993","url":"https:\/\/volcanes.net\/?p=11993","name":"Vacunarse es un acto de responsabilidad: Juan Mart\u00edn Orozpe - Volcanes","isPartOf":{"@id":"https:\/\/volcanes.net\/#website"},"primaryImageOfPage":{"@id":"https:\/\/volcanes.net\/?p=11993#primaryimage"},"image":{"@id":"https:\/\/volcanes.net\/?p=11993#primaryimage"},"thumbnailUrl":"https:\/\/volcanes.net\/wp-content\/uploads\/2021\/07\/202194679_3857906074319973_6562149024194649566_n.jpg","datePublished":"2021-07-29T16:05:13+00:00","dateModified":"2021-07-29T16:17:39+00:00","breadcrumb":{"@id":"https:\/\/volcanes.net\/?p=11993#breadcrumb"},"inLanguage":"es","potentialAction":[{"@type":"ReadAction","target":["https:\/\/volcanes.net\/?p=11993"]}]},{"@type":"ImageObject","inLanguage":"es","@id":"https:\/\/volcanes.net\/?p=11993#primaryimage","url":"https:\/\/volcanes.net\/wp-content\/uploads\/2021\/07\/202194679_3857906074319973_6562149024194649566_n.jpg","contentUrl":"https:\/\/volcanes.net\/wp-content\/uploads\/2021\/07\/202194679_3857906074319973_6562149024194649566_n.jpg","width":960,"height":540},{"@type":"BreadcrumbList","@id":"https:\/\/volcanes.net\/?p=11993#breadcrumb","itemListElement":[{"@type":"ListItem","position":1,"name":"Portada","item":"https:\/\/volcanes.net\/"},{"@type":"ListItem","position":2,"name":"Vacunarse es un acto de responsabilidad: Juan Mart\u00edn Orozpe"}]},{"@type":"WebSite","@id":"https:\/\/volcanes.net\/#website","url":"https:\/\/volcanes.net\/","name":"Volcanes.Net","description":"Periodismo Profesional","publisher":{"@id":"https:\/\/volcanes.net\/#organization"},"potentialAction":[{"@type":"SearchAction","target":{"@type":"EntryPoint","urlTemplate":"https:\/\/volcanes.net\/?s={search_term_string}"},"query-input":{"@type":"PropertyValueSpecification","valueRequired":true,"valueName":"search_term_string"}}],"inLanguage":"es"},{"@type":"Organization","@id":"https:\/\/volcanes.net\/#organization","name":"Grupo Volcanes","url":"https:\/\/volcanes.net\/","logo":{"@type":"ImageObject","inLanguage":"es","@id":"https:\/\/volcanes.net\/#\/schema\/logo\/image\/","url":"http:\/\/volcanes.net\/wp-content\/uploads\/2017\/12\/Avatar2.jpg","contentUrl":"http:\/\/volcanes.net\/wp-content\/uploads\/2017\/12\/Avatar2.jpg","width":378,"height":378,"caption":"Grupo Volcanes"},"image":{"@id":"https:\/\/volcanes.net\/#\/schema\/logo\/image\/"},"sameAs":["https:\/\/www.facebook.com\/volcanes.net\/"]},{"@type":"Person","@id":"https:\/\/volcanes.net\/#\/schema\/person\/4bf0f383940966a4abd53f5048c0e6b9","name":"admin","image":{"@type":"ImageObject","inLanguage":"es","@id":"https:\/\/volcanes.net\/#\/schema\/person\/image\/","url":"https:\/\/secure.gravatar.com\/avatar\/ca004e6cba8462b8cb7abc86e382930c?s=96&d=mm&r=g","contentUrl":"https:\/\/secure.gravatar.com\/avatar\/ca004e6cba8462b8cb7abc86e382930c?s=96&d=mm&r=g","caption":"admin"}}]}},"_links":{"self":[{"href":"https:\/\/volcanes.net\/index.php?rest_route=\/wp\/v2\/posts\/11993"}],"collection":[{"href":"https:\/\/volcanes.net\/index.php?rest_route=\/wp\/v2\/posts"}],"about":[{"href":"https:\/\/volcanes.net\/index.php?rest_route=\/wp\/v2\/types\/post"}],"author":[{"embeddable":true,"href":"https:\/\/volcanes.net\/index.php?rest_route=\/wp\/v2\/users\/1"}],"replies":[{"embeddable":true,"href":"https:\/\/volcanes.net\/index.php?rest_route=%2Fwp%2Fv2%2Fcomments&post=11993"}],"version-history":[{"count":3,"href":"https:\/\/volcanes.net\/index.php?rest_route=\/wp\/v2\/posts\/11993\/revisions"}],"predecessor-version":[{"id":11999,"href":"https:\/\/volcanes.net\/index.php?rest_route=\/wp\/v2\/posts\/11993\/revisions\/11999"}],"wp:featuredmedia":[{"embeddable":true,"href":"https:\/\/volcanes.net\/index.php?rest_route=\/wp\/v2\/media\/11996"}],"wp:attachment":[{"href":"https:\/\/volcanes.net\/index.php?rest_route=%2Fwp%2Fv2%2Fmedia&parent=11993"}],"wp:term":[{"taxonomy":"category","embeddable":true,"href":"https:\/\/volcanes.net\/index.php?rest_route=%2Fwp%2Fv2%2Fcategories&post=11993"},{"taxonomy":"post_tag","embeddable":true,"href":"https:\/\/volcanes.net\/index.php?rest_route=%2Fwp%2Fv2%2Ftags&post=11993"}],"curies":[{"name":"wp","href":"https:\/\/api.w.org\/{rel}","templated":true}]}}