{"id":12007,"date":"2021-08-03T21:23:30","date_gmt":"2021-08-04T03:23:30","guid":{"rendered":"https:\/\/volcanes.net\/?p=12007"},"modified":"2021-08-03T21:23:30","modified_gmt":"2021-08-04T03:23:30","slug":"propone-morena-revocacion-de-mandato-de-gobernadora","status":"publish","type":"post","link":"https:\/\/volcanes.net\/?p=12007","title":{"rendered":"Propone Morena revocaci\u00f3n de mandato de gobernador(a)"},"content":{"rendered":"<div style=\"margin-top: 0px; margin-bottom: 0px;\" class=\"sharethis-inline-share-buttons\" ><\/div><p>El grupo parlamentario de Morena propuso reformas a la Constituci\u00f3n Pol\u00edtica estatal para garantizar el derecho ciudadano a solicitar la revocaci\u00f3n de mandato de gobernador o gobernadora, establecer constitucionalmente las figuras de democracia representativa, directa y participativa, y fortalecer los mecanismos y bases de participaci\u00f3n ciudadana, como el refer\u00e9ndum, consulta popular y presupuesto participativo.<br \/>\nLa propuesta, signada por las diputadas Anais Miriam Burgos Hern\u00e1ndez, Elba Aldana Duarte, Karina Labastida Sotelo, Mar\u00eda de Jes\u00fas Galicia Ramos y Beatriz Garc\u00eda Villegas, as\u00ed como por los diputados Heleodoro Enrique Sep\u00falveda \u00c1vila y Max Agust\u00edn Correa Hern\u00e1ndez, busca cumplir el mandato constitucional generado por el Congreso de la Uni\u00f3n y homologar la Constituci\u00f3n local con la federal.<br \/>\nLa iniciativa, expuesta por la legisladora Beatriz Garc\u00eda Villegas, explica que el proceso de la revocaci\u00f3n de mandato del gobernador o gobernadora ser\u00e1 convocado por el Instituto Electoral del Estado de M\u00e9xico (IEEM) a petici\u00f3n de al menos del 3% de la ciudadan\u00eda inscrita en la lista nominal de electores, siempre y cuando en la solicitud correspondan a por lo menos 63 municipios y que representen, como m\u00ednimo, el 3% de la lista nominal de cada uno de \u00e9stos. El Instituto tendr\u00e1 30 d\u00edas para verificar requisitos y emitir\u00e1 inmediatamente la convocatoria.<br \/>\nAdem\u00e1s, solo se podr\u00e1 solicitar en una sola ocasi\u00f3n y durante los tres meses posteriores a la conclusi\u00f3n del tercer a\u00f1o del periodo constitucional; la ciudadan\u00eda podr\u00e1 recabar firmas para la solicitud; la votaci\u00f3n ser\u00e1 90 d\u00edas despu\u00e9s de la solicitud; ser\u00e1 v\u00e1lido con una participaci\u00f3n m\u00ednima de 40% de las personas inscritas en la lista nominal y la revocaci\u00f3n proceder\u00e1 por mayor\u00eda absoluta.<br \/>\nEl refer\u00e9ndum se solicitar\u00e1 al IEEM por autoridades, ya sea el gobernador o gobernadora o las y los diputados locales (estos \u00faltimos con al menos el 33% de sus miembros) o por la ciudadan\u00eda (con al menos el 1% de la lista nominal de electores para refer\u00e9ndum constitucional y con el 0.2% para el refer\u00e9ndum legislativo).<br \/>\nEn el caso de las consultas populares deber\u00e1n ser solicitadas por al menos 0.5% de la ciudadan\u00eda y se podr\u00e1 solicitar resoluci\u00f3n de conflictos lim\u00edtrofes o creaci\u00f3n de municipios, cuyo resultado ser\u00e1 vinculatorio si la participaci\u00f3n es de al menos del 15% de la ciudadan\u00eda inscrita en la lista nominal en los municipios donde se celebr\u00f3 la consulta.<br \/>\nLa propuesta, enviada para su an\u00e1lisis a las comisiones de Gobernaci\u00f3n y Puntos Constitucionales y de Participaci\u00f3n Ciudadana, agrega que las y los alcaldes mexiquenses deber\u00e1n destinar recursos, al menos una vez al a\u00f1o, para el proceso de consulta de presupuesto participativo.<\/p>\n","protected":false},"excerpt":{"rendered":"<p>El grupo parlamentario de Morena propuso reformas a la Constituci\u00f3n Pol\u00edtica estatal para garantizar el<\/p>\n","protected":false},"author":1,"featured_media":12008,"comment_status":"open","ping_status":"open","sticky":false,"template":"","format":"standard","meta":{"footnotes":""},"categories":[3],"tags":[184],"class_list":["post-12007","post","type-post","status-publish","format-standard","has-post-thumbnail","hentry","category-estatales","tag-legismex"],"yoast_head":"<!-- This site is optimized with the Yoast SEO plugin v25.3 - https:\/\/yoast.com\/wordpress\/plugins\/seo\/ -->\n<title>Propone Morena revocaci\u00f3n de mandato de gobernador(a) - Volcanes<\/title>\n<meta name=\"robots\" content=\"index, follow, max-snippet:-1, max-image-preview:large, max-video-preview:-1\" \/>\n<link rel=\"canonical\" href=\"https:\/\/volcanes.net\/?p=12007\" \/>\n<meta property=\"og:locale\" content=\"es_MX\" \/>\n<meta property=\"og:type\" content=\"article\" \/>\n<meta property=\"og:title\" content=\"Propone Morena revocaci\u00f3n de mandato de gobernador(a) - Volcanes\" \/>\n<meta property=\"og:description\" content=\"El grupo parlamentario de Morena propuso reformas a la Constituci\u00f3n Pol\u00edtica estatal para garantizar el\" \/>\n<meta property=\"og:url\" content=\"https:\/\/volcanes.net\/?p=12007\" \/>\n<meta property=\"og:site_name\" content=\"Volcanes\" \/>\n<meta property=\"article:publisher\" content=\"https:\/\/www.facebook.com\/volcanes.net\/\" \/>\n<meta property=\"article:published_time\" content=\"2021-08-04T03:23:30+00:00\" \/>\n<meta property=\"og:image\" content=\"https:\/\/volcanes.net\/wp-content\/uploads\/2021\/08\/2925b-e1628047381737.jpg\" \/>\n\t<meta property=\"og:image:width\" content=\"700\" \/>\n\t<meta property=\"og:image:height\" content=\"467\" \/>\n\t<meta property=\"og:image:type\" content=\"image\/jpeg\" \/>\n<meta name=\"author\" content=\"admin\" \/>\n<meta name=\"twitter:card\" content=\"summary_large_image\" \/>\n<meta name=\"twitter:label1\" content=\"Escrito por\" \/>\n\t<meta name=\"twitter:data1\" content=\"admin\" \/>\n\t<meta name=\"twitter:label2\" content=\"Tiempo de lectura\" \/>\n\t<meta name=\"twitter:data2\" content=\"2 minutos\" \/>\n<script type=\"application\/ld+json\" class=\"yoast-schema-graph\">{\"@context\":\"https:\/\/schema.org\",\"@graph\":[{\"@type\":\"Article\",\"@id\":\"https:\/\/volcanes.net\/?p=12007#article\",\"isPartOf\":{\"@id\":\"https:\/\/volcanes.net\/?p=12007\"},\"author\":{\"name\":\"admin\",\"@id\":\"https:\/\/volcanes.net\/#\/schema\/person\/4bf0f383940966a4abd53f5048c0e6b9\"},\"headline\":\"Propone Morena revocaci\u00f3n de mandato de gobernador(a)\",\"datePublished\":\"2021-08-04T03:23:30+00:00\",\"mainEntityOfPage\":{\"@id\":\"https:\/\/volcanes.net\/?p=12007\"},\"wordCount\":473,\"commentCount\":0,\"publisher\":{\"@id\":\"https:\/\/volcanes.net\/#organization\"},\"image\":{\"@id\":\"https:\/\/volcanes.net\/?p=12007#primaryimage\"},\"thumbnailUrl\":\"https:\/\/volcanes.net\/wp-content\/uploads\/2021\/08\/2925b-e1628047381737.jpg\",\"keywords\":[\"Legismex\"],\"articleSection\":[\"Estatales\"],\"inLanguage\":\"es\",\"potentialAction\":[{\"@type\":\"CommentAction\",\"name\":\"Comment\",\"target\":[\"https:\/\/volcanes.net\/?p=12007#respond\"]}]},{\"@type\":\"WebPage\",\"@id\":\"https:\/\/volcanes.net\/?p=12007\",\"url\":\"https:\/\/volcanes.net\/?p=12007\",\"name\":\"Propone Morena revocaci\u00f3n de mandato de gobernador(a) - Volcanes\",\"isPartOf\":{\"@id\":\"https:\/\/volcanes.net\/#website\"},\"primaryImageOfPage\":{\"@id\":\"https:\/\/volcanes.net\/?p=12007#primaryimage\"},\"image\":{\"@id\":\"https:\/\/volcanes.net\/?p=12007#primaryimage\"},\"thumbnailUrl\":\"https:\/\/volcanes.net\/wp-content\/uploads\/2021\/08\/2925b-e1628047381737.jpg\",\"datePublished\":\"2021-08-04T03:23:30+00:00\",\"breadcrumb\":{\"@id\":\"https:\/\/volcanes.net\/?p=12007#breadcrumb\"},\"inLanguage\":\"es\",\"potentialAction\":[{\"@type\":\"ReadAction\",\"target\":[\"https:\/\/volcanes.net\/?p=12007\"]}]},{\"@type\":\"ImageObject\",\"inLanguage\":\"es\",\"@id\":\"https:\/\/volcanes.net\/?p=12007#primaryimage\",\"url\":\"https:\/\/volcanes.net\/wp-content\/uploads\/2021\/08\/2925b-e1628047381737.jpg\",\"contentUrl\":\"https:\/\/volcanes.net\/wp-content\/uploads\/2021\/08\/2925b-e1628047381737.jpg\",\"width\":700,\"height\":467},{\"@type\":\"BreadcrumbList\",\"@id\":\"https:\/\/volcanes.net\/?p=12007#breadcrumb\",\"itemListElement\":[{\"@type\":\"ListItem\",\"position\":1,\"name\":\"Portada\",\"item\":\"https:\/\/volcanes.net\/\"},{\"@type\":\"ListItem\",\"position\":2,\"name\":\"Propone Morena revocaci\u00f3n de mandato de gobernador(a)\"}]},{\"@type\":\"WebSite\",\"@id\":\"https:\/\/volcanes.net\/#website\",\"url\":\"https:\/\/volcanes.net\/\",\"name\":\"Volcanes.Net\",\"description\":\"Periodismo Profesional\",\"publisher\":{\"@id\":\"https:\/\/volcanes.net\/#organization\"},\"potentialAction\":[{\"@type\":\"SearchAction\",\"target\":{\"@type\":\"EntryPoint\",\"urlTemplate\":\"https:\/\/volcanes.net\/?s={search_term_string}\"},\"query-input\":{\"@type\":\"PropertyValueSpecification\",\"valueRequired\":true,\"valueName\":\"search_term_string\"}}],\"inLanguage\":\"es\"},{\"@type\":\"Organization\",\"@id\":\"https:\/\/volcanes.net\/#organization\",\"name\":\"Grupo Volcanes\",\"url\":\"https:\/\/volcanes.net\/\",\"logo\":{\"@type\":\"ImageObject\",\"inLanguage\":\"es\",\"@id\":\"https:\/\/volcanes.net\/#\/schema\/logo\/image\/\",\"url\":\"http:\/\/volcanes.net\/wp-content\/uploads\/2017\/12\/Avatar2.jpg\",\"contentUrl\":\"http:\/\/volcanes.net\/wp-content\/uploads\/2017\/12\/Avatar2.jpg\",\"width\":378,\"height\":378,\"caption\":\"Grupo Volcanes\"},\"image\":{\"@id\":\"https:\/\/volcanes.net\/#\/schema\/logo\/image\/\"},\"sameAs\":[\"https:\/\/www.facebook.com\/volcanes.net\/\"]},{\"@type\":\"Person\",\"@id\":\"https:\/\/volcanes.net\/#\/schema\/person\/4bf0f383940966a4abd53f5048c0e6b9\",\"name\":\"admin\",\"image\":{\"@type\":\"ImageObject\",\"inLanguage\":\"es\",\"@id\":\"https:\/\/volcanes.net\/#\/schema\/person\/image\/\",\"url\":\"https:\/\/secure.gravatar.com\/avatar\/ca004e6cba8462b8cb7abc86e382930c?s=96&d=mm&r=g\",\"contentUrl\":\"https:\/\/secure.gravatar.com\/avatar\/ca004e6cba8462b8cb7abc86e382930c?s=96&d=mm&r=g\",\"caption\":\"admin\"}}]}<\/script>\n<!-- \/ Yoast SEO plugin. -->","yoast_head_json":{"title":"Propone Morena revocaci\u00f3n de mandato de gobernador(a) - Volcanes","robots":{"index":"index","follow":"follow","max-snippet":"max-snippet:-1","max-image-preview":"max-image-preview:large","max-video-preview":"max-video-preview:-1"},"canonical":"https:\/\/volcanes.net\/?p=12007","og_locale":"es_MX","og_type":"article","og_title":"Propone Morena revocaci\u00f3n de mandato de gobernador(a) - Volcanes","og_description":"El grupo parlamentario de Morena propuso reformas a la Constituci\u00f3n Pol\u00edtica estatal para garantizar el","og_url":"https:\/\/volcanes.net\/?p=12007","og_site_name":"Volcanes","article_publisher":"https:\/\/www.facebook.com\/volcanes.net\/","article_published_time":"2021-08-04T03:23:30+00:00","og_image":[{"width":700,"height":467,"url":"https:\/\/volcanes.net\/wp-content\/uploads\/2021\/08\/2925b-e1628047381737.jpg","type":"image\/jpeg"}],"author":"admin","twitter_card":"summary_large_image","twitter_misc":{"Escrito por":"admin","Tiempo de lectura":"2 minutos"},"schema":{"@context":"https:\/\/schema.org","@graph":[{"@type":"Article","@id":"https:\/\/volcanes.net\/?p=12007#article","isPartOf":{"@id":"https:\/\/volcanes.net\/?p=12007"},"author":{"name":"admin","@id":"https:\/\/volcanes.net\/#\/schema\/person\/4bf0f383940966a4abd53f5048c0e6b9"},"headline":"Propone Morena revocaci\u00f3n de mandato de gobernador(a)","datePublished":"2021-08-04T03:23:30+00:00","mainEntityOfPage":{"@id":"https:\/\/volcanes.net\/?p=12007"},"wordCount":473,"commentCount":0,"publisher":{"@id":"https:\/\/volcanes.net\/#organization"},"image":{"@id":"https:\/\/volcanes.net\/?p=12007#primaryimage"},"thumbnailUrl":"https:\/\/volcanes.net\/wp-content\/uploads\/2021\/08\/2925b-e1628047381737.jpg","keywords":["Legismex"],"articleSection":["Estatales"],"inLanguage":"es","potentialAction":[{"@type":"CommentAction","name":"Comment","target":["https:\/\/volcanes.net\/?p=12007#respond"]}]},{"@type":"WebPage","@id":"https:\/\/volcanes.net\/?p=12007","url":"https:\/\/volcanes.net\/?p=12007","name":"Propone Morena revocaci\u00f3n de mandato de gobernador(a) - Volcanes","isPartOf":{"@id":"https:\/\/volcanes.net\/#website"},"primaryImageOfPage":{"@id":"https:\/\/volcanes.net\/?p=12007#primaryimage"},"image":{"@id":"https:\/\/volcanes.net\/?p=12007#primaryimage"},"thumbnailUrl":"https:\/\/volcanes.net\/wp-content\/uploads\/2021\/08\/2925b-e1628047381737.jpg","datePublished":"2021-08-04T03:23:30+00:00","breadcrumb":{"@id":"https:\/\/volcanes.net\/?p=12007#breadcrumb"},"inLanguage":"es","potentialAction":[{"@type":"ReadAction","target":["https:\/\/volcanes.net\/?p=12007"]}]},{"@type":"ImageObject","inLanguage":"es","@id":"https:\/\/volcanes.net\/?p=12007#primaryimage","url":"https:\/\/volcanes.net\/wp-content\/uploads\/2021\/08\/2925b-e1628047381737.jpg","contentUrl":"https:\/\/volcanes.net\/wp-content\/uploads\/2021\/08\/2925b-e1628047381737.jpg","width":700,"height":467},{"@type":"BreadcrumbList","@id":"https:\/\/volcanes.net\/?p=12007#breadcrumb","itemListElement":[{"@type":"ListItem","position":1,"name":"Portada","item":"https:\/\/volcanes.net\/"},{"@type":"ListItem","position":2,"name":"Propone Morena revocaci\u00f3n de mandato de gobernador(a)"}]},{"@type":"WebSite","@id":"https:\/\/volcanes.net\/#website","url":"https:\/\/volcanes.net\/","name":"Volcanes.Net","description":"Periodismo Profesional","publisher":{"@id":"https:\/\/volcanes.net\/#organization"},"potentialAction":[{"@type":"SearchAction","target":{"@type":"EntryPoint","urlTemplate":"https:\/\/volcanes.net\/?s={search_term_string}"},"query-input":{"@type":"PropertyValueSpecification","valueRequired":true,"valueName":"search_term_string"}}],"inLanguage":"es"},{"@type":"Organization","@id":"https:\/\/volcanes.net\/#organization","name":"Grupo Volcanes","url":"https:\/\/volcanes.net\/","logo":{"@type":"ImageObject","inLanguage":"es","@id":"https:\/\/volcanes.net\/#\/schema\/logo\/image\/","url":"http:\/\/volcanes.net\/wp-content\/uploads\/2017\/12\/Avatar2.jpg","contentUrl":"http:\/\/volcanes.net\/wp-content\/uploads\/2017\/12\/Avatar2.jpg","width":378,"height":378,"caption":"Grupo Volcanes"},"image":{"@id":"https:\/\/volcanes.net\/#\/schema\/logo\/image\/"},"sameAs":["https:\/\/www.facebook.com\/volcanes.net\/"]},{"@type":"Person","@id":"https:\/\/volcanes.net\/#\/schema\/person\/4bf0f383940966a4abd53f5048c0e6b9","name":"admin","image":{"@type":"ImageObject","inLanguage":"es","@id":"https:\/\/volcanes.net\/#\/schema\/person\/image\/","url":"https:\/\/secure.gravatar.com\/avatar\/ca004e6cba8462b8cb7abc86e382930c?s=96&d=mm&r=g","contentUrl":"https:\/\/secure.gravatar.com\/avatar\/ca004e6cba8462b8cb7abc86e382930c?s=96&d=mm&r=g","caption":"admin"}}]}},"_links":{"self":[{"href":"https:\/\/volcanes.net\/index.php?rest_route=\/wp\/v2\/posts\/12007"}],"collection":[{"href":"https:\/\/volcanes.net\/index.php?rest_route=\/wp\/v2\/posts"}],"about":[{"href":"https:\/\/volcanes.net\/index.php?rest_route=\/wp\/v2\/types\/post"}],"author":[{"embeddable":true,"href":"https:\/\/volcanes.net\/index.php?rest_route=\/wp\/v2\/users\/1"}],"replies":[{"embeddable":true,"href":"https:\/\/volcanes.net\/index.php?rest_route=%2Fwp%2Fv2%2Fcomments&post=12007"}],"version-history":[{"count":1,"href":"https:\/\/volcanes.net\/index.php?rest_route=\/wp\/v2\/posts\/12007\/revisions"}],"predecessor-version":[{"id":12009,"href":"https:\/\/volcanes.net\/index.php?rest_route=\/wp\/v2\/posts\/12007\/revisions\/12009"}],"wp:featuredmedia":[{"embeddable":true,"href":"https:\/\/volcanes.net\/index.php?rest_route=\/wp\/v2\/media\/12008"}],"wp:attachment":[{"href":"https:\/\/volcanes.net\/index.php?rest_route=%2Fwp%2Fv2%2Fmedia&parent=12007"}],"wp:term":[{"taxonomy":"category","embeddable":true,"href":"https:\/\/volcanes.net\/index.php?rest_route=%2Fwp%2Fv2%2Fcategories&post=12007"},{"taxonomy":"post_tag","embeddable":true,"href":"https:\/\/volcanes.net\/index.php?rest_route=%2Fwp%2Fv2%2Ftags&post=12007"}],"curies":[{"name":"wp","href":"https:\/\/api.w.org\/{rel}","templated":true}]}}