{"id":12018,"date":"2021-08-06T15:49:03","date_gmt":"2021-08-06T21:49:03","guid":{"rendered":"https:\/\/volcanes.net\/?p=12018"},"modified":"2021-08-06T15:52:55","modified_gmt":"2021-08-06T21:52:55","slug":"video-presidente-electo-de-tepetlixpa-proyecta-detonar-el-desarrollo-economico-de-la-region","status":"publish","type":"post","link":"https:\/\/volcanes.net\/?p=12018","title":{"rendered":"VIDEO: Presidente electo de Tepetlixpa proyecta detonar el desarrollo econ\u00f3mico de la regi\u00f3n"},"content":{"rendered":"<div style=\"margin-top: 0px; margin-bottom: 0px;\" class=\"sharethis-inline-share-buttons\" ><\/div><p><span style=\"font-weight: 400;\">El presidente municipal electo de Tepetlixpa, Abelardo Rodr\u00edguez,\u00a0 proyecta detonar el desarrollo econ\u00f3mico de la regi\u00f3n de los Volcanes en el Estado de M\u00e9xico, as\u00ed lo dio a conocer en entrevista para volcanes multimedios durante su participaci\u00f3n en el Octavo Festival de Chiles en Nogada que se realiza en esta regi\u00f3n mexiquense.<\/span><span style=\"font-weight: 400;\"><br \/>\n<\/span><span style=\"font-weight: 400;\">Reconoci\u00f3 que esta octava edici\u00f3n del festival de Chile en nogada, podr\u00eda ser detonante para lograr que se impulse y as\u00ed detonar el desarrollo de esta regi\u00f3n.<\/span><\/p>\n<p><span style=\"font-weight: 400;\">Dijo que es una importante \u00e1rea de oportunidad, y a\u00f1adi\u00f3 que este festival est\u00e1 acumulando grandes esperanzas para los restauranteros, en alusi\u00f3n a la gravedad econ\u00f3mica por la que pasa este gremio ante una pandemia que se ha prolongado, afectando considerablemente el desarrollo de nuevos proyectos, incluso el de salvar los ya existentes.<\/span><\/p>\n<p><span style=\"font-weight: 400;\">El alcalde acudi\u00f3 a la inauguraci\u00f3n de este Octavo Festival de Chiles en Nogada que se realiz\u00f3 en el Centro cultural regional Sor Juana, que se encuentra en la delegaci\u00f3n de Nepantla, delegaci\u00f3n perteneciente al municipio de Tepetlixpa.<\/span><\/p>\n<p><span style=\"font-weight: 400;\">Indic\u00f3 que el turismo, el desarrollo econ\u00f3mico, cultura y el deporte son \u00e1reas que de manera articulada dar\u00e1 muy buenos resultados para las peque\u00f1as y medianas empresas, as\u00ed como para los emprendedores. Dijo que estos son la base del desarrollo econ\u00f3mico de la regi\u00f3n.<\/span><span style=\"font-weight: 400;\"><br \/>\n<\/span><span style=\"font-weight: 400;\">Finalmente pidi\u00f3 a todos a sumarse a este gran proyecto, y a no pensar en que la pandemia es un gran obst\u00e1culo, sino una gran oportunidad para el desarrollo tepetlixpense.<\/span><\/p>\n","protected":false},"excerpt":{"rendered":"<p>El presidente municipal electo de Tepetlixpa, Abelardo Rodr\u00edguez,\u00a0 proyecta detonar el desarrollo econ\u00f3mico de la<\/p>\n","protected":false},"author":1,"featured_media":12022,"comment_status":"open","ping_status":"open","sticky":false,"template":"","format":"standard","meta":{"footnotes":""},"categories":[1],"tags":[16],"class_list":["post-12018","post","type-post","status-publish","format-standard","has-post-thumbnail","hentry","category-municipales","tag-tepetlixpa","has-post-video"],"yoast_head":"<!-- This site is optimized with the Yoast SEO plugin v25.3 - https:\/\/yoast.com\/wordpress\/plugins\/seo\/ -->\n<title>VIDEO: Presidente electo de Tepetlixpa proyecta detonar el desarrollo econ\u00f3mico de la regi\u00f3n - Volcanes<\/title>\n<meta name=\"robots\" content=\"index, follow, max-snippet:-1, max-image-preview:large, max-video-preview:-1\" \/>\n<link rel=\"canonical\" href=\"https:\/\/volcanes.net\/?p=12018\" \/>\n<meta property=\"og:locale\" content=\"es_MX\" \/>\n<meta property=\"og:type\" content=\"article\" \/>\n<meta property=\"og:title\" content=\"VIDEO: Presidente electo de Tepetlixpa proyecta detonar el desarrollo econ\u00f3mico de la regi\u00f3n - Volcanes\" \/>\n<meta property=\"og:description\" content=\"El presidente municipal electo de Tepetlixpa, Abelardo Rodr\u00edguez,\u00a0 proyecta detonar el desarrollo econ\u00f3mico de la\" \/>\n<meta property=\"og:url\" content=\"https:\/\/volcanes.net\/?p=12018\" \/>\n<meta property=\"og:site_name\" content=\"Volcanes\" \/>\n<meta property=\"article:publisher\" content=\"https:\/\/www.facebook.com\/volcanes.net\/\" \/>\n<meta property=\"article:published_time\" content=\"2021-08-06T21:49:03+00:00\" \/>\n<meta property=\"article:modified_time\" content=\"2021-08-06T21:52:55+00:00\" \/>\n<meta property=\"og:image\" content=\"https:\/\/volcanes.net\/wp-content\/uploads\/2021\/08\/Presidente-municipal-electo-de-Tepetlixpa-proyecta-detonar-el-desarrollo-economico-de-la-region.jpeg\" \/>\n\t<meta property=\"og:image:width\" content=\"480\" \/>\n\t<meta property=\"og:image:height\" content=\"360\" \/>\n\t<meta property=\"og:image:type\" content=\"image\/jpeg\" \/>\n<meta name=\"author\" content=\"admin\" \/>\n<meta name=\"twitter:card\" content=\"summary_large_image\" \/>\n<meta name=\"twitter:label1\" content=\"Escrito por\" \/>\n\t<meta name=\"twitter:data1\" content=\"admin\" \/>\n\t<meta name=\"twitter:label2\" content=\"Tiempo de lectura\" \/>\n\t<meta name=\"twitter:data2\" content=\"1 minuto\" \/>\n<script type=\"application\/ld+json\" class=\"yoast-schema-graph\">{\"@context\":\"https:\/\/schema.org\",\"@graph\":[{\"@type\":\"Article\",\"@id\":\"https:\/\/volcanes.net\/?p=12018#article\",\"isPartOf\":{\"@id\":\"https:\/\/volcanes.net\/?p=12018\"},\"author\":{\"name\":\"admin\",\"@id\":\"https:\/\/volcanes.net\/#\/schema\/person\/4bf0f383940966a4abd53f5048c0e6b9\"},\"headline\":\"VIDEO: Presidente electo de Tepetlixpa proyecta detonar el desarrollo econ\u00f3mico de la regi\u00f3n\",\"datePublished\":\"2021-08-06T21:49:03+00:00\",\"dateModified\":\"2021-08-06T21:52:55+00:00\",\"mainEntityOfPage\":{\"@id\":\"https:\/\/volcanes.net\/?p=12018\"},\"wordCount\":279,\"commentCount\":0,\"publisher\":{\"@id\":\"https:\/\/volcanes.net\/#organization\"},\"image\":{\"@id\":\"https:\/\/volcanes.net\/?p=12018#primaryimage\"},\"thumbnailUrl\":\"https:\/\/volcanes.net\/wp-content\/uploads\/2021\/08\/Presidente-municipal-electo-de-Tepetlixpa-proyecta-detonar-el-desarrollo-economico-de-la-region.jpeg\",\"keywords\":[\"Tepetlixpa\"],\"articleSection\":[\"Municipales\"],\"inLanguage\":\"es\",\"potentialAction\":[{\"@type\":\"CommentAction\",\"name\":\"Comment\",\"target\":[\"https:\/\/volcanes.net\/?p=12018#respond\"]}]},{\"@type\":\"WebPage\",\"@id\":\"https:\/\/volcanes.net\/?p=12018\",\"url\":\"https:\/\/volcanes.net\/?p=12018\",\"name\":\"VIDEO: Presidente electo de Tepetlixpa proyecta detonar el desarrollo econ\u00f3mico de la regi\u00f3n - Volcanes\",\"isPartOf\":{\"@id\":\"https:\/\/volcanes.net\/#website\"},\"primaryImageOfPage\":{\"@id\":\"https:\/\/volcanes.net\/?p=12018#primaryimage\"},\"image\":{\"@id\":\"https:\/\/volcanes.net\/?p=12018#primaryimage\"},\"thumbnailUrl\":\"https:\/\/volcanes.net\/wp-content\/uploads\/2021\/08\/Presidente-municipal-electo-de-Tepetlixpa-proyecta-detonar-el-desarrollo-economico-de-la-region.jpeg\",\"datePublished\":\"2021-08-06T21:49:03+00:00\",\"dateModified\":\"2021-08-06T21:52:55+00:00\",\"breadcrumb\":{\"@id\":\"https:\/\/volcanes.net\/?p=12018#breadcrumb\"},\"inLanguage\":\"es\",\"potentialAction\":[{\"@type\":\"ReadAction\",\"target\":[\"https:\/\/volcanes.net\/?p=12018\"]}]},{\"@type\":\"ImageObject\",\"inLanguage\":\"es\",\"@id\":\"https:\/\/volcanes.net\/?p=12018#primaryimage\",\"url\":\"https:\/\/volcanes.net\/wp-content\/uploads\/2021\/08\/Presidente-municipal-electo-de-Tepetlixpa-proyecta-detonar-el-desarrollo-economico-de-la-region.jpeg\",\"contentUrl\":\"https:\/\/volcanes.net\/wp-content\/uploads\/2021\/08\/Presidente-municipal-electo-de-Tepetlixpa-proyecta-detonar-el-desarrollo-economico-de-la-region.jpeg\",\"width\":480,\"height\":360},{\"@type\":\"BreadcrumbList\",\"@id\":\"https:\/\/volcanes.net\/?p=12018#breadcrumb\",\"itemListElement\":[{\"@type\":\"ListItem\",\"position\":1,\"name\":\"Portada\",\"item\":\"https:\/\/volcanes.net\/\"},{\"@type\":\"ListItem\",\"position\":2,\"name\":\"VIDEO: Presidente electo de Tepetlixpa proyecta detonar el desarrollo econ\u00f3mico de la regi\u00f3n\"}]},{\"@type\":\"WebSite\",\"@id\":\"https:\/\/volcanes.net\/#website\",\"url\":\"https:\/\/volcanes.net\/\",\"name\":\"Volcanes.Net\",\"description\":\"Periodismo Profesional\",\"publisher\":{\"@id\":\"https:\/\/volcanes.net\/#organization\"},\"potentialAction\":[{\"@type\":\"SearchAction\",\"target\":{\"@type\":\"EntryPoint\",\"urlTemplate\":\"https:\/\/volcanes.net\/?s={search_term_string}\"},\"query-input\":{\"@type\":\"PropertyValueSpecification\",\"valueRequired\":true,\"valueName\":\"search_term_string\"}}],\"inLanguage\":\"es\"},{\"@type\":\"Organization\",\"@id\":\"https:\/\/volcanes.net\/#organization\",\"name\":\"Grupo Volcanes\",\"url\":\"https:\/\/volcanes.net\/\",\"logo\":{\"@type\":\"ImageObject\",\"inLanguage\":\"es\",\"@id\":\"https:\/\/volcanes.net\/#\/schema\/logo\/image\/\",\"url\":\"http:\/\/volcanes.net\/wp-content\/uploads\/2017\/12\/Avatar2.jpg\",\"contentUrl\":\"http:\/\/volcanes.net\/wp-content\/uploads\/2017\/12\/Avatar2.jpg\",\"width\":378,\"height\":378,\"caption\":\"Grupo Volcanes\"},\"image\":{\"@id\":\"https:\/\/volcanes.net\/#\/schema\/logo\/image\/\"},\"sameAs\":[\"https:\/\/www.facebook.com\/volcanes.net\/\"]},{\"@type\":\"Person\",\"@id\":\"https:\/\/volcanes.net\/#\/schema\/person\/4bf0f383940966a4abd53f5048c0e6b9\",\"name\":\"admin\",\"image\":{\"@type\":\"ImageObject\",\"inLanguage\":\"es\",\"@id\":\"https:\/\/volcanes.net\/#\/schema\/person\/image\/\",\"url\":\"https:\/\/secure.gravatar.com\/avatar\/ca004e6cba8462b8cb7abc86e382930c?s=96&d=mm&r=g\",\"contentUrl\":\"https:\/\/secure.gravatar.com\/avatar\/ca004e6cba8462b8cb7abc86e382930c?s=96&d=mm&r=g\",\"caption\":\"admin\"}}]}<\/script>\n<!-- \/ Yoast SEO plugin. -->","yoast_head_json":{"title":"VIDEO: Presidente electo de Tepetlixpa proyecta detonar el desarrollo econ\u00f3mico de la regi\u00f3n - Volcanes","robots":{"index":"index","follow":"follow","max-snippet":"max-snippet:-1","max-image-preview":"max-image-preview:large","max-video-preview":"max-video-preview:-1"},"canonical":"https:\/\/volcanes.net\/?p=12018","og_locale":"es_MX","og_type":"article","og_title":"VIDEO: Presidente electo de Tepetlixpa proyecta detonar el desarrollo econ\u00f3mico de la regi\u00f3n - Volcanes","og_description":"El presidente municipal electo de Tepetlixpa, Abelardo Rodr\u00edguez,\u00a0 proyecta detonar el desarrollo econ\u00f3mico de la","og_url":"https:\/\/volcanes.net\/?p=12018","og_site_name":"Volcanes","article_publisher":"https:\/\/www.facebook.com\/volcanes.net\/","article_published_time":"2021-08-06T21:49:03+00:00","article_modified_time":"2021-08-06T21:52:55+00:00","og_image":[{"width":480,"height":360,"url":"https:\/\/volcanes.net\/wp-content\/uploads\/2021\/08\/Presidente-municipal-electo-de-Tepetlixpa-proyecta-detonar-el-desarrollo-economico-de-la-region.jpeg","type":"image\/jpeg"}],"author":"admin","twitter_card":"summary_large_image","twitter_misc":{"Escrito por":"admin","Tiempo de lectura":"1 minuto"},"schema":{"@context":"https:\/\/schema.org","@graph":[{"@type":"Article","@id":"https:\/\/volcanes.net\/?p=12018#article","isPartOf":{"@id":"https:\/\/volcanes.net\/?p=12018"},"author":{"name":"admin","@id":"https:\/\/volcanes.net\/#\/schema\/person\/4bf0f383940966a4abd53f5048c0e6b9"},"headline":"VIDEO: Presidente electo de Tepetlixpa proyecta detonar el desarrollo econ\u00f3mico de la regi\u00f3n","datePublished":"2021-08-06T21:49:03+00:00","dateModified":"2021-08-06T21:52:55+00:00","mainEntityOfPage":{"@id":"https:\/\/volcanes.net\/?p=12018"},"wordCount":279,"commentCount":0,"publisher":{"@id":"https:\/\/volcanes.net\/#organization"},"image":{"@id":"https:\/\/volcanes.net\/?p=12018#primaryimage"},"thumbnailUrl":"https:\/\/volcanes.net\/wp-content\/uploads\/2021\/08\/Presidente-municipal-electo-de-Tepetlixpa-proyecta-detonar-el-desarrollo-economico-de-la-region.jpeg","keywords":["Tepetlixpa"],"articleSection":["Municipales"],"inLanguage":"es","potentialAction":[{"@type":"CommentAction","name":"Comment","target":["https:\/\/volcanes.net\/?p=12018#respond"]}]},{"@type":"WebPage","@id":"https:\/\/volcanes.net\/?p=12018","url":"https:\/\/volcanes.net\/?p=12018","name":"VIDEO: Presidente electo de Tepetlixpa proyecta detonar el desarrollo econ\u00f3mico de la regi\u00f3n - Volcanes","isPartOf":{"@id":"https:\/\/volcanes.net\/#website"},"primaryImageOfPage":{"@id":"https:\/\/volcanes.net\/?p=12018#primaryimage"},"image":{"@id":"https:\/\/volcanes.net\/?p=12018#primaryimage"},"thumbnailUrl":"https:\/\/volcanes.net\/wp-content\/uploads\/2021\/08\/Presidente-municipal-electo-de-Tepetlixpa-proyecta-detonar-el-desarrollo-economico-de-la-region.jpeg","datePublished":"2021-08-06T21:49:03+00:00","dateModified":"2021-08-06T21:52:55+00:00","breadcrumb":{"@id":"https:\/\/volcanes.net\/?p=12018#breadcrumb"},"inLanguage":"es","potentialAction":[{"@type":"ReadAction","target":["https:\/\/volcanes.net\/?p=12018"]}]},{"@type":"ImageObject","inLanguage":"es","@id":"https:\/\/volcanes.net\/?p=12018#primaryimage","url":"https:\/\/volcanes.net\/wp-content\/uploads\/2021\/08\/Presidente-municipal-electo-de-Tepetlixpa-proyecta-detonar-el-desarrollo-economico-de-la-region.jpeg","contentUrl":"https:\/\/volcanes.net\/wp-content\/uploads\/2021\/08\/Presidente-municipal-electo-de-Tepetlixpa-proyecta-detonar-el-desarrollo-economico-de-la-region.jpeg","width":480,"height":360},{"@type":"BreadcrumbList","@id":"https:\/\/volcanes.net\/?p=12018#breadcrumb","itemListElement":[{"@type":"ListItem","position":1,"name":"Portada","item":"https:\/\/volcanes.net\/"},{"@type":"ListItem","position":2,"name":"VIDEO: Presidente electo de Tepetlixpa proyecta detonar el desarrollo econ\u00f3mico de la regi\u00f3n"}]},{"@type":"WebSite","@id":"https:\/\/volcanes.net\/#website","url":"https:\/\/volcanes.net\/","name":"Volcanes.Net","description":"Periodismo Profesional","publisher":{"@id":"https:\/\/volcanes.net\/#organization"},"potentialAction":[{"@type":"SearchAction","target":{"@type":"EntryPoint","urlTemplate":"https:\/\/volcanes.net\/?s={search_term_string}"},"query-input":{"@type":"PropertyValueSpecification","valueRequired":true,"valueName":"search_term_string"}}],"inLanguage":"es"},{"@type":"Organization","@id":"https:\/\/volcanes.net\/#organization","name":"Grupo Volcanes","url":"https:\/\/volcanes.net\/","logo":{"@type":"ImageObject","inLanguage":"es","@id":"https:\/\/volcanes.net\/#\/schema\/logo\/image\/","url":"http:\/\/volcanes.net\/wp-content\/uploads\/2017\/12\/Avatar2.jpg","contentUrl":"http:\/\/volcanes.net\/wp-content\/uploads\/2017\/12\/Avatar2.jpg","width":378,"height":378,"caption":"Grupo Volcanes"},"image":{"@id":"https:\/\/volcanes.net\/#\/schema\/logo\/image\/"},"sameAs":["https:\/\/www.facebook.com\/volcanes.net\/"]},{"@type":"Person","@id":"https:\/\/volcanes.net\/#\/schema\/person\/4bf0f383940966a4abd53f5048c0e6b9","name":"admin","image":{"@type":"ImageObject","inLanguage":"es","@id":"https:\/\/volcanes.net\/#\/schema\/person\/image\/","url":"https:\/\/secure.gravatar.com\/avatar\/ca004e6cba8462b8cb7abc86e382930c?s=96&d=mm&r=g","contentUrl":"https:\/\/secure.gravatar.com\/avatar\/ca004e6cba8462b8cb7abc86e382930c?s=96&d=mm&r=g","caption":"admin"}}]}},"_links":{"self":[{"href":"https:\/\/volcanes.net\/index.php?rest_route=\/wp\/v2\/posts\/12018"}],"collection":[{"href":"https:\/\/volcanes.net\/index.php?rest_route=\/wp\/v2\/posts"}],"about":[{"href":"https:\/\/volcanes.net\/index.php?rest_route=\/wp\/v2\/types\/post"}],"author":[{"embeddable":true,"href":"https:\/\/volcanes.net\/index.php?rest_route=\/wp\/v2\/users\/1"}],"replies":[{"embeddable":true,"href":"https:\/\/volcanes.net\/index.php?rest_route=%2Fwp%2Fv2%2Fcomments&post=12018"}],"version-history":[{"count":1,"href":"https:\/\/volcanes.net\/index.php?rest_route=\/wp\/v2\/posts\/12018\/revisions"}],"predecessor-version":[{"id":12020,"href":"https:\/\/volcanes.net\/index.php?rest_route=\/wp\/v2\/posts\/12018\/revisions\/12020"}],"wp:featuredmedia":[{"embeddable":true,"href":"https:\/\/volcanes.net\/index.php?rest_route=\/wp\/v2\/media\/12022"}],"wp:attachment":[{"href":"https:\/\/volcanes.net\/index.php?rest_route=%2Fwp%2Fv2%2Fmedia&parent=12018"}],"wp:term":[{"taxonomy":"category","embeddable":true,"href":"https:\/\/volcanes.net\/index.php?rest_route=%2Fwp%2Fv2%2Fcategories&post=12018"},{"taxonomy":"post_tag","embeddable":true,"href":"https:\/\/volcanes.net\/index.php?rest_route=%2Fwp%2Fv2%2Ftags&post=12018"}],"curies":[{"name":"wp","href":"https:\/\/api.w.org\/{rel}","templated":true}]}}