{"id":1202,"date":"2018-02-17T02:51:54","date_gmt":"2018-02-17T02:51:54","guid":{"rendered":"http:\/\/volcanes.net\/?p=1202"},"modified":"2018-02-17T02:51:54","modified_gmt":"2018-02-17T02:51:54","slug":"municipios-con-declaratoria-de-desastres-no-registraron-afectaciones-tras-el-sismo","status":"publish","type":"post","link":"https:\/\/volcanes.net\/?p=1202","title":{"rendered":"Municipios con declaratoria de desastres, no registraron afectaciones tras el sismo"},"content":{"rendered":"<div style=\"margin-top: 0px; margin-bottom: 0px;\" class=\"sharethis-inline-share-buttons\" ><\/div><p>En un corte de las 19:30 hrs., la Coordinaci\u00f3n General de Protecci\u00f3n Civil estatal informa que derivado del sismo ocurrido la tarde de este viernes, los municipios mexiquenses que se encuentran en la declaratoria de desastres, no registraron ning\u00fan tipo de afectaci\u00f3n.<\/p>\n<p>Se trata de los municipios de: Amecameca, Atlautla, Ecatzingo, Joquicingo, Malinalco, Nezahualc\u00f3yotl, Ocuilan, Tenancingo, Tepetlixpa, Tianguistenco y Villa Guerrero, donde hasta el momento no se reportan da\u00f1os ni personas heridas a causa\u00a0\u00a0del temblor.<\/p>\n<p>Las autoridades de Protecci\u00f3n Civil informaron que en el municipio de Zumpahuac\u00e1n, se registr\u00f3 la ca\u00edda de una barda en la iglesia principal, as\u00ed como fisuras en la estructura del Palacio Municipal.<\/p>\n<p>A ra\u00edz de este suceso, la Coordinaci\u00f3n General de Protecci\u00f3n Civil continuar\u00e1 con un monitoreo permanente, a fin de atender cualquier contingencia, en caso de que llegara a presentarse.<\/p>\n","protected":false},"excerpt":{"rendered":"<p>En un corte de las 19:30 hrs., la Coordinaci\u00f3n General de Protecci\u00f3n Civil estatal informa<\/p>\n","protected":false},"author":1,"featured_media":1203,"comment_status":"open","ping_status":"open","sticky":false,"template":"","format":"standard","meta":{"footnotes":""},"categories":[1],"tags":[7,80,15,4,113,110,21,114,74,16,128,108],"class_list":["post-1202","post","type-post","status-publish","format-standard","has-post-thumbnail","hentry","category-municipales","tag-amecameca","tag-atlautla","tag-ecatzingo","tag-gobierno-del-estado-de-mexico","tag-joquicingo","tag-malinalco","tag-nezahualcoyotl","tag-ocuilan","tag-tenancingo","tag-tepetlixpa","tag-tianguistenco","tag-villa-guerrero"],"yoast_head":"<!-- This site is optimized with the Yoast SEO plugin v25.3 - https:\/\/yoast.com\/wordpress\/plugins\/seo\/ -->\n<title>Municipios con declaratoria de desastres, no registraron afectaciones tras el sismo - Volcanes<\/title>\n<meta name=\"robots\" content=\"index, follow, max-snippet:-1, max-image-preview:large, max-video-preview:-1\" \/>\n<link rel=\"canonical\" href=\"https:\/\/volcanes.net\/?p=1202\" \/>\n<meta property=\"og:locale\" content=\"es_MX\" \/>\n<meta property=\"og:type\" content=\"article\" \/>\n<meta property=\"og:title\" content=\"Municipios con declaratoria de desastres, no registraron afectaciones tras el sismo - Volcanes\" \/>\n<meta property=\"og:description\" content=\"En un corte de las 19:30 hrs., la Coordinaci\u00f3n General de Protecci\u00f3n Civil estatal informa\" \/>\n<meta property=\"og:url\" content=\"https:\/\/volcanes.net\/?p=1202\" \/>\n<meta property=\"og:site_name\" content=\"Volcanes\" \/>\n<meta property=\"article:publisher\" content=\"https:\/\/www.facebook.com\/volcanes.net\/\" \/>\n<meta property=\"article:published_time\" content=\"2018-02-17T02:51:54+00:00\" \/>\n<meta property=\"og:image\" content=\"https:\/\/volcanes.net\/wp-content\/uploads\/2018\/02\/Proteccion-Civil.jpg\" \/>\n\t<meta property=\"og:image:width\" content=\"500\" \/>\n\t<meta property=\"og:image:height\" content=\"404\" \/>\n\t<meta property=\"og:image:type\" content=\"image\/jpeg\" \/>\n<meta name=\"author\" content=\"admin\" \/>\n<meta name=\"twitter:card\" content=\"summary_large_image\" \/>\n<meta name=\"twitter:label1\" content=\"Escrito por\" \/>\n\t<meta name=\"twitter:data1\" content=\"admin\" \/>\n\t<meta name=\"twitter:label2\" content=\"Tiempo de lectura\" \/>\n\t<meta name=\"twitter:data2\" content=\"1 minuto\" \/>\n<script type=\"application\/ld+json\" class=\"yoast-schema-graph\">{\"@context\":\"https:\/\/schema.org\",\"@graph\":[{\"@type\":\"Article\",\"@id\":\"https:\/\/volcanes.net\/?p=1202#article\",\"isPartOf\":{\"@id\":\"https:\/\/volcanes.net\/?p=1202\"},\"author\":{\"name\":\"admin\",\"@id\":\"https:\/\/volcanes.net\/#\/schema\/person\/4bf0f383940966a4abd53f5048c0e6b9\"},\"headline\":\"Municipios con declaratoria de desastres, no registraron afectaciones tras el sismo\",\"datePublished\":\"2018-02-17T02:51:54+00:00\",\"mainEntityOfPage\":{\"@id\":\"https:\/\/volcanes.net\/?p=1202\"},\"wordCount\":159,\"commentCount\":0,\"publisher\":{\"@id\":\"https:\/\/volcanes.net\/#organization\"},\"image\":{\"@id\":\"https:\/\/volcanes.net\/?p=1202#primaryimage\"},\"thumbnailUrl\":\"https:\/\/volcanes.net\/wp-content\/uploads\/2018\/02\/Proteccion-Civil.jpg\",\"keywords\":[\"Amecameca\",\"Atlautla\",\"Ecatzingo\",\"Gobierno del Estado de M\u00e9xico\",\"Joquicingo\",\"Malinalco\",\"Nezahualc\u00f3yotl\",\"Ocuilan\",\"Tenancingo\",\"Tepetlixpa\",\"Tianguistenco\",\"Villa Guerrero\"],\"articleSection\":[\"Municipales\"],\"inLanguage\":\"es\",\"potentialAction\":[{\"@type\":\"CommentAction\",\"name\":\"Comment\",\"target\":[\"https:\/\/volcanes.net\/?p=1202#respond\"]}]},{\"@type\":\"WebPage\",\"@id\":\"https:\/\/volcanes.net\/?p=1202\",\"url\":\"https:\/\/volcanes.net\/?p=1202\",\"name\":\"Municipios con declaratoria de desastres, no registraron afectaciones tras el sismo - Volcanes\",\"isPartOf\":{\"@id\":\"https:\/\/volcanes.net\/#website\"},\"primaryImageOfPage\":{\"@id\":\"https:\/\/volcanes.net\/?p=1202#primaryimage\"},\"image\":{\"@id\":\"https:\/\/volcanes.net\/?p=1202#primaryimage\"},\"thumbnailUrl\":\"https:\/\/volcanes.net\/wp-content\/uploads\/2018\/02\/Proteccion-Civil.jpg\",\"datePublished\":\"2018-02-17T02:51:54+00:00\",\"breadcrumb\":{\"@id\":\"https:\/\/volcanes.net\/?p=1202#breadcrumb\"},\"inLanguage\":\"es\",\"potentialAction\":[{\"@type\":\"ReadAction\",\"target\":[\"https:\/\/volcanes.net\/?p=1202\"]}]},{\"@type\":\"ImageObject\",\"inLanguage\":\"es\",\"@id\":\"https:\/\/volcanes.net\/?p=1202#primaryimage\",\"url\":\"https:\/\/volcanes.net\/wp-content\/uploads\/2018\/02\/Proteccion-Civil.jpg\",\"contentUrl\":\"https:\/\/volcanes.net\/wp-content\/uploads\/2018\/02\/Proteccion-Civil.jpg\",\"width\":500,\"height\":404},{\"@type\":\"BreadcrumbList\",\"@id\":\"https:\/\/volcanes.net\/?p=1202#breadcrumb\",\"itemListElement\":[{\"@type\":\"ListItem\",\"position\":1,\"name\":\"Portada\",\"item\":\"https:\/\/volcanes.net\/\"},{\"@type\":\"ListItem\",\"position\":2,\"name\":\"Municipios con declaratoria de desastres, no registraron afectaciones tras el sismo\"}]},{\"@type\":\"WebSite\",\"@id\":\"https:\/\/volcanes.net\/#website\",\"url\":\"https:\/\/volcanes.net\/\",\"name\":\"Volcanes.Net\",\"description\":\"Periodismo Profesional\",\"publisher\":{\"@id\":\"https:\/\/volcanes.net\/#organization\"},\"potentialAction\":[{\"@type\":\"SearchAction\",\"target\":{\"@type\":\"EntryPoint\",\"urlTemplate\":\"https:\/\/volcanes.net\/?s={search_term_string}\"},\"query-input\":{\"@type\":\"PropertyValueSpecification\",\"valueRequired\":true,\"valueName\":\"search_term_string\"}}],\"inLanguage\":\"es\"},{\"@type\":\"Organization\",\"@id\":\"https:\/\/volcanes.net\/#organization\",\"name\":\"Grupo Volcanes\",\"url\":\"https:\/\/volcanes.net\/\",\"logo\":{\"@type\":\"ImageObject\",\"inLanguage\":\"es\",\"@id\":\"https:\/\/volcanes.net\/#\/schema\/logo\/image\/\",\"url\":\"http:\/\/volcanes.net\/wp-content\/uploads\/2017\/12\/Avatar2.jpg\",\"contentUrl\":\"http:\/\/volcanes.net\/wp-content\/uploads\/2017\/12\/Avatar2.jpg\",\"width\":378,\"height\":378,\"caption\":\"Grupo Volcanes\"},\"image\":{\"@id\":\"https:\/\/volcanes.net\/#\/schema\/logo\/image\/\"},\"sameAs\":[\"https:\/\/www.facebook.com\/volcanes.net\/\"]},{\"@type\":\"Person\",\"@id\":\"https:\/\/volcanes.net\/#\/schema\/person\/4bf0f383940966a4abd53f5048c0e6b9\",\"name\":\"admin\",\"image\":{\"@type\":\"ImageObject\",\"inLanguage\":\"es\",\"@id\":\"https:\/\/volcanes.net\/#\/schema\/person\/image\/\",\"url\":\"https:\/\/secure.gravatar.com\/avatar\/ca004e6cba8462b8cb7abc86e382930c?s=96&d=mm&r=g\",\"contentUrl\":\"https:\/\/secure.gravatar.com\/avatar\/ca004e6cba8462b8cb7abc86e382930c?s=96&d=mm&r=g\",\"caption\":\"admin\"}}]}<\/script>\n<!-- \/ Yoast SEO plugin. -->","yoast_head_json":{"title":"Municipios con declaratoria de desastres, no registraron afectaciones tras el sismo - Volcanes","robots":{"index":"index","follow":"follow","max-snippet":"max-snippet:-1","max-image-preview":"max-image-preview:large","max-video-preview":"max-video-preview:-1"},"canonical":"https:\/\/volcanes.net\/?p=1202","og_locale":"es_MX","og_type":"article","og_title":"Municipios con declaratoria de desastres, no registraron afectaciones tras el sismo - Volcanes","og_description":"En un corte de las 19:30 hrs., la Coordinaci\u00f3n General de Protecci\u00f3n Civil estatal informa","og_url":"https:\/\/volcanes.net\/?p=1202","og_site_name":"Volcanes","article_publisher":"https:\/\/www.facebook.com\/volcanes.net\/","article_published_time":"2018-02-17T02:51:54+00:00","og_image":[{"width":500,"height":404,"url":"https:\/\/volcanes.net\/wp-content\/uploads\/2018\/02\/Proteccion-Civil.jpg","type":"image\/jpeg"}],"author":"admin","twitter_card":"summary_large_image","twitter_misc":{"Escrito por":"admin","Tiempo de lectura":"1 minuto"},"schema":{"@context":"https:\/\/schema.org","@graph":[{"@type":"Article","@id":"https:\/\/volcanes.net\/?p=1202#article","isPartOf":{"@id":"https:\/\/volcanes.net\/?p=1202"},"author":{"name":"admin","@id":"https:\/\/volcanes.net\/#\/schema\/person\/4bf0f383940966a4abd53f5048c0e6b9"},"headline":"Municipios con declaratoria de desastres, no registraron afectaciones tras el sismo","datePublished":"2018-02-17T02:51:54+00:00","mainEntityOfPage":{"@id":"https:\/\/volcanes.net\/?p=1202"},"wordCount":159,"commentCount":0,"publisher":{"@id":"https:\/\/volcanes.net\/#organization"},"image":{"@id":"https:\/\/volcanes.net\/?p=1202#primaryimage"},"thumbnailUrl":"https:\/\/volcanes.net\/wp-content\/uploads\/2018\/02\/Proteccion-Civil.jpg","keywords":["Amecameca","Atlautla","Ecatzingo","Gobierno del Estado de M\u00e9xico","Joquicingo","Malinalco","Nezahualc\u00f3yotl","Ocuilan","Tenancingo","Tepetlixpa","Tianguistenco","Villa Guerrero"],"articleSection":["Municipales"],"inLanguage":"es","potentialAction":[{"@type":"CommentAction","name":"Comment","target":["https:\/\/volcanes.net\/?p=1202#respond"]}]},{"@type":"WebPage","@id":"https:\/\/volcanes.net\/?p=1202","url":"https:\/\/volcanes.net\/?p=1202","name":"Municipios con declaratoria de desastres, no registraron afectaciones tras el sismo - Volcanes","isPartOf":{"@id":"https:\/\/volcanes.net\/#website"},"primaryImageOfPage":{"@id":"https:\/\/volcanes.net\/?p=1202#primaryimage"},"image":{"@id":"https:\/\/volcanes.net\/?p=1202#primaryimage"},"thumbnailUrl":"https:\/\/volcanes.net\/wp-content\/uploads\/2018\/02\/Proteccion-Civil.jpg","datePublished":"2018-02-17T02:51:54+00:00","breadcrumb":{"@id":"https:\/\/volcanes.net\/?p=1202#breadcrumb"},"inLanguage":"es","potentialAction":[{"@type":"ReadAction","target":["https:\/\/volcanes.net\/?p=1202"]}]},{"@type":"ImageObject","inLanguage":"es","@id":"https:\/\/volcanes.net\/?p=1202#primaryimage","url":"https:\/\/volcanes.net\/wp-content\/uploads\/2018\/02\/Proteccion-Civil.jpg","contentUrl":"https:\/\/volcanes.net\/wp-content\/uploads\/2018\/02\/Proteccion-Civil.jpg","width":500,"height":404},{"@type":"BreadcrumbList","@id":"https:\/\/volcanes.net\/?p=1202#breadcrumb","itemListElement":[{"@type":"ListItem","position":1,"name":"Portada","item":"https:\/\/volcanes.net\/"},{"@type":"ListItem","position":2,"name":"Municipios con declaratoria de desastres, no registraron afectaciones tras el sismo"}]},{"@type":"WebSite","@id":"https:\/\/volcanes.net\/#website","url":"https:\/\/volcanes.net\/","name":"Volcanes.Net","description":"Periodismo Profesional","publisher":{"@id":"https:\/\/volcanes.net\/#organization"},"potentialAction":[{"@type":"SearchAction","target":{"@type":"EntryPoint","urlTemplate":"https:\/\/volcanes.net\/?s={search_term_string}"},"query-input":{"@type":"PropertyValueSpecification","valueRequired":true,"valueName":"search_term_string"}}],"inLanguage":"es"},{"@type":"Organization","@id":"https:\/\/volcanes.net\/#organization","name":"Grupo Volcanes","url":"https:\/\/volcanes.net\/","logo":{"@type":"ImageObject","inLanguage":"es","@id":"https:\/\/volcanes.net\/#\/schema\/logo\/image\/","url":"http:\/\/volcanes.net\/wp-content\/uploads\/2017\/12\/Avatar2.jpg","contentUrl":"http:\/\/volcanes.net\/wp-content\/uploads\/2017\/12\/Avatar2.jpg","width":378,"height":378,"caption":"Grupo Volcanes"},"image":{"@id":"https:\/\/volcanes.net\/#\/schema\/logo\/image\/"},"sameAs":["https:\/\/www.facebook.com\/volcanes.net\/"]},{"@type":"Person","@id":"https:\/\/volcanes.net\/#\/schema\/person\/4bf0f383940966a4abd53f5048c0e6b9","name":"admin","image":{"@type":"ImageObject","inLanguage":"es","@id":"https:\/\/volcanes.net\/#\/schema\/person\/image\/","url":"https:\/\/secure.gravatar.com\/avatar\/ca004e6cba8462b8cb7abc86e382930c?s=96&d=mm&r=g","contentUrl":"https:\/\/secure.gravatar.com\/avatar\/ca004e6cba8462b8cb7abc86e382930c?s=96&d=mm&r=g","caption":"admin"}}]}},"_links":{"self":[{"href":"https:\/\/volcanes.net\/index.php?rest_route=\/wp\/v2\/posts\/1202"}],"collection":[{"href":"https:\/\/volcanes.net\/index.php?rest_route=\/wp\/v2\/posts"}],"about":[{"href":"https:\/\/volcanes.net\/index.php?rest_route=\/wp\/v2\/types\/post"}],"author":[{"embeddable":true,"href":"https:\/\/volcanes.net\/index.php?rest_route=\/wp\/v2\/users\/1"}],"replies":[{"embeddable":true,"href":"https:\/\/volcanes.net\/index.php?rest_route=%2Fwp%2Fv2%2Fcomments&post=1202"}],"version-history":[{"count":1,"href":"https:\/\/volcanes.net\/index.php?rest_route=\/wp\/v2\/posts\/1202\/revisions"}],"predecessor-version":[{"id":1204,"href":"https:\/\/volcanes.net\/index.php?rest_route=\/wp\/v2\/posts\/1202\/revisions\/1204"}],"wp:featuredmedia":[{"embeddable":true,"href":"https:\/\/volcanes.net\/index.php?rest_route=\/wp\/v2\/media\/1203"}],"wp:attachment":[{"href":"https:\/\/volcanes.net\/index.php?rest_route=%2Fwp%2Fv2%2Fmedia&parent=1202"}],"wp:term":[{"taxonomy":"category","embeddable":true,"href":"https:\/\/volcanes.net\/index.php?rest_route=%2Fwp%2Fv2%2Fcategories&post=1202"},{"taxonomy":"post_tag","embeddable":true,"href":"https:\/\/volcanes.net\/index.php?rest_route=%2Fwp%2Fv2%2Ftags&post=1202"}],"curies":[{"name":"wp","href":"https:\/\/api.w.org\/{rel}","templated":true}]}}