{"id":12045,"date":"2021-09-21T19:39:00","date_gmt":"2021-09-22T01:39:00","guid":{"rendered":"http:\/\/volcanes.net\/?p=12045"},"modified":"2021-09-21T19:39:00","modified_gmt":"2021-09-22T01:39:00","slug":"gobierno-de-chalco-cierra-jornada-de-vacunacion-con-mas-de-70-mil-dosis","status":"publish","type":"post","link":"https:\/\/volcanes.net\/?p=12045","title":{"rendered":"Gobierno de Chalco cierra jornada de vacunaci\u00f3n con m\u00e1s de 70 mil dosis"},"content":{"rendered":"<div style=\"margin-top: 0px; margin-bottom: 0px;\" class=\"sharethis-inline-share-buttons\" ><\/div><p>Chalco, Estado de M\u00e9xico.- Con la participaci\u00f3n de m\u00e1s de 400 voluntarios del Gobierno de Chalco y en coordinaci\u00f3n con la Secretar\u00eda de Salud, la Secretar\u00eda de Bienestar, la Secretar\u00eda de Salud Estatal y el Instituto de Salud del Estado de M\u00e9xico, termin\u00f3 la s\u00e9ptima jornada de vacunaci\u00f3n, con la aplicaci\u00f3n de 70 mil 826 dosis para personas de 18 a 29 a\u00f1os.<\/p>\n<div align=\"justify\"><\/div>\n<div align=\"justify\">Desde la sede de vacunaci\u00f3n a pie, en el Deportivo Solidaridad, el Presidente Municipal, Miguel Guti\u00e9rrez invit\u00f3 a la ciudadan\u00eda de este rango de edad a que se aplique la vacuna para lograr que la mayor\u00eda de la poblaci\u00f3n en edad productiva est\u00e9 protegida, con lo que se lograr\u00e1 la inmunidad comunitaria y se reactivar\u00e1 la econom\u00eda del municipio y del estado. Agradeci\u00f3 a los representantes de los gobiernos estatal y federal por su apoyo para llevar a cabo la jornada y su trabajo en favor de la salud de las y los chalquenses.<\/div>\n<div align=\"justify\"><\/div>\n<div align=\"justify\">Durante los cinco d\u00edas de la jornada, voluntarios del Gobierno de Chalco, personal m\u00e9dico y de enfermer\u00eda, polic\u00edas municipales, elementos de la Guardia Nacional y personal del Sistema Municipal DIF atendieron a 70 mil 826 personas de 18 a 29 a\u00f1os y mujeres embarazadas para que recibieran su primera dosis de AstraZeneca; adem\u00e1s, la Secretar\u00eda del Ayuntamiento instal\u00f3 un m\u00f3dulo para expedici\u00f3n gratuita de constancias para j\u00f3venes que no cuentan con su credencial de elector.<\/div>\n<div align=\"justify\"><\/div>\n<div align=\"justify\">Con el cierre de la s\u00e9ptima jornada de vacunaci\u00f3n, Chalco llega a la cifra de 227 mil 291 dosis aplicadas en adultos de 18 a\u00f1os en adelante, m\u00e1s de 51 mil con su esquema de vacunaci\u00f3n completo. En este \u00faltimo d\u00eda de la jornada, tambi\u00e9n se atendieron a las personas mayores de 30 a\u00f1os que no contaban con su primera dosis, por lo que la estrategia sigue avanzando.<\/div>\n","protected":false},"excerpt":{"rendered":"<p>Chalco, Estado de M\u00e9xico.- Con la participaci\u00f3n de m\u00e1s de 400 voluntarios del Gobierno de<\/p>\n","protected":false},"author":1,"featured_media":12047,"comment_status":"open","ping_status":"open","sticky":false,"template":"","format":"standard","meta":{"footnotes":""},"categories":[1],"tags":[9],"class_list":["post-12045","post","type-post","status-publish","format-standard","has-post-thumbnail","hentry","category-municipales","tag-chalco"],"yoast_head":"<!-- This site is optimized with the Yoast SEO plugin v25.3 - https:\/\/yoast.com\/wordpress\/plugins\/seo\/ -->\n<title>Gobierno de Chalco cierra jornada de vacunaci\u00f3n con m\u00e1s de 70 mil dosis - Volcanes<\/title>\n<meta name=\"robots\" content=\"index, follow, max-snippet:-1, max-image-preview:large, max-video-preview:-1\" \/>\n<link rel=\"canonical\" href=\"https:\/\/volcanes.net\/?p=12045\" \/>\n<meta property=\"og:locale\" content=\"es_MX\" \/>\n<meta property=\"og:type\" content=\"article\" \/>\n<meta property=\"og:title\" content=\"Gobierno de Chalco cierra jornada de vacunaci\u00f3n con m\u00e1s de 70 mil dosis - Volcanes\" \/>\n<meta property=\"og:description\" content=\"Chalco, Estado de M\u00e9xico.- Con la participaci\u00f3n de m\u00e1s de 400 voluntarios del Gobierno de\" \/>\n<meta property=\"og:url\" content=\"https:\/\/volcanes.net\/?p=12045\" \/>\n<meta property=\"og:site_name\" content=\"Volcanes\" \/>\n<meta property=\"article:publisher\" content=\"https:\/\/www.facebook.com\/volcanes.net\/\" \/>\n<meta property=\"article:published_time\" content=\"2021-09-22T01:39:00+00:00\" \/>\n<meta property=\"og:image\" content=\"https:\/\/volcanes.net\/wp-content\/uploads\/2021\/09\/BL274A.jpg\" \/>\n\t<meta property=\"og:image:width\" content=\"1140\" \/>\n\t<meta property=\"og:image:height\" content=\"760\" \/>\n\t<meta property=\"og:image:type\" content=\"image\/jpeg\" \/>\n<meta name=\"author\" content=\"admin\" \/>\n<meta name=\"twitter:card\" content=\"summary_large_image\" \/>\n<meta name=\"twitter:label1\" content=\"Escrito por\" \/>\n\t<meta name=\"twitter:data1\" content=\"admin\" \/>\n\t<meta name=\"twitter:label2\" content=\"Tiempo de lectura\" \/>\n\t<meta name=\"twitter:data2\" content=\"2 minutos\" \/>\n<script type=\"application\/ld+json\" class=\"yoast-schema-graph\">{\"@context\":\"https:\/\/schema.org\",\"@graph\":[{\"@type\":\"Article\",\"@id\":\"https:\/\/volcanes.net\/?p=12045#article\",\"isPartOf\":{\"@id\":\"https:\/\/volcanes.net\/?p=12045\"},\"author\":{\"name\":\"admin\",\"@id\":\"https:\/\/volcanes.net\/#\/schema\/person\/4bf0f383940966a4abd53f5048c0e6b9\"},\"headline\":\"Gobierno de Chalco cierra jornada de vacunaci\u00f3n con m\u00e1s de 70 mil dosis\",\"datePublished\":\"2021-09-22T01:39:00+00:00\",\"mainEntityOfPage\":{\"@id\":\"https:\/\/volcanes.net\/?p=12045\"},\"wordCount\":337,\"commentCount\":0,\"publisher\":{\"@id\":\"https:\/\/volcanes.net\/#organization\"},\"image\":{\"@id\":\"https:\/\/volcanes.net\/?p=12045#primaryimage\"},\"thumbnailUrl\":\"https:\/\/volcanes.net\/wp-content\/uploads\/2021\/09\/BL274A.jpg\",\"keywords\":[\"Chalco\"],\"articleSection\":[\"Municipales\"],\"inLanguage\":\"es\",\"potentialAction\":[{\"@type\":\"CommentAction\",\"name\":\"Comment\",\"target\":[\"https:\/\/volcanes.net\/?p=12045#respond\"]}]},{\"@type\":\"WebPage\",\"@id\":\"https:\/\/volcanes.net\/?p=12045\",\"url\":\"https:\/\/volcanes.net\/?p=12045\",\"name\":\"Gobierno de Chalco cierra jornada de vacunaci\u00f3n con m\u00e1s de 70 mil dosis - Volcanes\",\"isPartOf\":{\"@id\":\"https:\/\/volcanes.net\/#website\"},\"primaryImageOfPage\":{\"@id\":\"https:\/\/volcanes.net\/?p=12045#primaryimage\"},\"image\":{\"@id\":\"https:\/\/volcanes.net\/?p=12045#primaryimage\"},\"thumbnailUrl\":\"https:\/\/volcanes.net\/wp-content\/uploads\/2021\/09\/BL274A.jpg\",\"datePublished\":\"2021-09-22T01:39:00+00:00\",\"breadcrumb\":{\"@id\":\"https:\/\/volcanes.net\/?p=12045#breadcrumb\"},\"inLanguage\":\"es\",\"potentialAction\":[{\"@type\":\"ReadAction\",\"target\":[\"https:\/\/volcanes.net\/?p=12045\"]}]},{\"@type\":\"ImageObject\",\"inLanguage\":\"es\",\"@id\":\"https:\/\/volcanes.net\/?p=12045#primaryimage\",\"url\":\"https:\/\/volcanes.net\/wp-content\/uploads\/2021\/09\/BL274A.jpg\",\"contentUrl\":\"https:\/\/volcanes.net\/wp-content\/uploads\/2021\/09\/BL274A.jpg\",\"width\":1140,\"height\":760},{\"@type\":\"BreadcrumbList\",\"@id\":\"https:\/\/volcanes.net\/?p=12045#breadcrumb\",\"itemListElement\":[{\"@type\":\"ListItem\",\"position\":1,\"name\":\"Portada\",\"item\":\"https:\/\/volcanes.net\/\"},{\"@type\":\"ListItem\",\"position\":2,\"name\":\"Gobierno de Chalco cierra jornada de vacunaci\u00f3n con m\u00e1s de 70 mil dosis\"}]},{\"@type\":\"WebSite\",\"@id\":\"https:\/\/volcanes.net\/#website\",\"url\":\"https:\/\/volcanes.net\/\",\"name\":\"Volcanes.Net\",\"description\":\"Periodismo Profesional\",\"publisher\":{\"@id\":\"https:\/\/volcanes.net\/#organization\"},\"potentialAction\":[{\"@type\":\"SearchAction\",\"target\":{\"@type\":\"EntryPoint\",\"urlTemplate\":\"https:\/\/volcanes.net\/?s={search_term_string}\"},\"query-input\":{\"@type\":\"PropertyValueSpecification\",\"valueRequired\":true,\"valueName\":\"search_term_string\"}}],\"inLanguage\":\"es\"},{\"@type\":\"Organization\",\"@id\":\"https:\/\/volcanes.net\/#organization\",\"name\":\"Grupo Volcanes\",\"url\":\"https:\/\/volcanes.net\/\",\"logo\":{\"@type\":\"ImageObject\",\"inLanguage\":\"es\",\"@id\":\"https:\/\/volcanes.net\/#\/schema\/logo\/image\/\",\"url\":\"http:\/\/volcanes.net\/wp-content\/uploads\/2017\/12\/Avatar2.jpg\",\"contentUrl\":\"http:\/\/volcanes.net\/wp-content\/uploads\/2017\/12\/Avatar2.jpg\",\"width\":378,\"height\":378,\"caption\":\"Grupo Volcanes\"},\"image\":{\"@id\":\"https:\/\/volcanes.net\/#\/schema\/logo\/image\/\"},\"sameAs\":[\"https:\/\/www.facebook.com\/volcanes.net\/\"]},{\"@type\":\"Person\",\"@id\":\"https:\/\/volcanes.net\/#\/schema\/person\/4bf0f383940966a4abd53f5048c0e6b9\",\"name\":\"admin\",\"image\":{\"@type\":\"ImageObject\",\"inLanguage\":\"es\",\"@id\":\"https:\/\/volcanes.net\/#\/schema\/person\/image\/\",\"url\":\"https:\/\/secure.gravatar.com\/avatar\/ca004e6cba8462b8cb7abc86e382930c?s=96&d=mm&r=g\",\"contentUrl\":\"https:\/\/secure.gravatar.com\/avatar\/ca004e6cba8462b8cb7abc86e382930c?s=96&d=mm&r=g\",\"caption\":\"admin\"}}]}<\/script>\n<!-- \/ Yoast SEO plugin. -->","yoast_head_json":{"title":"Gobierno de Chalco cierra jornada de vacunaci\u00f3n con m\u00e1s de 70 mil dosis - Volcanes","robots":{"index":"index","follow":"follow","max-snippet":"max-snippet:-1","max-image-preview":"max-image-preview:large","max-video-preview":"max-video-preview:-1"},"canonical":"https:\/\/volcanes.net\/?p=12045","og_locale":"es_MX","og_type":"article","og_title":"Gobierno de Chalco cierra jornada de vacunaci\u00f3n con m\u00e1s de 70 mil dosis - Volcanes","og_description":"Chalco, Estado de M\u00e9xico.- Con la participaci\u00f3n de m\u00e1s de 400 voluntarios del Gobierno de","og_url":"https:\/\/volcanes.net\/?p=12045","og_site_name":"Volcanes","article_publisher":"https:\/\/www.facebook.com\/volcanes.net\/","article_published_time":"2021-09-22T01:39:00+00:00","og_image":[{"width":1140,"height":760,"url":"https:\/\/volcanes.net\/wp-content\/uploads\/2021\/09\/BL274A.jpg","type":"image\/jpeg"}],"author":"admin","twitter_card":"summary_large_image","twitter_misc":{"Escrito por":"admin","Tiempo de lectura":"2 minutos"},"schema":{"@context":"https:\/\/schema.org","@graph":[{"@type":"Article","@id":"https:\/\/volcanes.net\/?p=12045#article","isPartOf":{"@id":"https:\/\/volcanes.net\/?p=12045"},"author":{"name":"admin","@id":"https:\/\/volcanes.net\/#\/schema\/person\/4bf0f383940966a4abd53f5048c0e6b9"},"headline":"Gobierno de Chalco cierra jornada de vacunaci\u00f3n con m\u00e1s de 70 mil dosis","datePublished":"2021-09-22T01:39:00+00:00","mainEntityOfPage":{"@id":"https:\/\/volcanes.net\/?p=12045"},"wordCount":337,"commentCount":0,"publisher":{"@id":"https:\/\/volcanes.net\/#organization"},"image":{"@id":"https:\/\/volcanes.net\/?p=12045#primaryimage"},"thumbnailUrl":"https:\/\/volcanes.net\/wp-content\/uploads\/2021\/09\/BL274A.jpg","keywords":["Chalco"],"articleSection":["Municipales"],"inLanguage":"es","potentialAction":[{"@type":"CommentAction","name":"Comment","target":["https:\/\/volcanes.net\/?p=12045#respond"]}]},{"@type":"WebPage","@id":"https:\/\/volcanes.net\/?p=12045","url":"https:\/\/volcanes.net\/?p=12045","name":"Gobierno de Chalco cierra jornada de vacunaci\u00f3n con m\u00e1s de 70 mil dosis - Volcanes","isPartOf":{"@id":"https:\/\/volcanes.net\/#website"},"primaryImageOfPage":{"@id":"https:\/\/volcanes.net\/?p=12045#primaryimage"},"image":{"@id":"https:\/\/volcanes.net\/?p=12045#primaryimage"},"thumbnailUrl":"https:\/\/volcanes.net\/wp-content\/uploads\/2021\/09\/BL274A.jpg","datePublished":"2021-09-22T01:39:00+00:00","breadcrumb":{"@id":"https:\/\/volcanes.net\/?p=12045#breadcrumb"},"inLanguage":"es","potentialAction":[{"@type":"ReadAction","target":["https:\/\/volcanes.net\/?p=12045"]}]},{"@type":"ImageObject","inLanguage":"es","@id":"https:\/\/volcanes.net\/?p=12045#primaryimage","url":"https:\/\/volcanes.net\/wp-content\/uploads\/2021\/09\/BL274A.jpg","contentUrl":"https:\/\/volcanes.net\/wp-content\/uploads\/2021\/09\/BL274A.jpg","width":1140,"height":760},{"@type":"BreadcrumbList","@id":"https:\/\/volcanes.net\/?p=12045#breadcrumb","itemListElement":[{"@type":"ListItem","position":1,"name":"Portada","item":"https:\/\/volcanes.net\/"},{"@type":"ListItem","position":2,"name":"Gobierno de Chalco cierra jornada de vacunaci\u00f3n con m\u00e1s de 70 mil dosis"}]},{"@type":"WebSite","@id":"https:\/\/volcanes.net\/#website","url":"https:\/\/volcanes.net\/","name":"Volcanes.Net","description":"Periodismo Profesional","publisher":{"@id":"https:\/\/volcanes.net\/#organization"},"potentialAction":[{"@type":"SearchAction","target":{"@type":"EntryPoint","urlTemplate":"https:\/\/volcanes.net\/?s={search_term_string}"},"query-input":{"@type":"PropertyValueSpecification","valueRequired":true,"valueName":"search_term_string"}}],"inLanguage":"es"},{"@type":"Organization","@id":"https:\/\/volcanes.net\/#organization","name":"Grupo Volcanes","url":"https:\/\/volcanes.net\/","logo":{"@type":"ImageObject","inLanguage":"es","@id":"https:\/\/volcanes.net\/#\/schema\/logo\/image\/","url":"http:\/\/volcanes.net\/wp-content\/uploads\/2017\/12\/Avatar2.jpg","contentUrl":"http:\/\/volcanes.net\/wp-content\/uploads\/2017\/12\/Avatar2.jpg","width":378,"height":378,"caption":"Grupo Volcanes"},"image":{"@id":"https:\/\/volcanes.net\/#\/schema\/logo\/image\/"},"sameAs":["https:\/\/www.facebook.com\/volcanes.net\/"]},{"@type":"Person","@id":"https:\/\/volcanes.net\/#\/schema\/person\/4bf0f383940966a4abd53f5048c0e6b9","name":"admin","image":{"@type":"ImageObject","inLanguage":"es","@id":"https:\/\/volcanes.net\/#\/schema\/person\/image\/","url":"https:\/\/secure.gravatar.com\/avatar\/ca004e6cba8462b8cb7abc86e382930c?s=96&d=mm&r=g","contentUrl":"https:\/\/secure.gravatar.com\/avatar\/ca004e6cba8462b8cb7abc86e382930c?s=96&d=mm&r=g","caption":"admin"}}]}},"_links":{"self":[{"href":"https:\/\/volcanes.net\/index.php?rest_route=\/wp\/v2\/posts\/12045"}],"collection":[{"href":"https:\/\/volcanes.net\/index.php?rest_route=\/wp\/v2\/posts"}],"about":[{"href":"https:\/\/volcanes.net\/index.php?rest_route=\/wp\/v2\/types\/post"}],"author":[{"embeddable":true,"href":"https:\/\/volcanes.net\/index.php?rest_route=\/wp\/v2\/users\/1"}],"replies":[{"embeddable":true,"href":"https:\/\/volcanes.net\/index.php?rest_route=%2Fwp%2Fv2%2Fcomments&post=12045"}],"version-history":[{"count":1,"href":"https:\/\/volcanes.net\/index.php?rest_route=\/wp\/v2\/posts\/12045\/revisions"}],"predecessor-version":[{"id":12048,"href":"https:\/\/volcanes.net\/index.php?rest_route=\/wp\/v2\/posts\/12045\/revisions\/12048"}],"wp:featuredmedia":[{"embeddable":true,"href":"https:\/\/volcanes.net\/index.php?rest_route=\/wp\/v2\/media\/12047"}],"wp:attachment":[{"href":"https:\/\/volcanes.net\/index.php?rest_route=%2Fwp%2Fv2%2Fmedia&parent=12045"}],"wp:term":[{"taxonomy":"category","embeddable":true,"href":"https:\/\/volcanes.net\/index.php?rest_route=%2Fwp%2Fv2%2Fcategories&post=12045"},{"taxonomy":"post_tag","embeddable":true,"href":"https:\/\/volcanes.net\/index.php?rest_route=%2Fwp%2Fv2%2Ftags&post=12045"}],"curies":[{"name":"wp","href":"https:\/\/api.w.org\/{rel}","templated":true}]}}